{"id":28878,"date":"2018-09-28T19:20:50","date_gmt":"2018-09-28T17:20:50","guid":{"rendered":"https:\/\/www.ilnotiziario.net\/?p=28878"},"modified":"2018-09-29T11:08:42","modified_gmt":"2018-09-29T09:08:42","slug":"cani-da-soccorso-in-gara-a-cogliate-due-giorni-di-sfide-e-spettacolo","status":"publish","type":"post","link":"https:\/\/www.ilnotiziario.net\/wp\/prima-pagina\/cani-da-soccorso-in-gara-a-cogliate-due-giorni-di-sfide-e-spettacolo\/","title":{"rendered":"Cani da soccorso in gara a Cogliate, due giorni di sfide e spettacolo"},"content":{"rendered":"<p><img fetchpriority=\"high\" decoding=\"async\" class=\"aligncenter size-medium wp-image-28880\" src=\"https:\/\/www.ilnotiziario.net\/wp\/wp-content\/uploads\/2018\/09\/CogCaniSoccorso-300x230.jpg\" alt=\"cani soccorso\" width=\"300\" height=\"230\" srcset=\"https:\/\/www.ilnotiziario.net\/wp\/wp-content\/uploads\/2018\/09\/CogCaniSoccorso-300x230.jpg 300w, https:\/\/www.ilnotiziario.net\/wp\/wp-content\/uploads\/2018\/09\/CogCaniSoccorso-768x588.jpg 768w, https:\/\/www.ilnotiziario.net\/wp\/wp-content\/uploads\/2018\/09\/CogCaniSoccorso-560x429.jpg 560w, https:\/\/www.ilnotiziario.net\/wp\/wp-content\/uploads\/2018\/09\/CogCaniSoccorso.jpg 931w\" sizes=\"(max-width: 300px) 100vw, 300px\" \/>Hanno iniziato ad arrivare oggi per le registrazioni, ma si sfideranno da domani, sabato, fino a domenica, alcuni tra i migliori cani da soccorso attivi in Italia.<\/p><div id=\"ilnot-2427041048\" class=\"ilnot-contenuto ilnot-entity-placement\"><p><!-- incontent_1 --><\/p>\n<div class=\"gptslot\" data-adunitid=\"1\"><\/div>\n<\/div>\n<p>Al centro sportivo comunale di via Montello, va in scena il 3\u00b0 campionato nazionale per unit\u00e0 cinofile da soccorso dell\u2019Associazione Nazionale Alpini.<\/p>\n<h2>Un evento particolare, che mette alla prova uomini e cani impegnati in attivit\u00e0 di ricerca e soccorso.<\/h2>\n<p>L\u2019iniziativa \u00e8 promossa dal Comune di Cogliate e dal Nucleo cinofilo da soccorso della sezione Ana di Varese.<\/p><div id=\"ilnot-848426647\" class=\"ilnot-contenuto_2 ilnot-entity-placement\"><div class=\"ads-wrapper\">\n<div class=\"ad-slot\">\n   <div id=\"ilnot-3417649991\" style=\"margin-right: auto;margin-left: auto;text-align: center;width: 320px;height: 100px;\"><a href=\"https:\/\/www.scuolasicurezza.it\/\"><img decoding=\"async\" src=\"https:\/\/www.ilnotiziario.net\/wp\/wp-content\/uploads\/2026\/04\/IlNotiziario_banner-sito-e-newsletter-320-x-100-px-1.gif\" alt=\"\"><\/a><\/div>\n  <\/div>\n<div class=\"ad-slot\">\n   <div id=\"ilnot-1347423347\" style=\"margin-right: auto;margin-left: auto;text-align: center;width: 320px;height: 100px;\"><a href=\"https:\/\/purodesignarredamenti.com\/\"><img decoding=\"async\" src=\"https:\/\/www.ilnotiziario.net\/wp\/wp-content\/uploads\/2026\/04\/banner-puro-ok.gif\" alt=\"whatsapp\"><\/a><\/div><\/p><\/div>\n<\/div>\n<\/div>\n<p>Il campionato vedr\u00e0 impegnate <strong>oltre 50 unit\u00e0 cinofile da soccorso<\/strong> dell\u2019associazione nazionale alpini.<\/p>\n<p>Due aree di ricerca tra i comuni di Lazzate e Misinto e il centro sportivo di Cogliate saranno il centro nevralgico di tutta la manifestazione, dalla cerimonia di apertura del venerd\u00ec passando per le prove di ricerca, per arrivare alla premiazioni della domenica.<\/p>\n<p>A Cogliate \u00e8 stata&nbsp; allestita<strong> la cittadella che ospiter\u00e0 le unit\u00e0 cinofile provenienti da tutta Italia<\/strong> e qui, all\u2019interno del centro sportivo comunale, verranno svolte le prove di obbedienza e destrezza <strong>con ingresso libero<\/strong> e possibilit\u00e0 di assistere alle gare per la cittadinanza che potr\u00e0 anche scoprire, durante tutto il week end, le varie attivit\u00e0 svolte dall\u2019associazione nazionale alpini dai cani da soccorso a quelli da pet therapy.<\/p><div id=\"ilnot-3572346080\" class=\"ilnot-contenuto_2-2 ilnot-entity-placement\"><div class=\"gptslot\" data-adunitid=\"2\"><\/div>\n<\/div>\n<p>Il sindaco Andrea Basilico: \u201dSiamo felici di poter accogliere nel nostro territorio una manifestazione di questo genere, prima per dimensione e caratteristiche nell\u2019ambito della cinofilia da soccorso nel nostro territorio, evento di carattere sportivo ma che si coniuga anche con il rispetto dell\u2019ambiente, l\u2019amore per gli animali e la sicurezza della cittadinanza. Invito tutti ad assistere, sabato e domenica ad uno spettacolo unico&#8221;.<\/p>\n","protected":false},"excerpt":{"rendered":"<p>Hanno iniziato ad arrivare oggi per le registrazioni, ma si sfideranno da domani, sabato, fino a domenica, alcuni tra i migliori cani da soccorso attivi in Italia. Al centro sportivo comunale di via Montello, va in scena il 3\u00b0 campionato nazionale per unit\u00e0 cinofile da soccorso dell\u2019Associazione Nazionale Alpini. Un evento particolare, che mette alla<\/p>\n","protected":false},"author":3,"featured_media":28880,"comment_status":"closed","ping_status":"closed","sticky":false,"template":"","format":"standard","meta":{"footnotes":""},"categories":[277,9,20],"tags":[1792,5496,435,286,4719],"class_list":{"0":"post-28878","1":"post","2":"type-post","3":"status-publish","4":"format-standard","5":"has-post-thumbnail","7":"category-appuntamenti-della-settimana","8":"category-brianza","9":"category-prima-pagina","10":"tag-alpini","11":"tag-campionato","12":"tag-cani","13":"tag-cogliate","14":"tag-soccorso"},"yoast_head":"<!-- This site is optimized with the Yoast SEO plugin v27.4 - https:\/\/yoast.com\/product\/yoast-seo-wordpress\/ -->\n<title>Cani da soccorso in gara a Cogliate, due giorni di sfide e spettacolo - Il Notiziario<\/title>\n<meta name=\"description\" content=\"Hanno iniziato ad arrivare oggi per le registrazioni, ma si sfideranno da domani, sabato, fino a domenica, alcuni tra i migliori cani da soccorso attivi Al centro sportivo comunale di via Montello, va in scena il 3\u00b0 campionato nazionale per unit\u00e0 cinofile da soccorso dell\u2019Associazione Nazionale Alpini.\" \/>\n<meta name=\"robots\" content=\"index, follow, max-snippet:-1, max-image-preview:large, max-video-preview:-1\" \/>\n<link rel=\"canonical\" href=\"https:\/\/www.ilnotiziario.net\/wp\/prima-pagina\/cani-da-soccorso-in-gara-a-cogliate-due-giorni-di-sfide-e-spettacolo\/\" \/>\n<meta property=\"og:locale\" content=\"it_IT\" \/>\n<meta property=\"og:type\" content=\"article\" \/>\n<meta property=\"og:title\" content=\"Cani da soccorso in gara a Cogliate, due giorni di sfide e spettacolo - Il Notiziario\" \/>\n<meta property=\"og:description\" content=\"Hanno iniziato ad arrivare oggi per le registrazioni, ma si sfideranno da domani, sabato, fino a domenica, alcuni tra i migliori cani da soccorso attivi Al centro sportivo comunale di via Montello, va in scena il 3\u00b0 campionato nazionale per unit\u00e0 cinofile da soccorso dell\u2019Associazione Nazionale Alpini.\" \/>\n<meta property=\"og:url\" content=\"https:\/\/www.ilnotiziario.net\/wp\/prima-pagina\/cani-da-soccorso-in-gara-a-cogliate-due-giorni-di-sfide-e-spettacolo\/\" \/>\n<meta property=\"og:site_name\" content=\"Il Notiziario\" \/>\n<meta property=\"article:publisher\" content=\"https:\/\/www.facebook.com\/ilnotiziarioind\/\" \/>\n<meta property=\"article:published_time\" content=\"2018-09-28T17:20:50+00:00\" \/>\n<meta property=\"article:modified_time\" content=\"2018-09-29T09:08:42+00:00\" \/>\n<meta property=\"og:image\" content=\"https:\/\/www.ilnotiziario.net\/wp\/wp-content\/uploads\/2018\/09\/CogCaniSoccorso.jpg\" \/>\n\t<meta property=\"og:image:width\" content=\"931\" \/>\n\t<meta property=\"og:image:height\" content=\"713\" \/>\n\t<meta property=\"og:image:type\" content=\"image\/jpeg\" \/>\n<meta name=\"author\" content=\"Gabriele Bassani\" \/>\n<meta name=\"twitter:card\" content=\"summary_large_image\" \/>\n<meta name=\"twitter:creator\" content=\"@ilNotiziarioInd\" \/>\n<meta name=\"twitter:site\" content=\"@ilNotiziarioInd\" \/>\n<meta name=\"twitter:label1\" content=\"Scritto da\" \/>\n\t<meta name=\"twitter:data1\" content=\"Gabriele Bassani\" \/>\n\t<meta name=\"twitter:label2\" content=\"Tempo di lettura stimato\" \/>\n\t<meta name=\"twitter:data2\" content=\"1 minuto\" \/>\n<script type=\"application\/ld+json\" class=\"yoast-schema-graph\">{\"@context\":\"https:\\\/\\\/schema.org\",\"@graph\":[{\"@type\":\"Article\",\"@id\":\"https:\\\/\\\/www.ilnotiziario.net\\\/wp\\\/prima-pagina\\\/cani-da-soccorso-in-gara-a-cogliate-due-giorni-di-sfide-e-spettacolo\\\/#article\",\"isPartOf\":{\"@id\":\"https:\\\/\\\/www.ilnotiziario.net\\\/wp\\\/prima-pagina\\\/cani-da-soccorso-in-gara-a-cogliate-due-giorni-di-sfide-e-spettacolo\\\/\"},\"author\":{\"name\":\"Gabriele Bassani\",\"@id\":\"https:\\\/\\\/www.ilnotiziario.net\\\/wp\\\/#\\\/schema\\\/person\\\/386e222908f898bb41c033989482bbf2\"},\"headline\":\"Cani da soccorso in gara a Cogliate, due giorni di sfide e spettacolo\",\"datePublished\":\"2018-09-28T17:20:50+00:00\",\"dateModified\":\"2018-09-29T09:08:42+00:00\",\"mainEntityOfPage\":{\"@id\":\"https:\\\/\\\/www.ilnotiziario.net\\\/wp\\\/prima-pagina\\\/cani-da-soccorso-in-gara-a-cogliate-due-giorni-di-sfide-e-spettacolo\\\/\"},\"wordCount\":289,\"publisher\":{\"@id\":\"https:\\\/\\\/www.ilnotiziario.net\\\/wp\\\/#organization\"},\"image\":{\"@id\":\"https:\\\/\\\/www.ilnotiziario.net\\\/wp\\\/prima-pagina\\\/cani-da-soccorso-in-gara-a-cogliate-due-giorni-di-sfide-e-spettacolo\\\/#primaryimage\"},\"thumbnailUrl\":\"https:\\\/\\\/www.ilnotiziario.net\\\/wp\\\/wp-content\\\/uploads\\\/2018\\\/09\\\/CogCaniSoccorso.jpg\",\"keywords\":[\"alpini\",\"campionato\",\"cani\",\"Cogliate\",\"soccorso\"],\"articleSection\":[\"APPUNTAMENTI\",\"BRIANZA\",\"Prima Pagina\"],\"inLanguage\":\"it-IT\"},{\"@type\":\"WebPage\",\"@id\":\"https:\\\/\\\/www.ilnotiziario.net\\\/wp\\\/prima-pagina\\\/cani-da-soccorso-in-gara-a-cogliate-due-giorni-di-sfide-e-spettacolo\\\/\",\"url\":\"https:\\\/\\\/www.ilnotiziario.net\\\/wp\\\/prima-pagina\\\/cani-da-soccorso-in-gara-a-cogliate-due-giorni-di-sfide-e-spettacolo\\\/\",\"name\":\"Cani da soccorso in gara a Cogliate, due giorni di sfide e spettacolo - Il Notiziario\",\"isPartOf\":{\"@id\":\"https:\\\/\\\/www.ilnotiziario.net\\\/wp\\\/#website\"},\"primaryImageOfPage\":{\"@id\":\"https:\\\/\\\/www.ilnotiziario.net\\\/wp\\\/prima-pagina\\\/cani-da-soccorso-in-gara-a-cogliate-due-giorni-di-sfide-e-spettacolo\\\/#primaryimage\"},\"image\":{\"@id\":\"https:\\\/\\\/www.ilnotiziario.net\\\/wp\\\/prima-pagina\\\/cani-da-soccorso-in-gara-a-cogliate-due-giorni-di-sfide-e-spettacolo\\\/#primaryimage\"},\"thumbnailUrl\":\"https:\\\/\\\/www.ilnotiziario.net\\\/wp\\\/wp-content\\\/uploads\\\/2018\\\/09\\\/CogCaniSoccorso.jpg\",\"datePublished\":\"2018-09-28T17:20:50+00:00\",\"dateModified\":\"2018-09-29T09:08:42+00:00\",\"description\":\"Hanno iniziato ad arrivare oggi per le registrazioni, ma si sfideranno da domani, sabato, fino a domenica, alcuni tra i migliori cani da soccorso attivi Al centro sportivo comunale di via Montello, va in scena il 3\u00b0 campionato nazionale per unit\u00e0 cinofile da soccorso dell\u2019Associazione Nazionale Alpini.\",\"breadcrumb\":{\"@id\":\"https:\\\/\\\/www.ilnotiziario.net\\\/wp\\\/prima-pagina\\\/cani-da-soccorso-in-gara-a-cogliate-due-giorni-di-sfide-e-spettacolo\\\/#breadcrumb\"},\"inLanguage\":\"it-IT\",\"potentialAction\":[{\"@type\":\"ReadAction\",\"target\":[\"https:\\\/\\\/www.ilnotiziario.net\\\/wp\\\/prima-pagina\\\/cani-da-soccorso-in-gara-a-cogliate-due-giorni-di-sfide-e-spettacolo\\\/\"]}]},{\"@type\":\"ImageObject\",\"inLanguage\":\"it-IT\",\"@id\":\"https:\\\/\\\/www.ilnotiziario.net\\\/wp\\\/prima-pagina\\\/cani-da-soccorso-in-gara-a-cogliate-due-giorni-di-sfide-e-spettacolo\\\/#primaryimage\",\"url\":\"https:\\\/\\\/www.ilnotiziario.net\\\/wp\\\/wp-content\\\/uploads\\\/2018\\\/09\\\/CogCaniSoccorso.jpg\",\"contentUrl\":\"https:\\\/\\\/www.ilnotiziario.net\\\/wp\\\/wp-content\\\/uploads\\\/2018\\\/09\\\/CogCaniSoccorso.jpg\",\"width\":931,\"height\":713,\"caption\":\"cani soccorso\"},{\"@type\":\"BreadcrumbList\",\"@id\":\"https:\\\/\\\/www.ilnotiziario.net\\\/wp\\\/prima-pagina\\\/cani-da-soccorso-in-gara-a-cogliate-due-giorni-di-sfide-e-spettacolo\\\/#breadcrumb\",\"itemListElement\":[{\"@type\":\"ListItem\",\"position\":1,\"name\":\"tds_text_logo_tagline_colortds_text_logo_tagline_colortds_text_logo_tagline_colortds_text_logo_tagline_colortd_module_7_title_excerpttd_module_7_title_excerpttd_module_7_title_excerpttd_module_7_title_excerptHome\",\"item\":\"https:\\\/\\\/www.ilnotiziario.net\\\/wp\\\/\"},{\"@type\":\"ListItem\",\"position\":2,\"name\":\"Cani da soccorso in gara a Cogliate, due giorni di sfide e spettacolo\"}]},{\"@type\":\"WebSite\",\"@id\":\"https:\\\/\\\/www.ilnotiziario.net\\\/wp\\\/#website\",\"url\":\"https:\\\/\\\/www.ilnotiziario.net\\\/wp\\\/\",\"name\":\"Il Notiziario\",\"description\":\"Per restare sempre connessi alla notizia\",\"publisher\":{\"@id\":\"https:\\\/\\\/www.ilnotiziario.net\\\/wp\\\/#organization\"},\"alternateName\":\"Il Notiziario Bollate\",\"potentialAction\":[{\"@type\":\"SearchAction\",\"target\":{\"@type\":\"EntryPoint\",\"urlTemplate\":\"https:\\\/\\\/www.ilnotiziario.net\\\/wp\\\/?s={search_term_string}\"},\"query-input\":{\"@type\":\"PropertyValueSpecification\",\"valueRequired\":true,\"valueName\":\"search_term_string\"}}],\"inLanguage\":\"it-IT\"},{\"@type\":\"Organization\",\"@id\":\"https:\\\/\\\/www.ilnotiziario.net\\\/wp\\\/#organization\",\"name\":\"Il Notiziario\",\"url\":\"https:\\\/\\\/www.ilnotiziario.net\\\/wp\\\/\",\"logo\":{\"@type\":\"ImageObject\",\"inLanguage\":\"it-IT\",\"@id\":\"https:\\\/\\\/www.ilnotiziario.net\\\/wp\\\/#\\\/schema\\\/logo\\\/image\\\/\",\"url\":\"https:\\\/\\\/www.ilnotiziario.net\\\/wp\\\/wp-content\\\/uploads\\\/2022\\\/06\\\/170x170ilN.png\",\"contentUrl\":\"https:\\\/\\\/www.ilnotiziario.net\\\/wp\\\/wp-content\\\/uploads\\\/2022\\\/06\\\/170x170ilN.png\",\"width\":355,\"height\":355,\"caption\":\"Il Notiziario\"},\"image\":{\"@id\":\"https:\\\/\\\/www.ilnotiziario.net\\\/wp\\\/#\\\/schema\\\/logo\\\/image\\\/\"},\"sameAs\":[\"https:\\\/\\\/www.facebook.com\\\/ilnotiziarioind\\\/\",\"https:\\\/\\\/x.com\\\/ilNotiziarioInd\",\"https:\\\/\\\/www.instagram.com\\\/ilnotiziario_settimanale\\\/\"]},{\"@type\":\"Person\",\"@id\":\"https:\\\/\\\/www.ilnotiziario.net\\\/wp\\\/#\\\/schema\\\/person\\\/386e222908f898bb41c033989482bbf2\",\"name\":\"Gabriele Bassani\",\"image\":{\"@type\":\"ImageObject\",\"inLanguage\":\"it-IT\",\"@id\":\"https:\\\/\\\/secure.gravatar.com\\\/avatar\\\/09274f4a84fa97698bde56f84b3afed61c8492d48b0550db9671b68c177479cb?s=96&d=mm&r=g\",\"url\":\"https:\\\/\\\/secure.gravatar.com\\\/avatar\\\/09274f4a84fa97698bde56f84b3afed61c8492d48b0550db9671b68c177479cb?s=96&d=mm&r=g\",\"contentUrl\":\"https:\\\/\\\/secure.gravatar.com\\\/avatar\\\/09274f4a84fa97698bde56f84b3afed61c8492d48b0550db9671b68c177479cb?s=96&d=mm&r=g\",\"caption\":\"Gabriele Bassani\"},\"sameAs\":[\"http:\\\/\\\/www.ilnotiziario.net\"]}]}<\/script>\n<!-- \/ Yoast SEO plugin. -->","yoast_head_json":{"title":"Cani da soccorso in gara a Cogliate, due giorni di sfide e spettacolo - Il Notiziario","description":"Hanno iniziato ad arrivare oggi per le registrazioni, ma si sfideranno da domani, sabato, fino a domenica, alcuni tra i migliori cani da soccorso attivi Al centro sportivo comunale di via Montello, va in scena il 3\u00b0 campionato nazionale per unit\u00e0 cinofile da soccorso dell\u2019Associazione Nazionale Alpini.","robots":{"index":"index","follow":"follow","max-snippet":"max-snippet:-1","max-image-preview":"max-image-preview:large","max-video-preview":"max-video-preview:-1"},"canonical":"https:\/\/www.ilnotiziario.net\/wp\/prima-pagina\/cani-da-soccorso-in-gara-a-cogliate-due-giorni-di-sfide-e-spettacolo\/","og_locale":"it_IT","og_type":"article","og_title":"Cani da soccorso in gara a Cogliate, due giorni di sfide e spettacolo - Il Notiziario","og_description":"Hanno iniziato ad arrivare oggi per le registrazioni, ma si sfideranno da domani, sabato, fino a domenica, alcuni tra i migliori cani da soccorso attivi Al centro sportivo comunale di via Montello, va in scena il 3\u00b0 campionato nazionale per unit\u00e0 cinofile da soccorso dell\u2019Associazione Nazionale Alpini.","og_url":"https:\/\/www.ilnotiziario.net\/wp\/prima-pagina\/cani-da-soccorso-in-gara-a-cogliate-due-giorni-di-sfide-e-spettacolo\/","og_site_name":"Il Notiziario","article_publisher":"https:\/\/www.facebook.com\/ilnotiziarioind\/","article_published_time":"2018-09-28T17:20:50+00:00","article_modified_time":"2018-09-29T09:08:42+00:00","og_image":[{"width":931,"height":713,"url":"https:\/\/www.ilnotiziario.net\/wp\/wp-content\/uploads\/2018\/09\/CogCaniSoccorso.jpg","type":"image\/jpeg"}],"author":"Gabriele Bassani","twitter_card":"summary_large_image","twitter_creator":"@ilNotiziarioInd","twitter_site":"@ilNotiziarioInd","twitter_misc":{"Scritto da":"Gabriele Bassani","Tempo di lettura stimato":"1 minuto"},"schema":{"@context":"https:\/\/schema.org","@graph":[{"@type":"Article","@id":"https:\/\/www.ilnotiziario.net\/wp\/prima-pagina\/cani-da-soccorso-in-gara-a-cogliate-due-giorni-di-sfide-e-spettacolo\/#article","isPartOf":{"@id":"https:\/\/www.ilnotiziario.net\/wp\/prima-pagina\/cani-da-soccorso-in-gara-a-cogliate-due-giorni-di-sfide-e-spettacolo\/"},"author":{"name":"Gabriele Bassani","@id":"https:\/\/www.ilnotiziario.net\/wp\/#\/schema\/person\/386e222908f898bb41c033989482bbf2"},"headline":"Cani da soccorso in gara a Cogliate, due giorni di sfide e spettacolo","datePublished":"2018-09-28T17:20:50+00:00","dateModified":"2018-09-29T09:08:42+00:00","mainEntityOfPage":{"@id":"https:\/\/www.ilnotiziario.net\/wp\/prima-pagina\/cani-da-soccorso-in-gara-a-cogliate-due-giorni-di-sfide-e-spettacolo\/"},"wordCount":289,"publisher":{"@id":"https:\/\/www.ilnotiziario.net\/wp\/#organization"},"image":{"@id":"https:\/\/www.ilnotiziario.net\/wp\/prima-pagina\/cani-da-soccorso-in-gara-a-cogliate-due-giorni-di-sfide-e-spettacolo\/#primaryimage"},"thumbnailUrl":"https:\/\/www.ilnotiziario.net\/wp\/wp-content\/uploads\/2018\/09\/CogCaniSoccorso.jpg","keywords":["alpini","campionato","cani","Cogliate","soccorso"],"articleSection":["APPUNTAMENTI","BRIANZA","Prima Pagina"],"inLanguage":"it-IT"},{"@type":"WebPage","@id":"https:\/\/www.ilnotiziario.net\/wp\/prima-pagina\/cani-da-soccorso-in-gara-a-cogliate-due-giorni-di-sfide-e-spettacolo\/","url":"https:\/\/www.ilnotiziario.net\/wp\/prima-pagina\/cani-da-soccorso-in-gara-a-cogliate-due-giorni-di-sfide-e-spettacolo\/","name":"Cani da soccorso in gara a Cogliate, due giorni di sfide e spettacolo - Il Notiziario","isPartOf":{"@id":"https:\/\/www.ilnotiziario.net\/wp\/#website"},"primaryImageOfPage":{"@id":"https:\/\/www.ilnotiziario.net\/wp\/prima-pagina\/cani-da-soccorso-in-gara-a-cogliate-due-giorni-di-sfide-e-spettacolo\/#primaryimage"},"image":{"@id":"https:\/\/www.ilnotiziario.net\/wp\/prima-pagina\/cani-da-soccorso-in-gara-a-cogliate-due-giorni-di-sfide-e-spettacolo\/#primaryimage"},"thumbnailUrl":"https:\/\/www.ilnotiziario.net\/wp\/wp-content\/uploads\/2018\/09\/CogCaniSoccorso.jpg","datePublished":"2018-09-28T17:20:50+00:00","dateModified":"2018-09-29T09:08:42+00:00","description":"Hanno iniziato ad arrivare oggi per le registrazioni, ma si sfideranno da domani, sabato, fino a domenica, alcuni tra i migliori cani da soccorso attivi Al centro sportivo comunale di via Montello, va in scena il 3\u00b0 campionato nazionale per unit\u00e0 cinofile da soccorso dell\u2019Associazione Nazionale Alpini.","breadcrumb":{"@id":"https:\/\/www.ilnotiziario.net\/wp\/prima-pagina\/cani-da-soccorso-in-gara-a-cogliate-due-giorni-di-sfide-e-spettacolo\/#breadcrumb"},"inLanguage":"it-IT","potentialAction":[{"@type":"ReadAction","target":["https:\/\/www.ilnotiziario.net\/wp\/prima-pagina\/cani-da-soccorso-in-gara-a-cogliate-due-giorni-di-sfide-e-spettacolo\/"]}]},{"@type":"ImageObject","inLanguage":"it-IT","@id":"https:\/\/www.ilnotiziario.net\/wp\/prima-pagina\/cani-da-soccorso-in-gara-a-cogliate-due-giorni-di-sfide-e-spettacolo\/#primaryimage","url":"https:\/\/www.ilnotiziario.net\/wp\/wp-content\/uploads\/2018\/09\/CogCaniSoccorso.jpg","contentUrl":"https:\/\/www.ilnotiziario.net\/wp\/wp-content\/uploads\/2018\/09\/CogCaniSoccorso.jpg","width":931,"height":713,"caption":"cani soccorso"},{"@type":"BreadcrumbList","@id":"https:\/\/www.ilnotiziario.net\/wp\/prima-pagina\/cani-da-soccorso-in-gara-a-cogliate-due-giorni-di-sfide-e-spettacolo\/#breadcrumb","itemListElement":[{"@type":"ListItem","position":1,"name":"tds_text_logo_tagline_colortds_text_logo_tagline_colortds_text_logo_tagline_colortds_text_logo_tagline_colortd_module_7_title_excerpttd_module_7_title_excerpttd_module_7_title_excerpttd_module_7_title_excerptHome","item":"https:\/\/www.ilnotiziario.net\/wp\/"},{"@type":"ListItem","position":2,"name":"Cani da soccorso in gara a Cogliate, due giorni di sfide e spettacolo"}]},{"@type":"WebSite","@id":"https:\/\/www.ilnotiziario.net\/wp\/#website","url":"https:\/\/www.ilnotiziario.net\/wp\/","name":"Il Notiziario","description":"Per restare sempre connessi alla notizia","publisher":{"@id":"https:\/\/www.ilnotiziario.net\/wp\/#organization"},"alternateName":"Il Notiziario Bollate","potentialAction":[{"@type":"SearchAction","target":{"@type":"EntryPoint","urlTemplate":"https:\/\/www.ilnotiziario.net\/wp\/?s={search_term_string}"},"query-input":{"@type":"PropertyValueSpecification","valueRequired":true,"valueName":"search_term_string"}}],"inLanguage":"it-IT"},{"@type":"Organization","@id":"https:\/\/www.ilnotiziario.net\/wp\/#organization","name":"Il Notiziario","url":"https:\/\/www.ilnotiziario.net\/wp\/","logo":{"@type":"ImageObject","inLanguage":"it-IT","@id":"https:\/\/www.ilnotiziario.net\/wp\/#\/schema\/logo\/image\/","url":"https:\/\/www.ilnotiziario.net\/wp\/wp-content\/uploads\/2022\/06\/170x170ilN.png","contentUrl":"https:\/\/www.ilnotiziario.net\/wp\/wp-content\/uploads\/2022\/06\/170x170ilN.png","width":355,"height":355,"caption":"Il Notiziario"},"image":{"@id":"https:\/\/www.ilnotiziario.net\/wp\/#\/schema\/logo\/image\/"},"sameAs":["https:\/\/www.facebook.com\/ilnotiziarioind\/","https:\/\/x.com\/ilNotiziarioInd","https:\/\/www.instagram.com\/ilnotiziario_settimanale\/"]},{"@type":"Person","@id":"https:\/\/www.ilnotiziario.net\/wp\/#\/schema\/person\/386e222908f898bb41c033989482bbf2","name":"Gabriele Bassani","image":{"@type":"ImageObject","inLanguage":"it-IT","@id":"https:\/\/secure.gravatar.com\/avatar\/09274f4a84fa97698bde56f84b3afed61c8492d48b0550db9671b68c177479cb?s=96&d=mm&r=g","url":"https:\/\/secure.gravatar.com\/avatar\/09274f4a84fa97698bde56f84b3afed61c8492d48b0550db9671b68c177479cb?s=96&d=mm&r=g","contentUrl":"https:\/\/secure.gravatar.com\/avatar\/09274f4a84fa97698bde56f84b3afed61c8492d48b0550db9671b68c177479cb?s=96&d=mm&r=g","caption":"Gabriele Bassani"},"sameAs":["http:\/\/www.ilnotiziario.net"]}]}},"_links":{"self":[{"href":"https:\/\/www.ilnotiziario.net\/wp\/wp-json\/wp\/v2\/posts\/28878","targetHints":{"allow":["GET"]}}],"collection":[{"href":"https:\/\/www.ilnotiziario.net\/wp\/wp-json\/wp\/v2\/posts"}],"about":[{"href":"https:\/\/www.ilnotiziario.net\/wp\/wp-json\/wp\/v2\/types\/post"}],"author":[{"embeddable":true,"href":"https:\/\/www.ilnotiziario.net\/wp\/wp-json\/wp\/v2\/users\/3"}],"replies":[{"embeddable":true,"href":"https:\/\/www.ilnotiziario.net\/wp\/wp-json\/wp\/v2\/comments?post=28878"}],"version-history":[{"count":0,"href":"https:\/\/www.ilnotiziario.net\/wp\/wp-json\/wp\/v2\/posts\/28878\/revisions"}],"wp:featuredmedia":[{"embeddable":true,"href":"https:\/\/www.ilnotiziario.net\/wp\/wp-json\/wp\/v2\/media\/28880"}],"wp:attachment":[{"href":"https:\/\/www.ilnotiziario.net\/wp\/wp-json\/wp\/v2\/media?parent=28878"}],"wp:term":[{"taxonomy":"category","embeddable":true,"href":"https:\/\/www.ilnotiziario.net\/wp\/wp-json\/wp\/v2\/categories?post=28878"},{"taxonomy":"post_tag","embeddable":true,"href":"https:\/\/www.ilnotiziario.net\/wp\/wp-json\/wp\/v2\/tags?post=28878"}],"curies":[{"name":"wp","href":"https:\/\/api.w.org\/{rel}","templated":true}]}}