{"id":29908,"date":"2018-11-19T15:10:28","date_gmt":"2018-11-19T14:10:28","guid":{"rendered":"https:\/\/www.ilnotiziario.net\/?p=29908"},"modified":"2018-11-19T15:14:49","modified_gmt":"2018-11-19T14:14:49","slug":"personal-trainer-una-professione-articolata-e-con-molte-prospettive","status":"publish","type":"post","link":"https:\/\/www.ilnotiziario.net\/wp\/buonoasapersi\/personal-trainer-una-professione-articolata-e-con-molte-prospettive\/","title":{"rendered":"Personal trainer, una professione articolata e  con molte prospettive"},"content":{"rendered":"<p><img fetchpriority=\"high\" decoding=\"async\" class=\"aligncenter size-medium wp-image-29910\" src=\"https:\/\/www.ilnotiziario.net\/wp\/wp-content\/uploads\/2018\/11\/PersonalTrainer-300x281.jpg\" alt=\"personal trainer\" width=\"300\" height=\"281\" srcset=\"https:\/\/www.ilnotiziario.net\/wp\/wp-content\/uploads\/2018\/11\/PersonalTrainer-300x281.jpg 300w, https:\/\/www.ilnotiziario.net\/wp\/wp-content\/uploads\/2018\/11\/PersonalTrainer-560x525.jpg 560w, https:\/\/www.ilnotiziario.net\/wp\/wp-content\/uploads\/2018\/11\/PersonalTrainer.jpg 640w\" sizes=\"(max-width: 300px) 100vw, 300px\" \/>La professione del personal trainer si \u00e8 notevolmente evoluta negli ultimi anni, non solo migliorando le competenze acquisite durante il proprio percorso di formazione, ma anche potenziando il numero di servizi da offrire.<\/p><div id=\"ilnot-1689259447\" class=\"ilnot-contenuto ilnot-entity-placement\"><p><!-- incontent_1 --><\/p>\n<div class=\"gptslot\" data-adunitid=\"1\"><\/div>\n<\/div>\n<p>Nonostante la sua preparazione ad ampio spettro nel mondo del fitness e del benessere fisico, la figura del personal trainer non \u00e8 ancora stata regolamentata con un albo come accade per le altre professioni.<\/p>\n<p>Tuttavia, esistono numeros<strong>i corsi per diventare personal trainer<\/strong> che prevedono anche il rilascio di tutte le certificazioni necessarie per poter svolgere l\u2019attivit\u00e0 su tutto il territorio italiano.<\/p><div id=\"ilnot-3832509201\" class=\"ilnot-contenuto_2 ilnot-entity-placement\"><div class=\"ads-wrapper\">\n<div class=\"ad-slot\">\n   <div id=\"ilnot-353302454\" style=\"margin-right: auto;margin-left: auto;text-align: center;width: 320px;height: 100px;\"><a href=\"https:\/\/www.scuolasicurezza.it\/\"><img decoding=\"async\" src=\"https:\/\/www.ilnotiziario.net\/wp\/wp-content\/uploads\/2026\/04\/IlNotiziario_banner-sito-e-newsletter-320-x-100-px-1.gif\" alt=\"\"><\/a><\/div>\n  <\/div>\n<div class=\"ad-slot\">\n   <div id=\"ilnot-3877604482\" style=\"margin-right: auto;margin-left: auto;text-align: center;width: 320px;height: 100px;\"><a href=\"https:\/\/purodesignarredamenti.com\/\"><img decoding=\"async\" src=\"https:\/\/www.ilnotiziario.net\/wp\/wp-content\/uploads\/2026\/04\/banner-puro-ok.gif\" alt=\"whatsapp\"><\/a><\/div><\/p><\/div>\n<\/div>\n<\/div>\n<h2>Corso personal trainer: formazione a 360\u00b0<\/h2>\n<p>Il personal trainer si occupa dell\u2019attivit\u00e0 fisica di chi si rivolge a lui, elaborando un<strong> programma di allenamento specifico<\/strong> in base alla corporatura e agli obiettivi che vuole raggiungere. Oltre ad essere un coach sportivo, il personal trainer \u00e8 anche un vero e proprio coach motivazionale, che si impegner\u00e0 a motivare e a spronarti a dare sempre il meglio di s\u00e9.<\/p>\n<p>Inoltre, per poter diventare un personal trainer, \u00e8 necessario avere anche una conoscenza di base di <strong>anatomia e fisiologia,<\/strong> in modo da saper lavorare e potenziare i muscoli del corpo in maniera corretta e poter dare consigli sull\u2019alimentazione.<\/p>\n<p>Tuttavia, \u00e8 bene precisare che il personal trainer non \u00e8 n\u00e9 un dietologo n\u00e9 un nutrizionista di professione, per cui potr\u00e0 soltanto dare qualche suggerimento su quali siano i cibi migliori da consumare durante il percorso di fitness stabilito.<\/p><div id=\"ilnot-238677348\" class=\"ilnot-contenuto_2-2 ilnot-entity-placement\"><div class=\"gptslot\" data-adunitid=\"2\"><\/div>\n<\/div>\n<p>Se hai deciso di seguire un corso per intraprendere la strada del personale training, l\u2019<a href=\"https:\/\/www.aipersonaltrainer.com\/\">Accademia Italiana Personal Trainer<\/a>, leader nel settore, ti fornir\u00e0 la preparazione necessaria per poter diventare un istruttore qualificato. Infine, al termine della formazione, l\u2019Accademia rilascer\u00e0 sia un Diploma e un Tesserino Tecnico Nazionale, sia la qualifica di personal trainer valido a livello europeo.<\/p>\n<p>&nbsp;<\/p>\n<h2>Come diventare personal trainer<\/h2>\n<p>L\u2019Accademia Italiana Personal Trainer offre un percorso completo e formativo in grado di fornire a tutti i futuri personal trainer una preparazione a 360\u00b0.<\/p>\n<p>I corsi sono tenuti da <strong>docenti professionisti<\/strong> dotati della certificazione SNAQ (Sistema Nazionale di Qualifica dei Tecnici Sportivi) e della qualifica rilasciata dalla Scuola dello Sport del CONI.<\/p><div id=\"ilnot-1113381575\" class=\"ilnot-contenuto_2-2-2 ilnot-entity-placement\"><div class=\"gptslot\" data-adunitid=\"3\"><\/div>\n<\/div>\n<p>Dal docente in fisioterapia al biologo nutrizionista, gli insegnanti dell\u2019Accademia Italiana sono pronti ad insegnarti tutto quello che c\u2019\u00e8 da sapere sul mondo del personal training grazie alla loro professionalit\u00e0 ed esperienza nel settore.<\/p>\n<p>I corsi da personal trainer proposti dall\u2019Accademia Italiana si differenziano in base al livello che si vuole raggiungere.<\/p>\n<p>&nbsp;<\/p>\n<p>Vediamo quali sono:<br \/>\n\u2022 <strong>Corso Base<\/strong>: \u00e8 il corso propedeutico per poter accedere a quello di personal trainer. Ha una durata di 16 ore e non \u00e8 richiesto nessun requisito d\u2019accesso. Al termine del corso viene rilasciato un attestato di partecipazione riconosciuto dall\u2019ASI (Associazioni Sportive Sociali Italiane) e dal CONI.<br \/>\n\u2022 <a href=\"https:\/\/www.aipersonaltrainer.com\/\"><strong>Corso Personal Trainer<\/strong>:<\/a> \u00e8 rivolto a tutti gli appassionati del mondo del fitness che desiderano diventare personal trainer professionisti. Ha una durata di 64 ore divise tra una parte di teoria e una di pratica, al termine delle quali verranno rilasciati un diploma e un certificato riconosciuto a livello nazionale ed europeo.<br \/>\n\u2022 <strong>Master Functional Training:<\/strong> \u00e8 perfetto per i professionisti del fitness che vogliono apprendere tutti i segreti per svolgere un allenamento completo e versatile da applicare non solo su s\u00e9 stessi, ma anche sui propri clienti.<br \/>\n\u2022 <strong>Master Fitness Posturale<\/strong>: si rivolge ai tecnici del settore fitness per fornire loro tutti gli elementi necessari per programmare esercizi ed allenamenti personalizzati in base alla postura del cliente.<br \/>\n\u2022 <strong>Master Dimagrimento<\/strong>: ha lo scopo di insegnare ai futuri personal trainer tutte le conoscenze relative alla composizione corporea e alla corretta alimentazione specifica per ogni soggetto.<br \/>\n\u2022 <strong>Master Natural Bodybuilding<\/strong>: \u00e8 il corso ideale per chi vuole apprendere gli elementi fondamentali della pratica del natural bodybuilding. Come ogni corso, anche al termine di questo master verr\u00e0 rilasciato un certificato riconosciuto dal CONI e dal Ministero dell\u2019Interno.<\/p><div id=\"ilnot-3385681351\" class=\"ilnot-contenuto_2-2-2-2 ilnot-entity-placement\"><div class=\"gptslot\" data-adunitid=\"4\"><\/div>\n<\/div>\n<p>Affidati all\u2019<strong>Accademia Italiana Personal Trainer<\/strong> e scegli il corso di formazione pi\u00f9 adatto alle tue esigenze.<\/p>\n","protected":false},"excerpt":{"rendered":"<p>La professione del personal trainer si \u00e8 notevolmente evoluta negli ultimi anni, non solo migliorando le competenze acquisite durante il proprio percorso di formazione, ma anche potenziando il numero di servizi da offrire. Nonostante la sua preparazione ad ampio spettro nel mondo del fitness e del benessere fisico, la figura del personal trainer non \u00e8<\/p>\n","protected":false},"author":3,"featured_media":29910,"comment_status":"closed","ping_status":"closed","sticky":false,"template":"","format":"standard","meta":{"footnotes":""},"categories":[4193],"tags":[5646,5645,5647,404,5644],"class_list":{"0":"post-29908","1":"post","2":"type-post","3":"status-publish","4":"format-standard","5":"has-post-thumbnail","7":"category-buonoasapersi","8":"tag-coni","9":"tag-corsi","10":"tag-fitness","11":"tag-lavoro","12":"tag-personal-trainer"},"yoast_head":"<!-- This site is optimized with the Yoast SEO plugin v27.4 - https:\/\/yoast.com\/product\/yoast-seo-wordpress\/ -->\n<title>Personal trainer, una professione articolata e con molte prospettive - Il Notiziario<\/title>\n<meta name=\"description\" content=\"La professione del personal trainer si \u00e8 notevolmente evoluta negli ultimi anni, non solo migliorando le competenze acquisite durante il proprio percorso\" \/>\n<meta name=\"robots\" content=\"index, follow, max-snippet:-1, max-image-preview:large, max-video-preview:-1\" \/>\n<link rel=\"canonical\" href=\"https:\/\/www.ilnotiziario.net\/wp\/buonoasapersi\/personal-trainer-una-professione-articolata-e-con-molte-prospettive\/\" \/>\n<meta property=\"og:locale\" content=\"it_IT\" \/>\n<meta property=\"og:type\" content=\"article\" \/>\n<meta property=\"og:title\" content=\"Personal trainer, una professione articolata e con molte prospettive - Il Notiziario\" \/>\n<meta property=\"og:description\" content=\"La professione del personal trainer si \u00e8 notevolmente evoluta negli ultimi anni, non solo migliorando le competenze acquisite durante il proprio percorso\" \/>\n<meta property=\"og:url\" content=\"https:\/\/www.ilnotiziario.net\/wp\/buonoasapersi\/personal-trainer-una-professione-articolata-e-con-molte-prospettive\/\" \/>\n<meta property=\"og:site_name\" content=\"Il Notiziario\" \/>\n<meta property=\"article:publisher\" content=\"https:\/\/www.facebook.com\/ilnotiziarioind\/\" \/>\n<meta property=\"article:published_time\" content=\"2018-11-19T14:10:28+00:00\" \/>\n<meta property=\"article:modified_time\" content=\"2018-11-19T14:14:49+00:00\" \/>\n<meta property=\"og:image\" content=\"https:\/\/www.ilnotiziario.net\/wp\/wp-content\/uploads\/2018\/11\/PersonalTrainer.jpg\" \/>\n\t<meta property=\"og:image:width\" content=\"640\" \/>\n\t<meta property=\"og:image:height\" content=\"600\" \/>\n\t<meta property=\"og:image:type\" content=\"image\/jpeg\" \/>\n<meta name=\"author\" content=\"Gabriele Bassani\" \/>\n<meta name=\"twitter:card\" content=\"summary_large_image\" \/>\n<meta name=\"twitter:creator\" content=\"@ilNotiziarioInd\" \/>\n<meta name=\"twitter:site\" content=\"@ilNotiziarioInd\" \/>\n<meta name=\"twitter:label1\" content=\"Scritto da\" \/>\n\t<meta name=\"twitter:data1\" content=\"Gabriele Bassani\" \/>\n\t<meta name=\"twitter:label2\" content=\"Tempo di lettura stimato\" \/>\n\t<meta name=\"twitter:data2\" content=\"3 minuti\" \/>\n<script type=\"application\/ld+json\" class=\"yoast-schema-graph\">{\"@context\":\"https:\\\/\\\/schema.org\",\"@graph\":[{\"@type\":\"Article\",\"@id\":\"https:\\\/\\\/www.ilnotiziario.net\\\/wp\\\/buonoasapersi\\\/personal-trainer-una-professione-articolata-e-con-molte-prospettive\\\/#article\",\"isPartOf\":{\"@id\":\"https:\\\/\\\/www.ilnotiziario.net\\\/wp\\\/buonoasapersi\\\/personal-trainer-una-professione-articolata-e-con-molte-prospettive\\\/\"},\"author\":{\"name\":\"Gabriele Bassani\",\"@id\":\"https:\\\/\\\/www.ilnotiziario.net\\\/wp\\\/#\\\/schema\\\/person\\\/386e222908f898bb41c033989482bbf2\"},\"headline\":\"Personal trainer, una professione articolata e con molte prospettive\",\"datePublished\":\"2018-11-19T14:10:28+00:00\",\"dateModified\":\"2018-11-19T14:14:49+00:00\",\"mainEntityOfPage\":{\"@id\":\"https:\\\/\\\/www.ilnotiziario.net\\\/wp\\\/buonoasapersi\\\/personal-trainer-una-professione-articolata-e-con-molte-prospettive\\\/\"},\"wordCount\":657,\"publisher\":{\"@id\":\"https:\\\/\\\/www.ilnotiziario.net\\\/wp\\\/#organization\"},\"image\":{\"@id\":\"https:\\\/\\\/www.ilnotiziario.net\\\/wp\\\/buonoasapersi\\\/personal-trainer-una-professione-articolata-e-con-molte-prospettive\\\/#primaryimage\"},\"thumbnailUrl\":\"https:\\\/\\\/www.ilnotiziario.net\\\/wp\\\/wp-content\\\/uploads\\\/2018\\\/11\\\/PersonalTrainer.jpg\",\"keywords\":[\"coni\",\"corsi\",\"fitness\",\"Lavoro\",\"personal trainer\"],\"articleSection\":[\"BUONO A SAPERSI\"],\"inLanguage\":\"it-IT\"},{\"@type\":\"WebPage\",\"@id\":\"https:\\\/\\\/www.ilnotiziario.net\\\/wp\\\/buonoasapersi\\\/personal-trainer-una-professione-articolata-e-con-molte-prospettive\\\/\",\"url\":\"https:\\\/\\\/www.ilnotiziario.net\\\/wp\\\/buonoasapersi\\\/personal-trainer-una-professione-articolata-e-con-molte-prospettive\\\/\",\"name\":\"Personal trainer, una professione articolata e con molte prospettive - Il Notiziario\",\"isPartOf\":{\"@id\":\"https:\\\/\\\/www.ilnotiziario.net\\\/wp\\\/#website\"},\"primaryImageOfPage\":{\"@id\":\"https:\\\/\\\/www.ilnotiziario.net\\\/wp\\\/buonoasapersi\\\/personal-trainer-una-professione-articolata-e-con-molte-prospettive\\\/#primaryimage\"},\"image\":{\"@id\":\"https:\\\/\\\/www.ilnotiziario.net\\\/wp\\\/buonoasapersi\\\/personal-trainer-una-professione-articolata-e-con-molte-prospettive\\\/#primaryimage\"},\"thumbnailUrl\":\"https:\\\/\\\/www.ilnotiziario.net\\\/wp\\\/wp-content\\\/uploads\\\/2018\\\/11\\\/PersonalTrainer.jpg\",\"datePublished\":\"2018-11-19T14:10:28+00:00\",\"dateModified\":\"2018-11-19T14:14:49+00:00\",\"description\":\"La professione del personal trainer si \u00e8 notevolmente evoluta negli ultimi anni, non solo migliorando le competenze acquisite durante il proprio percorso\",\"breadcrumb\":{\"@id\":\"https:\\\/\\\/www.ilnotiziario.net\\\/wp\\\/buonoasapersi\\\/personal-trainer-una-professione-articolata-e-con-molte-prospettive\\\/#breadcrumb\"},\"inLanguage\":\"it-IT\",\"potentialAction\":[{\"@type\":\"ReadAction\",\"target\":[\"https:\\\/\\\/www.ilnotiziario.net\\\/wp\\\/buonoasapersi\\\/personal-trainer-una-professione-articolata-e-con-molte-prospettive\\\/\"]}]},{\"@type\":\"ImageObject\",\"inLanguage\":\"it-IT\",\"@id\":\"https:\\\/\\\/www.ilnotiziario.net\\\/wp\\\/buonoasapersi\\\/personal-trainer-una-professione-articolata-e-con-molte-prospettive\\\/#primaryimage\",\"url\":\"https:\\\/\\\/www.ilnotiziario.net\\\/wp\\\/wp-content\\\/uploads\\\/2018\\\/11\\\/PersonalTrainer.jpg\",\"contentUrl\":\"https:\\\/\\\/www.ilnotiziario.net\\\/wp\\\/wp-content\\\/uploads\\\/2018\\\/11\\\/PersonalTrainer.jpg\",\"width\":640,\"height\":600,\"caption\":\"personal trainer\"},{\"@type\":\"BreadcrumbList\",\"@id\":\"https:\\\/\\\/www.ilnotiziario.net\\\/wp\\\/buonoasapersi\\\/personal-trainer-una-professione-articolata-e-con-molte-prospettive\\\/#breadcrumb\",\"itemListElement\":[{\"@type\":\"ListItem\",\"position\":1,\"name\":\"tds_text_logo_tagline_colortds_text_logo_tagline_colortds_text_logo_tagline_colortds_text_logo_tagline_colortd_module_7_title_excerpttd_module_7_title_excerpttd_module_7_title_excerpttd_module_7_title_excerptHome\",\"item\":\"https:\\\/\\\/www.ilnotiziario.net\\\/wp\\\/\"},{\"@type\":\"ListItem\",\"position\":2,\"name\":\"Personal trainer, una professione articolata e con molte prospettive\"}]},{\"@type\":\"WebSite\",\"@id\":\"https:\\\/\\\/www.ilnotiziario.net\\\/wp\\\/#website\",\"url\":\"https:\\\/\\\/www.ilnotiziario.net\\\/wp\\\/\",\"name\":\"Il Notiziario\",\"description\":\"Per restare sempre connessi alla notizia\",\"publisher\":{\"@id\":\"https:\\\/\\\/www.ilnotiziario.net\\\/wp\\\/#organization\"},\"alternateName\":\"Il Notiziario Bollate\",\"potentialAction\":[{\"@type\":\"SearchAction\",\"target\":{\"@type\":\"EntryPoint\",\"urlTemplate\":\"https:\\\/\\\/www.ilnotiziario.net\\\/wp\\\/?s={search_term_string}\"},\"query-input\":{\"@type\":\"PropertyValueSpecification\",\"valueRequired\":true,\"valueName\":\"search_term_string\"}}],\"inLanguage\":\"it-IT\"},{\"@type\":\"Organization\",\"@id\":\"https:\\\/\\\/www.ilnotiziario.net\\\/wp\\\/#organization\",\"name\":\"Il Notiziario\",\"url\":\"https:\\\/\\\/www.ilnotiziario.net\\\/wp\\\/\",\"logo\":{\"@type\":\"ImageObject\",\"inLanguage\":\"it-IT\",\"@id\":\"https:\\\/\\\/www.ilnotiziario.net\\\/wp\\\/#\\\/schema\\\/logo\\\/image\\\/\",\"url\":\"https:\\\/\\\/www.ilnotiziario.net\\\/wp\\\/wp-content\\\/uploads\\\/2022\\\/06\\\/170x170ilN.png\",\"contentUrl\":\"https:\\\/\\\/www.ilnotiziario.net\\\/wp\\\/wp-content\\\/uploads\\\/2022\\\/06\\\/170x170ilN.png\",\"width\":355,\"height\":355,\"caption\":\"Il Notiziario\"},\"image\":{\"@id\":\"https:\\\/\\\/www.ilnotiziario.net\\\/wp\\\/#\\\/schema\\\/logo\\\/image\\\/\"},\"sameAs\":[\"https:\\\/\\\/www.facebook.com\\\/ilnotiziarioind\\\/\",\"https:\\\/\\\/x.com\\\/ilNotiziarioInd\",\"https:\\\/\\\/www.instagram.com\\\/ilnotiziario_settimanale\\\/\"]},{\"@type\":\"Person\",\"@id\":\"https:\\\/\\\/www.ilnotiziario.net\\\/wp\\\/#\\\/schema\\\/person\\\/386e222908f898bb41c033989482bbf2\",\"name\":\"Gabriele Bassani\",\"image\":{\"@type\":\"ImageObject\",\"inLanguage\":\"it-IT\",\"@id\":\"https:\\\/\\\/secure.gravatar.com\\\/avatar\\\/09274f4a84fa97698bde56f84b3afed61c8492d48b0550db9671b68c177479cb?s=96&d=mm&r=g\",\"url\":\"https:\\\/\\\/secure.gravatar.com\\\/avatar\\\/09274f4a84fa97698bde56f84b3afed61c8492d48b0550db9671b68c177479cb?s=96&d=mm&r=g\",\"contentUrl\":\"https:\\\/\\\/secure.gravatar.com\\\/avatar\\\/09274f4a84fa97698bde56f84b3afed61c8492d48b0550db9671b68c177479cb?s=96&d=mm&r=g\",\"caption\":\"Gabriele Bassani\"},\"sameAs\":[\"http:\\\/\\\/www.ilnotiziario.net\"]}]}<\/script>\n<!-- \/ Yoast SEO plugin. -->","yoast_head_json":{"title":"Personal trainer, una professione articolata e con molte prospettive - Il Notiziario","description":"La professione del personal trainer si \u00e8 notevolmente evoluta negli ultimi anni, non solo migliorando le competenze acquisite durante il proprio percorso","robots":{"index":"index","follow":"follow","max-snippet":"max-snippet:-1","max-image-preview":"max-image-preview:large","max-video-preview":"max-video-preview:-1"},"canonical":"https:\/\/www.ilnotiziario.net\/wp\/buonoasapersi\/personal-trainer-una-professione-articolata-e-con-molte-prospettive\/","og_locale":"it_IT","og_type":"article","og_title":"Personal trainer, una professione articolata e con molte prospettive - Il Notiziario","og_description":"La professione del personal trainer si \u00e8 notevolmente evoluta negli ultimi anni, non solo migliorando le competenze acquisite durante il proprio percorso","og_url":"https:\/\/www.ilnotiziario.net\/wp\/buonoasapersi\/personal-trainer-una-professione-articolata-e-con-molte-prospettive\/","og_site_name":"Il Notiziario","article_publisher":"https:\/\/www.facebook.com\/ilnotiziarioind\/","article_published_time":"2018-11-19T14:10:28+00:00","article_modified_time":"2018-11-19T14:14:49+00:00","og_image":[{"width":640,"height":600,"url":"https:\/\/www.ilnotiziario.net\/wp\/wp-content\/uploads\/2018\/11\/PersonalTrainer.jpg","type":"image\/jpeg"}],"author":"Gabriele Bassani","twitter_card":"summary_large_image","twitter_creator":"@ilNotiziarioInd","twitter_site":"@ilNotiziarioInd","twitter_misc":{"Scritto da":"Gabriele Bassani","Tempo di lettura stimato":"3 minuti"},"schema":{"@context":"https:\/\/schema.org","@graph":[{"@type":"Article","@id":"https:\/\/www.ilnotiziario.net\/wp\/buonoasapersi\/personal-trainer-una-professione-articolata-e-con-molte-prospettive\/#article","isPartOf":{"@id":"https:\/\/www.ilnotiziario.net\/wp\/buonoasapersi\/personal-trainer-una-professione-articolata-e-con-molte-prospettive\/"},"author":{"name":"Gabriele Bassani","@id":"https:\/\/www.ilnotiziario.net\/wp\/#\/schema\/person\/386e222908f898bb41c033989482bbf2"},"headline":"Personal trainer, una professione articolata e con molte prospettive","datePublished":"2018-11-19T14:10:28+00:00","dateModified":"2018-11-19T14:14:49+00:00","mainEntityOfPage":{"@id":"https:\/\/www.ilnotiziario.net\/wp\/buonoasapersi\/personal-trainer-una-professione-articolata-e-con-molte-prospettive\/"},"wordCount":657,"publisher":{"@id":"https:\/\/www.ilnotiziario.net\/wp\/#organization"},"image":{"@id":"https:\/\/www.ilnotiziario.net\/wp\/buonoasapersi\/personal-trainer-una-professione-articolata-e-con-molte-prospettive\/#primaryimage"},"thumbnailUrl":"https:\/\/www.ilnotiziario.net\/wp\/wp-content\/uploads\/2018\/11\/PersonalTrainer.jpg","keywords":["coni","corsi","fitness","Lavoro","personal trainer"],"articleSection":["BUONO A SAPERSI"],"inLanguage":"it-IT"},{"@type":"WebPage","@id":"https:\/\/www.ilnotiziario.net\/wp\/buonoasapersi\/personal-trainer-una-professione-articolata-e-con-molte-prospettive\/","url":"https:\/\/www.ilnotiziario.net\/wp\/buonoasapersi\/personal-trainer-una-professione-articolata-e-con-molte-prospettive\/","name":"Personal trainer, una professione articolata e con molte prospettive - Il Notiziario","isPartOf":{"@id":"https:\/\/www.ilnotiziario.net\/wp\/#website"},"primaryImageOfPage":{"@id":"https:\/\/www.ilnotiziario.net\/wp\/buonoasapersi\/personal-trainer-una-professione-articolata-e-con-molte-prospettive\/#primaryimage"},"image":{"@id":"https:\/\/www.ilnotiziario.net\/wp\/buonoasapersi\/personal-trainer-una-professione-articolata-e-con-molte-prospettive\/#primaryimage"},"thumbnailUrl":"https:\/\/www.ilnotiziario.net\/wp\/wp-content\/uploads\/2018\/11\/PersonalTrainer.jpg","datePublished":"2018-11-19T14:10:28+00:00","dateModified":"2018-11-19T14:14:49+00:00","description":"La professione del personal trainer si \u00e8 notevolmente evoluta negli ultimi anni, non solo migliorando le competenze acquisite durante il proprio percorso","breadcrumb":{"@id":"https:\/\/www.ilnotiziario.net\/wp\/buonoasapersi\/personal-trainer-una-professione-articolata-e-con-molte-prospettive\/#breadcrumb"},"inLanguage":"it-IT","potentialAction":[{"@type":"ReadAction","target":["https:\/\/www.ilnotiziario.net\/wp\/buonoasapersi\/personal-trainer-una-professione-articolata-e-con-molte-prospettive\/"]}]},{"@type":"ImageObject","inLanguage":"it-IT","@id":"https:\/\/www.ilnotiziario.net\/wp\/buonoasapersi\/personal-trainer-una-professione-articolata-e-con-molte-prospettive\/#primaryimage","url":"https:\/\/www.ilnotiziario.net\/wp\/wp-content\/uploads\/2018\/11\/PersonalTrainer.jpg","contentUrl":"https:\/\/www.ilnotiziario.net\/wp\/wp-content\/uploads\/2018\/11\/PersonalTrainer.jpg","width":640,"height":600,"caption":"personal trainer"},{"@type":"BreadcrumbList","@id":"https:\/\/www.ilnotiziario.net\/wp\/buonoasapersi\/personal-trainer-una-professione-articolata-e-con-molte-prospettive\/#breadcrumb","itemListElement":[{"@type":"ListItem","position":1,"name":"tds_text_logo_tagline_colortds_text_logo_tagline_colortds_text_logo_tagline_colortds_text_logo_tagline_colortd_module_7_title_excerpttd_module_7_title_excerpttd_module_7_title_excerpttd_module_7_title_excerptHome","item":"https:\/\/www.ilnotiziario.net\/wp\/"},{"@type":"ListItem","position":2,"name":"Personal trainer, una professione articolata e con molte prospettive"}]},{"@type":"WebSite","@id":"https:\/\/www.ilnotiziario.net\/wp\/#website","url":"https:\/\/www.ilnotiziario.net\/wp\/","name":"Il Notiziario","description":"Per restare sempre connessi alla notizia","publisher":{"@id":"https:\/\/www.ilnotiziario.net\/wp\/#organization"},"alternateName":"Il Notiziario Bollate","potentialAction":[{"@type":"SearchAction","target":{"@type":"EntryPoint","urlTemplate":"https:\/\/www.ilnotiziario.net\/wp\/?s={search_term_string}"},"query-input":{"@type":"PropertyValueSpecification","valueRequired":true,"valueName":"search_term_string"}}],"inLanguage":"it-IT"},{"@type":"Organization","@id":"https:\/\/www.ilnotiziario.net\/wp\/#organization","name":"Il Notiziario","url":"https:\/\/www.ilnotiziario.net\/wp\/","logo":{"@type":"ImageObject","inLanguage":"it-IT","@id":"https:\/\/www.ilnotiziario.net\/wp\/#\/schema\/logo\/image\/","url":"https:\/\/www.ilnotiziario.net\/wp\/wp-content\/uploads\/2022\/06\/170x170ilN.png","contentUrl":"https:\/\/www.ilnotiziario.net\/wp\/wp-content\/uploads\/2022\/06\/170x170ilN.png","width":355,"height":355,"caption":"Il Notiziario"},"image":{"@id":"https:\/\/www.ilnotiziario.net\/wp\/#\/schema\/logo\/image\/"},"sameAs":["https:\/\/www.facebook.com\/ilnotiziarioind\/","https:\/\/x.com\/ilNotiziarioInd","https:\/\/www.instagram.com\/ilnotiziario_settimanale\/"]},{"@type":"Person","@id":"https:\/\/www.ilnotiziario.net\/wp\/#\/schema\/person\/386e222908f898bb41c033989482bbf2","name":"Gabriele Bassani","image":{"@type":"ImageObject","inLanguage":"it-IT","@id":"https:\/\/secure.gravatar.com\/avatar\/09274f4a84fa97698bde56f84b3afed61c8492d48b0550db9671b68c177479cb?s=96&d=mm&r=g","url":"https:\/\/secure.gravatar.com\/avatar\/09274f4a84fa97698bde56f84b3afed61c8492d48b0550db9671b68c177479cb?s=96&d=mm&r=g","contentUrl":"https:\/\/secure.gravatar.com\/avatar\/09274f4a84fa97698bde56f84b3afed61c8492d48b0550db9671b68c177479cb?s=96&d=mm&r=g","caption":"Gabriele Bassani"},"sameAs":["http:\/\/www.ilnotiziario.net"]}]}},"_links":{"self":[{"href":"https:\/\/www.ilnotiziario.net\/wp\/wp-json\/wp\/v2\/posts\/29908","targetHints":{"allow":["GET"]}}],"collection":[{"href":"https:\/\/www.ilnotiziario.net\/wp\/wp-json\/wp\/v2\/posts"}],"about":[{"href":"https:\/\/www.ilnotiziario.net\/wp\/wp-json\/wp\/v2\/types\/post"}],"author":[{"embeddable":true,"href":"https:\/\/www.ilnotiziario.net\/wp\/wp-json\/wp\/v2\/users\/3"}],"replies":[{"embeddable":true,"href":"https:\/\/www.ilnotiziario.net\/wp\/wp-json\/wp\/v2\/comments?post=29908"}],"version-history":[{"count":0,"href":"https:\/\/www.ilnotiziario.net\/wp\/wp-json\/wp\/v2\/posts\/29908\/revisions"}],"wp:featuredmedia":[{"embeddable":true,"href":"https:\/\/www.ilnotiziario.net\/wp\/wp-json\/wp\/v2\/media\/29910"}],"wp:attachment":[{"href":"https:\/\/www.ilnotiziario.net\/wp\/wp-json\/wp\/v2\/media?parent=29908"}],"wp:term":[{"taxonomy":"category","embeddable":true,"href":"https:\/\/www.ilnotiziario.net\/wp\/wp-json\/wp\/v2\/categories?post=29908"},{"taxonomy":"post_tag","embeddable":true,"href":"https:\/\/www.ilnotiziario.net\/wp\/wp-json\/wp\/v2\/tags?post=29908"}],"curies":[{"name":"wp","href":"https:\/\/api.w.org\/{rel}","templated":true}]}}