{"id":30121,"date":"2018-12-04T09:41:18","date_gmt":"2018-12-04T08:41:18","guid":{"rendered":"https:\/\/www.ilnotiziario.net\/?p=30121"},"modified":"2018-12-04T09:42:58","modified_gmt":"2018-12-04T08:42:58","slug":"diagnostica-terapie-e-medicina-di-alto-livello-al-centro-itaca-di-bollate","status":"publish","type":"post","link":"https:\/\/www.ilnotiziario.net\/wp\/buonoasapersi\/diagnostica-terapie-e-medicina-di-alto-livello-al-centro-itaca-di-bollate\/","title":{"rendered":"Diagnostica, terapie e medicina di alto livello, al centro Itaca di Bollate"},"content":{"rendered":"<p><img fetchpriority=\"high\" decoding=\"async\" class=\"aligncenter size-medium wp-image-30126\" src=\"https:\/\/www.ilnotiziario.net\/wp\/wp-content\/uploads\/2018\/12\/BolItaca-1-300x225.jpg\" alt=\"\" width=\"300\" height=\"225\" srcset=\"https:\/\/www.ilnotiziario.net\/wp\/wp-content\/uploads\/2018\/12\/BolItaca-1-300x225.jpg 300w, https:\/\/www.ilnotiziario.net\/wp\/wp-content\/uploads\/2018\/12\/BolItaca-1-265x198.jpg 265w, https:\/\/www.ilnotiziario.net\/wp\/wp-content\/uploads\/2018\/12\/BolItaca-1-560x420.jpg 560w, https:\/\/www.ilnotiziario.net\/wp\/wp-content\/uploads\/2018\/12\/BolItaca-1.jpg 643w\" sizes=\"(max-width: 300px) 100vw, 300px\" \/>E\u2019 stata inaugurata nei giorni scorsi la nuova area medica e diagnostica di Itaca, in via Silvio Pellico 11\/b a Bolllate.<br \/>\nLa nuova area va ad aggiungersi all&#8217;area odontoiatrica, psicologica e di medicina naturale, gi\u00e0 operative da anni.<\/p><div id=\"ilnot-1048482852\" class=\"ilnot-contenuto ilnot-entity-placement\"><p><!-- incontent_1 --><\/p>\n<div class=\"gptslot\" data-adunitid=\"1\"><\/div>\n<\/div>\n<p>In questo modo Itaca si propone come una realt\u00e0 in grado di supportare tutti gli aspetti legati alla cura della persona e al benessere nel senso pi\u00f9 ampio del termine, ma anche di fornire servizi legati all&#8217;assistenza domiciliare e assistenza medico legale sia nel settore odontoiatrico che medico.&nbsp;<\/p>\n<p>Il tutto a prezzi contenuti.<\/p><div id=\"ilnot-1633152100\" class=\"ilnot-contenuto_2 ilnot-entity-placement\"><div class=\"ads-wrapper\">\n<div class=\"ad-slot\">\n   <div id=\"ilnot-2010068684\" style=\"margin-right: auto;margin-left: auto;text-align: center;width: 320px;height: 100px;\"><a href=\"https:\/\/www.scuolasicurezza.it\/\"><img decoding=\"async\" src=\"https:\/\/www.ilnotiziario.net\/wp\/wp-content\/uploads\/2026\/04\/IlNotiziario_banner-sito-e-newsletter-320-x-100-px-1.gif\" alt=\"\"><\/a><\/div>\n  <\/div>\n<div class=\"ad-slot\">\n   <div id=\"ilnot-610138620\" style=\"margin-right: auto;margin-left: auto;text-align: center;width: 320px;height: 100px;\"><a href=\"https:\/\/purodesignarredamenti.com\/\"><img decoding=\"async\" src=\"https:\/\/www.ilnotiziario.net\/wp\/wp-content\/uploads\/2026\/04\/banner-puro-ok.gif\" alt=\"whatsapp\"><\/a><\/div><\/p><\/div>\n<\/div>\n<\/div>\n<p>\u00c8 inoltre possibile usufruire di una tessera associativa, la Itaca card, che dar\u00e0 la possibilit\u00e0 di avere uno sconto su tutte le prestazioni e alcune visite (dermatologica,medica naturale, consulto psico-pedagogico e odontoiatrica con ablazione e smacchiamento) gratuite.<\/p>\n<p>L&#8217;inaugurazione \u00e8 stata allietata dalla presenza di numerosi amici, pazienti e medici operanti nella struttura , nonch\u00e9 dell&#8217;assessore Faranda e del sindaco Vassallo che ha provveduto, insieme all&#8217;amministratore, il dottor Pierpaolo Rosa, al taglio della torta.<\/p>\n<p>L&#8217;organico medico della struttura \u00e8 in grado di coprire tutte le specialit\u00e0 legate alla medicina tradizionale, tra cui ginecologia e ostetricia, ortopedia, fisioterapia e osteopatia, cardiologia, urologia, neuropsichiatria, endocrinologia, medicina dello sport e medicina legale.<\/p><div id=\"ilnot-196944158\" class=\"ilnot-contenuto_2-2 ilnot-entity-placement\"><div class=\"gptslot\" data-adunitid=\"2\"><\/div>\n<\/div>\n<p>Per quanto riguarda l&#8217;area diagnostica il centro \u00e8 in grado di eseguire le seguenti prestazioni: eco addome completo, eco muscolo-tendinee, eco tiroidea, eco morfologica, eco ginecologica, ecocardiogramma e molti altri esami.<\/p>\n<p>In questo modo Itaca diventa un vero e proprio punto di riferimento per le prestazioni mediche a 360 gradi.<\/p>\n<p>Per ulteriori informazioni \u00e8 possibile visitare il sito <a href=\"http:\/\/www.itacacentromedico.com\">www.itacacentromedico.com.<\/a><\/p><div id=\"ilnot-3228881143\" class=\"ilnot-contenuto_2-2-2 ilnot-entity-placement\"><div class=\"gptslot\" data-adunitid=\"3\"><\/div>\n<\/div>\n<p><a href=\"https:\/\/youtu.be\/AWNQEKCQfqM\">ECCO IL VIDEO DELL&#8217;INAUGURAZIONE<\/a><\/p>\n<p><iframe title=\"video itaca\" width=\"765\" height=\"430\" src=\"https:\/\/www.youtube.com\/embed\/AWNQEKCQfqM?feature=oembed\" frameborder=\"0\" allow=\"accelerometer; autoplay; clipboard-write; encrypted-media; gyroscope; picture-in-picture; web-share\" allowfullscreen><\/iframe><\/p>\n","protected":false},"excerpt":{"rendered":"<p>E\u2019 stata inaugurata nei giorni scorsi la nuova area medica e diagnostica di Itaca, in via Silvio Pellico 11\/b a Bolllate. La nuova area va ad aggiungersi all&#8217;area odontoiatrica, psicologica e di medicina naturale, gi\u00e0 operative da anni. In questo modo Itaca si propone come una realt\u00e0 in grado di supportare tutti gli aspetti legati<\/p>\n","protected":false},"author":3,"featured_media":30126,"comment_status":"closed","ping_status":"closed","sticky":false,"template":"","format":"standard","meta":{"footnotes":""},"categories":[4193],"tags":[110,5678,2130,5679],"class_list":{"0":"post-30121","1":"post","2":"type-post","3":"status-publish","4":"format-standard","5":"has-post-thumbnail","7":"category-buonoasapersi","8":"tag-bollate","9":"tag-itaca","10":"tag-medicina","11":"tag-terapia"},"yoast_head":"<!-- This site is optimized with the Yoast SEO plugin v27.4 - https:\/\/yoast.com\/product\/yoast-seo-wordpress\/ -->\n<title>Diagnostica, terapie e medicina di alto livello, al centro Itaca di Bollate - Il Notiziario<\/title>\n<meta name=\"description\" content=\"E\u2019 stata inaugurata nei giorni scorsi la nuova area medica e diagnostica di Itaca, in via Silvio Pellico 11\/b a Bolllate. La nuova area va ad aggiungersi\" \/>\n<meta name=\"robots\" content=\"index, follow, max-snippet:-1, max-image-preview:large, max-video-preview:-1\" \/>\n<link rel=\"canonical\" href=\"https:\/\/www.ilnotiziario.net\/wp\/buonoasapersi\/diagnostica-terapie-e-medicina-di-alto-livello-al-centro-itaca-di-bollate\/\" \/>\n<meta property=\"og:locale\" content=\"it_IT\" \/>\n<meta property=\"og:type\" content=\"article\" \/>\n<meta property=\"og:title\" content=\"Diagnostica, terapie e medicina di alto livello, al centro Itaca di Bollate - Il Notiziario\" \/>\n<meta property=\"og:description\" content=\"E\u2019 stata inaugurata nei giorni scorsi la nuova area medica e diagnostica di Itaca, in via Silvio Pellico 11\/b a Bolllate. La nuova area va ad aggiungersi\" \/>\n<meta property=\"og:url\" content=\"https:\/\/www.ilnotiziario.net\/wp\/buonoasapersi\/diagnostica-terapie-e-medicina-di-alto-livello-al-centro-itaca-di-bollate\/\" \/>\n<meta property=\"og:site_name\" content=\"Il Notiziario\" \/>\n<meta property=\"article:publisher\" content=\"https:\/\/www.facebook.com\/ilnotiziarioind\/\" \/>\n<meta property=\"article:published_time\" content=\"2018-12-04T08:41:18+00:00\" \/>\n<meta property=\"article:modified_time\" content=\"2018-12-04T08:42:58+00:00\" \/>\n<meta property=\"og:image\" content=\"https:\/\/www.ilnotiziario.net\/wp\/wp-content\/uploads\/2018\/12\/BolItaca-1.jpg\" \/>\n\t<meta property=\"og:image:width\" content=\"643\" \/>\n\t<meta property=\"og:image:height\" content=\"482\" \/>\n\t<meta property=\"og:image:type\" content=\"image\/jpeg\" \/>\n<meta name=\"author\" content=\"Gabriele Bassani\" \/>\n<meta name=\"twitter:card\" content=\"summary_large_image\" \/>\n<meta name=\"twitter:creator\" content=\"@ilNotiziarioInd\" \/>\n<meta name=\"twitter:site\" content=\"@ilNotiziarioInd\" \/>\n<meta name=\"twitter:label1\" content=\"Scritto da\" \/>\n\t<meta name=\"twitter:data1\" content=\"Gabriele Bassani\" \/>\n\t<meta name=\"twitter:label2\" content=\"Tempo di lettura stimato\" \/>\n\t<meta name=\"twitter:data2\" content=\"1 minuto\" \/>\n<script type=\"application\/ld+json\" class=\"yoast-schema-graph\">{\"@context\":\"https:\\\/\\\/schema.org\",\"@graph\":[{\"@type\":\"Article\",\"@id\":\"https:\\\/\\\/www.ilnotiziario.net\\\/wp\\\/buonoasapersi\\\/diagnostica-terapie-e-medicina-di-alto-livello-al-centro-itaca-di-bollate\\\/#article\",\"isPartOf\":{\"@id\":\"https:\\\/\\\/www.ilnotiziario.net\\\/wp\\\/buonoasapersi\\\/diagnostica-terapie-e-medicina-di-alto-livello-al-centro-itaca-di-bollate\\\/\"},\"author\":{\"name\":\"Gabriele Bassani\",\"@id\":\"https:\\\/\\\/www.ilnotiziario.net\\\/wp\\\/#\\\/schema\\\/person\\\/386e222908f898bb41c033989482bbf2\"},\"headline\":\"Diagnostica, terapie e medicina di alto livello, al centro Itaca di Bollate\",\"datePublished\":\"2018-12-04T08:41:18+00:00\",\"dateModified\":\"2018-12-04T08:42:58+00:00\",\"mainEntityOfPage\":{\"@id\":\"https:\\\/\\\/www.ilnotiziario.net\\\/wp\\\/buonoasapersi\\\/diagnostica-terapie-e-medicina-di-alto-livello-al-centro-itaca-di-bollate\\\/\"},\"wordCount\":285,\"publisher\":{\"@id\":\"https:\\\/\\\/www.ilnotiziario.net\\\/wp\\\/#organization\"},\"image\":{\"@id\":\"https:\\\/\\\/www.ilnotiziario.net\\\/wp\\\/buonoasapersi\\\/diagnostica-terapie-e-medicina-di-alto-livello-al-centro-itaca-di-bollate\\\/#primaryimage\"},\"thumbnailUrl\":\"https:\\\/\\\/www.ilnotiziario.net\\\/wp\\\/wp-content\\\/uploads\\\/2018\\\/12\\\/BolItaca-1.jpg\",\"keywords\":[\"Bollate\",\"Itaca\",\"medicina\",\"terapia\"],\"articleSection\":[\"BUONO A SAPERSI\"],\"inLanguage\":\"it-IT\"},{\"@type\":\"WebPage\",\"@id\":\"https:\\\/\\\/www.ilnotiziario.net\\\/wp\\\/buonoasapersi\\\/diagnostica-terapie-e-medicina-di-alto-livello-al-centro-itaca-di-bollate\\\/\",\"url\":\"https:\\\/\\\/www.ilnotiziario.net\\\/wp\\\/buonoasapersi\\\/diagnostica-terapie-e-medicina-di-alto-livello-al-centro-itaca-di-bollate\\\/\",\"name\":\"Diagnostica, terapie e medicina di alto livello, al centro Itaca di Bollate - Il Notiziario\",\"isPartOf\":{\"@id\":\"https:\\\/\\\/www.ilnotiziario.net\\\/wp\\\/#website\"},\"primaryImageOfPage\":{\"@id\":\"https:\\\/\\\/www.ilnotiziario.net\\\/wp\\\/buonoasapersi\\\/diagnostica-terapie-e-medicina-di-alto-livello-al-centro-itaca-di-bollate\\\/#primaryimage\"},\"image\":{\"@id\":\"https:\\\/\\\/www.ilnotiziario.net\\\/wp\\\/buonoasapersi\\\/diagnostica-terapie-e-medicina-di-alto-livello-al-centro-itaca-di-bollate\\\/#primaryimage\"},\"thumbnailUrl\":\"https:\\\/\\\/www.ilnotiziario.net\\\/wp\\\/wp-content\\\/uploads\\\/2018\\\/12\\\/BolItaca-1.jpg\",\"datePublished\":\"2018-12-04T08:41:18+00:00\",\"dateModified\":\"2018-12-04T08:42:58+00:00\",\"description\":\"E\u2019 stata inaugurata nei giorni scorsi la nuova area medica e diagnostica di Itaca, in via Silvio Pellico 11\\\/b a Bolllate. La nuova area va ad aggiungersi\",\"breadcrumb\":{\"@id\":\"https:\\\/\\\/www.ilnotiziario.net\\\/wp\\\/buonoasapersi\\\/diagnostica-terapie-e-medicina-di-alto-livello-al-centro-itaca-di-bollate\\\/#breadcrumb\"},\"inLanguage\":\"it-IT\",\"potentialAction\":[{\"@type\":\"ReadAction\",\"target\":[\"https:\\\/\\\/www.ilnotiziario.net\\\/wp\\\/buonoasapersi\\\/diagnostica-terapie-e-medicina-di-alto-livello-al-centro-itaca-di-bollate\\\/\"]}]},{\"@type\":\"ImageObject\",\"inLanguage\":\"it-IT\",\"@id\":\"https:\\\/\\\/www.ilnotiziario.net\\\/wp\\\/buonoasapersi\\\/diagnostica-terapie-e-medicina-di-alto-livello-al-centro-itaca-di-bollate\\\/#primaryimage\",\"url\":\"https:\\\/\\\/www.ilnotiziario.net\\\/wp\\\/wp-content\\\/uploads\\\/2018\\\/12\\\/BolItaca-1.jpg\",\"contentUrl\":\"https:\\\/\\\/www.ilnotiziario.net\\\/wp\\\/wp-content\\\/uploads\\\/2018\\\/12\\\/BolItaca-1.jpg\",\"width\":643,\"height\":482},{\"@type\":\"BreadcrumbList\",\"@id\":\"https:\\\/\\\/www.ilnotiziario.net\\\/wp\\\/buonoasapersi\\\/diagnostica-terapie-e-medicina-di-alto-livello-al-centro-itaca-di-bollate\\\/#breadcrumb\",\"itemListElement\":[{\"@type\":\"ListItem\",\"position\":1,\"name\":\"tds_text_logo_tagline_colortds_text_logo_tagline_colortds_text_logo_tagline_colortds_text_logo_tagline_colortd_module_7_title_excerpttd_module_7_title_excerpttd_module_7_title_excerpttd_module_7_title_excerptHome\",\"item\":\"https:\\\/\\\/www.ilnotiziario.net\\\/wp\\\/\"},{\"@type\":\"ListItem\",\"position\":2,\"name\":\"Diagnostica, terapie e medicina di alto livello, al centro Itaca di Bollate\"}]},{\"@type\":\"WebSite\",\"@id\":\"https:\\\/\\\/www.ilnotiziario.net\\\/wp\\\/#website\",\"url\":\"https:\\\/\\\/www.ilnotiziario.net\\\/wp\\\/\",\"name\":\"Il Notiziario\",\"description\":\"Per restare sempre connessi alla notizia\",\"publisher\":{\"@id\":\"https:\\\/\\\/www.ilnotiziario.net\\\/wp\\\/#organization\"},\"alternateName\":\"Il Notiziario Bollate\",\"potentialAction\":[{\"@type\":\"SearchAction\",\"target\":{\"@type\":\"EntryPoint\",\"urlTemplate\":\"https:\\\/\\\/www.ilnotiziario.net\\\/wp\\\/?s={search_term_string}\"},\"query-input\":{\"@type\":\"PropertyValueSpecification\",\"valueRequired\":true,\"valueName\":\"search_term_string\"}}],\"inLanguage\":\"it-IT\"},{\"@type\":\"Organization\",\"@id\":\"https:\\\/\\\/www.ilnotiziario.net\\\/wp\\\/#organization\",\"name\":\"Il Notiziario\",\"url\":\"https:\\\/\\\/www.ilnotiziario.net\\\/wp\\\/\",\"logo\":{\"@type\":\"ImageObject\",\"inLanguage\":\"it-IT\",\"@id\":\"https:\\\/\\\/www.ilnotiziario.net\\\/wp\\\/#\\\/schema\\\/logo\\\/image\\\/\",\"url\":\"https:\\\/\\\/www.ilnotiziario.net\\\/wp\\\/wp-content\\\/uploads\\\/2022\\\/06\\\/170x170ilN.png\",\"contentUrl\":\"https:\\\/\\\/www.ilnotiziario.net\\\/wp\\\/wp-content\\\/uploads\\\/2022\\\/06\\\/170x170ilN.png\",\"width\":355,\"height\":355,\"caption\":\"Il Notiziario\"},\"image\":{\"@id\":\"https:\\\/\\\/www.ilnotiziario.net\\\/wp\\\/#\\\/schema\\\/logo\\\/image\\\/\"},\"sameAs\":[\"https:\\\/\\\/www.facebook.com\\\/ilnotiziarioind\\\/\",\"https:\\\/\\\/x.com\\\/ilNotiziarioInd\",\"https:\\\/\\\/www.instagram.com\\\/ilnotiziario_settimanale\\\/\"]},{\"@type\":\"Person\",\"@id\":\"https:\\\/\\\/www.ilnotiziario.net\\\/wp\\\/#\\\/schema\\\/person\\\/386e222908f898bb41c033989482bbf2\",\"name\":\"Gabriele Bassani\",\"image\":{\"@type\":\"ImageObject\",\"inLanguage\":\"it-IT\",\"@id\":\"https:\\\/\\\/secure.gravatar.com\\\/avatar\\\/09274f4a84fa97698bde56f84b3afed61c8492d48b0550db9671b68c177479cb?s=96&d=mm&r=g\",\"url\":\"https:\\\/\\\/secure.gravatar.com\\\/avatar\\\/09274f4a84fa97698bde56f84b3afed61c8492d48b0550db9671b68c177479cb?s=96&d=mm&r=g\",\"contentUrl\":\"https:\\\/\\\/secure.gravatar.com\\\/avatar\\\/09274f4a84fa97698bde56f84b3afed61c8492d48b0550db9671b68c177479cb?s=96&d=mm&r=g\",\"caption\":\"Gabriele Bassani\"},\"sameAs\":[\"http:\\\/\\\/www.ilnotiziario.net\"]}]}<\/script>\n<!-- \/ Yoast SEO plugin. -->","yoast_head_json":{"title":"Diagnostica, terapie e medicina di alto livello, al centro Itaca di Bollate - Il Notiziario","description":"E\u2019 stata inaugurata nei giorni scorsi la nuova area medica e diagnostica di Itaca, in via Silvio Pellico 11\/b a Bolllate. La nuova area va ad aggiungersi","robots":{"index":"index","follow":"follow","max-snippet":"max-snippet:-1","max-image-preview":"max-image-preview:large","max-video-preview":"max-video-preview:-1"},"canonical":"https:\/\/www.ilnotiziario.net\/wp\/buonoasapersi\/diagnostica-terapie-e-medicina-di-alto-livello-al-centro-itaca-di-bollate\/","og_locale":"it_IT","og_type":"article","og_title":"Diagnostica, terapie e medicina di alto livello, al centro Itaca di Bollate - Il Notiziario","og_description":"E\u2019 stata inaugurata nei giorni scorsi la nuova area medica e diagnostica di Itaca, in via Silvio Pellico 11\/b a Bolllate. La nuova area va ad aggiungersi","og_url":"https:\/\/www.ilnotiziario.net\/wp\/buonoasapersi\/diagnostica-terapie-e-medicina-di-alto-livello-al-centro-itaca-di-bollate\/","og_site_name":"Il Notiziario","article_publisher":"https:\/\/www.facebook.com\/ilnotiziarioind\/","article_published_time":"2018-12-04T08:41:18+00:00","article_modified_time":"2018-12-04T08:42:58+00:00","og_image":[{"width":643,"height":482,"url":"https:\/\/www.ilnotiziario.net\/wp\/wp-content\/uploads\/2018\/12\/BolItaca-1.jpg","type":"image\/jpeg"}],"author":"Gabriele Bassani","twitter_card":"summary_large_image","twitter_creator":"@ilNotiziarioInd","twitter_site":"@ilNotiziarioInd","twitter_misc":{"Scritto da":"Gabriele Bassani","Tempo di lettura stimato":"1 minuto"},"schema":{"@context":"https:\/\/schema.org","@graph":[{"@type":"Article","@id":"https:\/\/www.ilnotiziario.net\/wp\/buonoasapersi\/diagnostica-terapie-e-medicina-di-alto-livello-al-centro-itaca-di-bollate\/#article","isPartOf":{"@id":"https:\/\/www.ilnotiziario.net\/wp\/buonoasapersi\/diagnostica-terapie-e-medicina-di-alto-livello-al-centro-itaca-di-bollate\/"},"author":{"name":"Gabriele Bassani","@id":"https:\/\/www.ilnotiziario.net\/wp\/#\/schema\/person\/386e222908f898bb41c033989482bbf2"},"headline":"Diagnostica, terapie e medicina di alto livello, al centro Itaca di Bollate","datePublished":"2018-12-04T08:41:18+00:00","dateModified":"2018-12-04T08:42:58+00:00","mainEntityOfPage":{"@id":"https:\/\/www.ilnotiziario.net\/wp\/buonoasapersi\/diagnostica-terapie-e-medicina-di-alto-livello-al-centro-itaca-di-bollate\/"},"wordCount":285,"publisher":{"@id":"https:\/\/www.ilnotiziario.net\/wp\/#organization"},"image":{"@id":"https:\/\/www.ilnotiziario.net\/wp\/buonoasapersi\/diagnostica-terapie-e-medicina-di-alto-livello-al-centro-itaca-di-bollate\/#primaryimage"},"thumbnailUrl":"https:\/\/www.ilnotiziario.net\/wp\/wp-content\/uploads\/2018\/12\/BolItaca-1.jpg","keywords":["Bollate","Itaca","medicina","terapia"],"articleSection":["BUONO A SAPERSI"],"inLanguage":"it-IT"},{"@type":"WebPage","@id":"https:\/\/www.ilnotiziario.net\/wp\/buonoasapersi\/diagnostica-terapie-e-medicina-di-alto-livello-al-centro-itaca-di-bollate\/","url":"https:\/\/www.ilnotiziario.net\/wp\/buonoasapersi\/diagnostica-terapie-e-medicina-di-alto-livello-al-centro-itaca-di-bollate\/","name":"Diagnostica, terapie e medicina di alto livello, al centro Itaca di Bollate - Il Notiziario","isPartOf":{"@id":"https:\/\/www.ilnotiziario.net\/wp\/#website"},"primaryImageOfPage":{"@id":"https:\/\/www.ilnotiziario.net\/wp\/buonoasapersi\/diagnostica-terapie-e-medicina-di-alto-livello-al-centro-itaca-di-bollate\/#primaryimage"},"image":{"@id":"https:\/\/www.ilnotiziario.net\/wp\/buonoasapersi\/diagnostica-terapie-e-medicina-di-alto-livello-al-centro-itaca-di-bollate\/#primaryimage"},"thumbnailUrl":"https:\/\/www.ilnotiziario.net\/wp\/wp-content\/uploads\/2018\/12\/BolItaca-1.jpg","datePublished":"2018-12-04T08:41:18+00:00","dateModified":"2018-12-04T08:42:58+00:00","description":"E\u2019 stata inaugurata nei giorni scorsi la nuova area medica e diagnostica di Itaca, in via Silvio Pellico 11\/b a Bolllate. La nuova area va ad aggiungersi","breadcrumb":{"@id":"https:\/\/www.ilnotiziario.net\/wp\/buonoasapersi\/diagnostica-terapie-e-medicina-di-alto-livello-al-centro-itaca-di-bollate\/#breadcrumb"},"inLanguage":"it-IT","potentialAction":[{"@type":"ReadAction","target":["https:\/\/www.ilnotiziario.net\/wp\/buonoasapersi\/diagnostica-terapie-e-medicina-di-alto-livello-al-centro-itaca-di-bollate\/"]}]},{"@type":"ImageObject","inLanguage":"it-IT","@id":"https:\/\/www.ilnotiziario.net\/wp\/buonoasapersi\/diagnostica-terapie-e-medicina-di-alto-livello-al-centro-itaca-di-bollate\/#primaryimage","url":"https:\/\/www.ilnotiziario.net\/wp\/wp-content\/uploads\/2018\/12\/BolItaca-1.jpg","contentUrl":"https:\/\/www.ilnotiziario.net\/wp\/wp-content\/uploads\/2018\/12\/BolItaca-1.jpg","width":643,"height":482},{"@type":"BreadcrumbList","@id":"https:\/\/www.ilnotiziario.net\/wp\/buonoasapersi\/diagnostica-terapie-e-medicina-di-alto-livello-al-centro-itaca-di-bollate\/#breadcrumb","itemListElement":[{"@type":"ListItem","position":1,"name":"tds_text_logo_tagline_colortds_text_logo_tagline_colortds_text_logo_tagline_colortds_text_logo_tagline_colortd_module_7_title_excerpttd_module_7_title_excerpttd_module_7_title_excerpttd_module_7_title_excerptHome","item":"https:\/\/www.ilnotiziario.net\/wp\/"},{"@type":"ListItem","position":2,"name":"Diagnostica, terapie e medicina di alto livello, al centro Itaca di Bollate"}]},{"@type":"WebSite","@id":"https:\/\/www.ilnotiziario.net\/wp\/#website","url":"https:\/\/www.ilnotiziario.net\/wp\/","name":"Il Notiziario","description":"Per restare sempre connessi alla notizia","publisher":{"@id":"https:\/\/www.ilnotiziario.net\/wp\/#organization"},"alternateName":"Il Notiziario Bollate","potentialAction":[{"@type":"SearchAction","target":{"@type":"EntryPoint","urlTemplate":"https:\/\/www.ilnotiziario.net\/wp\/?s={search_term_string}"},"query-input":{"@type":"PropertyValueSpecification","valueRequired":true,"valueName":"search_term_string"}}],"inLanguage":"it-IT"},{"@type":"Organization","@id":"https:\/\/www.ilnotiziario.net\/wp\/#organization","name":"Il Notiziario","url":"https:\/\/www.ilnotiziario.net\/wp\/","logo":{"@type":"ImageObject","inLanguage":"it-IT","@id":"https:\/\/www.ilnotiziario.net\/wp\/#\/schema\/logo\/image\/","url":"https:\/\/www.ilnotiziario.net\/wp\/wp-content\/uploads\/2022\/06\/170x170ilN.png","contentUrl":"https:\/\/www.ilnotiziario.net\/wp\/wp-content\/uploads\/2022\/06\/170x170ilN.png","width":355,"height":355,"caption":"Il Notiziario"},"image":{"@id":"https:\/\/www.ilnotiziario.net\/wp\/#\/schema\/logo\/image\/"},"sameAs":["https:\/\/www.facebook.com\/ilnotiziarioind\/","https:\/\/x.com\/ilNotiziarioInd","https:\/\/www.instagram.com\/ilnotiziario_settimanale\/"]},{"@type":"Person","@id":"https:\/\/www.ilnotiziario.net\/wp\/#\/schema\/person\/386e222908f898bb41c033989482bbf2","name":"Gabriele Bassani","image":{"@type":"ImageObject","inLanguage":"it-IT","@id":"https:\/\/secure.gravatar.com\/avatar\/09274f4a84fa97698bde56f84b3afed61c8492d48b0550db9671b68c177479cb?s=96&d=mm&r=g","url":"https:\/\/secure.gravatar.com\/avatar\/09274f4a84fa97698bde56f84b3afed61c8492d48b0550db9671b68c177479cb?s=96&d=mm&r=g","contentUrl":"https:\/\/secure.gravatar.com\/avatar\/09274f4a84fa97698bde56f84b3afed61c8492d48b0550db9671b68c177479cb?s=96&d=mm&r=g","caption":"Gabriele Bassani"},"sameAs":["http:\/\/www.ilnotiziario.net"]}]}},"_links":{"self":[{"href":"https:\/\/www.ilnotiziario.net\/wp\/wp-json\/wp\/v2\/posts\/30121","targetHints":{"allow":["GET"]}}],"collection":[{"href":"https:\/\/www.ilnotiziario.net\/wp\/wp-json\/wp\/v2\/posts"}],"about":[{"href":"https:\/\/www.ilnotiziario.net\/wp\/wp-json\/wp\/v2\/types\/post"}],"author":[{"embeddable":true,"href":"https:\/\/www.ilnotiziario.net\/wp\/wp-json\/wp\/v2\/users\/3"}],"replies":[{"embeddable":true,"href":"https:\/\/www.ilnotiziario.net\/wp\/wp-json\/wp\/v2\/comments?post=30121"}],"version-history":[{"count":0,"href":"https:\/\/www.ilnotiziario.net\/wp\/wp-json\/wp\/v2\/posts\/30121\/revisions"}],"wp:featuredmedia":[{"embeddable":true,"href":"https:\/\/www.ilnotiziario.net\/wp\/wp-json\/wp\/v2\/media\/30126"}],"wp:attachment":[{"href":"https:\/\/www.ilnotiziario.net\/wp\/wp-json\/wp\/v2\/media?parent=30121"}],"wp:term":[{"taxonomy":"category","embeddable":true,"href":"https:\/\/www.ilnotiziario.net\/wp\/wp-json\/wp\/v2\/categories?post=30121"},{"taxonomy":"post_tag","embeddable":true,"href":"https:\/\/www.ilnotiziario.net\/wp\/wp-json\/wp\/v2\/tags?post=30121"}],"curies":[{"name":"wp","href":"https:\/\/api.w.org\/{rel}","templated":true}]}}