{"id":30347,"date":"2018-12-19T09:11:41","date_gmt":"2018-12-19T08:11:41","guid":{"rendered":"https:\/\/www.ilnotiziario.net\/?p=30347"},"modified":"2019-01-29T09:17:55","modified_gmt":"2019-01-29T08:17:55","slug":"perche-milano-e-la-citta-in-cui-si-vive-meglio","status":"publish","type":"post","link":"https:\/\/www.ilnotiziario.net\/wp\/buonoasapersi\/perche-milano-e-la-citta-in-cui-si-vive-meglio\/","title":{"rendered":"Perch\u00e8 Milano \u00e8 la citt\u00e0 in cui si vive meglio?"},"content":{"rendered":"<p>&nbsp;<\/p>\n<p>La citt\u00e0 italiana dove si vive meglio sarebbe proprio Milano. E&#8217; questo il risultato emerso dal consueto sondaggio della prestigiosa testa Sole 24 Ore sulla Qualit\u00e0 della Vita. La classifica \u00e8 giunta alla sua 29esima edizione e vede primeggiare proprio il capoluogo lombardo per il 2018.<br \/>\nCertamente non tutti i milanesi si troveranno d&#8217;accordo, ma i dati parlano chiaro. Quali dati?<\/p><div id=\"ilnot-1640479947\" class=\"ilnot-contenuto ilnot-entity-placement\"><p><!-- incontent_1 --><\/p>\n<div class=\"gptslot\" data-adunitid=\"1\"><\/div>\n<\/div>\n<p>La classifica delle citt\u00e0 italiane viene stilata tenendo conto di ben 42 indicatori che sono suddivisi in sei aree tematiche: Ricchezza e consumi, Affari e lavoro, Ambiente e servizi, Demografia e societ\u00e0, Giustizia e sicurezza, Cultura e tempo libero.<\/p>\n<p>Milano,naturalmente primeggia per ricchezza e consumi (prima per depositi in banca pro capite e consumi medi delle famiglie in beni durevoli) ma \u00e8 anche \u00e8 seconda in classifica per prezzo medio di vendita delle case.<\/p><div id=\"ilnot-1127215112\" class=\"ilnot-contenuto_2 ilnot-entity-placement\"><div class=\"ads-wrapper\">\n<div class=\"ad-slot\">\n   <div id=\"ilnot-1149164755\" style=\"margin-right: auto;margin-left: auto;text-align: center;width: 320px;height: 100px;\"><a href=\"https:\/\/www.scuolasicurezza.it\/\"><img decoding=\"async\" src=\"https:\/\/www.ilnotiziario.net\/wp\/wp-content\/uploads\/2026\/04\/IlNotiziario_banner-sito-e-newsletter-320-x-100-px-1.gif\" alt=\"\"><\/a><\/div>\n  <\/div>\n<div class=\"ad-slot\">\n   <div id=\"ilnot-2546398986\" style=\"float: right;width: 320px;height: 100px;\"><a href=\"https:\/\/cedamitalia.it\/\"><img decoding=\"async\" src=\"https:\/\/www.ilnotiziario.net\/wp\/wp-content\/uploads\/2026\/04\/banner_cedam_320x100_OK.gif\" alt=\"Cedam\"><\/a><\/div><\/p><\/div>\n<\/div>\n<\/div>\n<p>Dato sconfortante invece: il capoluogo lombardo \u00e8 ultimo per il costo medio degli affitti.<\/p>\n<p>Altro dato positivo riguarda l&#8217;occupazione: Milano \u00e8 infatti al terzo posto per il tasso di occupazione tra i 15 e i 64 anni (69,5%).<br \/>\nMeno bene la questione della sicurezza (furti e rapine) per cui Milano risulta seconda solo a Napoli.<\/p>\n<p>La cultura? Si pu\u00f2 fare di meglio: nonostante l&#8217;enorme offerta della citt\u00e0, Milano \u00e8 solo al terzo posto per la spesa riservata a spettacoli.<br \/>\nUna curiosit\u00e0? Milano ha ottenuto il primo posto per la prima volta solo quest&#8217;anno.<\/p><div id=\"ilnot-3991817608\" class=\"ilnot-contenuto_2-2 ilnot-entity-placement\"><div class=\"gptslot\" data-adunitid=\"2\"><\/div>\n<\/div>\n<p>Tra il 2003 e il 2016 infatti si \u00e8 ritrovato in seconda posizione per quattro volte, sfiorando il podio.<\/p>\n<p>I dati sono molto interessanti e riguardano moltissime altre citt\u00e0 italiane. Tutte le informazioni <a href=\"https:\/\/www.ilsole24ore.com\/art\/notizie\/2018-12-14\/qualita-vita-2018-milano-vince-la-prima-volta-193337.shtml?uuid=AEDSdbyG&amp;refresh_ce=1\">qui<\/a>.<\/p>\n","protected":false},"excerpt":{"rendered":"<p>&nbsp; La citt\u00e0 italiana dove si vive meglio sarebbe proprio Milano. E&#8217; questo il risultato emerso dal consueto sondaggio della prestigiosa testa Sole 24 Ore sulla Qualit\u00e0 della Vita. La classifica \u00e8 giunta alla sua 29esima edizione e vede primeggiare proprio il capoluogo lombardo per il 2018. Certamente non tutti i milanesi si troveranno d&#8217;accordo,<\/p>\n","protected":false},"author":14,"featured_media":30348,"comment_status":"closed","ping_status":"closed","sticky":false,"template":"","format":"standard","meta":{"footnotes":""},"categories":[4193],"tags":[5261,5715,5716,38,2729],"class_list":{"0":"post-30347","1":"post","2":"type-post","3":"status-publish","4":"format-standard","5":"has-post-thumbnail","7":"category-buonoasapersi","8":"tag-affitti","9":"tag-citta","10":"tag-classifica","11":"tag-milano","12":"tag-occupazione"},"yoast_head":"<!-- This site is optimized with the Yoast SEO plugin v27.4 - https:\/\/yoast.com\/product\/yoast-seo-wordpress\/ -->\n<title>Perch\u00e8 Milano \u00e8 la citt\u00e0 in cui si vive meglio? - Il Notiziario<\/title>\n<meta name=\"description\" content=\"&nbsp; La citt\u00e0 italiana dove si vive meglio sarebbe proprio Milano. E&#039; questo il risultato emerso dal consueto sondaggio della prestigiosa testa Sole 24\" \/>\n<meta name=\"robots\" content=\"index, follow, max-snippet:-1, max-image-preview:large, max-video-preview:-1\" \/>\n<link rel=\"canonical\" href=\"https:\/\/www.ilnotiziario.net\/wp\/buonoasapersi\/perche-milano-e-la-citta-in-cui-si-vive-meglio\/\" \/>\n<meta property=\"og:locale\" content=\"it_IT\" \/>\n<meta property=\"og:type\" content=\"article\" \/>\n<meta property=\"og:title\" content=\"Perch\u00e8 Milano \u00e8 la citt\u00e0 in cui si vive meglio? - Il Notiziario\" \/>\n<meta property=\"og:description\" content=\"&nbsp; La citt\u00e0 italiana dove si vive meglio sarebbe proprio Milano. E&#039; questo il risultato emerso dal consueto sondaggio della prestigiosa testa Sole 24\" \/>\n<meta property=\"og:url\" content=\"https:\/\/www.ilnotiziario.net\/wp\/buonoasapersi\/perche-milano-e-la-citta-in-cui-si-vive-meglio\/\" \/>\n<meta property=\"og:site_name\" content=\"Il Notiziario\" \/>\n<meta property=\"article:publisher\" content=\"https:\/\/www.facebook.com\/ilnotiziarioind\/\" \/>\n<meta property=\"article:published_time\" content=\"2018-12-19T08:11:41+00:00\" \/>\n<meta property=\"article:modified_time\" content=\"2019-01-29T08:17:55+00:00\" \/>\n<meta property=\"og:image\" content=\"https:\/\/www.ilnotiziario.net\/wp\/wp-content\/uploads\/2018\/12\/duomo-con-la-neve-chometemporary.jpg\" \/>\n\t<meta property=\"og:image:width\" content=\"600\" \/>\n\t<meta property=\"og:image:height\" content=\"471\" \/>\n\t<meta property=\"og:image:type\" content=\"image\/jpeg\" \/>\n<meta name=\"author\" content=\"Silvia Citterio\" \/>\n<meta name=\"twitter:card\" content=\"summary_large_image\" \/>\n<meta name=\"twitter:creator\" content=\"@ilNotiziarioInd\" \/>\n<meta name=\"twitter:site\" content=\"@ilNotiziarioInd\" \/>\n<meta name=\"twitter:label1\" content=\"Scritto da\" \/>\n\t<meta name=\"twitter:data1\" content=\"Silvia Citterio\" \/>\n\t<meta name=\"twitter:label2\" content=\"Tempo di lettura stimato\" \/>\n\t<meta name=\"twitter:data2\" content=\"1 minuto\" \/>\n<script type=\"application\/ld+json\" class=\"yoast-schema-graph\">{\"@context\":\"https:\\\/\\\/schema.org\",\"@graph\":[{\"@type\":\"Article\",\"@id\":\"https:\\\/\\\/www.ilnotiziario.net\\\/wp\\\/buonoasapersi\\\/perche-milano-e-la-citta-in-cui-si-vive-meglio\\\/#article\",\"isPartOf\":{\"@id\":\"https:\\\/\\\/www.ilnotiziario.net\\\/wp\\\/buonoasapersi\\\/perche-milano-e-la-citta-in-cui-si-vive-meglio\\\/\"},\"author\":{\"name\":\"Silvia Citterio\",\"@id\":\"https:\\\/\\\/www.ilnotiziario.net\\\/wp\\\/#\\\/schema\\\/person\\\/c5bca2edc3d99d29959f04a6126f687b\"},\"headline\":\"Perch\u00e8 Milano \u00e8 la citt\u00e0 in cui si vive meglio?\",\"datePublished\":\"2018-12-19T08:11:41+00:00\",\"dateModified\":\"2019-01-29T08:17:55+00:00\",\"mainEntityOfPage\":{\"@id\":\"https:\\\/\\\/www.ilnotiziario.net\\\/wp\\\/buonoasapersi\\\/perche-milano-e-la-citta-in-cui-si-vive-meglio\\\/\"},\"wordCount\":262,\"publisher\":{\"@id\":\"https:\\\/\\\/www.ilnotiziario.net\\\/wp\\\/#organization\"},\"image\":{\"@id\":\"https:\\\/\\\/www.ilnotiziario.net\\\/wp\\\/buonoasapersi\\\/perche-milano-e-la-citta-in-cui-si-vive-meglio\\\/#primaryimage\"},\"thumbnailUrl\":\"https:\\\/\\\/www.ilnotiziario.net\\\/wp\\\/wp-content\\\/uploads\\\/2018\\\/12\\\/duomo-con-la-neve-chometemporary.jpg\",\"keywords\":[\"Affitti\",\"citt\u00e0\",\"classifica\",\"Milano\",\"occupazione\"],\"articleSection\":[\"BUONO A SAPERSI\"],\"inLanguage\":\"it-IT\"},{\"@type\":\"WebPage\",\"@id\":\"https:\\\/\\\/www.ilnotiziario.net\\\/wp\\\/buonoasapersi\\\/perche-milano-e-la-citta-in-cui-si-vive-meglio\\\/\",\"url\":\"https:\\\/\\\/www.ilnotiziario.net\\\/wp\\\/buonoasapersi\\\/perche-milano-e-la-citta-in-cui-si-vive-meglio\\\/\",\"name\":\"Perch\u00e8 Milano \u00e8 la citt\u00e0 in cui si vive meglio? - Il Notiziario\",\"isPartOf\":{\"@id\":\"https:\\\/\\\/www.ilnotiziario.net\\\/wp\\\/#website\"},\"primaryImageOfPage\":{\"@id\":\"https:\\\/\\\/www.ilnotiziario.net\\\/wp\\\/buonoasapersi\\\/perche-milano-e-la-citta-in-cui-si-vive-meglio\\\/#primaryimage\"},\"image\":{\"@id\":\"https:\\\/\\\/www.ilnotiziario.net\\\/wp\\\/buonoasapersi\\\/perche-milano-e-la-citta-in-cui-si-vive-meglio\\\/#primaryimage\"},\"thumbnailUrl\":\"https:\\\/\\\/www.ilnotiziario.net\\\/wp\\\/wp-content\\\/uploads\\\/2018\\\/12\\\/duomo-con-la-neve-chometemporary.jpg\",\"datePublished\":\"2018-12-19T08:11:41+00:00\",\"dateModified\":\"2019-01-29T08:17:55+00:00\",\"description\":\"&nbsp; La citt\u00e0 italiana dove si vive meglio sarebbe proprio Milano. E' questo il risultato emerso dal consueto sondaggio della prestigiosa testa Sole 24\",\"breadcrumb\":{\"@id\":\"https:\\\/\\\/www.ilnotiziario.net\\\/wp\\\/buonoasapersi\\\/perche-milano-e-la-citta-in-cui-si-vive-meglio\\\/#breadcrumb\"},\"inLanguage\":\"it-IT\",\"potentialAction\":[{\"@type\":\"ReadAction\",\"target\":[\"https:\\\/\\\/www.ilnotiziario.net\\\/wp\\\/buonoasapersi\\\/perche-milano-e-la-citta-in-cui-si-vive-meglio\\\/\"]}]},{\"@type\":\"ImageObject\",\"inLanguage\":\"it-IT\",\"@id\":\"https:\\\/\\\/www.ilnotiziario.net\\\/wp\\\/buonoasapersi\\\/perche-milano-e-la-citta-in-cui-si-vive-meglio\\\/#primaryimage\",\"url\":\"https:\\\/\\\/www.ilnotiziario.net\\\/wp\\\/wp-content\\\/uploads\\\/2018\\\/12\\\/duomo-con-la-neve-chometemporary.jpg\",\"contentUrl\":\"https:\\\/\\\/www.ilnotiziario.net\\\/wp\\\/wp-content\\\/uploads\\\/2018\\\/12\\\/duomo-con-la-neve-chometemporary.jpg\",\"width\":600,\"height\":471},{\"@type\":\"BreadcrumbList\",\"@id\":\"https:\\\/\\\/www.ilnotiziario.net\\\/wp\\\/buonoasapersi\\\/perche-milano-e-la-citta-in-cui-si-vive-meglio\\\/#breadcrumb\",\"itemListElement\":[{\"@type\":\"ListItem\",\"position\":1,\"name\":\"tds_text_logo_tagline_colortds_text_logo_tagline_colortds_text_logo_tagline_colortds_text_logo_tagline_colortd_module_7_title_excerpttd_module_7_title_excerpttd_module_7_title_excerpttd_module_7_title_excerptHome\",\"item\":\"https:\\\/\\\/www.ilnotiziario.net\\\/wp\\\/\"},{\"@type\":\"ListItem\",\"position\":2,\"name\":\"Perch\u00e8 Milano \u00e8 la citt\u00e0 in cui si vive meglio?\"}]},{\"@type\":\"WebSite\",\"@id\":\"https:\\\/\\\/www.ilnotiziario.net\\\/wp\\\/#website\",\"url\":\"https:\\\/\\\/www.ilnotiziario.net\\\/wp\\\/\",\"name\":\"Il Notiziario\",\"description\":\"Per restare sempre connessi alla notizia\",\"publisher\":{\"@id\":\"https:\\\/\\\/www.ilnotiziario.net\\\/wp\\\/#organization\"},\"alternateName\":\"Il Notiziario Bollate\",\"potentialAction\":[{\"@type\":\"SearchAction\",\"target\":{\"@type\":\"EntryPoint\",\"urlTemplate\":\"https:\\\/\\\/www.ilnotiziario.net\\\/wp\\\/?s={search_term_string}\"},\"query-input\":{\"@type\":\"PropertyValueSpecification\",\"valueRequired\":true,\"valueName\":\"search_term_string\"}}],\"inLanguage\":\"it-IT\"},{\"@type\":\"Organization\",\"@id\":\"https:\\\/\\\/www.ilnotiziario.net\\\/wp\\\/#organization\",\"name\":\"Il Notiziario\",\"url\":\"https:\\\/\\\/www.ilnotiziario.net\\\/wp\\\/\",\"logo\":{\"@type\":\"ImageObject\",\"inLanguage\":\"it-IT\",\"@id\":\"https:\\\/\\\/www.ilnotiziario.net\\\/wp\\\/#\\\/schema\\\/logo\\\/image\\\/\",\"url\":\"https:\\\/\\\/www.ilnotiziario.net\\\/wp\\\/wp-content\\\/uploads\\\/2022\\\/06\\\/170x170ilN.png\",\"contentUrl\":\"https:\\\/\\\/www.ilnotiziario.net\\\/wp\\\/wp-content\\\/uploads\\\/2022\\\/06\\\/170x170ilN.png\",\"width\":355,\"height\":355,\"caption\":\"Il Notiziario\"},\"image\":{\"@id\":\"https:\\\/\\\/www.ilnotiziario.net\\\/wp\\\/#\\\/schema\\\/logo\\\/image\\\/\"},\"sameAs\":[\"https:\\\/\\\/www.facebook.com\\\/ilnotiziarioind\\\/\",\"https:\\\/\\\/x.com\\\/ilNotiziarioInd\",\"https:\\\/\\\/www.instagram.com\\\/ilnotiziario_settimanale\\\/\"]},{\"@type\":\"Person\",\"@id\":\"https:\\\/\\\/www.ilnotiziario.net\\\/wp\\\/#\\\/schema\\\/person\\\/c5bca2edc3d99d29959f04a6126f687b\",\"name\":\"Silvia Citterio\",\"image\":{\"@type\":\"ImageObject\",\"inLanguage\":\"it-IT\",\"@id\":\"https:\\\/\\\/secure.gravatar.com\\\/avatar\\\/03eb19c63b944e79a9b5ce53ca5d1ca303edcf368a68721ec3ccaae7f98c5afd?s=96&d=mm&r=g\",\"url\":\"https:\\\/\\\/secure.gravatar.com\\\/avatar\\\/03eb19c63b944e79a9b5ce53ca5d1ca303edcf368a68721ec3ccaae7f98c5afd?s=96&d=mm&r=g\",\"contentUrl\":\"https:\\\/\\\/secure.gravatar.com\\\/avatar\\\/03eb19c63b944e79a9b5ce53ca5d1ca303edcf368a68721ec3ccaae7f98c5afd?s=96&d=mm&r=g\",\"caption\":\"Silvia Citterio\"}}]}<\/script>\n<!-- \/ Yoast SEO plugin. -->","yoast_head_json":{"title":"Perch\u00e8 Milano \u00e8 la citt\u00e0 in cui si vive meglio? - Il Notiziario","description":"&nbsp; La citt\u00e0 italiana dove si vive meglio sarebbe proprio Milano. E' questo il risultato emerso dal consueto sondaggio della prestigiosa testa Sole 24","robots":{"index":"index","follow":"follow","max-snippet":"max-snippet:-1","max-image-preview":"max-image-preview:large","max-video-preview":"max-video-preview:-1"},"canonical":"https:\/\/www.ilnotiziario.net\/wp\/buonoasapersi\/perche-milano-e-la-citta-in-cui-si-vive-meglio\/","og_locale":"it_IT","og_type":"article","og_title":"Perch\u00e8 Milano \u00e8 la citt\u00e0 in cui si vive meglio? - Il Notiziario","og_description":"&nbsp; La citt\u00e0 italiana dove si vive meglio sarebbe proprio Milano. E' questo il risultato emerso dal consueto sondaggio della prestigiosa testa Sole 24","og_url":"https:\/\/www.ilnotiziario.net\/wp\/buonoasapersi\/perche-milano-e-la-citta-in-cui-si-vive-meglio\/","og_site_name":"Il Notiziario","article_publisher":"https:\/\/www.facebook.com\/ilnotiziarioind\/","article_published_time":"2018-12-19T08:11:41+00:00","article_modified_time":"2019-01-29T08:17:55+00:00","og_image":[{"width":600,"height":471,"url":"https:\/\/www.ilnotiziario.net\/wp\/wp-content\/uploads\/2018\/12\/duomo-con-la-neve-chometemporary.jpg","type":"image\/jpeg"}],"author":"Silvia Citterio","twitter_card":"summary_large_image","twitter_creator":"@ilNotiziarioInd","twitter_site":"@ilNotiziarioInd","twitter_misc":{"Scritto da":"Silvia Citterio","Tempo di lettura stimato":"1 minuto"},"schema":{"@context":"https:\/\/schema.org","@graph":[{"@type":"Article","@id":"https:\/\/www.ilnotiziario.net\/wp\/buonoasapersi\/perche-milano-e-la-citta-in-cui-si-vive-meglio\/#article","isPartOf":{"@id":"https:\/\/www.ilnotiziario.net\/wp\/buonoasapersi\/perche-milano-e-la-citta-in-cui-si-vive-meglio\/"},"author":{"name":"Silvia Citterio","@id":"https:\/\/www.ilnotiziario.net\/wp\/#\/schema\/person\/c5bca2edc3d99d29959f04a6126f687b"},"headline":"Perch\u00e8 Milano \u00e8 la citt\u00e0 in cui si vive meglio?","datePublished":"2018-12-19T08:11:41+00:00","dateModified":"2019-01-29T08:17:55+00:00","mainEntityOfPage":{"@id":"https:\/\/www.ilnotiziario.net\/wp\/buonoasapersi\/perche-milano-e-la-citta-in-cui-si-vive-meglio\/"},"wordCount":262,"publisher":{"@id":"https:\/\/www.ilnotiziario.net\/wp\/#organization"},"image":{"@id":"https:\/\/www.ilnotiziario.net\/wp\/buonoasapersi\/perche-milano-e-la-citta-in-cui-si-vive-meglio\/#primaryimage"},"thumbnailUrl":"https:\/\/www.ilnotiziario.net\/wp\/wp-content\/uploads\/2018\/12\/duomo-con-la-neve-chometemporary.jpg","keywords":["Affitti","citt\u00e0","classifica","Milano","occupazione"],"articleSection":["BUONO A SAPERSI"],"inLanguage":"it-IT"},{"@type":"WebPage","@id":"https:\/\/www.ilnotiziario.net\/wp\/buonoasapersi\/perche-milano-e-la-citta-in-cui-si-vive-meglio\/","url":"https:\/\/www.ilnotiziario.net\/wp\/buonoasapersi\/perche-milano-e-la-citta-in-cui-si-vive-meglio\/","name":"Perch\u00e8 Milano \u00e8 la citt\u00e0 in cui si vive meglio? - Il Notiziario","isPartOf":{"@id":"https:\/\/www.ilnotiziario.net\/wp\/#website"},"primaryImageOfPage":{"@id":"https:\/\/www.ilnotiziario.net\/wp\/buonoasapersi\/perche-milano-e-la-citta-in-cui-si-vive-meglio\/#primaryimage"},"image":{"@id":"https:\/\/www.ilnotiziario.net\/wp\/buonoasapersi\/perche-milano-e-la-citta-in-cui-si-vive-meglio\/#primaryimage"},"thumbnailUrl":"https:\/\/www.ilnotiziario.net\/wp\/wp-content\/uploads\/2018\/12\/duomo-con-la-neve-chometemporary.jpg","datePublished":"2018-12-19T08:11:41+00:00","dateModified":"2019-01-29T08:17:55+00:00","description":"&nbsp; La citt\u00e0 italiana dove si vive meglio sarebbe proprio Milano. E' questo il risultato emerso dal consueto sondaggio della prestigiosa testa Sole 24","breadcrumb":{"@id":"https:\/\/www.ilnotiziario.net\/wp\/buonoasapersi\/perche-milano-e-la-citta-in-cui-si-vive-meglio\/#breadcrumb"},"inLanguage":"it-IT","potentialAction":[{"@type":"ReadAction","target":["https:\/\/www.ilnotiziario.net\/wp\/buonoasapersi\/perche-milano-e-la-citta-in-cui-si-vive-meglio\/"]}]},{"@type":"ImageObject","inLanguage":"it-IT","@id":"https:\/\/www.ilnotiziario.net\/wp\/buonoasapersi\/perche-milano-e-la-citta-in-cui-si-vive-meglio\/#primaryimage","url":"https:\/\/www.ilnotiziario.net\/wp\/wp-content\/uploads\/2018\/12\/duomo-con-la-neve-chometemporary.jpg","contentUrl":"https:\/\/www.ilnotiziario.net\/wp\/wp-content\/uploads\/2018\/12\/duomo-con-la-neve-chometemporary.jpg","width":600,"height":471},{"@type":"BreadcrumbList","@id":"https:\/\/www.ilnotiziario.net\/wp\/buonoasapersi\/perche-milano-e-la-citta-in-cui-si-vive-meglio\/#breadcrumb","itemListElement":[{"@type":"ListItem","position":1,"name":"tds_text_logo_tagline_colortds_text_logo_tagline_colortds_text_logo_tagline_colortds_text_logo_tagline_colortd_module_7_title_excerpttd_module_7_title_excerpttd_module_7_title_excerpttd_module_7_title_excerptHome","item":"https:\/\/www.ilnotiziario.net\/wp\/"},{"@type":"ListItem","position":2,"name":"Perch\u00e8 Milano \u00e8 la citt\u00e0 in cui si vive meglio?"}]},{"@type":"WebSite","@id":"https:\/\/www.ilnotiziario.net\/wp\/#website","url":"https:\/\/www.ilnotiziario.net\/wp\/","name":"Il Notiziario","description":"Per restare sempre connessi alla notizia","publisher":{"@id":"https:\/\/www.ilnotiziario.net\/wp\/#organization"},"alternateName":"Il Notiziario Bollate","potentialAction":[{"@type":"SearchAction","target":{"@type":"EntryPoint","urlTemplate":"https:\/\/www.ilnotiziario.net\/wp\/?s={search_term_string}"},"query-input":{"@type":"PropertyValueSpecification","valueRequired":true,"valueName":"search_term_string"}}],"inLanguage":"it-IT"},{"@type":"Organization","@id":"https:\/\/www.ilnotiziario.net\/wp\/#organization","name":"Il Notiziario","url":"https:\/\/www.ilnotiziario.net\/wp\/","logo":{"@type":"ImageObject","inLanguage":"it-IT","@id":"https:\/\/www.ilnotiziario.net\/wp\/#\/schema\/logo\/image\/","url":"https:\/\/www.ilnotiziario.net\/wp\/wp-content\/uploads\/2022\/06\/170x170ilN.png","contentUrl":"https:\/\/www.ilnotiziario.net\/wp\/wp-content\/uploads\/2022\/06\/170x170ilN.png","width":355,"height":355,"caption":"Il Notiziario"},"image":{"@id":"https:\/\/www.ilnotiziario.net\/wp\/#\/schema\/logo\/image\/"},"sameAs":["https:\/\/www.facebook.com\/ilnotiziarioind\/","https:\/\/x.com\/ilNotiziarioInd","https:\/\/www.instagram.com\/ilnotiziario_settimanale\/"]},{"@type":"Person","@id":"https:\/\/www.ilnotiziario.net\/wp\/#\/schema\/person\/c5bca2edc3d99d29959f04a6126f687b","name":"Silvia Citterio","image":{"@type":"ImageObject","inLanguage":"it-IT","@id":"https:\/\/secure.gravatar.com\/avatar\/03eb19c63b944e79a9b5ce53ca5d1ca303edcf368a68721ec3ccaae7f98c5afd?s=96&d=mm&r=g","url":"https:\/\/secure.gravatar.com\/avatar\/03eb19c63b944e79a9b5ce53ca5d1ca303edcf368a68721ec3ccaae7f98c5afd?s=96&d=mm&r=g","contentUrl":"https:\/\/secure.gravatar.com\/avatar\/03eb19c63b944e79a9b5ce53ca5d1ca303edcf368a68721ec3ccaae7f98c5afd?s=96&d=mm&r=g","caption":"Silvia Citterio"}}]}},"_links":{"self":[{"href":"https:\/\/www.ilnotiziario.net\/wp\/wp-json\/wp\/v2\/posts\/30347","targetHints":{"allow":["GET"]}}],"collection":[{"href":"https:\/\/www.ilnotiziario.net\/wp\/wp-json\/wp\/v2\/posts"}],"about":[{"href":"https:\/\/www.ilnotiziario.net\/wp\/wp-json\/wp\/v2\/types\/post"}],"author":[{"embeddable":true,"href":"https:\/\/www.ilnotiziario.net\/wp\/wp-json\/wp\/v2\/users\/14"}],"replies":[{"embeddable":true,"href":"https:\/\/www.ilnotiziario.net\/wp\/wp-json\/wp\/v2\/comments?post=30347"}],"version-history":[{"count":0,"href":"https:\/\/www.ilnotiziario.net\/wp\/wp-json\/wp\/v2\/posts\/30347\/revisions"}],"wp:featuredmedia":[{"embeddable":true,"href":"https:\/\/www.ilnotiziario.net\/wp\/wp-json\/wp\/v2\/media\/30348"}],"wp:attachment":[{"href":"https:\/\/www.ilnotiziario.net\/wp\/wp-json\/wp\/v2\/media?parent=30347"}],"wp:term":[{"taxonomy":"category","embeddable":true,"href":"https:\/\/www.ilnotiziario.net\/wp\/wp-json\/wp\/v2\/categories?post=30347"},{"taxonomy":"post_tag","embeddable":true,"href":"https:\/\/www.ilnotiziario.net\/wp\/wp-json\/wp\/v2\/tags?post=30347"}],"curies":[{"name":"wp","href":"https:\/\/api.w.org\/{rel}","templated":true}]}}