{"id":30490,"date":"2019-01-03T14:52:44","date_gmt":"2019-01-03T13:52:44","guid":{"rendered":"https:\/\/www.ilnotiziario.net\/?p=30490"},"modified":"2019-01-03T14:54:02","modified_gmt":"2019-01-03T13:54:02","slug":"trenord-smentisce-riapertura-stazioni-groane-la-puntualita-della-linea-salita-al-90","status":"publish","type":"post","link":"https:\/\/www.ilnotiziario.net\/wp\/brianza\/trenord-smentisce-riapertura-stazioni-groane-la-puntualita-della-linea-salita-al-90\/","title":{"rendered":"Trenord, le stazioni Groane non riaprono: &#8220;la puntualit\u00e0 della linea salita al 90%&#8221;"},"content":{"rendered":"<p><img fetchpriority=\"high\" decoding=\"async\" class=\"aligncenter size-medium wp-image-28574\" src=\"https:\/\/www.ilnotiziario.net\/wp\/wp-content\/uploads\/2018\/09\/stazione-varedo-300x200.png\" alt=\"\" width=\"300\" height=\"200\" srcset=\"https:\/\/www.ilnotiziario.net\/wp\/wp-content\/uploads\/2018\/09\/stazione-varedo-300x200.png 300w, https:\/\/www.ilnotiziario.net\/wp\/wp-content\/uploads\/2018\/09\/stazione-varedo-768x512.png 768w, https:\/\/www.ilnotiziario.net\/wp\/wp-content\/uploads\/2018\/09\/stazione-varedo-1024x683.png 1024w, https:\/\/www.ilnotiziario.net\/wp\/wp-content\/uploads\/2018\/09\/stazione-varedo-560x374.png 560w, https:\/\/www.ilnotiziario.net\/wp\/wp-content\/uploads\/2018\/09\/stazione-varedo.png 1799w\" sizes=\"(max-width: 300px) 100vw, 300px\" \/>Non \u00e8 prevista alcuna modifica all\u2019orario attualmente in vigore: le stazioni di Cesano-Groane e Ceriano-Groane continueranno a restare chiuse.<\/p><div id=\"ilnot-3746667722\" class=\"ilnot-contenuto ilnot-entity-placement\"><p><!-- incontent_1 --><\/p>\n<div class=\"gptslot\" data-adunitid=\"1\"><\/div>\n<\/div>\n<p>La puntualizzazione arriva da Trenord, che smentisce ogni diversa ipotesi, compresa quella di una riapertura della stazione Cesano-Groane (Villaggio Snia) nel prossimo mese di febbraio, come aveva invece lasciato intendere il sindaco di Cesano Maderno dopo la riunione in prefettura prima di Natale.<\/p>\n<p>\u201cLe modifiche al servizio sulla linea S9 Saronno-Seregno-Albairate introdotte con l\u2019orario invernale in vigore dallo scorso 9 dicembre, inclusa la soppressione delle fermate di Ceriano Laghetto Groane e di Cesano Maderno Groane &#8211; spiega una nota ufficiale di Trenord &#8211; hanno dato risultati significativi gi\u00e0 nelle prime settimane: la puntualit\u00e0 sulla linea \u00e8 passata dal 50% al 90%. Tale miglioramento ha ripercussioni positive sul trafficatissimo nodo di Monza, da cui passano ogni giorno circa 350 treni\u201d.<\/p><div id=\"ilnot-2594358337\" class=\"ilnot-contenuto_2 ilnot-entity-placement\"><div class=\"ads-wrapper\">\n<div class=\"ad-slot\">\n   <div id=\"ilnot-3000698124\" style=\"margin-right: auto;margin-left: auto;text-align: center;width: 320px;height: 100px;\"><a href=\"https:\/\/www.scuolasicurezza.it\/\"><img decoding=\"async\" src=\"https:\/\/www.ilnotiziario.net\/wp\/wp-content\/uploads\/2026\/04\/IlNotiziario_banner-sito-e-newsletter-320-x-100-px-1.gif\" alt=\"\"><\/a><\/div>\n  <\/div>\n<div class=\"ad-slot\">\n   <div id=\"ilnot-1111563840\" style=\"margin-right: auto;margin-left: auto;text-align: center;width: 320px;height: 100px;\"><a href=\"https:\/\/purodesignarredamenti.com\/\"><img decoding=\"async\" src=\"https:\/\/www.ilnotiziario.net\/wp\/wp-content\/uploads\/2026\/04\/banner-puro-ok.gif\" alt=\"whatsapp\"><\/a><\/div><\/p><\/div>\n<\/div>\n<\/div>\n<p>\u201cNon sono in previsione modifiche all\u2019orario in vigore, che ha l\u2019obiettivo primario di recuperare la puntualit\u00e0 su una linea che corre tra Saronno e Seregno su un unico binario e che conta nella tratta fra Ceriano Laghetto Solaro e Cesano Maderno quattro stazioni in soli quattro km\u201d.<\/p>\n<p>Inoltre, secondo Trenord, \u201cI pochi viaggiatori che utilizzavano le stazioni ora non attive hanno a disposizione una stazione ferroviaria alternativa \u2013 Ceriano Laghetto Solaro e Cesano Maderno \u2013 a pochi km\u201d.<\/p>\n","protected":false},"excerpt":{"rendered":"<p>Non \u00e8 prevista alcuna modifica all\u2019orario attualmente in vigore: le stazioni di Cesano-Groane e Ceriano-Groane continueranno a restare chiuse. La puntualizzazione arriva da Trenord, che smentisce ogni diversa ipotesi, compresa quella di una riapertura della stazione Cesano-Groane (Villaggio Snia) nel prossimo mese di febbraio, come aveva invece lasciato intendere il sindaco di Cesano Maderno dopo<\/p>\n","protected":false},"author":3,"featured_media":28574,"comment_status":"closed","ping_status":"closed","sticky":false,"template":"","format":"standard","meta":{"footnotes":""},"categories":[9,20,13],"tags":[856,257,5748,34],"class_list":{"0":"post-30490","1":"post","2":"type-post","3":"status-publish","4":"format-standard","5":"has-post-thumbnail","7":"category-brianza","8":"category-prima-pagina","9":"category-saronnese","10":"tag-ceriano-laghetto","11":"tag-groane","12":"tag-s9","13":"tag-trenord"},"yoast_head":"<!-- This site is optimized with the Yoast SEO plugin v27.4 - https:\/\/yoast.com\/product\/yoast-seo-wordpress\/ -->\n<title>Trenord, le stazioni Groane non riaprono: &quot;la puntualit\u00e0 della linea salita al 90%&quot; - Il Notiziario<\/title>\n<meta name=\"description\" content=\"Non \u00e8 prevista alcuna modifica all\u2019orario attualmente in vigore: le stazioni di Cesano-Groane e Ceriano-Groane continueranno a restare chiuse. La\" \/>\n<meta name=\"robots\" content=\"index, follow, max-snippet:-1, max-image-preview:large, max-video-preview:-1\" \/>\n<link rel=\"canonical\" href=\"https:\/\/www.ilnotiziario.net\/wp\/brianza\/trenord-smentisce-riapertura-stazioni-groane-la-puntualita-della-linea-salita-al-90\/\" \/>\n<meta property=\"og:locale\" content=\"it_IT\" \/>\n<meta property=\"og:type\" content=\"article\" \/>\n<meta property=\"og:title\" content=\"Trenord, le stazioni Groane non riaprono: &quot;la puntualit\u00e0 della linea salita al 90%&quot; - Il Notiziario\" \/>\n<meta property=\"og:description\" content=\"Non \u00e8 prevista alcuna modifica all\u2019orario attualmente in vigore: le stazioni di Cesano-Groane e Ceriano-Groane continueranno a restare chiuse. La\" \/>\n<meta property=\"og:url\" content=\"https:\/\/www.ilnotiziario.net\/wp\/brianza\/trenord-smentisce-riapertura-stazioni-groane-la-puntualita-della-linea-salita-al-90\/\" \/>\n<meta property=\"og:site_name\" content=\"Il Notiziario\" \/>\n<meta property=\"article:publisher\" content=\"https:\/\/www.facebook.com\/ilnotiziarioind\/\" \/>\n<meta property=\"article:published_time\" content=\"2019-01-03T13:52:44+00:00\" \/>\n<meta property=\"article:modified_time\" content=\"2019-01-03T13:54:02+00:00\" \/>\n<meta property=\"og:image\" content=\"https:\/\/www.ilnotiziario.net\/wp\/wp-content\/uploads\/2018\/09\/stazione-varedo-1024x683.png\" \/>\n\t<meta property=\"og:image:width\" content=\"1024\" \/>\n\t<meta property=\"og:image:height\" content=\"683\" \/>\n\t<meta property=\"og:image:type\" content=\"image\/png\" \/>\n<meta name=\"author\" content=\"Gabriele Bassani\" \/>\n<meta name=\"twitter:card\" content=\"summary_large_image\" \/>\n<meta name=\"twitter:creator\" content=\"@ilNotiziarioInd\" \/>\n<meta name=\"twitter:site\" content=\"@ilNotiziarioInd\" \/>\n<meta name=\"twitter:label1\" content=\"Scritto da\" \/>\n\t<meta name=\"twitter:data1\" content=\"Gabriele Bassani\" \/>\n\t<meta name=\"twitter:label2\" content=\"Tempo di lettura stimato\" \/>\n\t<meta name=\"twitter:data2\" content=\"1 minuto\" \/>\n<script type=\"application\/ld+json\" class=\"yoast-schema-graph\">{\"@context\":\"https:\\\/\\\/schema.org\",\"@graph\":[{\"@type\":\"Article\",\"@id\":\"https:\\\/\\\/www.ilnotiziario.net\\\/wp\\\/brianza\\\/trenord-smentisce-riapertura-stazioni-groane-la-puntualita-della-linea-salita-al-90\\\/#article\",\"isPartOf\":{\"@id\":\"https:\\\/\\\/www.ilnotiziario.net\\\/wp\\\/brianza\\\/trenord-smentisce-riapertura-stazioni-groane-la-puntualita-della-linea-salita-al-90\\\/\"},\"author\":{\"name\":\"Gabriele Bassani\",\"@id\":\"https:\\\/\\\/www.ilnotiziario.net\\\/wp\\\/#\\\/schema\\\/person\\\/386e222908f898bb41c033989482bbf2\"},\"headline\":\"Trenord, le stazioni Groane non riaprono: &#8220;la puntualit\u00e0 della linea salita al 90%&#8221;\",\"datePublished\":\"2019-01-03T13:52:44+00:00\",\"dateModified\":\"2019-01-03T13:54:02+00:00\",\"mainEntityOfPage\":{\"@id\":\"https:\\\/\\\/www.ilnotiziario.net\\\/wp\\\/brianza\\\/trenord-smentisce-riapertura-stazioni-groane-la-puntualita-della-linea-salita-al-90\\\/\"},\"wordCount\":224,\"publisher\":{\"@id\":\"https:\\\/\\\/www.ilnotiziario.net\\\/wp\\\/#organization\"},\"image\":{\"@id\":\"https:\\\/\\\/www.ilnotiziario.net\\\/wp\\\/brianza\\\/trenord-smentisce-riapertura-stazioni-groane-la-puntualita-della-linea-salita-al-90\\\/#primaryimage\"},\"thumbnailUrl\":\"https:\\\/\\\/www.ilnotiziario.net\\\/wp\\\/wp-content\\\/uploads\\\/2018\\\/09\\\/stazione-varedo.png\",\"keywords\":[\"Ceriano Laghetto\",\"Groane\",\"S9\",\"Trenord\"],\"articleSection\":[\"BRIANZA\",\"Prima Pagina\",\"SARONNESE\"],\"inLanguage\":\"it-IT\"},{\"@type\":\"WebPage\",\"@id\":\"https:\\\/\\\/www.ilnotiziario.net\\\/wp\\\/brianza\\\/trenord-smentisce-riapertura-stazioni-groane-la-puntualita-della-linea-salita-al-90\\\/\",\"url\":\"https:\\\/\\\/www.ilnotiziario.net\\\/wp\\\/brianza\\\/trenord-smentisce-riapertura-stazioni-groane-la-puntualita-della-linea-salita-al-90\\\/\",\"name\":\"Trenord, le stazioni Groane non riaprono: \\\"la puntualit\u00e0 della linea salita al 90%\\\" - Il Notiziario\",\"isPartOf\":{\"@id\":\"https:\\\/\\\/www.ilnotiziario.net\\\/wp\\\/#website\"},\"primaryImageOfPage\":{\"@id\":\"https:\\\/\\\/www.ilnotiziario.net\\\/wp\\\/brianza\\\/trenord-smentisce-riapertura-stazioni-groane-la-puntualita-della-linea-salita-al-90\\\/#primaryimage\"},\"image\":{\"@id\":\"https:\\\/\\\/www.ilnotiziario.net\\\/wp\\\/brianza\\\/trenord-smentisce-riapertura-stazioni-groane-la-puntualita-della-linea-salita-al-90\\\/#primaryimage\"},\"thumbnailUrl\":\"https:\\\/\\\/www.ilnotiziario.net\\\/wp\\\/wp-content\\\/uploads\\\/2018\\\/09\\\/stazione-varedo.png\",\"datePublished\":\"2019-01-03T13:52:44+00:00\",\"dateModified\":\"2019-01-03T13:54:02+00:00\",\"description\":\"Non \u00e8 prevista alcuna modifica all\u2019orario attualmente in vigore: le stazioni di Cesano-Groane e Ceriano-Groane continueranno a restare chiuse. La\",\"breadcrumb\":{\"@id\":\"https:\\\/\\\/www.ilnotiziario.net\\\/wp\\\/brianza\\\/trenord-smentisce-riapertura-stazioni-groane-la-puntualita-della-linea-salita-al-90\\\/#breadcrumb\"},\"inLanguage\":\"it-IT\",\"potentialAction\":[{\"@type\":\"ReadAction\",\"target\":[\"https:\\\/\\\/www.ilnotiziario.net\\\/wp\\\/brianza\\\/trenord-smentisce-riapertura-stazioni-groane-la-puntualita-della-linea-salita-al-90\\\/\"]}]},{\"@type\":\"ImageObject\",\"inLanguage\":\"it-IT\",\"@id\":\"https:\\\/\\\/www.ilnotiziario.net\\\/wp\\\/brianza\\\/trenord-smentisce-riapertura-stazioni-groane-la-puntualita-della-linea-salita-al-90\\\/#primaryimage\",\"url\":\"https:\\\/\\\/www.ilnotiziario.net\\\/wp\\\/wp-content\\\/uploads\\\/2018\\\/09\\\/stazione-varedo.png\",\"contentUrl\":\"https:\\\/\\\/www.ilnotiziario.net\\\/wp\\\/wp-content\\\/uploads\\\/2018\\\/09\\\/stazione-varedo.png\",\"width\":1799,\"height\":1200},{\"@type\":\"BreadcrumbList\",\"@id\":\"https:\\\/\\\/www.ilnotiziario.net\\\/wp\\\/brianza\\\/trenord-smentisce-riapertura-stazioni-groane-la-puntualita-della-linea-salita-al-90\\\/#breadcrumb\",\"itemListElement\":[{\"@type\":\"ListItem\",\"position\":1,\"name\":\"tds_text_logo_tagline_colortds_text_logo_tagline_colortds_text_logo_tagline_colortds_text_logo_tagline_colortd_module_7_title_excerpttd_module_7_title_excerpttd_module_7_title_excerpttd_module_7_title_excerptHome\",\"item\":\"https:\\\/\\\/www.ilnotiziario.net\\\/wp\\\/\"},{\"@type\":\"ListItem\",\"position\":2,\"name\":\"Trenord, le stazioni Groane non riaprono: &#8220;la puntualit\u00e0 della linea salita al 90%&#8221;\"}]},{\"@type\":\"WebSite\",\"@id\":\"https:\\\/\\\/www.ilnotiziario.net\\\/wp\\\/#website\",\"url\":\"https:\\\/\\\/www.ilnotiziario.net\\\/wp\\\/\",\"name\":\"Il Notiziario\",\"description\":\"Per restare sempre connessi alla notizia\",\"publisher\":{\"@id\":\"https:\\\/\\\/www.ilnotiziario.net\\\/wp\\\/#organization\"},\"alternateName\":\"Il Notiziario Bollate\",\"potentialAction\":[{\"@type\":\"SearchAction\",\"target\":{\"@type\":\"EntryPoint\",\"urlTemplate\":\"https:\\\/\\\/www.ilnotiziario.net\\\/wp\\\/?s={search_term_string}\"},\"query-input\":{\"@type\":\"PropertyValueSpecification\",\"valueRequired\":true,\"valueName\":\"search_term_string\"}}],\"inLanguage\":\"it-IT\"},{\"@type\":\"Organization\",\"@id\":\"https:\\\/\\\/www.ilnotiziario.net\\\/wp\\\/#organization\",\"name\":\"Il Notiziario\",\"url\":\"https:\\\/\\\/www.ilnotiziario.net\\\/wp\\\/\",\"logo\":{\"@type\":\"ImageObject\",\"inLanguage\":\"it-IT\",\"@id\":\"https:\\\/\\\/www.ilnotiziario.net\\\/wp\\\/#\\\/schema\\\/logo\\\/image\\\/\",\"url\":\"https:\\\/\\\/www.ilnotiziario.net\\\/wp\\\/wp-content\\\/uploads\\\/2022\\\/06\\\/170x170ilN.png\",\"contentUrl\":\"https:\\\/\\\/www.ilnotiziario.net\\\/wp\\\/wp-content\\\/uploads\\\/2022\\\/06\\\/170x170ilN.png\",\"width\":355,\"height\":355,\"caption\":\"Il Notiziario\"},\"image\":{\"@id\":\"https:\\\/\\\/www.ilnotiziario.net\\\/wp\\\/#\\\/schema\\\/logo\\\/image\\\/\"},\"sameAs\":[\"https:\\\/\\\/www.facebook.com\\\/ilnotiziarioind\\\/\",\"https:\\\/\\\/x.com\\\/ilNotiziarioInd\",\"https:\\\/\\\/www.instagram.com\\\/ilnotiziario_settimanale\\\/\"]},{\"@type\":\"Person\",\"@id\":\"https:\\\/\\\/www.ilnotiziario.net\\\/wp\\\/#\\\/schema\\\/person\\\/386e222908f898bb41c033989482bbf2\",\"name\":\"Gabriele Bassani\",\"image\":{\"@type\":\"ImageObject\",\"inLanguage\":\"it-IT\",\"@id\":\"https:\\\/\\\/secure.gravatar.com\\\/avatar\\\/09274f4a84fa97698bde56f84b3afed61c8492d48b0550db9671b68c177479cb?s=96&d=mm&r=g\",\"url\":\"https:\\\/\\\/secure.gravatar.com\\\/avatar\\\/09274f4a84fa97698bde56f84b3afed61c8492d48b0550db9671b68c177479cb?s=96&d=mm&r=g\",\"contentUrl\":\"https:\\\/\\\/secure.gravatar.com\\\/avatar\\\/09274f4a84fa97698bde56f84b3afed61c8492d48b0550db9671b68c177479cb?s=96&d=mm&r=g\",\"caption\":\"Gabriele Bassani\"},\"sameAs\":[\"http:\\\/\\\/www.ilnotiziario.net\"]}]}<\/script>\n<!-- \/ Yoast SEO plugin. -->","yoast_head_json":{"title":"Trenord, le stazioni Groane non riaprono: \"la puntualit\u00e0 della linea salita al 90%\" - Il Notiziario","description":"Non \u00e8 prevista alcuna modifica all\u2019orario attualmente in vigore: le stazioni di Cesano-Groane e Ceriano-Groane continueranno a restare chiuse. La","robots":{"index":"index","follow":"follow","max-snippet":"max-snippet:-1","max-image-preview":"max-image-preview:large","max-video-preview":"max-video-preview:-1"},"canonical":"https:\/\/www.ilnotiziario.net\/wp\/brianza\/trenord-smentisce-riapertura-stazioni-groane-la-puntualita-della-linea-salita-al-90\/","og_locale":"it_IT","og_type":"article","og_title":"Trenord, le stazioni Groane non riaprono: \"la puntualit\u00e0 della linea salita al 90%\" - Il Notiziario","og_description":"Non \u00e8 prevista alcuna modifica all\u2019orario attualmente in vigore: le stazioni di Cesano-Groane e Ceriano-Groane continueranno a restare chiuse. La","og_url":"https:\/\/www.ilnotiziario.net\/wp\/brianza\/trenord-smentisce-riapertura-stazioni-groane-la-puntualita-della-linea-salita-al-90\/","og_site_name":"Il Notiziario","article_publisher":"https:\/\/www.facebook.com\/ilnotiziarioind\/","article_published_time":"2019-01-03T13:52:44+00:00","article_modified_time":"2019-01-03T13:54:02+00:00","og_image":[{"width":1024,"height":683,"url":"https:\/\/www.ilnotiziario.net\/wp\/wp-content\/uploads\/2018\/09\/stazione-varedo-1024x683.png","type":"image\/png"}],"author":"Gabriele Bassani","twitter_card":"summary_large_image","twitter_creator":"@ilNotiziarioInd","twitter_site":"@ilNotiziarioInd","twitter_misc":{"Scritto da":"Gabriele Bassani","Tempo di lettura stimato":"1 minuto"},"schema":{"@context":"https:\/\/schema.org","@graph":[{"@type":"Article","@id":"https:\/\/www.ilnotiziario.net\/wp\/brianza\/trenord-smentisce-riapertura-stazioni-groane-la-puntualita-della-linea-salita-al-90\/#article","isPartOf":{"@id":"https:\/\/www.ilnotiziario.net\/wp\/brianza\/trenord-smentisce-riapertura-stazioni-groane-la-puntualita-della-linea-salita-al-90\/"},"author":{"name":"Gabriele Bassani","@id":"https:\/\/www.ilnotiziario.net\/wp\/#\/schema\/person\/386e222908f898bb41c033989482bbf2"},"headline":"Trenord, le stazioni Groane non riaprono: &#8220;la puntualit\u00e0 della linea salita al 90%&#8221;","datePublished":"2019-01-03T13:52:44+00:00","dateModified":"2019-01-03T13:54:02+00:00","mainEntityOfPage":{"@id":"https:\/\/www.ilnotiziario.net\/wp\/brianza\/trenord-smentisce-riapertura-stazioni-groane-la-puntualita-della-linea-salita-al-90\/"},"wordCount":224,"publisher":{"@id":"https:\/\/www.ilnotiziario.net\/wp\/#organization"},"image":{"@id":"https:\/\/www.ilnotiziario.net\/wp\/brianza\/trenord-smentisce-riapertura-stazioni-groane-la-puntualita-della-linea-salita-al-90\/#primaryimage"},"thumbnailUrl":"https:\/\/www.ilnotiziario.net\/wp\/wp-content\/uploads\/2018\/09\/stazione-varedo.png","keywords":["Ceriano Laghetto","Groane","S9","Trenord"],"articleSection":["BRIANZA","Prima Pagina","SARONNESE"],"inLanguage":"it-IT"},{"@type":"WebPage","@id":"https:\/\/www.ilnotiziario.net\/wp\/brianza\/trenord-smentisce-riapertura-stazioni-groane-la-puntualita-della-linea-salita-al-90\/","url":"https:\/\/www.ilnotiziario.net\/wp\/brianza\/trenord-smentisce-riapertura-stazioni-groane-la-puntualita-della-linea-salita-al-90\/","name":"Trenord, le stazioni Groane non riaprono: \"la puntualit\u00e0 della linea salita al 90%\" - Il Notiziario","isPartOf":{"@id":"https:\/\/www.ilnotiziario.net\/wp\/#website"},"primaryImageOfPage":{"@id":"https:\/\/www.ilnotiziario.net\/wp\/brianza\/trenord-smentisce-riapertura-stazioni-groane-la-puntualita-della-linea-salita-al-90\/#primaryimage"},"image":{"@id":"https:\/\/www.ilnotiziario.net\/wp\/brianza\/trenord-smentisce-riapertura-stazioni-groane-la-puntualita-della-linea-salita-al-90\/#primaryimage"},"thumbnailUrl":"https:\/\/www.ilnotiziario.net\/wp\/wp-content\/uploads\/2018\/09\/stazione-varedo.png","datePublished":"2019-01-03T13:52:44+00:00","dateModified":"2019-01-03T13:54:02+00:00","description":"Non \u00e8 prevista alcuna modifica all\u2019orario attualmente in vigore: le stazioni di Cesano-Groane e Ceriano-Groane continueranno a restare chiuse. La","breadcrumb":{"@id":"https:\/\/www.ilnotiziario.net\/wp\/brianza\/trenord-smentisce-riapertura-stazioni-groane-la-puntualita-della-linea-salita-al-90\/#breadcrumb"},"inLanguage":"it-IT","potentialAction":[{"@type":"ReadAction","target":["https:\/\/www.ilnotiziario.net\/wp\/brianza\/trenord-smentisce-riapertura-stazioni-groane-la-puntualita-della-linea-salita-al-90\/"]}]},{"@type":"ImageObject","inLanguage":"it-IT","@id":"https:\/\/www.ilnotiziario.net\/wp\/brianza\/trenord-smentisce-riapertura-stazioni-groane-la-puntualita-della-linea-salita-al-90\/#primaryimage","url":"https:\/\/www.ilnotiziario.net\/wp\/wp-content\/uploads\/2018\/09\/stazione-varedo.png","contentUrl":"https:\/\/www.ilnotiziario.net\/wp\/wp-content\/uploads\/2018\/09\/stazione-varedo.png","width":1799,"height":1200},{"@type":"BreadcrumbList","@id":"https:\/\/www.ilnotiziario.net\/wp\/brianza\/trenord-smentisce-riapertura-stazioni-groane-la-puntualita-della-linea-salita-al-90\/#breadcrumb","itemListElement":[{"@type":"ListItem","position":1,"name":"tds_text_logo_tagline_colortds_text_logo_tagline_colortds_text_logo_tagline_colortds_text_logo_tagline_colortd_module_7_title_excerpttd_module_7_title_excerpttd_module_7_title_excerpttd_module_7_title_excerptHome","item":"https:\/\/www.ilnotiziario.net\/wp\/"},{"@type":"ListItem","position":2,"name":"Trenord, le stazioni Groane non riaprono: &#8220;la puntualit\u00e0 della linea salita al 90%&#8221;"}]},{"@type":"WebSite","@id":"https:\/\/www.ilnotiziario.net\/wp\/#website","url":"https:\/\/www.ilnotiziario.net\/wp\/","name":"Il Notiziario","description":"Per restare sempre connessi alla notizia","publisher":{"@id":"https:\/\/www.ilnotiziario.net\/wp\/#organization"},"alternateName":"Il Notiziario Bollate","potentialAction":[{"@type":"SearchAction","target":{"@type":"EntryPoint","urlTemplate":"https:\/\/www.ilnotiziario.net\/wp\/?s={search_term_string}"},"query-input":{"@type":"PropertyValueSpecification","valueRequired":true,"valueName":"search_term_string"}}],"inLanguage":"it-IT"},{"@type":"Organization","@id":"https:\/\/www.ilnotiziario.net\/wp\/#organization","name":"Il Notiziario","url":"https:\/\/www.ilnotiziario.net\/wp\/","logo":{"@type":"ImageObject","inLanguage":"it-IT","@id":"https:\/\/www.ilnotiziario.net\/wp\/#\/schema\/logo\/image\/","url":"https:\/\/www.ilnotiziario.net\/wp\/wp-content\/uploads\/2022\/06\/170x170ilN.png","contentUrl":"https:\/\/www.ilnotiziario.net\/wp\/wp-content\/uploads\/2022\/06\/170x170ilN.png","width":355,"height":355,"caption":"Il Notiziario"},"image":{"@id":"https:\/\/www.ilnotiziario.net\/wp\/#\/schema\/logo\/image\/"},"sameAs":["https:\/\/www.facebook.com\/ilnotiziarioind\/","https:\/\/x.com\/ilNotiziarioInd","https:\/\/www.instagram.com\/ilnotiziario_settimanale\/"]},{"@type":"Person","@id":"https:\/\/www.ilnotiziario.net\/wp\/#\/schema\/person\/386e222908f898bb41c033989482bbf2","name":"Gabriele Bassani","image":{"@type":"ImageObject","inLanguage":"it-IT","@id":"https:\/\/secure.gravatar.com\/avatar\/09274f4a84fa97698bde56f84b3afed61c8492d48b0550db9671b68c177479cb?s=96&d=mm&r=g","url":"https:\/\/secure.gravatar.com\/avatar\/09274f4a84fa97698bde56f84b3afed61c8492d48b0550db9671b68c177479cb?s=96&d=mm&r=g","contentUrl":"https:\/\/secure.gravatar.com\/avatar\/09274f4a84fa97698bde56f84b3afed61c8492d48b0550db9671b68c177479cb?s=96&d=mm&r=g","caption":"Gabriele Bassani"},"sameAs":["http:\/\/www.ilnotiziario.net"]}]}},"_links":{"self":[{"href":"https:\/\/www.ilnotiziario.net\/wp\/wp-json\/wp\/v2\/posts\/30490","targetHints":{"allow":["GET"]}}],"collection":[{"href":"https:\/\/www.ilnotiziario.net\/wp\/wp-json\/wp\/v2\/posts"}],"about":[{"href":"https:\/\/www.ilnotiziario.net\/wp\/wp-json\/wp\/v2\/types\/post"}],"author":[{"embeddable":true,"href":"https:\/\/www.ilnotiziario.net\/wp\/wp-json\/wp\/v2\/users\/3"}],"replies":[{"embeddable":true,"href":"https:\/\/www.ilnotiziario.net\/wp\/wp-json\/wp\/v2\/comments?post=30490"}],"version-history":[{"count":0,"href":"https:\/\/www.ilnotiziario.net\/wp\/wp-json\/wp\/v2\/posts\/30490\/revisions"}],"wp:featuredmedia":[{"embeddable":true,"href":"https:\/\/www.ilnotiziario.net\/wp\/wp-json\/wp\/v2\/media\/28574"}],"wp:attachment":[{"href":"https:\/\/www.ilnotiziario.net\/wp\/wp-json\/wp\/v2\/media?parent=30490"}],"wp:term":[{"taxonomy":"category","embeddable":true,"href":"https:\/\/www.ilnotiziario.net\/wp\/wp-json\/wp\/v2\/categories?post=30490"},{"taxonomy":"post_tag","embeddable":true,"href":"https:\/\/www.ilnotiziario.net\/wp\/wp-json\/wp\/v2\/tags?post=30490"}],"curies":[{"name":"wp","href":"https:\/\/api.w.org\/{rel}","templated":true}]}}