{"id":30680,"date":"2019-01-11T08:27:29","date_gmt":"2019-01-11T07:27:29","guid":{"rendered":"https:\/\/www.ilnotiziario.net\/?p=30680"},"modified":"2019-01-27T23:57:18","modified_gmt":"2019-01-27T22:57:18","slug":"una-cabinovia-colleghera-i-nostri-comuni-imu-tasi-e-irpef-cosa-si-rischia-con-la-finanziaria-anteprima","status":"publish","type":"post","link":"https:\/\/www.ilnotiziario.net\/wp\/prima-pagina\/una-cabinovia-colleghera-i-nostri-comuni-imu-tasi-e-irpef-cosa-si-rischia-con-la-finanziaria-anteprima\/","title":{"rendered":"Una cabinovia collegher\u00e0 i nostri comuni? &#8211; Imu, Tasi e Irpef, cosa si rischia con la Finanziaria &#8211; ANTEPRIMA"},"content":{"rendered":"<p><img fetchpriority=\"high\" decoding=\"async\" class=\"size-medium wp-image-30681 alignleft\" src=\"https:\/\/www.ilnotiziario.net\/wp\/wp-content\/uploads\/2019\/01\/pp190111-209x300.jpg\" alt=\"NOTIZIARIO PRIMA PAGINA \" width=\"209\" height=\"300\" srcset=\"https:\/\/www.ilnotiziario.net\/wp\/wp-content\/uploads\/2019\/01\/pp190111-209x300.jpg 209w, https:\/\/www.ilnotiziario.net\/wp\/wp-content\/uploads\/2019\/01\/pp190111.jpg 547w\" sizes=\"(max-width: 209px) 100vw, 209px\" \/>La nuova edizione del Notiziario si apre con una notizia molto curiosa che potrebbe cambiare notevolmente il servizio di trasporto pubblico nella zona.<\/p><div id=\"ilnot-2940545518\" class=\"ilnot-contenuto ilnot-entity-placement\"><p><!-- incontent_1 --><\/p>\n<div class=\"gptslot\" data-adunitid=\"1\"><\/div>\n<\/div>\n<p>Esiste infatti un progetto molto concreto, proposto da una societ\u00e0 privata specializzata, per realizzare una cabinovia che colleghi diversi comuni e punti d\u2019interesse della nostra zona, da <strong>Baranzate ad Arese, da Rho a Caronno<\/strong>, passando per<strong> Bollate e Novate<\/strong>. Spieghiamo il progetto nel dettaglio.<\/p>\n<p>A <strong>Saronno<\/strong> sono stati scoperti altri due casi di Epatite A nella stessa scuola d\u2019infanzia in cui venne individuato un primo caso a dicembre.<\/p><div id=\"ilnot-2410109424\" class=\"ilnot-contenuto_2 ilnot-entity-placement\"><div class=\"ads-wrapper\">\n<div class=\"ad-slot\">\n   <div id=\"ilnot-2744622479\" style=\"margin-right: auto;margin-left: auto;text-align: center;width: 320px;height: 100px;\"><a href=\"https:\/\/www.scuolasicurezza.it\/\"><img decoding=\"async\" src=\"https:\/\/www.ilnotiziario.net\/wp\/wp-content\/uploads\/2026\/04\/IlNotiziario_banner-sito-e-newsletter-320-x-100-px-1.gif\" alt=\"\"><\/a><\/div>\n  <\/div>\n<div class=\"ad-slot\">\n   <div id=\"ilnot-1844801956\" style=\"margin-right: auto;margin-left: auto;text-align: center;width: 320px;height: 100px;\"><a href=\"https:\/\/purodesignarredamenti.com\/\"><img decoding=\"async\" src=\"https:\/\/www.ilnotiziario.net\/wp\/wp-content\/uploads\/2026\/04\/banner-puro-ok.gif\" alt=\"whatsapp\"><\/a><\/div><\/p><\/div>\n<\/div>\n<\/div>\n<p>Ci sono importanti novit\u00e0 introdotte dalla Finanziaria su<strong> Imu, Tasi ed Irpef<\/strong>, ecco quali ripercussioni ci possono essere nei nostri comuni<\/p>\n<p>La crisi del<strong> Superd\u00ec<\/strong> subisce un improvviso blocco: ora \u00e8 tutto nelle mani del giudice, in forse anche i passaggi di propriet\u00e0 gi\u00e0 siglati, apprensione a <strong>Cogliate, Rho, Senago, Cesate, Cislago e Bollate.<\/strong><\/p>\n<p>Contro il business degli abiti usati, il Comune di <strong>Saronno<\/strong> fa rimuovere i cassonetti per la raccolta abusivi<\/p><div id=\"ilnot-1411070797\" class=\"ilnot-contenuto_2-2 ilnot-entity-placement\"><div class=\"gptslot\" data-adunitid=\"2\"><\/div>\n<\/div>\n<p>Il gigantesco incendio del maxistore di giocattoli sulla <strong>Saronno-Monza,<\/strong> centinaia di messaggi di solidariet\u00e0 da Limbiate, Paderno e i tant i clienti della zona.<\/p>\n<p>A <strong>Caronno Pertusella<\/strong> un blitz per i controlli nelle sale slot: 5000 euro di sanzioni.<\/p>\n<p>Va nei boschi con la divisa di leva, uomo di<strong> Solaro<\/strong> prende una multa da 1000 euro<\/p><div id=\"ilnot-4293723567\" class=\"ilnot-contenuto_2-2-2 ilnot-entity-placement\"><div class=\"gptslot\" data-adunitid=\"3\"><\/div>\n<\/div>\n<p>Uno studente di ritorno da scuola viene rapinato con il coltello puntato alla gola, \u00e8 successo a <strong>Paderno Dugnano<\/strong><\/p>\n<p>Queste e moltissime altre notizie inedite sono nelle 72 pagine del nuovo numero che potete trovare in formato cartaceo 200 punti vendita a nord di Milano, oppure in digitale, scaricabile <a href=\"https:\/\/www.ilnotiziario.net\/2016\/10\/03\/prova-lapp-de-notiziario\/\">attraverso App<\/a> o sulla nostra pagina <a href=\"http:\/\/www.edicola.ilnotiziario.net\">www.edicola.ilnotiziario.net,<\/a> dove \u00e8 possibile anche scegliere tra diverse vantaggiose <a href=\"https:\/\/www.ilnotiziario.net\/abbonamenti\/\">formule di abbonamento<\/a>.<\/p>\n","protected":false},"excerpt":{"rendered":"<p>La nuova edizione del Notiziario si apre con una notizia molto curiosa che potrebbe cambiare notevolmente il servizio di trasporto pubblico nella zona. Esiste infatti un progetto molto concreto, proposto da una societ\u00e0 privata specializzata, per realizzare una cabinovia che colleghi diversi comuni e punti d\u2019interesse della nostra zona, da Baranzate ad Arese, da Rho<\/p>\n","protected":false},"author":3,"featured_media":0,"comment_status":"closed","ping_status":"closed","sticky":false,"template":"","format":"standard","meta":{"footnotes":""},"categories":[277,20],"tags":[3936,110,5761,2814,3794,56],"class_list":{"0":"post-30680","1":"post","2":"type-post","3":"status-publish","4":"format-standard","6":"category-appuntamenti-della-settimana","7":"category-prima-pagina","8":"tag-anteprima","9":"tag-bollate","10":"tag-cabinovia","11":"tag-edicola","12":"tag-edizione","13":"tag-saronno-2"},"yoast_head":"<!-- This site is optimized with the Yoast SEO plugin v27.5 - https:\/\/yoast.com\/product\/yoast-seo-wordpress\/ -->\n<title>Una cabinovia collegher\u00e0 i nostri comuni? - Imu, Tasi e Irpef, cosa si rischia con la Finanziaria - ANTEPRIMA - Il Notiziario<\/title>\n<meta name=\"description\" content=\"La nuova edizione del Notiziario si apre con una notizia molto curiosa che potrebbe cambiare notevolmente il servizio di trasporto pubblico nella zona.\" \/>\n<meta name=\"robots\" content=\"index, follow, max-snippet:-1, max-image-preview:large, max-video-preview:-1\" \/>\n<link rel=\"canonical\" href=\"https:\/\/www.ilnotiziario.net\/wp\/prima-pagina\/una-cabinovia-colleghera-i-nostri-comuni-imu-tasi-e-irpef-cosa-si-rischia-con-la-finanziaria-anteprima\/\" \/>\n<meta property=\"og:locale\" content=\"it_IT\" \/>\n<meta property=\"og:type\" content=\"article\" \/>\n<meta property=\"og:title\" content=\"Una cabinovia collegher\u00e0 i nostri comuni? - Imu, Tasi e Irpef, cosa si rischia con la Finanziaria - ANTEPRIMA - Il Notiziario\" \/>\n<meta property=\"og:description\" content=\"La nuova edizione del Notiziario si apre con una notizia molto curiosa che potrebbe cambiare notevolmente il servizio di trasporto pubblico nella zona.\" \/>\n<meta property=\"og:url\" content=\"https:\/\/www.ilnotiziario.net\/wp\/prima-pagina\/una-cabinovia-colleghera-i-nostri-comuni-imu-tasi-e-irpef-cosa-si-rischia-con-la-finanziaria-anteprima\/\" \/>\n<meta property=\"og:site_name\" content=\"Il Notiziario\" \/>\n<meta property=\"article:publisher\" content=\"https:\/\/www.facebook.com\/ilnotiziarioind\/\" \/>\n<meta property=\"article:published_time\" content=\"2019-01-11T07:27:29+00:00\" \/>\n<meta property=\"article:modified_time\" content=\"2019-01-27T22:57:18+00:00\" \/>\n<meta property=\"og:image\" content=\"https:\/\/www.ilnotiziario.net\/wp\/wp-content\/uploads\/2019\/01\/pp190111-209x300.jpg\" \/>\n<meta name=\"author\" content=\"Gabriele Bassani\" \/>\n<meta name=\"twitter:card\" content=\"summary_large_image\" \/>\n<meta name=\"twitter:creator\" content=\"@ilNotiziarioInd\" \/>\n<meta name=\"twitter:site\" content=\"@ilNotiziarioInd\" \/>\n<meta name=\"twitter:label1\" content=\"Scritto da\" \/>\n\t<meta name=\"twitter:data1\" content=\"Gabriele Bassani\" \/>\n\t<meta name=\"twitter:label2\" content=\"Tempo di lettura stimato\" \/>\n\t<meta name=\"twitter:data2\" content=\"1 minuto\" \/>\n<script type=\"application\/ld+json\" class=\"yoast-schema-graph\">{\"@context\":\"https:\\\/\\\/schema.org\",\"@graph\":[{\"@type\":\"Article\",\"@id\":\"https:\\\/\\\/www.ilnotiziario.net\\\/wp\\\/prima-pagina\\\/una-cabinovia-colleghera-i-nostri-comuni-imu-tasi-e-irpef-cosa-si-rischia-con-la-finanziaria-anteprima\\\/#article\",\"isPartOf\":{\"@id\":\"https:\\\/\\\/www.ilnotiziario.net\\\/wp\\\/prima-pagina\\\/una-cabinovia-colleghera-i-nostri-comuni-imu-tasi-e-irpef-cosa-si-rischia-con-la-finanziaria-anteprima\\\/\"},\"author\":{\"name\":\"Gabriele Bassani\",\"@id\":\"https:\\\/\\\/www.ilnotiziario.net\\\/wp\\\/#\\\/schema\\\/person\\\/386e222908f898bb41c033989482bbf2\"},\"headline\":\"Una cabinovia collegher\u00e0 i nostri comuni? &#8211; Imu, Tasi e Irpef, cosa si rischia con la Finanziaria &#8211; ANTEPRIMA\",\"datePublished\":\"2019-01-11T07:27:29+00:00\",\"dateModified\":\"2019-01-27T22:57:18+00:00\",\"mainEntityOfPage\":{\"@id\":\"https:\\\/\\\/www.ilnotiziario.net\\\/wp\\\/prima-pagina\\\/una-cabinovia-colleghera-i-nostri-comuni-imu-tasi-e-irpef-cosa-si-rischia-con-la-finanziaria-anteprima\\\/\"},\"wordCount\":303,\"publisher\":{\"@id\":\"https:\\\/\\\/www.ilnotiziario.net\\\/wp\\\/#organization\"},\"image\":{\"@id\":\"https:\\\/\\\/www.ilnotiziario.net\\\/wp\\\/prima-pagina\\\/una-cabinovia-colleghera-i-nostri-comuni-imu-tasi-e-irpef-cosa-si-rischia-con-la-finanziaria-anteprima\\\/#primaryimage\"},\"thumbnailUrl\":\"https:\\\/\\\/www.ilnotiziario.net\\\/wp\\\/wp-content\\\/uploads\\\/2019\\\/01\\\/pp190111-209x300.jpg\",\"keywords\":[\"anteprima\",\"Bollate\",\"Cabinovia\",\"Edicola\",\"edizione\",\"Saronno\"],\"articleSection\":[\"APPUNTAMENTI\",\"Prima Pagina\"],\"inLanguage\":\"it-IT\"},{\"@type\":\"WebPage\",\"@id\":\"https:\\\/\\\/www.ilnotiziario.net\\\/wp\\\/prima-pagina\\\/una-cabinovia-colleghera-i-nostri-comuni-imu-tasi-e-irpef-cosa-si-rischia-con-la-finanziaria-anteprima\\\/\",\"url\":\"https:\\\/\\\/www.ilnotiziario.net\\\/wp\\\/prima-pagina\\\/una-cabinovia-colleghera-i-nostri-comuni-imu-tasi-e-irpef-cosa-si-rischia-con-la-finanziaria-anteprima\\\/\",\"name\":\"Una cabinovia collegher\u00e0 i nostri comuni? - Imu, Tasi e Irpef, cosa si rischia con la Finanziaria - ANTEPRIMA - Il Notiziario\",\"isPartOf\":{\"@id\":\"https:\\\/\\\/www.ilnotiziario.net\\\/wp\\\/#website\"},\"primaryImageOfPage\":{\"@id\":\"https:\\\/\\\/www.ilnotiziario.net\\\/wp\\\/prima-pagina\\\/una-cabinovia-colleghera-i-nostri-comuni-imu-tasi-e-irpef-cosa-si-rischia-con-la-finanziaria-anteprima\\\/#primaryimage\"},\"image\":{\"@id\":\"https:\\\/\\\/www.ilnotiziario.net\\\/wp\\\/prima-pagina\\\/una-cabinovia-colleghera-i-nostri-comuni-imu-tasi-e-irpef-cosa-si-rischia-con-la-finanziaria-anteprima\\\/#primaryimage\"},\"thumbnailUrl\":\"https:\\\/\\\/www.ilnotiziario.net\\\/wp\\\/wp-content\\\/uploads\\\/2019\\\/01\\\/pp190111-209x300.jpg\",\"datePublished\":\"2019-01-11T07:27:29+00:00\",\"dateModified\":\"2019-01-27T22:57:18+00:00\",\"description\":\"La nuova edizione del Notiziario si apre con una notizia molto curiosa che potrebbe cambiare notevolmente il servizio di trasporto pubblico nella zona.\",\"breadcrumb\":{\"@id\":\"https:\\\/\\\/www.ilnotiziario.net\\\/wp\\\/prima-pagina\\\/una-cabinovia-colleghera-i-nostri-comuni-imu-tasi-e-irpef-cosa-si-rischia-con-la-finanziaria-anteprima\\\/#breadcrumb\"},\"inLanguage\":\"it-IT\",\"potentialAction\":[{\"@type\":\"ReadAction\",\"target\":[\"https:\\\/\\\/www.ilnotiziario.net\\\/wp\\\/prima-pagina\\\/una-cabinovia-colleghera-i-nostri-comuni-imu-tasi-e-irpef-cosa-si-rischia-con-la-finanziaria-anteprima\\\/\"]}]},{\"@type\":\"ImageObject\",\"inLanguage\":\"it-IT\",\"@id\":\"https:\\\/\\\/www.ilnotiziario.net\\\/wp\\\/prima-pagina\\\/una-cabinovia-colleghera-i-nostri-comuni-imu-tasi-e-irpef-cosa-si-rischia-con-la-finanziaria-anteprima\\\/#primaryimage\",\"url\":\"https:\\\/\\\/www.ilnotiziario.net\\\/wp\\\/wp-content\\\/uploads\\\/2019\\\/01\\\/pp190111.jpg\",\"contentUrl\":\"https:\\\/\\\/www.ilnotiziario.net\\\/wp\\\/wp-content\\\/uploads\\\/2019\\\/01\\\/pp190111.jpg\",\"width\":547,\"height\":785,\"caption\":\"NOTIZIARIO PRIMA PAGINA\"},{\"@type\":\"BreadcrumbList\",\"@id\":\"https:\\\/\\\/www.ilnotiziario.net\\\/wp\\\/prima-pagina\\\/una-cabinovia-colleghera-i-nostri-comuni-imu-tasi-e-irpef-cosa-si-rischia-con-la-finanziaria-anteprima\\\/#breadcrumb\",\"itemListElement\":[{\"@type\":\"ListItem\",\"position\":1,\"name\":\"tds_text_logo_tagline_colortds_text_logo_tagline_colortds_text_logo_tagline_colortds_text_logo_tagline_colortd_module_7_title_excerpttd_module_7_title_excerpttd_module_7_title_excerpttd_module_7_title_excerptHome\",\"item\":\"https:\\\/\\\/www.ilnotiziario.net\\\/wp\\\/\"},{\"@type\":\"ListItem\",\"position\":2,\"name\":\"Una cabinovia collegher\u00e0 i nostri comuni? &#8211; Imu, Tasi e Irpef, cosa si rischia con la Finanziaria &#8211; ANTEPRIMA\"}]},{\"@type\":\"WebSite\",\"@id\":\"https:\\\/\\\/www.ilnotiziario.net\\\/wp\\\/#website\",\"url\":\"https:\\\/\\\/www.ilnotiziario.net\\\/wp\\\/\",\"name\":\"Il Notiziario\",\"description\":\"Per restare sempre connessi alla notizia\",\"publisher\":{\"@id\":\"https:\\\/\\\/www.ilnotiziario.net\\\/wp\\\/#organization\"},\"alternateName\":\"Il Notiziario Bollate\",\"potentialAction\":[{\"@type\":\"SearchAction\",\"target\":{\"@type\":\"EntryPoint\",\"urlTemplate\":\"https:\\\/\\\/www.ilnotiziario.net\\\/wp\\\/?s={search_term_string}\"},\"query-input\":{\"@type\":\"PropertyValueSpecification\",\"valueRequired\":true,\"valueName\":\"search_term_string\"}}],\"inLanguage\":\"it-IT\"},{\"@type\":\"Organization\",\"@id\":\"https:\\\/\\\/www.ilnotiziario.net\\\/wp\\\/#organization\",\"name\":\"Il Notiziario\",\"url\":\"https:\\\/\\\/www.ilnotiziario.net\\\/wp\\\/\",\"logo\":{\"@type\":\"ImageObject\",\"inLanguage\":\"it-IT\",\"@id\":\"https:\\\/\\\/www.ilnotiziario.net\\\/wp\\\/#\\\/schema\\\/logo\\\/image\\\/\",\"url\":\"https:\\\/\\\/www.ilnotiziario.net\\\/wp\\\/wp-content\\\/uploads\\\/2022\\\/06\\\/170x170ilN.png\",\"contentUrl\":\"https:\\\/\\\/www.ilnotiziario.net\\\/wp\\\/wp-content\\\/uploads\\\/2022\\\/06\\\/170x170ilN.png\",\"width\":355,\"height\":355,\"caption\":\"Il Notiziario\"},\"image\":{\"@id\":\"https:\\\/\\\/www.ilnotiziario.net\\\/wp\\\/#\\\/schema\\\/logo\\\/image\\\/\"},\"sameAs\":[\"https:\\\/\\\/www.facebook.com\\\/ilnotiziarioind\\\/\",\"https:\\\/\\\/x.com\\\/ilNotiziarioInd\",\"https:\\\/\\\/www.instagram.com\\\/ilnotiziario_settimanale\\\/\"]},{\"@type\":\"Person\",\"@id\":\"https:\\\/\\\/www.ilnotiziario.net\\\/wp\\\/#\\\/schema\\\/person\\\/386e222908f898bb41c033989482bbf2\",\"name\":\"Gabriele Bassani\",\"image\":{\"@type\":\"ImageObject\",\"inLanguage\":\"it-IT\",\"@id\":\"https:\\\/\\\/secure.gravatar.com\\\/avatar\\\/09274f4a84fa97698bde56f84b3afed61c8492d48b0550db9671b68c177479cb?s=96&d=mm&r=g\",\"url\":\"https:\\\/\\\/secure.gravatar.com\\\/avatar\\\/09274f4a84fa97698bde56f84b3afed61c8492d48b0550db9671b68c177479cb?s=96&d=mm&r=g\",\"contentUrl\":\"https:\\\/\\\/secure.gravatar.com\\\/avatar\\\/09274f4a84fa97698bde56f84b3afed61c8492d48b0550db9671b68c177479cb?s=96&d=mm&r=g\",\"caption\":\"Gabriele Bassani\"},\"sameAs\":[\"http:\\\/\\\/www.ilnotiziario.net\"]}]}<\/script>\n<!-- \/ Yoast SEO plugin. -->","yoast_head_json":{"title":"Una cabinovia collegher\u00e0 i nostri comuni? - Imu, Tasi e Irpef, cosa si rischia con la Finanziaria - ANTEPRIMA - Il Notiziario","description":"La nuova edizione del Notiziario si apre con una notizia molto curiosa che potrebbe cambiare notevolmente il servizio di trasporto pubblico nella zona.","robots":{"index":"index","follow":"follow","max-snippet":"max-snippet:-1","max-image-preview":"max-image-preview:large","max-video-preview":"max-video-preview:-1"},"canonical":"https:\/\/www.ilnotiziario.net\/wp\/prima-pagina\/una-cabinovia-colleghera-i-nostri-comuni-imu-tasi-e-irpef-cosa-si-rischia-con-la-finanziaria-anteprima\/","og_locale":"it_IT","og_type":"article","og_title":"Una cabinovia collegher\u00e0 i nostri comuni? - Imu, Tasi e Irpef, cosa si rischia con la Finanziaria - ANTEPRIMA - Il Notiziario","og_description":"La nuova edizione del Notiziario si apre con una notizia molto curiosa che potrebbe cambiare notevolmente il servizio di trasporto pubblico nella zona.","og_url":"https:\/\/www.ilnotiziario.net\/wp\/prima-pagina\/una-cabinovia-colleghera-i-nostri-comuni-imu-tasi-e-irpef-cosa-si-rischia-con-la-finanziaria-anteprima\/","og_site_name":"Il Notiziario","article_publisher":"https:\/\/www.facebook.com\/ilnotiziarioind\/","article_published_time":"2019-01-11T07:27:29+00:00","article_modified_time":"2019-01-27T22:57:18+00:00","og_image":[{"url":"https:\/\/www.ilnotiziario.net\/wp\/wp-content\/uploads\/2019\/01\/pp190111-209x300.jpg","type":"","width":"","height":""}],"author":"Gabriele Bassani","twitter_card":"summary_large_image","twitter_creator":"@ilNotiziarioInd","twitter_site":"@ilNotiziarioInd","twitter_misc":{"Scritto da":"Gabriele Bassani","Tempo di lettura stimato":"1 minuto"},"schema":{"@context":"https:\/\/schema.org","@graph":[{"@type":"Article","@id":"https:\/\/www.ilnotiziario.net\/wp\/prima-pagina\/una-cabinovia-colleghera-i-nostri-comuni-imu-tasi-e-irpef-cosa-si-rischia-con-la-finanziaria-anteprima\/#article","isPartOf":{"@id":"https:\/\/www.ilnotiziario.net\/wp\/prima-pagina\/una-cabinovia-colleghera-i-nostri-comuni-imu-tasi-e-irpef-cosa-si-rischia-con-la-finanziaria-anteprima\/"},"author":{"name":"Gabriele Bassani","@id":"https:\/\/www.ilnotiziario.net\/wp\/#\/schema\/person\/386e222908f898bb41c033989482bbf2"},"headline":"Una cabinovia collegher\u00e0 i nostri comuni? &#8211; Imu, Tasi e Irpef, cosa si rischia con la Finanziaria &#8211; ANTEPRIMA","datePublished":"2019-01-11T07:27:29+00:00","dateModified":"2019-01-27T22:57:18+00:00","mainEntityOfPage":{"@id":"https:\/\/www.ilnotiziario.net\/wp\/prima-pagina\/una-cabinovia-colleghera-i-nostri-comuni-imu-tasi-e-irpef-cosa-si-rischia-con-la-finanziaria-anteprima\/"},"wordCount":303,"publisher":{"@id":"https:\/\/www.ilnotiziario.net\/wp\/#organization"},"image":{"@id":"https:\/\/www.ilnotiziario.net\/wp\/prima-pagina\/una-cabinovia-colleghera-i-nostri-comuni-imu-tasi-e-irpef-cosa-si-rischia-con-la-finanziaria-anteprima\/#primaryimage"},"thumbnailUrl":"https:\/\/www.ilnotiziario.net\/wp\/wp-content\/uploads\/2019\/01\/pp190111-209x300.jpg","keywords":["anteprima","Bollate","Cabinovia","Edicola","edizione","Saronno"],"articleSection":["APPUNTAMENTI","Prima Pagina"],"inLanguage":"it-IT"},{"@type":"WebPage","@id":"https:\/\/www.ilnotiziario.net\/wp\/prima-pagina\/una-cabinovia-colleghera-i-nostri-comuni-imu-tasi-e-irpef-cosa-si-rischia-con-la-finanziaria-anteprima\/","url":"https:\/\/www.ilnotiziario.net\/wp\/prima-pagina\/una-cabinovia-colleghera-i-nostri-comuni-imu-tasi-e-irpef-cosa-si-rischia-con-la-finanziaria-anteprima\/","name":"Una cabinovia collegher\u00e0 i nostri comuni? - Imu, Tasi e Irpef, cosa si rischia con la Finanziaria - ANTEPRIMA - Il Notiziario","isPartOf":{"@id":"https:\/\/www.ilnotiziario.net\/wp\/#website"},"primaryImageOfPage":{"@id":"https:\/\/www.ilnotiziario.net\/wp\/prima-pagina\/una-cabinovia-colleghera-i-nostri-comuni-imu-tasi-e-irpef-cosa-si-rischia-con-la-finanziaria-anteprima\/#primaryimage"},"image":{"@id":"https:\/\/www.ilnotiziario.net\/wp\/prima-pagina\/una-cabinovia-colleghera-i-nostri-comuni-imu-tasi-e-irpef-cosa-si-rischia-con-la-finanziaria-anteprima\/#primaryimage"},"thumbnailUrl":"https:\/\/www.ilnotiziario.net\/wp\/wp-content\/uploads\/2019\/01\/pp190111-209x300.jpg","datePublished":"2019-01-11T07:27:29+00:00","dateModified":"2019-01-27T22:57:18+00:00","description":"La nuova edizione del Notiziario si apre con una notizia molto curiosa che potrebbe cambiare notevolmente il servizio di trasporto pubblico nella zona.","breadcrumb":{"@id":"https:\/\/www.ilnotiziario.net\/wp\/prima-pagina\/una-cabinovia-colleghera-i-nostri-comuni-imu-tasi-e-irpef-cosa-si-rischia-con-la-finanziaria-anteprima\/#breadcrumb"},"inLanguage":"it-IT","potentialAction":[{"@type":"ReadAction","target":["https:\/\/www.ilnotiziario.net\/wp\/prima-pagina\/una-cabinovia-colleghera-i-nostri-comuni-imu-tasi-e-irpef-cosa-si-rischia-con-la-finanziaria-anteprima\/"]}]},{"@type":"ImageObject","inLanguage":"it-IT","@id":"https:\/\/www.ilnotiziario.net\/wp\/prima-pagina\/una-cabinovia-colleghera-i-nostri-comuni-imu-tasi-e-irpef-cosa-si-rischia-con-la-finanziaria-anteprima\/#primaryimage","url":"https:\/\/www.ilnotiziario.net\/wp\/wp-content\/uploads\/2019\/01\/pp190111.jpg","contentUrl":"https:\/\/www.ilnotiziario.net\/wp\/wp-content\/uploads\/2019\/01\/pp190111.jpg","width":547,"height":785,"caption":"NOTIZIARIO PRIMA PAGINA"},{"@type":"BreadcrumbList","@id":"https:\/\/www.ilnotiziario.net\/wp\/prima-pagina\/una-cabinovia-colleghera-i-nostri-comuni-imu-tasi-e-irpef-cosa-si-rischia-con-la-finanziaria-anteprima\/#breadcrumb","itemListElement":[{"@type":"ListItem","position":1,"name":"tds_text_logo_tagline_colortds_text_logo_tagline_colortds_text_logo_tagline_colortds_text_logo_tagline_colortd_module_7_title_excerpttd_module_7_title_excerpttd_module_7_title_excerpttd_module_7_title_excerptHome","item":"https:\/\/www.ilnotiziario.net\/wp\/"},{"@type":"ListItem","position":2,"name":"Una cabinovia collegher\u00e0 i nostri comuni? &#8211; Imu, Tasi e Irpef, cosa si rischia con la Finanziaria &#8211; ANTEPRIMA"}]},{"@type":"WebSite","@id":"https:\/\/www.ilnotiziario.net\/wp\/#website","url":"https:\/\/www.ilnotiziario.net\/wp\/","name":"Il Notiziario","description":"Per restare sempre connessi alla notizia","publisher":{"@id":"https:\/\/www.ilnotiziario.net\/wp\/#organization"},"alternateName":"Il Notiziario Bollate","potentialAction":[{"@type":"SearchAction","target":{"@type":"EntryPoint","urlTemplate":"https:\/\/www.ilnotiziario.net\/wp\/?s={search_term_string}"},"query-input":{"@type":"PropertyValueSpecification","valueRequired":true,"valueName":"search_term_string"}}],"inLanguage":"it-IT"},{"@type":"Organization","@id":"https:\/\/www.ilnotiziario.net\/wp\/#organization","name":"Il Notiziario","url":"https:\/\/www.ilnotiziario.net\/wp\/","logo":{"@type":"ImageObject","inLanguage":"it-IT","@id":"https:\/\/www.ilnotiziario.net\/wp\/#\/schema\/logo\/image\/","url":"https:\/\/www.ilnotiziario.net\/wp\/wp-content\/uploads\/2022\/06\/170x170ilN.png","contentUrl":"https:\/\/www.ilnotiziario.net\/wp\/wp-content\/uploads\/2022\/06\/170x170ilN.png","width":355,"height":355,"caption":"Il Notiziario"},"image":{"@id":"https:\/\/www.ilnotiziario.net\/wp\/#\/schema\/logo\/image\/"},"sameAs":["https:\/\/www.facebook.com\/ilnotiziarioind\/","https:\/\/x.com\/ilNotiziarioInd","https:\/\/www.instagram.com\/ilnotiziario_settimanale\/"]},{"@type":"Person","@id":"https:\/\/www.ilnotiziario.net\/wp\/#\/schema\/person\/386e222908f898bb41c033989482bbf2","name":"Gabriele Bassani","image":{"@type":"ImageObject","inLanguage":"it-IT","@id":"https:\/\/secure.gravatar.com\/avatar\/09274f4a84fa97698bde56f84b3afed61c8492d48b0550db9671b68c177479cb?s=96&d=mm&r=g","url":"https:\/\/secure.gravatar.com\/avatar\/09274f4a84fa97698bde56f84b3afed61c8492d48b0550db9671b68c177479cb?s=96&d=mm&r=g","contentUrl":"https:\/\/secure.gravatar.com\/avatar\/09274f4a84fa97698bde56f84b3afed61c8492d48b0550db9671b68c177479cb?s=96&d=mm&r=g","caption":"Gabriele Bassani"},"sameAs":["http:\/\/www.ilnotiziario.net"]}]}},"_links":{"self":[{"href":"https:\/\/www.ilnotiziario.net\/wp\/wp-json\/wp\/v2\/posts\/30680","targetHints":{"allow":["GET"]}}],"collection":[{"href":"https:\/\/www.ilnotiziario.net\/wp\/wp-json\/wp\/v2\/posts"}],"about":[{"href":"https:\/\/www.ilnotiziario.net\/wp\/wp-json\/wp\/v2\/types\/post"}],"author":[{"embeddable":true,"href":"https:\/\/www.ilnotiziario.net\/wp\/wp-json\/wp\/v2\/users\/3"}],"replies":[{"embeddable":true,"href":"https:\/\/www.ilnotiziario.net\/wp\/wp-json\/wp\/v2\/comments?post=30680"}],"version-history":[{"count":0,"href":"https:\/\/www.ilnotiziario.net\/wp\/wp-json\/wp\/v2\/posts\/30680\/revisions"}],"wp:attachment":[{"href":"https:\/\/www.ilnotiziario.net\/wp\/wp-json\/wp\/v2\/media?parent=30680"}],"wp:term":[{"taxonomy":"category","embeddable":true,"href":"https:\/\/www.ilnotiziario.net\/wp\/wp-json\/wp\/v2\/categories?post=30680"},{"taxonomy":"post_tag","embeddable":true,"href":"https:\/\/www.ilnotiziario.net\/wp\/wp-json\/wp\/v2\/tags?post=30680"}],"curies":[{"name":"wp","href":"https:\/\/api.w.org\/{rel}","templated":true}]}}