{"id":31663,"date":"2019-02-21T16:04:38","date_gmt":"2019-02-21T15:04:38","guid":{"rendered":"https:\/\/www.ilnotiziario.net\/?p=31663"},"modified":"2019-02-21T16:13:00","modified_gmt":"2019-02-21T15:13:00","slug":"la-brianza-scende-in-pista-con-linnovazione","status":"publish","type":"post","link":"https:\/\/www.ilnotiziario.net\/wp\/buonoasapersi\/la-brianza-scende-in-pista-con-linnovazione\/","title":{"rendered":"La Brianza scende in pista con l\u2019innovazione"},"content":{"rendered":"<figure id=\"attachment_31664\" aria-describedby=\"caption-attachment-31664\" style=\"width: 300px\" class=\"wp-caption alignleft\"><img fetchpriority=\"high\" decoding=\"async\" class=\"size-medium wp-image-31664\" src=\"https:\/\/www.ilnotiziario.net\/wp\/wp-content\/uploads\/2019\/02\/BrianzaInnovazione-300x200.jpg\" alt=\"innovazione Brianza\" width=\"300\" height=\"200\" srcset=\"https:\/\/www.ilnotiziario.net\/wp\/wp-content\/uploads\/2019\/02\/BrianzaInnovazione-300x200.jpg 300w, https:\/\/www.ilnotiziario.net\/wp\/wp-content\/uploads\/2019\/02\/BrianzaInnovazione-560x374.jpg 560w, https:\/\/www.ilnotiziario.net\/wp\/wp-content\/uploads\/2019\/02\/BrianzaInnovazione.jpg 595w\" sizes=\"(max-width: 300px) 100vw, 300px\" \/><figcaption id=\"caption-attachment-31664\" class=\"wp-caption-text\">Photo by Joshua Sortino on Unsplash<\/figcaption><\/figure>\n<p>Nell\u2019Ottobre scorso si \u00e8 svolto il <strong>Brianza Innovation Day.<\/strong> Un evento fondamentale per fare il punto sulla situazione attuale del territorio brianzolo, per mettere in luce le criticit\u00e0, ma soprattutto le risorse essenziali per dare avvio a un nuova rivoluzione digitale.<\/p><div id=\"ilnot-3243064507\" class=\"ilnot-contenuto ilnot-entity-placement\"><p><!-- incontent_1 --><\/p>\n<div class=\"gptslot\" data-adunitid=\"1\"><\/div>\n<\/div>\n<p>Da sempre il nostro territorio \u00e8 vocato al fare, alla progettualit\u00e0 e alla creativit\u00e0 applicate alla realizzazione di prodotti all\u2019avanguardia.<\/p>\n<p><strong>Skill essenziali, oggi pi\u00f9 che mai,<\/strong> in un settore, quello delle nuove tecnologie, in cui le competenze e il know-how si rivelano fondamentali per fare la differenza.<\/p><div id=\"ilnot-1607823259\" class=\"ilnot-contenuto_2 ilnot-entity-placement\"><div class=\"ads-wrapper\">\n<div class=\"ad-slot\">\n   <div id=\"ilnot-3354098577\" style=\"margin-right: auto;margin-left: auto;text-align: center;width: 320px;height: 100px;\"><a href=\"https:\/\/www.scuolasicurezza.it\/\"><img decoding=\"async\" src=\"https:\/\/www.ilnotiziario.net\/wp\/wp-content\/uploads\/2026\/04\/IlNotiziario_banner-sito-e-newsletter-320-x-100-px-1.gif\" alt=\"\"><\/a><\/div>\n  <\/div>\n<div class=\"ad-slot\">\n   <div id=\"ilnot-856810525\" style=\"margin-right: auto;margin-left: auto;text-align: center;width: 320px;height: 100px;\"><a href=\"https:\/\/purodesignarredamenti.com\/\"><img decoding=\"async\" src=\"https:\/\/www.ilnotiziario.net\/wp\/wp-content\/uploads\/2026\/04\/banner-puro-ok.gif\" alt=\"whatsapp\"><\/a><\/div><\/p><\/div>\n<\/div>\n<\/div>\n<p>Da questo naturale <a href=\"https:\/\/brianzainnovation.it\/\">incubatore di idee<\/a>, rappresentato da un intero territorio, ha mosso i suoi primi passi il progetto Open Innovation che con il supporto di RetiPi\u00f9 si trasformer\u00e0 in un ecosistema digitale integrato e partecipativo. La collaborazione di operatori sia pubblici che privati, delle istituzioni a partire dalle amministrazioni comunali \u00e8 fondamentale per lo sviluppo di una rete smart capace di valorizzare in chiave di innovazione progetti gi\u00e0 esistenti e al contempo di svilupparne di nuovi ad alto contenuto tecnologico.<\/p>\n<p>Le<strong> idee emerse durante i working group del Brianza Innovation Day<\/strong> hanno abbracciato numerosi settori chiavi per lo sviluppo smart del territorio. Dall&#8217;economia 4.0, allo smart living, passando per il concetto di economia circolare e applicazioni nella mobilit\u00e0 sostenibile e nella comunicazione digitale tra cittadini e pubblica amministrazione.<\/p>\n<p>Non sono di certo mancate le idee, in un territorio come quello della Brianza, in cui la creativit\u00e0 e il saper fare costituiscono qualit\u00e0 intrinseche dei suoi abitanti. Idee capaci di integrare tradizione e innovazione anche in quei settori in cui tutto sembra gi\u00e0 essere stato fatto.<\/p><div id=\"ilnot-1933638656\" class=\"ilnot-contenuto_2-2 ilnot-entity-placement\"><div class=\"gptslot\" data-adunitid=\"2\"><\/div>\n<\/div>\n<p>E invece per fortuna riusciamo ancora a sorprenderci quando leggiamo ad esempio del <strong>premio all\u2019innovazione 2018 nell&#8217;agricoltura ottenuto dal giovane brianzolo Davide Nava<\/strong>, imprenditore agricolo che ha realizzato un kit&nbsp; per&nbsp; la <a href=\"https:\/\/thefoodmakers.startupitalia.eu\/62970-20181003-arriva-kit-della-salsiccia-fai-le-istruzioni-luso\">salsiccia fai da te<\/a>.<\/p>\n<p>Materie prime a chilometro zero, ovviamente e tutto l\u2019estro brianzolo applicato a una strategia di marketing semplice quanto divertente. Visto che il kit \u00e8 corredato di un\u2019apposita guida per realizzare questo delizioso insaccato direttamente a casa propria. Un\u2019innovazione non del tutto high-tech, ma dalla quale emerge la voglia di mettersi in gioco e di rinnovare un settore con progetti interessanti.<\/p>\n<p>Pi\u00f9 spinto in termini tecnologici \u00e8 di certo <strong>lo spazio creato a Monza dove ognuno di noi pu\u00f2 soddisfare per un po\u2019 la propria passione automobilistica.<\/strong> Un simulatore di guida della Formula 1 che immerge il giocatore, anzi sarebbe meglio dire il pilota, nell\u2019abitacolo di una monoposto con davanti uno schermo ultra realistico in cui sfidare altri piloti.<\/p><div id=\"ilnot-2591324965\" class=\"ilnot-contenuto_2-2-2 ilnot-entity-placement\"><div class=\"gptslot\" data-adunitid=\"3\"><\/div>\n<\/div>\n<p>Ecco allora che proprio a Monza troviamo la <a href=\"https:\/\/www.mcsimulator.it\/\">MC Simulator<\/a> con le sue postazioni che <strong>riproducono gli abitacoli delle monoposto con movimenti e sollecitazioni realistiche<\/strong>, tanto da far sembrare davvero di trovarci all&#8217;interno di queste auto da sogno.<\/p>\n<p>Un realismo, quello del settore gaming, che sempre pi\u00f9 rappresenta uno strumento fondamentale per veicolare contenuti videoludici.<\/p>\n<p>Non solo legati ai motori, come \u00e8 il caso dell\u2019MC Simulator, ma anche a quello dei giochi tradizionali, come quelli di carte ad esempio dove piattaforme online come <a href=\"https:\/\/www.unibet.it\/casino\">Unibet<\/a> offrono un <strong>vasto catalogo di giochi in cui realismo e dinamiche ludiche rispecchiano in tutto e per tutto l\u2019emozione di un vero e proprio casin\u00f2.<\/strong><\/p><div id=\"ilnot-1739593256\" class=\"ilnot-contenuto_2-2-2-2 ilnot-entity-placement\"><div class=\"gptslot\" data-adunitid=\"4\"><\/div>\n<\/div>\n<p>L\u2019immersivit\u00e0 e l\u2019interattivit\u00e0 che sperimentiamo in questi ambienti digitali sono qualit\u00e0 essenziali non solo nel settore dell&#8217;intrattenimento o in quello del gaming, ma anche per la promozione turistica e del territorio.<\/p>\n<p>&nbsp;<\/p>\n<p>Piattaforme come <a href=\"https:\/\/www.motorwebmuseum.it\/\">www.motorwebmuseum.it<\/a> si trasformano in <strong>vetrine virtuali di promozione culturale.<\/strong> Progettato dalla rete Nazionale Citt\u00e0 dei Motori consente di personalizzare il proprio tour, sia fisico che virtuale, seguendo la propria curiosit\u00e0 e passione. <strong>Tante le localit\u00e0 toccate anche nel nord della provincia di Milano tra cui Monza e Arese.<\/strong><\/p><div id=\"ilnot-558060811\" class=\"ilnot-contenuto_2-2-2-2-2 ilnot-entity-placement\"><div class=\"gptslot\" data-adunitid=\"5\"><\/div>\n<\/div>\n<p>&nbsp;<\/p>\n<p>Idee che prendono vita in un territorio come quello della Brianza che ancora necessita di un solido ecosistema digitale integrato capace di favorire la partecipazione e l\u2019incubazione di nuovi progetti. Ma in cui tanto si sta gi\u00e0 facendo per creare il territorio smart del futuro.<\/p>\n","protected":false},"excerpt":{"rendered":"<p>Nell\u2019Ottobre scorso si \u00e8 svolto il Brianza Innovation Day. Un evento fondamentale per fare il punto sulla situazione attuale del territorio brianzolo, per mettere in luce le criticit\u00e0, ma soprattutto le risorse essenziali per dare avvio a un nuova rivoluzione digitale. Da sempre il nostro territorio \u00e8 vocato al fare, alla progettualit\u00e0 e alla creativit\u00e0<\/p>\n","protected":false},"author":3,"featured_media":31664,"comment_status":"closed","ping_status":"closed","sticky":false,"template":"","format":"standard","meta":{"footnotes":""},"categories":[4193],"tags":[2175,1204,4455,5863,2083,1700],"class_list":{"0":"post-31663","1":"post","2":"type-post","3":"status-publish","4":"format-standard","5":"has-post-thumbnail","7":"category-buonoasapersi","8":"tag-brianza","9":"tag-futuro","10":"tag-idee","11":"tag-incubatore","12":"tag-innovazione","13":"tag-progetti"},"yoast_head":"<!-- This site is optimized with the Yoast SEO plugin v27.4 - https:\/\/yoast.com\/product\/yoast-seo-wordpress\/ -->\n<title>La Brianza scende in pista con l\u2019innovazione - Il Notiziario<\/title>\n<meta name=\"description\" content=\"Nell\u2019Ottobre scorso si \u00e8 svolto il Brianza Innovation Day. Un evento fondamentale per fare il punto sulla situazione attuale del territorio brianzolo, per\" \/>\n<meta name=\"robots\" content=\"index, follow, max-snippet:-1, max-image-preview:large, max-video-preview:-1\" \/>\n<link rel=\"canonical\" href=\"https:\/\/www.ilnotiziario.net\/wp\/buonoasapersi\/la-brianza-scende-in-pista-con-linnovazione\/\" \/>\n<meta property=\"og:locale\" content=\"it_IT\" \/>\n<meta property=\"og:type\" content=\"article\" \/>\n<meta property=\"og:title\" content=\"La Brianza scende in pista con l\u2019innovazione - Il Notiziario\" \/>\n<meta property=\"og:description\" content=\"Nell\u2019Ottobre scorso si \u00e8 svolto il Brianza Innovation Day. Un evento fondamentale per fare il punto sulla situazione attuale del territorio brianzolo, per\" \/>\n<meta property=\"og:url\" content=\"https:\/\/www.ilnotiziario.net\/wp\/buonoasapersi\/la-brianza-scende-in-pista-con-linnovazione\/\" \/>\n<meta property=\"og:site_name\" content=\"Il Notiziario\" \/>\n<meta property=\"article:publisher\" content=\"https:\/\/www.facebook.com\/ilnotiziarioind\/\" \/>\n<meta property=\"article:published_time\" content=\"2019-02-21T15:04:38+00:00\" \/>\n<meta property=\"article:modified_time\" content=\"2019-02-21T15:13:00+00:00\" \/>\n<meta property=\"og:image\" content=\"https:\/\/www.ilnotiziario.net\/wp\/wp-content\/uploads\/2019\/02\/BrianzaInnovazione.jpg\" \/>\n\t<meta property=\"og:image:width\" content=\"595\" \/>\n\t<meta property=\"og:image:height\" content=\"397\" \/>\n\t<meta property=\"og:image:type\" content=\"image\/jpeg\" \/>\n<meta name=\"author\" content=\"Gabriele Bassani\" \/>\n<meta name=\"twitter:card\" content=\"summary_large_image\" \/>\n<meta name=\"twitter:creator\" content=\"@ilNotiziarioInd\" \/>\n<meta name=\"twitter:site\" content=\"@ilNotiziarioInd\" \/>\n<meta name=\"twitter:label1\" content=\"Scritto da\" \/>\n\t<meta name=\"twitter:data1\" content=\"Gabriele Bassani\" \/>\n\t<meta name=\"twitter:label2\" content=\"Tempo di lettura stimato\" \/>\n\t<meta name=\"twitter:data2\" content=\"3 minuti\" \/>\n<script type=\"application\/ld+json\" class=\"yoast-schema-graph\">{\"@context\":\"https:\\\/\\\/schema.org\",\"@graph\":[{\"@type\":\"Article\",\"@id\":\"https:\\\/\\\/www.ilnotiziario.net\\\/wp\\\/buonoasapersi\\\/la-brianza-scende-in-pista-con-linnovazione\\\/#article\",\"isPartOf\":{\"@id\":\"https:\\\/\\\/www.ilnotiziario.net\\\/wp\\\/buonoasapersi\\\/la-brianza-scende-in-pista-con-linnovazione\\\/\"},\"author\":{\"name\":\"Gabriele Bassani\",\"@id\":\"https:\\\/\\\/www.ilnotiziario.net\\\/wp\\\/#\\\/schema\\\/person\\\/386e222908f898bb41c033989482bbf2\"},\"headline\":\"La Brianza scende in pista con l\u2019innovazione\",\"datePublished\":\"2019-02-21T15:04:38+00:00\",\"dateModified\":\"2019-02-21T15:13:00+00:00\",\"mainEntityOfPage\":{\"@id\":\"https:\\\/\\\/www.ilnotiziario.net\\\/wp\\\/buonoasapersi\\\/la-brianza-scende-in-pista-con-linnovazione\\\/\"},\"wordCount\":687,\"publisher\":{\"@id\":\"https:\\\/\\\/www.ilnotiziario.net\\\/wp\\\/#organization\"},\"image\":{\"@id\":\"https:\\\/\\\/www.ilnotiziario.net\\\/wp\\\/buonoasapersi\\\/la-brianza-scende-in-pista-con-linnovazione\\\/#primaryimage\"},\"thumbnailUrl\":\"https:\\\/\\\/www.ilnotiziario.net\\\/wp\\\/wp-content\\\/uploads\\\/2019\\\/02\\\/BrianzaInnovazione.jpg\",\"keywords\":[\"Brianza\",\"futuro\",\"idee\",\"incubatore\",\"innovazione\",\"progetti\"],\"articleSection\":[\"BUONO A SAPERSI\"],\"inLanguage\":\"it-IT\"},{\"@type\":\"WebPage\",\"@id\":\"https:\\\/\\\/www.ilnotiziario.net\\\/wp\\\/buonoasapersi\\\/la-brianza-scende-in-pista-con-linnovazione\\\/\",\"url\":\"https:\\\/\\\/www.ilnotiziario.net\\\/wp\\\/buonoasapersi\\\/la-brianza-scende-in-pista-con-linnovazione\\\/\",\"name\":\"La Brianza scende in pista con l\u2019innovazione - Il Notiziario\",\"isPartOf\":{\"@id\":\"https:\\\/\\\/www.ilnotiziario.net\\\/wp\\\/#website\"},\"primaryImageOfPage\":{\"@id\":\"https:\\\/\\\/www.ilnotiziario.net\\\/wp\\\/buonoasapersi\\\/la-brianza-scende-in-pista-con-linnovazione\\\/#primaryimage\"},\"image\":{\"@id\":\"https:\\\/\\\/www.ilnotiziario.net\\\/wp\\\/buonoasapersi\\\/la-brianza-scende-in-pista-con-linnovazione\\\/#primaryimage\"},\"thumbnailUrl\":\"https:\\\/\\\/www.ilnotiziario.net\\\/wp\\\/wp-content\\\/uploads\\\/2019\\\/02\\\/BrianzaInnovazione.jpg\",\"datePublished\":\"2019-02-21T15:04:38+00:00\",\"dateModified\":\"2019-02-21T15:13:00+00:00\",\"description\":\"Nell\u2019Ottobre scorso si \u00e8 svolto il Brianza Innovation Day. Un evento fondamentale per fare il punto sulla situazione attuale del territorio brianzolo, per\",\"breadcrumb\":{\"@id\":\"https:\\\/\\\/www.ilnotiziario.net\\\/wp\\\/buonoasapersi\\\/la-brianza-scende-in-pista-con-linnovazione\\\/#breadcrumb\"},\"inLanguage\":\"it-IT\",\"potentialAction\":[{\"@type\":\"ReadAction\",\"target\":[\"https:\\\/\\\/www.ilnotiziario.net\\\/wp\\\/buonoasapersi\\\/la-brianza-scende-in-pista-con-linnovazione\\\/\"]}]},{\"@type\":\"ImageObject\",\"inLanguage\":\"it-IT\",\"@id\":\"https:\\\/\\\/www.ilnotiziario.net\\\/wp\\\/buonoasapersi\\\/la-brianza-scende-in-pista-con-linnovazione\\\/#primaryimage\",\"url\":\"https:\\\/\\\/www.ilnotiziario.net\\\/wp\\\/wp-content\\\/uploads\\\/2019\\\/02\\\/BrianzaInnovazione.jpg\",\"contentUrl\":\"https:\\\/\\\/www.ilnotiziario.net\\\/wp\\\/wp-content\\\/uploads\\\/2019\\\/02\\\/BrianzaInnovazione.jpg\",\"width\":595,\"height\":397,\"caption\":\"Photo by Joshua Sortino on Unsplash\"},{\"@type\":\"BreadcrumbList\",\"@id\":\"https:\\\/\\\/www.ilnotiziario.net\\\/wp\\\/buonoasapersi\\\/la-brianza-scende-in-pista-con-linnovazione\\\/#breadcrumb\",\"itemListElement\":[{\"@type\":\"ListItem\",\"position\":1,\"name\":\"tds_text_logo_tagline_colortds_text_logo_tagline_colortds_text_logo_tagline_colortds_text_logo_tagline_colortd_module_7_title_excerpttd_module_7_title_excerpttd_module_7_title_excerpttd_module_7_title_excerptHome\",\"item\":\"https:\\\/\\\/www.ilnotiziario.net\\\/wp\\\/\"},{\"@type\":\"ListItem\",\"position\":2,\"name\":\"La Brianza scende in pista con l\u2019innovazione\"}]},{\"@type\":\"WebSite\",\"@id\":\"https:\\\/\\\/www.ilnotiziario.net\\\/wp\\\/#website\",\"url\":\"https:\\\/\\\/www.ilnotiziario.net\\\/wp\\\/\",\"name\":\"Il Notiziario\",\"description\":\"Per restare sempre connessi alla notizia\",\"publisher\":{\"@id\":\"https:\\\/\\\/www.ilnotiziario.net\\\/wp\\\/#organization\"},\"alternateName\":\"Il Notiziario Bollate\",\"potentialAction\":[{\"@type\":\"SearchAction\",\"target\":{\"@type\":\"EntryPoint\",\"urlTemplate\":\"https:\\\/\\\/www.ilnotiziario.net\\\/wp\\\/?s={search_term_string}\"},\"query-input\":{\"@type\":\"PropertyValueSpecification\",\"valueRequired\":true,\"valueName\":\"search_term_string\"}}],\"inLanguage\":\"it-IT\"},{\"@type\":\"Organization\",\"@id\":\"https:\\\/\\\/www.ilnotiziario.net\\\/wp\\\/#organization\",\"name\":\"Il Notiziario\",\"url\":\"https:\\\/\\\/www.ilnotiziario.net\\\/wp\\\/\",\"logo\":{\"@type\":\"ImageObject\",\"inLanguage\":\"it-IT\",\"@id\":\"https:\\\/\\\/www.ilnotiziario.net\\\/wp\\\/#\\\/schema\\\/logo\\\/image\\\/\",\"url\":\"https:\\\/\\\/www.ilnotiziario.net\\\/wp\\\/wp-content\\\/uploads\\\/2022\\\/06\\\/170x170ilN.png\",\"contentUrl\":\"https:\\\/\\\/www.ilnotiziario.net\\\/wp\\\/wp-content\\\/uploads\\\/2022\\\/06\\\/170x170ilN.png\",\"width\":355,\"height\":355,\"caption\":\"Il Notiziario\"},\"image\":{\"@id\":\"https:\\\/\\\/www.ilnotiziario.net\\\/wp\\\/#\\\/schema\\\/logo\\\/image\\\/\"},\"sameAs\":[\"https:\\\/\\\/www.facebook.com\\\/ilnotiziarioind\\\/\",\"https:\\\/\\\/x.com\\\/ilNotiziarioInd\",\"https:\\\/\\\/www.instagram.com\\\/ilnotiziario_settimanale\\\/\"]},{\"@type\":\"Person\",\"@id\":\"https:\\\/\\\/www.ilnotiziario.net\\\/wp\\\/#\\\/schema\\\/person\\\/386e222908f898bb41c033989482bbf2\",\"name\":\"Gabriele Bassani\",\"image\":{\"@type\":\"ImageObject\",\"inLanguage\":\"it-IT\",\"@id\":\"https:\\\/\\\/secure.gravatar.com\\\/avatar\\\/09274f4a84fa97698bde56f84b3afed61c8492d48b0550db9671b68c177479cb?s=96&d=mm&r=g\",\"url\":\"https:\\\/\\\/secure.gravatar.com\\\/avatar\\\/09274f4a84fa97698bde56f84b3afed61c8492d48b0550db9671b68c177479cb?s=96&d=mm&r=g\",\"contentUrl\":\"https:\\\/\\\/secure.gravatar.com\\\/avatar\\\/09274f4a84fa97698bde56f84b3afed61c8492d48b0550db9671b68c177479cb?s=96&d=mm&r=g\",\"caption\":\"Gabriele Bassani\"},\"sameAs\":[\"http:\\\/\\\/www.ilnotiziario.net\"]}]}<\/script>\n<!-- \/ Yoast SEO plugin. -->","yoast_head_json":{"title":"La Brianza scende in pista con l\u2019innovazione - Il Notiziario","description":"Nell\u2019Ottobre scorso si \u00e8 svolto il Brianza Innovation Day. Un evento fondamentale per fare il punto sulla situazione attuale del territorio brianzolo, per","robots":{"index":"index","follow":"follow","max-snippet":"max-snippet:-1","max-image-preview":"max-image-preview:large","max-video-preview":"max-video-preview:-1"},"canonical":"https:\/\/www.ilnotiziario.net\/wp\/buonoasapersi\/la-brianza-scende-in-pista-con-linnovazione\/","og_locale":"it_IT","og_type":"article","og_title":"La Brianza scende in pista con l\u2019innovazione - Il Notiziario","og_description":"Nell\u2019Ottobre scorso si \u00e8 svolto il Brianza Innovation Day. Un evento fondamentale per fare il punto sulla situazione attuale del territorio brianzolo, per","og_url":"https:\/\/www.ilnotiziario.net\/wp\/buonoasapersi\/la-brianza-scende-in-pista-con-linnovazione\/","og_site_name":"Il Notiziario","article_publisher":"https:\/\/www.facebook.com\/ilnotiziarioind\/","article_published_time":"2019-02-21T15:04:38+00:00","article_modified_time":"2019-02-21T15:13:00+00:00","og_image":[{"width":595,"height":397,"url":"https:\/\/www.ilnotiziario.net\/wp\/wp-content\/uploads\/2019\/02\/BrianzaInnovazione.jpg","type":"image\/jpeg"}],"author":"Gabriele Bassani","twitter_card":"summary_large_image","twitter_creator":"@ilNotiziarioInd","twitter_site":"@ilNotiziarioInd","twitter_misc":{"Scritto da":"Gabriele Bassani","Tempo di lettura stimato":"3 minuti"},"schema":{"@context":"https:\/\/schema.org","@graph":[{"@type":"Article","@id":"https:\/\/www.ilnotiziario.net\/wp\/buonoasapersi\/la-brianza-scende-in-pista-con-linnovazione\/#article","isPartOf":{"@id":"https:\/\/www.ilnotiziario.net\/wp\/buonoasapersi\/la-brianza-scende-in-pista-con-linnovazione\/"},"author":{"name":"Gabriele Bassani","@id":"https:\/\/www.ilnotiziario.net\/wp\/#\/schema\/person\/386e222908f898bb41c033989482bbf2"},"headline":"La Brianza scende in pista con l\u2019innovazione","datePublished":"2019-02-21T15:04:38+00:00","dateModified":"2019-02-21T15:13:00+00:00","mainEntityOfPage":{"@id":"https:\/\/www.ilnotiziario.net\/wp\/buonoasapersi\/la-brianza-scende-in-pista-con-linnovazione\/"},"wordCount":687,"publisher":{"@id":"https:\/\/www.ilnotiziario.net\/wp\/#organization"},"image":{"@id":"https:\/\/www.ilnotiziario.net\/wp\/buonoasapersi\/la-brianza-scende-in-pista-con-linnovazione\/#primaryimage"},"thumbnailUrl":"https:\/\/www.ilnotiziario.net\/wp\/wp-content\/uploads\/2019\/02\/BrianzaInnovazione.jpg","keywords":["Brianza","futuro","idee","incubatore","innovazione","progetti"],"articleSection":["BUONO A SAPERSI"],"inLanguage":"it-IT"},{"@type":"WebPage","@id":"https:\/\/www.ilnotiziario.net\/wp\/buonoasapersi\/la-brianza-scende-in-pista-con-linnovazione\/","url":"https:\/\/www.ilnotiziario.net\/wp\/buonoasapersi\/la-brianza-scende-in-pista-con-linnovazione\/","name":"La Brianza scende in pista con l\u2019innovazione - Il Notiziario","isPartOf":{"@id":"https:\/\/www.ilnotiziario.net\/wp\/#website"},"primaryImageOfPage":{"@id":"https:\/\/www.ilnotiziario.net\/wp\/buonoasapersi\/la-brianza-scende-in-pista-con-linnovazione\/#primaryimage"},"image":{"@id":"https:\/\/www.ilnotiziario.net\/wp\/buonoasapersi\/la-brianza-scende-in-pista-con-linnovazione\/#primaryimage"},"thumbnailUrl":"https:\/\/www.ilnotiziario.net\/wp\/wp-content\/uploads\/2019\/02\/BrianzaInnovazione.jpg","datePublished":"2019-02-21T15:04:38+00:00","dateModified":"2019-02-21T15:13:00+00:00","description":"Nell\u2019Ottobre scorso si \u00e8 svolto il Brianza Innovation Day. Un evento fondamentale per fare il punto sulla situazione attuale del territorio brianzolo, per","breadcrumb":{"@id":"https:\/\/www.ilnotiziario.net\/wp\/buonoasapersi\/la-brianza-scende-in-pista-con-linnovazione\/#breadcrumb"},"inLanguage":"it-IT","potentialAction":[{"@type":"ReadAction","target":["https:\/\/www.ilnotiziario.net\/wp\/buonoasapersi\/la-brianza-scende-in-pista-con-linnovazione\/"]}]},{"@type":"ImageObject","inLanguage":"it-IT","@id":"https:\/\/www.ilnotiziario.net\/wp\/buonoasapersi\/la-brianza-scende-in-pista-con-linnovazione\/#primaryimage","url":"https:\/\/www.ilnotiziario.net\/wp\/wp-content\/uploads\/2019\/02\/BrianzaInnovazione.jpg","contentUrl":"https:\/\/www.ilnotiziario.net\/wp\/wp-content\/uploads\/2019\/02\/BrianzaInnovazione.jpg","width":595,"height":397,"caption":"Photo by Joshua Sortino on Unsplash"},{"@type":"BreadcrumbList","@id":"https:\/\/www.ilnotiziario.net\/wp\/buonoasapersi\/la-brianza-scende-in-pista-con-linnovazione\/#breadcrumb","itemListElement":[{"@type":"ListItem","position":1,"name":"tds_text_logo_tagline_colortds_text_logo_tagline_colortds_text_logo_tagline_colortds_text_logo_tagline_colortd_module_7_title_excerpttd_module_7_title_excerpttd_module_7_title_excerpttd_module_7_title_excerptHome","item":"https:\/\/www.ilnotiziario.net\/wp\/"},{"@type":"ListItem","position":2,"name":"La Brianza scende in pista con l\u2019innovazione"}]},{"@type":"WebSite","@id":"https:\/\/www.ilnotiziario.net\/wp\/#website","url":"https:\/\/www.ilnotiziario.net\/wp\/","name":"Il Notiziario","description":"Per restare sempre connessi alla notizia","publisher":{"@id":"https:\/\/www.ilnotiziario.net\/wp\/#organization"},"alternateName":"Il Notiziario Bollate","potentialAction":[{"@type":"SearchAction","target":{"@type":"EntryPoint","urlTemplate":"https:\/\/www.ilnotiziario.net\/wp\/?s={search_term_string}"},"query-input":{"@type":"PropertyValueSpecification","valueRequired":true,"valueName":"search_term_string"}}],"inLanguage":"it-IT"},{"@type":"Organization","@id":"https:\/\/www.ilnotiziario.net\/wp\/#organization","name":"Il Notiziario","url":"https:\/\/www.ilnotiziario.net\/wp\/","logo":{"@type":"ImageObject","inLanguage":"it-IT","@id":"https:\/\/www.ilnotiziario.net\/wp\/#\/schema\/logo\/image\/","url":"https:\/\/www.ilnotiziario.net\/wp\/wp-content\/uploads\/2022\/06\/170x170ilN.png","contentUrl":"https:\/\/www.ilnotiziario.net\/wp\/wp-content\/uploads\/2022\/06\/170x170ilN.png","width":355,"height":355,"caption":"Il Notiziario"},"image":{"@id":"https:\/\/www.ilnotiziario.net\/wp\/#\/schema\/logo\/image\/"},"sameAs":["https:\/\/www.facebook.com\/ilnotiziarioind\/","https:\/\/x.com\/ilNotiziarioInd","https:\/\/www.instagram.com\/ilnotiziario_settimanale\/"]},{"@type":"Person","@id":"https:\/\/www.ilnotiziario.net\/wp\/#\/schema\/person\/386e222908f898bb41c033989482bbf2","name":"Gabriele Bassani","image":{"@type":"ImageObject","inLanguage":"it-IT","@id":"https:\/\/secure.gravatar.com\/avatar\/09274f4a84fa97698bde56f84b3afed61c8492d48b0550db9671b68c177479cb?s=96&d=mm&r=g","url":"https:\/\/secure.gravatar.com\/avatar\/09274f4a84fa97698bde56f84b3afed61c8492d48b0550db9671b68c177479cb?s=96&d=mm&r=g","contentUrl":"https:\/\/secure.gravatar.com\/avatar\/09274f4a84fa97698bde56f84b3afed61c8492d48b0550db9671b68c177479cb?s=96&d=mm&r=g","caption":"Gabriele Bassani"},"sameAs":["http:\/\/www.ilnotiziario.net"]}]}},"_links":{"self":[{"href":"https:\/\/www.ilnotiziario.net\/wp\/wp-json\/wp\/v2\/posts\/31663","targetHints":{"allow":["GET"]}}],"collection":[{"href":"https:\/\/www.ilnotiziario.net\/wp\/wp-json\/wp\/v2\/posts"}],"about":[{"href":"https:\/\/www.ilnotiziario.net\/wp\/wp-json\/wp\/v2\/types\/post"}],"author":[{"embeddable":true,"href":"https:\/\/www.ilnotiziario.net\/wp\/wp-json\/wp\/v2\/users\/3"}],"replies":[{"embeddable":true,"href":"https:\/\/www.ilnotiziario.net\/wp\/wp-json\/wp\/v2\/comments?post=31663"}],"version-history":[{"count":0,"href":"https:\/\/www.ilnotiziario.net\/wp\/wp-json\/wp\/v2\/posts\/31663\/revisions"}],"wp:featuredmedia":[{"embeddable":true,"href":"https:\/\/www.ilnotiziario.net\/wp\/wp-json\/wp\/v2\/media\/31664"}],"wp:attachment":[{"href":"https:\/\/www.ilnotiziario.net\/wp\/wp-json\/wp\/v2\/media?parent=31663"}],"wp:term":[{"taxonomy":"category","embeddable":true,"href":"https:\/\/www.ilnotiziario.net\/wp\/wp-json\/wp\/v2\/categories?post=31663"},{"taxonomy":"post_tag","embeddable":true,"href":"https:\/\/www.ilnotiziario.net\/wp\/wp-json\/wp\/v2\/tags?post=31663"}],"curies":[{"name":"wp","href":"https:\/\/api.w.org\/{rel}","templated":true}]}}