{"id":32156,"date":"2019-03-09T09:19:52","date_gmt":"2019-03-09T08:19:52","guid":{"rendered":"https:\/\/www.ilnotiziario.net\/?p=32156"},"modified":"2019-03-09T09:19:52","modified_gmt":"2019-03-09T08:19:52","slug":"morta-dopo-avvio-di-intervento-estetico-non-si-e-mai-ripresa-dal-coma","status":"publish","type":"post","link":"https:\/\/www.ilnotiziario.net\/wp\/lombardia\/morta-dopo-avvio-di-intervento-estetico-non-si-e-mai-ripresa-dal-coma\/","title":{"rendered":"Morta dopo avvio di intervento estetico, &#8220;non si \u00e8 mai ripresa dal coma&#8221;"},"content":{"rendered":"<figure id=\"attachment_32157\" aria-describedby=\"caption-attachment-32157\" style=\"width: 300px\" class=\"wp-caption aligncenter\"><img fetchpriority=\"high\" decoding=\"async\" class=\"wp-image-32157 size-medium\" src=\"https:\/\/www.ilnotiziario.net\/wp\/wp-content\/uploads\/2019\/03\/ConferenzaStampaAsstMonza-300x169.jpg\" alt=\"Monza conferenza stampa Asst\" width=\"300\" height=\"169\" srcset=\"https:\/\/www.ilnotiziario.net\/wp\/wp-content\/uploads\/2019\/03\/ConferenzaStampaAsstMonza-300x169.jpg 300w, https:\/\/www.ilnotiziario.net\/wp\/wp-content\/uploads\/2019\/03\/ConferenzaStampaAsstMonza-560x316.jpg 560w, https:\/\/www.ilnotiziario.net\/wp\/wp-content\/uploads\/2019\/03\/ConferenzaStampaAsstMonza.jpg 678w\" sizes=\"(max-width: 300px) 100vw, 300px\" \/><figcaption id=\"caption-attachment-32157\" class=\"wp-caption-text\">La conferenza stampa al San Gerardo di Monza<\/figcaption><\/figure>\n<p>E\u2019&nbsp;entrata&nbsp; al San Gerardo di Monza in coma e <strong>non si \u00e8 mai ripresa fino alla dichiarazione di morte cerebrale&nbsp; <\/strong>Maria Teresa Avallone, la 39enne di Desio che aveva deciso di sottoporsi ad <a href=\"https:\/\/www.ilnotiziario.net\/2019\/03\/08\/in-coma-dopo-lanestesia-intervento-estetico-morta-donna-39enne-a-monza\/\"><strong>un intervento di chirurgia estetica in una clinica privata di Seregno.<\/strong><\/a><\/p><div id=\"ilnot-3883321501\" class=\"ilnot-contenuto ilnot-entity-placement\"><p><!-- incontent_1 --><\/p>\n<div class=\"gptslot\" data-adunitid=\"1\"><\/div>\n<\/div>\n<p>&nbsp;<\/p>\n<p>&nbsp;<\/p>\n<p>&nbsp;<\/p>\n<p>Saranno le indagini dei carabinieri, con il supporto del reparto dei Nas di Milano a dover ricostruire con precisione quanto accaduto.<\/p>\n<p>&nbsp;<\/p>\n<p>Ieri pomeriggio a Monza, Laura Radice, direttore sanitario dell\u2019Asst di Monza e Giuseppe Citterio professore di anestesia e rianimazione all\u2019universit\u00e0 Bicocca, <strong>hanno tenuto una conferenza stampa per descrivere l\u2019evolvere del quadro clinico della pazient<\/strong>e dal momento dell\u2019ingresso all\u2019ospedale San Gerardo.<\/p><div id=\"ilnot-2927200707\" class=\"ilnot-contenuto_2 ilnot-entity-placement\"><div class=\"ads-wrapper\">\n<div class=\"ad-slot\">\n   <div id=\"ilnot-1835718685\" style=\"margin-right: auto;margin-left: auto;text-align: center;width: 320px;height: 100px;\"><a href=\"https:\/\/www.scuolasicurezza.it\/\"><img decoding=\"async\" src=\"https:\/\/www.ilnotiziario.net\/wp\/wp-content\/uploads\/2026\/04\/IlNotiziario_banner-sito-e-newsletter-320-x-100-px-1.gif\" alt=\"\"><\/a><\/div>\n  <\/div>\n<div class=\"ad-slot\">\n   <div id=\"ilnot-237469087\" style=\"margin-right: auto;margin-left: auto;text-align: center;width: 320px;height: 100px;\"><a href=\"https:\/\/purodesignarredamenti.com\/\"><img decoding=\"async\" src=\"https:\/\/www.ilnotiziario.net\/wp\/wp-content\/uploads\/2026\/04\/banner-puro-ok.gif\" alt=\"whatsapp\"><\/a><\/div><\/p><\/div>\n<\/div>\n<\/div>\n<p>\u201cTutte le diagnosi fatte in questi giorni hanno dimostrato un quadro di un esteso danno cerebrale. Questa situazione \u00e8 evoluta nella notte tra gioved\u00ec e venerd\u00ec. Nella mattinata di venerd\u00ec aveva dei parametri di morte cerebrale\u201d -hanno spiegato i medici.<\/p>\n<p>&nbsp;<\/p>\n<p>Nei prossimi giorni, <strong>il cadavere della donna sar\u00e0 sottoposto ad autopsia.<\/strong><\/p>\n<p>Lo stesso dottor Citterio ha precisato che la donna si era gi\u00e0 sottoposta un passato ad altri piccoli interventi estetici senza conseguenze.<\/p><div id=\"ilnot-2110835231\" class=\"ilnot-contenuto_2-2 ilnot-entity-placement\"><div class=\"gptslot\" data-adunitid=\"2\"><\/div>\n<\/div>\n<p>Quanto all\u2019intervento programmato nella clinica di Seregno, l\u2019avvocato Gianmaria Palminteri, che assiste il medico indagato puntualizza che \u201cla paziente si sarebbe dovuta sottoporre ad un trattamento in day hospital di rialzo dei glutei con fili sottocutanei in modo del tutto &nbsp;non invasivo e indolore e non, come erroneamente riportato, di liposuzione\u201d.<\/p>\n<p>\u201cIl rialzo dei glutei -prosegue la nota dell\u2019avvocato &#8211; consiste nell\u2019infissione tramite un piccolo buco di mezzo mm senza asportare nulla ed in anestesia locale.<br \/>\nD\u2019altra parte, preme evidenziare come la paziente fosse normo peso, priva di grasso in eccesso e che, comunque, il trattamento di chirurgia estetica ai glutei non \u00e8 mai stato iniziato\u201d.<\/p>\n<p>&nbsp;<\/p>\n","protected":false},"excerpt":{"rendered":"<p>E\u2019&nbsp;entrata&nbsp; al San Gerardo di Monza in coma e non si \u00e8 mai ripresa fino alla dichiarazione di morte cerebrale&nbsp; Maria Teresa Avallone, la 39enne di Desio che aveva deciso di sottoporsi ad un intervento di chirurgia estetica in una clinica privata di Seregno. &nbsp; &nbsp; &nbsp; Saranno le indagini dei carabinieri, con il supporto<\/p>\n","protected":false},"author":3,"featured_media":32157,"comment_status":"closed","ping_status":"closed","sticky":false,"template":"","format":"standard","meta":{"footnotes":""},"categories":[3464],"tags":[2118,158,121,272,5910],"class_list":{"0":"post-32156","1":"post","2":"type-post","3":"status-publish","4":"format-standard","5":"has-post-thumbnail","7":"category-lombardia","8":"tag-chirurgia","9":"tag-desio","10":"tag-monza","11":"tag-morta","12":"tag-paziente"},"yoast_head":"<!-- This site is optimized with the Yoast SEO plugin v27.4 - https:\/\/yoast.com\/product\/yoast-seo-wordpress\/ -->\n<title>Morta dopo avvio di intervento estetico, &quot;non si \u00e8 mai ripresa dal coma&quot; - Il Notiziario<\/title>\n<meta name=\"description\" content=\"E\u2019&nbsp;entrata&nbsp; al San Gerardo di Monza in coma e non si \u00e8 mai ripresa fino alla dichiarazione di morte cerebrale&nbsp; Maria Teresa Avallone, la\" \/>\n<meta name=\"robots\" content=\"index, follow, max-snippet:-1, max-image-preview:large, max-video-preview:-1\" \/>\n<link rel=\"canonical\" href=\"https:\/\/www.ilnotiziario.net\/wp\/lombardia\/morta-dopo-avvio-di-intervento-estetico-non-si-e-mai-ripresa-dal-coma\/\" \/>\n<meta property=\"og:locale\" content=\"it_IT\" \/>\n<meta property=\"og:type\" content=\"article\" \/>\n<meta property=\"og:title\" content=\"Morta dopo avvio di intervento estetico, &quot;non si \u00e8 mai ripresa dal coma&quot; - Il Notiziario\" \/>\n<meta property=\"og:description\" content=\"E\u2019&nbsp;entrata&nbsp; al San Gerardo di Monza in coma e non si \u00e8 mai ripresa fino alla dichiarazione di morte cerebrale&nbsp; Maria Teresa Avallone, la\" \/>\n<meta property=\"og:url\" content=\"https:\/\/www.ilnotiziario.net\/wp\/lombardia\/morta-dopo-avvio-di-intervento-estetico-non-si-e-mai-ripresa-dal-coma\/\" \/>\n<meta property=\"og:site_name\" content=\"Il Notiziario\" \/>\n<meta property=\"article:publisher\" content=\"https:\/\/www.facebook.com\/ilnotiziarioind\/\" \/>\n<meta property=\"article:published_time\" content=\"2019-03-09T08:19:52+00:00\" \/>\n<meta property=\"og:image\" content=\"https:\/\/www.ilnotiziario.net\/wp\/wp-content\/uploads\/2019\/03\/ConferenzaStampaAsstMonza.jpg\" \/>\n\t<meta property=\"og:image:width\" content=\"678\" \/>\n\t<meta property=\"og:image:height\" content=\"383\" \/>\n\t<meta property=\"og:image:type\" content=\"image\/jpeg\" \/>\n<meta name=\"author\" content=\"Gabriele Bassani\" \/>\n<meta name=\"twitter:card\" content=\"summary_large_image\" \/>\n<meta name=\"twitter:creator\" content=\"@ilNotiziarioInd\" \/>\n<meta name=\"twitter:site\" content=\"@ilNotiziarioInd\" \/>\n<meta name=\"twitter:label1\" content=\"Scritto da\" \/>\n\t<meta name=\"twitter:data1\" content=\"Gabriele Bassani\" \/>\n\t<meta name=\"twitter:label2\" content=\"Tempo di lettura stimato\" \/>\n\t<meta name=\"twitter:data2\" content=\"2 minuti\" \/>\n<script type=\"application\/ld+json\" class=\"yoast-schema-graph\">{\"@context\":\"https:\\\/\\\/schema.org\",\"@graph\":[{\"@type\":\"Article\",\"@id\":\"https:\\\/\\\/www.ilnotiziario.net\\\/wp\\\/lombardia\\\/morta-dopo-avvio-di-intervento-estetico-non-si-e-mai-ripresa-dal-coma\\\/#article\",\"isPartOf\":{\"@id\":\"https:\\\/\\\/www.ilnotiziario.net\\\/wp\\\/lombardia\\\/morta-dopo-avvio-di-intervento-estetico-non-si-e-mai-ripresa-dal-coma\\\/\"},\"author\":{\"name\":\"Gabriele Bassani\",\"@id\":\"https:\\\/\\\/www.ilnotiziario.net\\\/wp\\\/#\\\/schema\\\/person\\\/386e222908f898bb41c033989482bbf2\"},\"headline\":\"Morta dopo avvio di intervento estetico, &#8220;non si \u00e8 mai ripresa dal coma&#8221;\",\"datePublished\":\"2019-03-09T08:19:52+00:00\",\"mainEntityOfPage\":{\"@id\":\"https:\\\/\\\/www.ilnotiziario.net\\\/wp\\\/lombardia\\\/morta-dopo-avvio-di-intervento-estetico-non-si-e-mai-ripresa-dal-coma\\\/\"},\"wordCount\":329,\"publisher\":{\"@id\":\"https:\\\/\\\/www.ilnotiziario.net\\\/wp\\\/#organization\"},\"image\":{\"@id\":\"https:\\\/\\\/www.ilnotiziario.net\\\/wp\\\/lombardia\\\/morta-dopo-avvio-di-intervento-estetico-non-si-e-mai-ripresa-dal-coma\\\/#primaryimage\"},\"thumbnailUrl\":\"https:\\\/\\\/www.ilnotiziario.net\\\/wp\\\/wp-content\\\/uploads\\\/2019\\\/03\\\/ConferenzaStampaAsstMonza.jpg\",\"keywords\":[\"chirurgia\",\"Desio\",\"Monza\",\"morta\",\"paziente\"],\"articleSection\":[\"CRONACA\"],\"inLanguage\":\"it-IT\"},{\"@type\":\"WebPage\",\"@id\":\"https:\\\/\\\/www.ilnotiziario.net\\\/wp\\\/lombardia\\\/morta-dopo-avvio-di-intervento-estetico-non-si-e-mai-ripresa-dal-coma\\\/\",\"url\":\"https:\\\/\\\/www.ilnotiziario.net\\\/wp\\\/lombardia\\\/morta-dopo-avvio-di-intervento-estetico-non-si-e-mai-ripresa-dal-coma\\\/\",\"name\":\"Morta dopo avvio di intervento estetico, \\\"non si \u00e8 mai ripresa dal coma\\\" - Il Notiziario\",\"isPartOf\":{\"@id\":\"https:\\\/\\\/www.ilnotiziario.net\\\/wp\\\/#website\"},\"primaryImageOfPage\":{\"@id\":\"https:\\\/\\\/www.ilnotiziario.net\\\/wp\\\/lombardia\\\/morta-dopo-avvio-di-intervento-estetico-non-si-e-mai-ripresa-dal-coma\\\/#primaryimage\"},\"image\":{\"@id\":\"https:\\\/\\\/www.ilnotiziario.net\\\/wp\\\/lombardia\\\/morta-dopo-avvio-di-intervento-estetico-non-si-e-mai-ripresa-dal-coma\\\/#primaryimage\"},\"thumbnailUrl\":\"https:\\\/\\\/www.ilnotiziario.net\\\/wp\\\/wp-content\\\/uploads\\\/2019\\\/03\\\/ConferenzaStampaAsstMonza.jpg\",\"datePublished\":\"2019-03-09T08:19:52+00:00\",\"description\":\"E\u2019&nbsp;entrata&nbsp; al San Gerardo di Monza in coma e non si \u00e8 mai ripresa fino alla dichiarazione di morte cerebrale&nbsp; Maria Teresa Avallone, la\",\"breadcrumb\":{\"@id\":\"https:\\\/\\\/www.ilnotiziario.net\\\/wp\\\/lombardia\\\/morta-dopo-avvio-di-intervento-estetico-non-si-e-mai-ripresa-dal-coma\\\/#breadcrumb\"},\"inLanguage\":\"it-IT\",\"potentialAction\":[{\"@type\":\"ReadAction\",\"target\":[\"https:\\\/\\\/www.ilnotiziario.net\\\/wp\\\/lombardia\\\/morta-dopo-avvio-di-intervento-estetico-non-si-e-mai-ripresa-dal-coma\\\/\"]}]},{\"@type\":\"ImageObject\",\"inLanguage\":\"it-IT\",\"@id\":\"https:\\\/\\\/www.ilnotiziario.net\\\/wp\\\/lombardia\\\/morta-dopo-avvio-di-intervento-estetico-non-si-e-mai-ripresa-dal-coma\\\/#primaryimage\",\"url\":\"https:\\\/\\\/www.ilnotiziario.net\\\/wp\\\/wp-content\\\/uploads\\\/2019\\\/03\\\/ConferenzaStampaAsstMonza.jpg\",\"contentUrl\":\"https:\\\/\\\/www.ilnotiziario.net\\\/wp\\\/wp-content\\\/uploads\\\/2019\\\/03\\\/ConferenzaStampaAsstMonza.jpg\",\"width\":678,\"height\":383,\"caption\":\"Monza conferenza stampa Asst\"},{\"@type\":\"BreadcrumbList\",\"@id\":\"https:\\\/\\\/www.ilnotiziario.net\\\/wp\\\/lombardia\\\/morta-dopo-avvio-di-intervento-estetico-non-si-e-mai-ripresa-dal-coma\\\/#breadcrumb\",\"itemListElement\":[{\"@type\":\"ListItem\",\"position\":1,\"name\":\"tds_text_logo_tagline_colortds_text_logo_tagline_colortds_text_logo_tagline_colortds_text_logo_tagline_colortd_module_7_title_excerpttd_module_7_title_excerpttd_module_7_title_excerpttd_module_7_title_excerptHome\",\"item\":\"https:\\\/\\\/www.ilnotiziario.net\\\/wp\\\/\"},{\"@type\":\"ListItem\",\"position\":2,\"name\":\"Morta dopo avvio di intervento estetico, &#8220;non si \u00e8 mai ripresa dal coma&#8221;\"}]},{\"@type\":\"WebSite\",\"@id\":\"https:\\\/\\\/www.ilnotiziario.net\\\/wp\\\/#website\",\"url\":\"https:\\\/\\\/www.ilnotiziario.net\\\/wp\\\/\",\"name\":\"Il Notiziario\",\"description\":\"Per restare sempre connessi alla notizia\",\"publisher\":{\"@id\":\"https:\\\/\\\/www.ilnotiziario.net\\\/wp\\\/#organization\"},\"alternateName\":\"Il Notiziario Bollate\",\"potentialAction\":[{\"@type\":\"SearchAction\",\"target\":{\"@type\":\"EntryPoint\",\"urlTemplate\":\"https:\\\/\\\/www.ilnotiziario.net\\\/wp\\\/?s={search_term_string}\"},\"query-input\":{\"@type\":\"PropertyValueSpecification\",\"valueRequired\":true,\"valueName\":\"search_term_string\"}}],\"inLanguage\":\"it-IT\"},{\"@type\":\"Organization\",\"@id\":\"https:\\\/\\\/www.ilnotiziario.net\\\/wp\\\/#organization\",\"name\":\"Il Notiziario\",\"url\":\"https:\\\/\\\/www.ilnotiziario.net\\\/wp\\\/\",\"logo\":{\"@type\":\"ImageObject\",\"inLanguage\":\"it-IT\",\"@id\":\"https:\\\/\\\/www.ilnotiziario.net\\\/wp\\\/#\\\/schema\\\/logo\\\/image\\\/\",\"url\":\"https:\\\/\\\/www.ilnotiziario.net\\\/wp\\\/wp-content\\\/uploads\\\/2022\\\/06\\\/170x170ilN.png\",\"contentUrl\":\"https:\\\/\\\/www.ilnotiziario.net\\\/wp\\\/wp-content\\\/uploads\\\/2022\\\/06\\\/170x170ilN.png\",\"width\":355,\"height\":355,\"caption\":\"Il Notiziario\"},\"image\":{\"@id\":\"https:\\\/\\\/www.ilnotiziario.net\\\/wp\\\/#\\\/schema\\\/logo\\\/image\\\/\"},\"sameAs\":[\"https:\\\/\\\/www.facebook.com\\\/ilnotiziarioind\\\/\",\"https:\\\/\\\/x.com\\\/ilNotiziarioInd\",\"https:\\\/\\\/www.instagram.com\\\/ilnotiziario_settimanale\\\/\"]},{\"@type\":\"Person\",\"@id\":\"https:\\\/\\\/www.ilnotiziario.net\\\/wp\\\/#\\\/schema\\\/person\\\/386e222908f898bb41c033989482bbf2\",\"name\":\"Gabriele Bassani\",\"image\":{\"@type\":\"ImageObject\",\"inLanguage\":\"it-IT\",\"@id\":\"https:\\\/\\\/secure.gravatar.com\\\/avatar\\\/09274f4a84fa97698bde56f84b3afed61c8492d48b0550db9671b68c177479cb?s=96&d=mm&r=g\",\"url\":\"https:\\\/\\\/secure.gravatar.com\\\/avatar\\\/09274f4a84fa97698bde56f84b3afed61c8492d48b0550db9671b68c177479cb?s=96&d=mm&r=g\",\"contentUrl\":\"https:\\\/\\\/secure.gravatar.com\\\/avatar\\\/09274f4a84fa97698bde56f84b3afed61c8492d48b0550db9671b68c177479cb?s=96&d=mm&r=g\",\"caption\":\"Gabriele Bassani\"},\"sameAs\":[\"http:\\\/\\\/www.ilnotiziario.net\"]}]}<\/script>\n<!-- \/ Yoast SEO plugin. -->","yoast_head_json":{"title":"Morta dopo avvio di intervento estetico, \"non si \u00e8 mai ripresa dal coma\" - Il Notiziario","description":"E\u2019&nbsp;entrata&nbsp; al San Gerardo di Monza in coma e non si \u00e8 mai ripresa fino alla dichiarazione di morte cerebrale&nbsp; Maria Teresa Avallone, la","robots":{"index":"index","follow":"follow","max-snippet":"max-snippet:-1","max-image-preview":"max-image-preview:large","max-video-preview":"max-video-preview:-1"},"canonical":"https:\/\/www.ilnotiziario.net\/wp\/lombardia\/morta-dopo-avvio-di-intervento-estetico-non-si-e-mai-ripresa-dal-coma\/","og_locale":"it_IT","og_type":"article","og_title":"Morta dopo avvio di intervento estetico, \"non si \u00e8 mai ripresa dal coma\" - Il Notiziario","og_description":"E\u2019&nbsp;entrata&nbsp; al San Gerardo di Monza in coma e non si \u00e8 mai ripresa fino alla dichiarazione di morte cerebrale&nbsp; Maria Teresa Avallone, la","og_url":"https:\/\/www.ilnotiziario.net\/wp\/lombardia\/morta-dopo-avvio-di-intervento-estetico-non-si-e-mai-ripresa-dal-coma\/","og_site_name":"Il Notiziario","article_publisher":"https:\/\/www.facebook.com\/ilnotiziarioind\/","article_published_time":"2019-03-09T08:19:52+00:00","og_image":[{"width":678,"height":383,"url":"https:\/\/www.ilnotiziario.net\/wp\/wp-content\/uploads\/2019\/03\/ConferenzaStampaAsstMonza.jpg","type":"image\/jpeg"}],"author":"Gabriele Bassani","twitter_card":"summary_large_image","twitter_creator":"@ilNotiziarioInd","twitter_site":"@ilNotiziarioInd","twitter_misc":{"Scritto da":"Gabriele Bassani","Tempo di lettura stimato":"2 minuti"},"schema":{"@context":"https:\/\/schema.org","@graph":[{"@type":"Article","@id":"https:\/\/www.ilnotiziario.net\/wp\/lombardia\/morta-dopo-avvio-di-intervento-estetico-non-si-e-mai-ripresa-dal-coma\/#article","isPartOf":{"@id":"https:\/\/www.ilnotiziario.net\/wp\/lombardia\/morta-dopo-avvio-di-intervento-estetico-non-si-e-mai-ripresa-dal-coma\/"},"author":{"name":"Gabriele Bassani","@id":"https:\/\/www.ilnotiziario.net\/wp\/#\/schema\/person\/386e222908f898bb41c033989482bbf2"},"headline":"Morta dopo avvio di intervento estetico, &#8220;non si \u00e8 mai ripresa dal coma&#8221;","datePublished":"2019-03-09T08:19:52+00:00","mainEntityOfPage":{"@id":"https:\/\/www.ilnotiziario.net\/wp\/lombardia\/morta-dopo-avvio-di-intervento-estetico-non-si-e-mai-ripresa-dal-coma\/"},"wordCount":329,"publisher":{"@id":"https:\/\/www.ilnotiziario.net\/wp\/#organization"},"image":{"@id":"https:\/\/www.ilnotiziario.net\/wp\/lombardia\/morta-dopo-avvio-di-intervento-estetico-non-si-e-mai-ripresa-dal-coma\/#primaryimage"},"thumbnailUrl":"https:\/\/www.ilnotiziario.net\/wp\/wp-content\/uploads\/2019\/03\/ConferenzaStampaAsstMonza.jpg","keywords":["chirurgia","Desio","Monza","morta","paziente"],"articleSection":["CRONACA"],"inLanguage":"it-IT"},{"@type":"WebPage","@id":"https:\/\/www.ilnotiziario.net\/wp\/lombardia\/morta-dopo-avvio-di-intervento-estetico-non-si-e-mai-ripresa-dal-coma\/","url":"https:\/\/www.ilnotiziario.net\/wp\/lombardia\/morta-dopo-avvio-di-intervento-estetico-non-si-e-mai-ripresa-dal-coma\/","name":"Morta dopo avvio di intervento estetico, \"non si \u00e8 mai ripresa dal coma\" - Il Notiziario","isPartOf":{"@id":"https:\/\/www.ilnotiziario.net\/wp\/#website"},"primaryImageOfPage":{"@id":"https:\/\/www.ilnotiziario.net\/wp\/lombardia\/morta-dopo-avvio-di-intervento-estetico-non-si-e-mai-ripresa-dal-coma\/#primaryimage"},"image":{"@id":"https:\/\/www.ilnotiziario.net\/wp\/lombardia\/morta-dopo-avvio-di-intervento-estetico-non-si-e-mai-ripresa-dal-coma\/#primaryimage"},"thumbnailUrl":"https:\/\/www.ilnotiziario.net\/wp\/wp-content\/uploads\/2019\/03\/ConferenzaStampaAsstMonza.jpg","datePublished":"2019-03-09T08:19:52+00:00","description":"E\u2019&nbsp;entrata&nbsp; al San Gerardo di Monza in coma e non si \u00e8 mai ripresa fino alla dichiarazione di morte cerebrale&nbsp; Maria Teresa Avallone, la","breadcrumb":{"@id":"https:\/\/www.ilnotiziario.net\/wp\/lombardia\/morta-dopo-avvio-di-intervento-estetico-non-si-e-mai-ripresa-dal-coma\/#breadcrumb"},"inLanguage":"it-IT","potentialAction":[{"@type":"ReadAction","target":["https:\/\/www.ilnotiziario.net\/wp\/lombardia\/morta-dopo-avvio-di-intervento-estetico-non-si-e-mai-ripresa-dal-coma\/"]}]},{"@type":"ImageObject","inLanguage":"it-IT","@id":"https:\/\/www.ilnotiziario.net\/wp\/lombardia\/morta-dopo-avvio-di-intervento-estetico-non-si-e-mai-ripresa-dal-coma\/#primaryimage","url":"https:\/\/www.ilnotiziario.net\/wp\/wp-content\/uploads\/2019\/03\/ConferenzaStampaAsstMonza.jpg","contentUrl":"https:\/\/www.ilnotiziario.net\/wp\/wp-content\/uploads\/2019\/03\/ConferenzaStampaAsstMonza.jpg","width":678,"height":383,"caption":"Monza conferenza stampa Asst"},{"@type":"BreadcrumbList","@id":"https:\/\/www.ilnotiziario.net\/wp\/lombardia\/morta-dopo-avvio-di-intervento-estetico-non-si-e-mai-ripresa-dal-coma\/#breadcrumb","itemListElement":[{"@type":"ListItem","position":1,"name":"tds_text_logo_tagline_colortds_text_logo_tagline_colortds_text_logo_tagline_colortds_text_logo_tagline_colortd_module_7_title_excerpttd_module_7_title_excerpttd_module_7_title_excerpttd_module_7_title_excerptHome","item":"https:\/\/www.ilnotiziario.net\/wp\/"},{"@type":"ListItem","position":2,"name":"Morta dopo avvio di intervento estetico, &#8220;non si \u00e8 mai ripresa dal coma&#8221;"}]},{"@type":"WebSite","@id":"https:\/\/www.ilnotiziario.net\/wp\/#website","url":"https:\/\/www.ilnotiziario.net\/wp\/","name":"Il Notiziario","description":"Per restare sempre connessi alla notizia","publisher":{"@id":"https:\/\/www.ilnotiziario.net\/wp\/#organization"},"alternateName":"Il Notiziario Bollate","potentialAction":[{"@type":"SearchAction","target":{"@type":"EntryPoint","urlTemplate":"https:\/\/www.ilnotiziario.net\/wp\/?s={search_term_string}"},"query-input":{"@type":"PropertyValueSpecification","valueRequired":true,"valueName":"search_term_string"}}],"inLanguage":"it-IT"},{"@type":"Organization","@id":"https:\/\/www.ilnotiziario.net\/wp\/#organization","name":"Il Notiziario","url":"https:\/\/www.ilnotiziario.net\/wp\/","logo":{"@type":"ImageObject","inLanguage":"it-IT","@id":"https:\/\/www.ilnotiziario.net\/wp\/#\/schema\/logo\/image\/","url":"https:\/\/www.ilnotiziario.net\/wp\/wp-content\/uploads\/2022\/06\/170x170ilN.png","contentUrl":"https:\/\/www.ilnotiziario.net\/wp\/wp-content\/uploads\/2022\/06\/170x170ilN.png","width":355,"height":355,"caption":"Il Notiziario"},"image":{"@id":"https:\/\/www.ilnotiziario.net\/wp\/#\/schema\/logo\/image\/"},"sameAs":["https:\/\/www.facebook.com\/ilnotiziarioind\/","https:\/\/x.com\/ilNotiziarioInd","https:\/\/www.instagram.com\/ilnotiziario_settimanale\/"]},{"@type":"Person","@id":"https:\/\/www.ilnotiziario.net\/wp\/#\/schema\/person\/386e222908f898bb41c033989482bbf2","name":"Gabriele Bassani","image":{"@type":"ImageObject","inLanguage":"it-IT","@id":"https:\/\/secure.gravatar.com\/avatar\/09274f4a84fa97698bde56f84b3afed61c8492d48b0550db9671b68c177479cb?s=96&d=mm&r=g","url":"https:\/\/secure.gravatar.com\/avatar\/09274f4a84fa97698bde56f84b3afed61c8492d48b0550db9671b68c177479cb?s=96&d=mm&r=g","contentUrl":"https:\/\/secure.gravatar.com\/avatar\/09274f4a84fa97698bde56f84b3afed61c8492d48b0550db9671b68c177479cb?s=96&d=mm&r=g","caption":"Gabriele Bassani"},"sameAs":["http:\/\/www.ilnotiziario.net"]}]}},"_links":{"self":[{"href":"https:\/\/www.ilnotiziario.net\/wp\/wp-json\/wp\/v2\/posts\/32156","targetHints":{"allow":["GET"]}}],"collection":[{"href":"https:\/\/www.ilnotiziario.net\/wp\/wp-json\/wp\/v2\/posts"}],"about":[{"href":"https:\/\/www.ilnotiziario.net\/wp\/wp-json\/wp\/v2\/types\/post"}],"author":[{"embeddable":true,"href":"https:\/\/www.ilnotiziario.net\/wp\/wp-json\/wp\/v2\/users\/3"}],"replies":[{"embeddable":true,"href":"https:\/\/www.ilnotiziario.net\/wp\/wp-json\/wp\/v2\/comments?post=32156"}],"version-history":[{"count":0,"href":"https:\/\/www.ilnotiziario.net\/wp\/wp-json\/wp\/v2\/posts\/32156\/revisions"}],"wp:featuredmedia":[{"embeddable":true,"href":"https:\/\/www.ilnotiziario.net\/wp\/wp-json\/wp\/v2\/media\/32157"}],"wp:attachment":[{"href":"https:\/\/www.ilnotiziario.net\/wp\/wp-json\/wp\/v2\/media?parent=32156"}],"wp:term":[{"taxonomy":"category","embeddable":true,"href":"https:\/\/www.ilnotiziario.net\/wp\/wp-json\/wp\/v2\/categories?post=32156"},{"taxonomy":"post_tag","embeddable":true,"href":"https:\/\/www.ilnotiziario.net\/wp\/wp-json\/wp\/v2\/tags?post=32156"}],"curies":[{"name":"wp","href":"https:\/\/api.w.org\/{rel}","templated":true}]}}