{"id":32537,"date":"2019-03-19T19:04:51","date_gmt":"2019-03-19T18:04:51","guid":{"rendered":"https:\/\/www.ilnotiziario.net\/?p=32537"},"modified":"2019-03-19T19:04:51","modified_gmt":"2019-03-19T18:04:51","slug":"volete-essere-felici-iniziate-dalla-colazione","status":"publish","type":"post","link":"https:\/\/www.ilnotiziario.net\/wp\/buonoasapersi\/volete-essere-felici-iniziate-dalla-colazione\/","title":{"rendered":"Volete essere felici? Iniziate dalla colazione"},"content":{"rendered":"<p><img fetchpriority=\"high\" decoding=\"async\" class=\"size-medium wp-image-32538 alignleft\" src=\"https:\/\/www.ilnotiziario.net\/wp\/wp-content\/uploads\/2019\/03\/breakfast-923928_960_720-300x225.jpg\" alt=\"\" width=\"300\" height=\"225\" srcset=\"https:\/\/www.ilnotiziario.net\/wp\/wp-content\/uploads\/2019\/03\/breakfast-923928_960_720-300x225.jpg 300w, https:\/\/www.ilnotiziario.net\/wp\/wp-content\/uploads\/2019\/03\/breakfast-923928_960_720-768x576.jpg 768w, https:\/\/www.ilnotiziario.net\/wp\/wp-content\/uploads\/2019\/03\/breakfast-923928_960_720-80x60.jpg 80w, https:\/\/www.ilnotiziario.net\/wp\/wp-content\/uploads\/2019\/03\/breakfast-923928_960_720-265x198.jpg 265w, https:\/\/www.ilnotiziario.net\/wp\/wp-content\/uploads\/2019\/03\/breakfast-923928_960_720-560x420.jpg 560w, https:\/\/www.ilnotiziario.net\/wp\/wp-content\/uploads\/2019\/03\/breakfast-923928_960_720.jpg 960w\" sizes=\"(max-width: 300px) 100vw, 300px\" \/>Svegliarsi la mattina e fare colazione, sulla scia del Breakslow, la tendenza che trasforma il primo pasto della giornata in un momento di gratificazione e condivisione, contribuisce al buon umore portando felicit\u00e0 ed energia<\/p><div id=\"ilnot-1055543240\" class=\"ilnot-contenuto ilnot-entity-placement\"><p><!-- incontent_1 --><\/p>\n<div class=\"gptslot\" data-adunitid=\"1\"><\/div>\n<\/div>\n<p>\u201cUno non pu\u00f2 pensare bene, amare bene, dormire bene se non ha mangiato bene\u201d.<\/p>\n<p>Chiss\u00e0 se, con questa citazione, Virginia Woolf si riferiva anche alla colazione e all\u2019importanza che quest\u2019ultima riveste per l\u2019essere umano.<\/p><div id=\"ilnot-2957145213\" class=\"ilnot-contenuto_2 ilnot-entity-placement\"><div class=\"ads-wrapper\">\n<div class=\"ad-slot\">\n   <div id=\"ilnot-3154223967\" style=\"margin-right: auto;margin-left: auto;text-align: center;width: 320px;height: 100px;\"><a href=\"https:\/\/www.scuolasicurezza.it\/\"><img decoding=\"async\" src=\"https:\/\/www.ilnotiziario.net\/wp\/wp-content\/uploads\/2026\/04\/IlNotiziario_banner-sito-e-newsletter-320-x-100-px-1.gif\" alt=\"\"><\/a><\/div>\n  <\/div>\n<div class=\"ad-slot\">\n   <div id=\"ilnot-3868374922\" style=\"margin-right: auto;margin-left: auto;text-align: center;width: 320px;height: 100px;\"><a href=\"https:\/\/purodesignarredamenti.com\/\"><img decoding=\"async\" src=\"https:\/\/www.ilnotiziario.net\/wp\/wp-content\/uploads\/2026\/04\/banner-puro-ok.gif\" alt=\"whatsapp\"><\/a><\/div><\/p><\/div>\n<\/div>\n<\/div>\n<p>Il primo pasto della giornata infatti, non \u00e8 pi\u00f9 un morso di sfuggita ad una brioche o un caff\u00e8 preso al volo ma, come dimostra la tendenza internazionale del Breakslow, diventa un momento rituale da condividere.<\/p>\n<p>E cosa c\u2019\u00e8 di meglio per la Giornata Mondiale della Felicit\u00e0 del 20 marzo se non regalarsi una dose di buon umore condividendo la colazione con il proprio partner o con la famiglia seduti tranquillamente a tavola?<\/p>\n<p>E\u2019 quanto emerge da uno studio condotto da Isola Bio Lab, l\u2019osservatorio che analizza i trend legati al mondo della colazione, attraverso un monitoraggio di oltre 200 fonti e un pool di 30 esperti fra psicologi e nutrizionisti.<\/p><div id=\"ilnot-2500156096\" class=\"ilnot-contenuto_2-2 ilnot-entity-placement\"><div class=\"gptslot\" data-adunitid=\"2\"><\/div>\n<\/div>\n<p>Dalle star di Hollywood, come Blake Lively e Richard Branson, ad esperti internazionali e libri \u201cad hoc\u201d: sono tanti gli esempi che testimoniano che il fare una sana e corretta colazione sia una delle tante strade che portano ad essere felici.<\/p>\n<p>Esserlo, infatti, \u00e8 una scelta che non dipende da nessun fattore esterno, ma esclusivamente da se stessi.<br \/>\nLa colazione pu\u00f2 predisporre l\u2019individuo ad affrontare un giorno positivamente, all\u2019insegna della felicit\u00e0.<\/p>\n<p>Questo \u00e8 il pensiero di Tim Sharp, psicologo e professore presso la UTS School of Management e Chief Happiness Officer di The Happiness Institute, organizzazione australiana che punta ad accrescere la felicit\u00e0 nei singoli, nelle famiglie e nelle aziende.<\/p><div id=\"ilnot-4249797946\" class=\"ilnot-contenuto_2-2-2 ilnot-entity-placement\"><div class=\"gptslot\" data-adunitid=\"3\"><\/div>\n<\/div>\n<p>Ci\u00f2 che facciamo come prima cosa alla mattina detta generalmente il ritmo al resto della giornata. Iniziare bene crea energia positiva e si predispone l\u2019individuo ad essere pi\u00f9 felice e produttivo.<\/p>\n<p>Se, invece, non si \u00e8 soliti farla si potrebbe pensare alla colazione come un momento da dedicare a se stessi e per prepararsi alla giornata che sta per cominciare\u201d.<\/p>\n<p>Facendo una sana colazione in maniera positiva, si \u201cinvia\u201d un messaggio all\u2019individuo, un avvertimento di rispetto per il proprio corpo e che si vuole prendere cura della propria salute e benessere.<\/p><div id=\"ilnot-270588159\" class=\"ilnot-contenuto_2-2-2-2 ilnot-entity-placement\"><div class=\"gptslot\" data-adunitid=\"4\"><\/div>\n<\/div>\n<p>In un articolo di Ketteringhealth.org, intitolato \u201cI benefici della colazione\u201d, con fonti American Heart Association, Harvard School of Public Health, American Journal of Clinical Nutrition e Academy of Nutrition and Dietetics, si parla anche di felicit\u00e0.<\/p>\n<p>Facendo colazione, infatti, l\u2019individuo pu\u00f2 stimolare il proprio umore: chi ha la pancia piena, alla mattina, tende ad essere pi\u00f9 felice e meno irritabile rispetto a chi ha crampi allo stomaco a causa della fame.<\/p><div id=\"ilnot-3101527980\" class=\"ilnot-contenuto_2-2-2-2-2 ilnot-entity-placement\"><div class=\"gptslot\" data-adunitid=\"5\"><\/div>\n<\/div>\n<p>Saltare il primo pasto della giornata, infatti, pu\u00f2 far sentire l\u2019essere umano stanco, nervoso ed irritabile.<\/p>\n<p>E\u2019 consigliabile, quindi, iniziare il giorno con una sana colazione per avere un atteggiamento pi\u00f9 positivo ed ottimista.<\/p>\n<p>\u201cLa prima colazione \u2013 dichiara Luca Piretta, gastroenterologo e nutrizionista presso l\u2019Universit\u00e0 Campus Biomedico di Roma \u2013 \u00e8 probabilmente il pasto pi\u00f9 importante della giornata, in quanto si realizza dopo il digiuno notturno.<\/p>\n<p>Farla, inoltre, aiuta a prevenire l\u2019obesit\u00e0&#8221;.<\/p><div id=\"ilnot-873636722\" class=\"ilnot-contenuto_2-2-2-2-2-2 ilnot-entity-placement\"><div class=\"gptslot\" data-adunitid=\"6\"><\/div>\n<\/div>\n<p>Fare una sana colazione non solo migliora il rendimento scolastico e lavorativo di ragazzi e adulti, ma facilita anche il buon umore.<\/p>\n<p>Alcuni consigli su come farla bene? E\u2019 preferibile quella dolce, con un mix tra carboidrati a lento rilascio e quelli a rapido utilizzo, come per esempio il pane e la marmellata.<\/p>\n<p>I cereali, inoltre, sono importanti in quanto forniscono \u2018energia\u2019 pulita per l\u2019organismo: quelli integrali, con fibra, aumentano l\u2019apporto di sali minerali, vitamine e fibre. Non deve poi mai mancare la frutta fresca e, soprattutto, deve essere consumata stando seduti a tavola e non di corsa, in piedi.<\/p><div id=\"ilnot-2553180915\" class=\"ilnot-contenuto_2-2-2-2-2-2-2 ilnot-entity-placement\"><div class=\"gptslot\" data-adunitid=\"7\"><\/div>\n<\/div>\n<p>Tra le celebrities internazionali ci sono molti \u201cbreakfast addicted\u201d e, uno fra questi, \u00e8 Richard Branson.<\/p>\n<p>Il miliardario americano, celebre per aver creato la galassia Virgin, secondo quanto si legge su Business Insider adora fare una colazione leggera a base di frutta e muesli, trascorrendo del tempo con la propria famiglia.<\/p>\n<p>La modella e blogger statunitense Karlie Kloss, invece, come riporta Cosmopolitan, \u00e8 amante della colazione all\u2019italiana.<\/p><div id=\"ilnot-750034069\" class=\"ilnot-contenuto_2-2-2-2-2-2-2-2 ilnot-entity-placement\"><div class=\"gptslot\" data-adunitid=\"8\"><\/div>\n<\/div>\n<p>Andrew Dalby, storico, linguista e traduttore, ha pubblicato un libro dal titolo \u201cThe Breakfast Book\u201d.<\/p>\n<p>Il pi\u00f9 importante pasto della giornata \u00e8 anche uno fra i pi\u00f9 diversi: la colazione cambia da famiglia a famiglia e da regione a regione, anche se le persone tendono a mangiare le stesse cose ogni giorno.<\/p>\n<p>Dalla colazione americana a quella giapponese, passando per l\u2019inglese e la spagnola: il volume narra le diverse storie nel tentativo di individuare le pi\u00f9 svariate modalit\u00e0 di fare colazione alla mattina.<\/p>\n","protected":false},"excerpt":{"rendered":"<p>Svegliarsi la mattina e fare colazione, sulla scia del Breakslow, la tendenza che trasforma il primo pasto della giornata in un momento di gratificazione e condivisione, contribuisce al buon umore portando felicit\u00e0 ed energia \u201cUno non pu\u00f2 pensare bene, amare bene, dormire bene se non ha mangiato bene\u201d. Chiss\u00e0 se, con questa citazione, Virginia Woolf<\/p>\n","protected":false},"author":14,"featured_media":32538,"comment_status":"closed","ping_status":"closed","sticky":false,"template":"","format":"standard","meta":{"footnotes":""},"categories":[4193],"tags":[5952,5948],"class_list":{"0":"post-32537","1":"post","2":"type-post","3":"status-publish","4":"format-standard","5":"has-post-thumbnail","7":"category-buonoasapersi","8":"tag-colazione","9":"tag-felicita"},"yoast_head":"<!-- This site is optimized with the Yoast SEO plugin v27.4 - https:\/\/yoast.com\/product\/yoast-seo-wordpress\/ -->\n<title>Volete essere felici? Iniziate dalla colazione - Il Notiziario<\/title>\n<meta name=\"description\" content=\"Svegliarsi la mattina e fare colazione, sulla scia del Breakslow, la tendenza che trasforma il primo pasto della giornata in un momento di gratificazione\" \/>\n<meta name=\"robots\" content=\"index, follow, max-snippet:-1, max-image-preview:large, max-video-preview:-1\" \/>\n<link rel=\"canonical\" href=\"https:\/\/www.ilnotiziario.net\/wp\/buonoasapersi\/volete-essere-felici-iniziate-dalla-colazione\/\" \/>\n<meta property=\"og:locale\" content=\"it_IT\" \/>\n<meta property=\"og:type\" content=\"article\" \/>\n<meta property=\"og:title\" content=\"Volete essere felici? Iniziate dalla colazione - Il Notiziario\" \/>\n<meta property=\"og:description\" content=\"Svegliarsi la mattina e fare colazione, sulla scia del Breakslow, la tendenza che trasforma il primo pasto della giornata in un momento di gratificazione\" \/>\n<meta property=\"og:url\" content=\"https:\/\/www.ilnotiziario.net\/wp\/buonoasapersi\/volete-essere-felici-iniziate-dalla-colazione\/\" \/>\n<meta property=\"og:site_name\" content=\"Il Notiziario\" \/>\n<meta property=\"article:publisher\" content=\"https:\/\/www.facebook.com\/ilnotiziarioind\/\" \/>\n<meta property=\"article:published_time\" content=\"2019-03-19T18:04:51+00:00\" \/>\n<meta property=\"og:image\" content=\"https:\/\/www.ilnotiziario.net\/wp\/wp-content\/uploads\/2019\/03\/breakfast-923928_960_720.jpg\" \/>\n\t<meta property=\"og:image:width\" content=\"960\" \/>\n\t<meta property=\"og:image:height\" content=\"720\" \/>\n\t<meta property=\"og:image:type\" content=\"image\/jpeg\" \/>\n<meta name=\"author\" content=\"Silvia Citterio\" \/>\n<meta name=\"twitter:card\" content=\"summary_large_image\" \/>\n<meta name=\"twitter:creator\" content=\"@ilNotiziarioInd\" \/>\n<meta name=\"twitter:site\" content=\"@ilNotiziarioInd\" \/>\n<meta name=\"twitter:label1\" content=\"Scritto da\" \/>\n\t<meta name=\"twitter:data1\" content=\"Silvia Citterio\" \/>\n\t<meta name=\"twitter:label2\" content=\"Tempo di lettura stimato\" \/>\n\t<meta name=\"twitter:data2\" content=\"4 minuti\" \/>\n<script type=\"application\/ld+json\" class=\"yoast-schema-graph\">{\"@context\":\"https:\\\/\\\/schema.org\",\"@graph\":[{\"@type\":\"Article\",\"@id\":\"https:\\\/\\\/www.ilnotiziario.net\\\/wp\\\/buonoasapersi\\\/volete-essere-felici-iniziate-dalla-colazione\\\/#article\",\"isPartOf\":{\"@id\":\"https:\\\/\\\/www.ilnotiziario.net\\\/wp\\\/buonoasapersi\\\/volete-essere-felici-iniziate-dalla-colazione\\\/\"},\"author\":{\"name\":\"Silvia Citterio\",\"@id\":\"https:\\\/\\\/www.ilnotiziario.net\\\/wp\\\/#\\\/schema\\\/person\\\/c5bca2edc3d99d29959f04a6126f687b\"},\"headline\":\"Volete essere felici? Iniziate dalla colazione\",\"datePublished\":\"2019-03-19T18:04:51+00:00\",\"mainEntityOfPage\":{\"@id\":\"https:\\\/\\\/www.ilnotiziario.net\\\/wp\\\/buonoasapersi\\\/volete-essere-felici-iniziate-dalla-colazione\\\/\"},\"wordCount\":784,\"publisher\":{\"@id\":\"https:\\\/\\\/www.ilnotiziario.net\\\/wp\\\/#organization\"},\"image\":{\"@id\":\"https:\\\/\\\/www.ilnotiziario.net\\\/wp\\\/buonoasapersi\\\/volete-essere-felici-iniziate-dalla-colazione\\\/#primaryimage\"},\"thumbnailUrl\":\"https:\\\/\\\/www.ilnotiziario.net\\\/wp\\\/wp-content\\\/uploads\\\/2019\\\/03\\\/breakfast-923928_960_720.jpg\",\"keywords\":[\"colazione\",\"Felicit\u00e0\"],\"articleSection\":[\"BUONO A SAPERSI\"],\"inLanguage\":\"it-IT\"},{\"@type\":\"WebPage\",\"@id\":\"https:\\\/\\\/www.ilnotiziario.net\\\/wp\\\/buonoasapersi\\\/volete-essere-felici-iniziate-dalla-colazione\\\/\",\"url\":\"https:\\\/\\\/www.ilnotiziario.net\\\/wp\\\/buonoasapersi\\\/volete-essere-felici-iniziate-dalla-colazione\\\/\",\"name\":\"Volete essere felici? Iniziate dalla colazione - Il Notiziario\",\"isPartOf\":{\"@id\":\"https:\\\/\\\/www.ilnotiziario.net\\\/wp\\\/#website\"},\"primaryImageOfPage\":{\"@id\":\"https:\\\/\\\/www.ilnotiziario.net\\\/wp\\\/buonoasapersi\\\/volete-essere-felici-iniziate-dalla-colazione\\\/#primaryimage\"},\"image\":{\"@id\":\"https:\\\/\\\/www.ilnotiziario.net\\\/wp\\\/buonoasapersi\\\/volete-essere-felici-iniziate-dalla-colazione\\\/#primaryimage\"},\"thumbnailUrl\":\"https:\\\/\\\/www.ilnotiziario.net\\\/wp\\\/wp-content\\\/uploads\\\/2019\\\/03\\\/breakfast-923928_960_720.jpg\",\"datePublished\":\"2019-03-19T18:04:51+00:00\",\"description\":\"Svegliarsi la mattina e fare colazione, sulla scia del Breakslow, la tendenza che trasforma il primo pasto della giornata in un momento di gratificazione\",\"breadcrumb\":{\"@id\":\"https:\\\/\\\/www.ilnotiziario.net\\\/wp\\\/buonoasapersi\\\/volete-essere-felici-iniziate-dalla-colazione\\\/#breadcrumb\"},\"inLanguage\":\"it-IT\",\"potentialAction\":[{\"@type\":\"ReadAction\",\"target\":[\"https:\\\/\\\/www.ilnotiziario.net\\\/wp\\\/buonoasapersi\\\/volete-essere-felici-iniziate-dalla-colazione\\\/\"]}]},{\"@type\":\"ImageObject\",\"inLanguage\":\"it-IT\",\"@id\":\"https:\\\/\\\/www.ilnotiziario.net\\\/wp\\\/buonoasapersi\\\/volete-essere-felici-iniziate-dalla-colazione\\\/#primaryimage\",\"url\":\"https:\\\/\\\/www.ilnotiziario.net\\\/wp\\\/wp-content\\\/uploads\\\/2019\\\/03\\\/breakfast-923928_960_720.jpg\",\"contentUrl\":\"https:\\\/\\\/www.ilnotiziario.net\\\/wp\\\/wp-content\\\/uploads\\\/2019\\\/03\\\/breakfast-923928_960_720.jpg\",\"width\":960,\"height\":720},{\"@type\":\"BreadcrumbList\",\"@id\":\"https:\\\/\\\/www.ilnotiziario.net\\\/wp\\\/buonoasapersi\\\/volete-essere-felici-iniziate-dalla-colazione\\\/#breadcrumb\",\"itemListElement\":[{\"@type\":\"ListItem\",\"position\":1,\"name\":\"tds_text_logo_tagline_colortds_text_logo_tagline_colortds_text_logo_tagline_colortds_text_logo_tagline_colortd_module_7_title_excerpttd_module_7_title_excerpttd_module_7_title_excerpttd_module_7_title_excerptHome\",\"item\":\"https:\\\/\\\/www.ilnotiziario.net\\\/wp\\\/\"},{\"@type\":\"ListItem\",\"position\":2,\"name\":\"Volete essere felici? Iniziate dalla colazione\"}]},{\"@type\":\"WebSite\",\"@id\":\"https:\\\/\\\/www.ilnotiziario.net\\\/wp\\\/#website\",\"url\":\"https:\\\/\\\/www.ilnotiziario.net\\\/wp\\\/\",\"name\":\"Il Notiziario\",\"description\":\"Per restare sempre connessi alla notizia\",\"publisher\":{\"@id\":\"https:\\\/\\\/www.ilnotiziario.net\\\/wp\\\/#organization\"},\"alternateName\":\"Il Notiziario Bollate\",\"potentialAction\":[{\"@type\":\"SearchAction\",\"target\":{\"@type\":\"EntryPoint\",\"urlTemplate\":\"https:\\\/\\\/www.ilnotiziario.net\\\/wp\\\/?s={search_term_string}\"},\"query-input\":{\"@type\":\"PropertyValueSpecification\",\"valueRequired\":true,\"valueName\":\"search_term_string\"}}],\"inLanguage\":\"it-IT\"},{\"@type\":\"Organization\",\"@id\":\"https:\\\/\\\/www.ilnotiziario.net\\\/wp\\\/#organization\",\"name\":\"Il Notiziario\",\"url\":\"https:\\\/\\\/www.ilnotiziario.net\\\/wp\\\/\",\"logo\":{\"@type\":\"ImageObject\",\"inLanguage\":\"it-IT\",\"@id\":\"https:\\\/\\\/www.ilnotiziario.net\\\/wp\\\/#\\\/schema\\\/logo\\\/image\\\/\",\"url\":\"https:\\\/\\\/www.ilnotiziario.net\\\/wp\\\/wp-content\\\/uploads\\\/2022\\\/06\\\/170x170ilN.png\",\"contentUrl\":\"https:\\\/\\\/www.ilnotiziario.net\\\/wp\\\/wp-content\\\/uploads\\\/2022\\\/06\\\/170x170ilN.png\",\"width\":355,\"height\":355,\"caption\":\"Il Notiziario\"},\"image\":{\"@id\":\"https:\\\/\\\/www.ilnotiziario.net\\\/wp\\\/#\\\/schema\\\/logo\\\/image\\\/\"},\"sameAs\":[\"https:\\\/\\\/www.facebook.com\\\/ilnotiziarioind\\\/\",\"https:\\\/\\\/x.com\\\/ilNotiziarioInd\",\"https:\\\/\\\/www.instagram.com\\\/ilnotiziario_settimanale\\\/\"]},{\"@type\":\"Person\",\"@id\":\"https:\\\/\\\/www.ilnotiziario.net\\\/wp\\\/#\\\/schema\\\/person\\\/c5bca2edc3d99d29959f04a6126f687b\",\"name\":\"Silvia Citterio\",\"image\":{\"@type\":\"ImageObject\",\"inLanguage\":\"it-IT\",\"@id\":\"https:\\\/\\\/secure.gravatar.com\\\/avatar\\\/03eb19c63b944e79a9b5ce53ca5d1ca303edcf368a68721ec3ccaae7f98c5afd?s=96&d=mm&r=g\",\"url\":\"https:\\\/\\\/secure.gravatar.com\\\/avatar\\\/03eb19c63b944e79a9b5ce53ca5d1ca303edcf368a68721ec3ccaae7f98c5afd?s=96&d=mm&r=g\",\"contentUrl\":\"https:\\\/\\\/secure.gravatar.com\\\/avatar\\\/03eb19c63b944e79a9b5ce53ca5d1ca303edcf368a68721ec3ccaae7f98c5afd?s=96&d=mm&r=g\",\"caption\":\"Silvia Citterio\"}}]}<\/script>\n<!-- \/ Yoast SEO plugin. -->","yoast_head_json":{"title":"Volete essere felici? Iniziate dalla colazione - Il Notiziario","description":"Svegliarsi la mattina e fare colazione, sulla scia del Breakslow, la tendenza che trasforma il primo pasto della giornata in un momento di gratificazione","robots":{"index":"index","follow":"follow","max-snippet":"max-snippet:-1","max-image-preview":"max-image-preview:large","max-video-preview":"max-video-preview:-1"},"canonical":"https:\/\/www.ilnotiziario.net\/wp\/buonoasapersi\/volete-essere-felici-iniziate-dalla-colazione\/","og_locale":"it_IT","og_type":"article","og_title":"Volete essere felici? Iniziate dalla colazione - Il Notiziario","og_description":"Svegliarsi la mattina e fare colazione, sulla scia del Breakslow, la tendenza che trasforma il primo pasto della giornata in un momento di gratificazione","og_url":"https:\/\/www.ilnotiziario.net\/wp\/buonoasapersi\/volete-essere-felici-iniziate-dalla-colazione\/","og_site_name":"Il Notiziario","article_publisher":"https:\/\/www.facebook.com\/ilnotiziarioind\/","article_published_time":"2019-03-19T18:04:51+00:00","og_image":[{"width":960,"height":720,"url":"https:\/\/www.ilnotiziario.net\/wp\/wp-content\/uploads\/2019\/03\/breakfast-923928_960_720.jpg","type":"image\/jpeg"}],"author":"Silvia Citterio","twitter_card":"summary_large_image","twitter_creator":"@ilNotiziarioInd","twitter_site":"@ilNotiziarioInd","twitter_misc":{"Scritto da":"Silvia Citterio","Tempo di lettura stimato":"4 minuti"},"schema":{"@context":"https:\/\/schema.org","@graph":[{"@type":"Article","@id":"https:\/\/www.ilnotiziario.net\/wp\/buonoasapersi\/volete-essere-felici-iniziate-dalla-colazione\/#article","isPartOf":{"@id":"https:\/\/www.ilnotiziario.net\/wp\/buonoasapersi\/volete-essere-felici-iniziate-dalla-colazione\/"},"author":{"name":"Silvia Citterio","@id":"https:\/\/www.ilnotiziario.net\/wp\/#\/schema\/person\/c5bca2edc3d99d29959f04a6126f687b"},"headline":"Volete essere felici? Iniziate dalla colazione","datePublished":"2019-03-19T18:04:51+00:00","mainEntityOfPage":{"@id":"https:\/\/www.ilnotiziario.net\/wp\/buonoasapersi\/volete-essere-felici-iniziate-dalla-colazione\/"},"wordCount":784,"publisher":{"@id":"https:\/\/www.ilnotiziario.net\/wp\/#organization"},"image":{"@id":"https:\/\/www.ilnotiziario.net\/wp\/buonoasapersi\/volete-essere-felici-iniziate-dalla-colazione\/#primaryimage"},"thumbnailUrl":"https:\/\/www.ilnotiziario.net\/wp\/wp-content\/uploads\/2019\/03\/breakfast-923928_960_720.jpg","keywords":["colazione","Felicit\u00e0"],"articleSection":["BUONO A SAPERSI"],"inLanguage":"it-IT"},{"@type":"WebPage","@id":"https:\/\/www.ilnotiziario.net\/wp\/buonoasapersi\/volete-essere-felici-iniziate-dalla-colazione\/","url":"https:\/\/www.ilnotiziario.net\/wp\/buonoasapersi\/volete-essere-felici-iniziate-dalla-colazione\/","name":"Volete essere felici? Iniziate dalla colazione - Il Notiziario","isPartOf":{"@id":"https:\/\/www.ilnotiziario.net\/wp\/#website"},"primaryImageOfPage":{"@id":"https:\/\/www.ilnotiziario.net\/wp\/buonoasapersi\/volete-essere-felici-iniziate-dalla-colazione\/#primaryimage"},"image":{"@id":"https:\/\/www.ilnotiziario.net\/wp\/buonoasapersi\/volete-essere-felici-iniziate-dalla-colazione\/#primaryimage"},"thumbnailUrl":"https:\/\/www.ilnotiziario.net\/wp\/wp-content\/uploads\/2019\/03\/breakfast-923928_960_720.jpg","datePublished":"2019-03-19T18:04:51+00:00","description":"Svegliarsi la mattina e fare colazione, sulla scia del Breakslow, la tendenza che trasforma il primo pasto della giornata in un momento di gratificazione","breadcrumb":{"@id":"https:\/\/www.ilnotiziario.net\/wp\/buonoasapersi\/volete-essere-felici-iniziate-dalla-colazione\/#breadcrumb"},"inLanguage":"it-IT","potentialAction":[{"@type":"ReadAction","target":["https:\/\/www.ilnotiziario.net\/wp\/buonoasapersi\/volete-essere-felici-iniziate-dalla-colazione\/"]}]},{"@type":"ImageObject","inLanguage":"it-IT","@id":"https:\/\/www.ilnotiziario.net\/wp\/buonoasapersi\/volete-essere-felici-iniziate-dalla-colazione\/#primaryimage","url":"https:\/\/www.ilnotiziario.net\/wp\/wp-content\/uploads\/2019\/03\/breakfast-923928_960_720.jpg","contentUrl":"https:\/\/www.ilnotiziario.net\/wp\/wp-content\/uploads\/2019\/03\/breakfast-923928_960_720.jpg","width":960,"height":720},{"@type":"BreadcrumbList","@id":"https:\/\/www.ilnotiziario.net\/wp\/buonoasapersi\/volete-essere-felici-iniziate-dalla-colazione\/#breadcrumb","itemListElement":[{"@type":"ListItem","position":1,"name":"tds_text_logo_tagline_colortds_text_logo_tagline_colortds_text_logo_tagline_colortds_text_logo_tagline_colortd_module_7_title_excerpttd_module_7_title_excerpttd_module_7_title_excerpttd_module_7_title_excerptHome","item":"https:\/\/www.ilnotiziario.net\/wp\/"},{"@type":"ListItem","position":2,"name":"Volete essere felici? Iniziate dalla colazione"}]},{"@type":"WebSite","@id":"https:\/\/www.ilnotiziario.net\/wp\/#website","url":"https:\/\/www.ilnotiziario.net\/wp\/","name":"Il Notiziario","description":"Per restare sempre connessi alla notizia","publisher":{"@id":"https:\/\/www.ilnotiziario.net\/wp\/#organization"},"alternateName":"Il Notiziario Bollate","potentialAction":[{"@type":"SearchAction","target":{"@type":"EntryPoint","urlTemplate":"https:\/\/www.ilnotiziario.net\/wp\/?s={search_term_string}"},"query-input":{"@type":"PropertyValueSpecification","valueRequired":true,"valueName":"search_term_string"}}],"inLanguage":"it-IT"},{"@type":"Organization","@id":"https:\/\/www.ilnotiziario.net\/wp\/#organization","name":"Il Notiziario","url":"https:\/\/www.ilnotiziario.net\/wp\/","logo":{"@type":"ImageObject","inLanguage":"it-IT","@id":"https:\/\/www.ilnotiziario.net\/wp\/#\/schema\/logo\/image\/","url":"https:\/\/www.ilnotiziario.net\/wp\/wp-content\/uploads\/2022\/06\/170x170ilN.png","contentUrl":"https:\/\/www.ilnotiziario.net\/wp\/wp-content\/uploads\/2022\/06\/170x170ilN.png","width":355,"height":355,"caption":"Il Notiziario"},"image":{"@id":"https:\/\/www.ilnotiziario.net\/wp\/#\/schema\/logo\/image\/"},"sameAs":["https:\/\/www.facebook.com\/ilnotiziarioind\/","https:\/\/x.com\/ilNotiziarioInd","https:\/\/www.instagram.com\/ilnotiziario_settimanale\/"]},{"@type":"Person","@id":"https:\/\/www.ilnotiziario.net\/wp\/#\/schema\/person\/c5bca2edc3d99d29959f04a6126f687b","name":"Silvia Citterio","image":{"@type":"ImageObject","inLanguage":"it-IT","@id":"https:\/\/secure.gravatar.com\/avatar\/03eb19c63b944e79a9b5ce53ca5d1ca303edcf368a68721ec3ccaae7f98c5afd?s=96&d=mm&r=g","url":"https:\/\/secure.gravatar.com\/avatar\/03eb19c63b944e79a9b5ce53ca5d1ca303edcf368a68721ec3ccaae7f98c5afd?s=96&d=mm&r=g","contentUrl":"https:\/\/secure.gravatar.com\/avatar\/03eb19c63b944e79a9b5ce53ca5d1ca303edcf368a68721ec3ccaae7f98c5afd?s=96&d=mm&r=g","caption":"Silvia Citterio"}}]}},"_links":{"self":[{"href":"https:\/\/www.ilnotiziario.net\/wp\/wp-json\/wp\/v2\/posts\/32537","targetHints":{"allow":["GET"]}}],"collection":[{"href":"https:\/\/www.ilnotiziario.net\/wp\/wp-json\/wp\/v2\/posts"}],"about":[{"href":"https:\/\/www.ilnotiziario.net\/wp\/wp-json\/wp\/v2\/types\/post"}],"author":[{"embeddable":true,"href":"https:\/\/www.ilnotiziario.net\/wp\/wp-json\/wp\/v2\/users\/14"}],"replies":[{"embeddable":true,"href":"https:\/\/www.ilnotiziario.net\/wp\/wp-json\/wp\/v2\/comments?post=32537"}],"version-history":[{"count":0,"href":"https:\/\/www.ilnotiziario.net\/wp\/wp-json\/wp\/v2\/posts\/32537\/revisions"}],"wp:featuredmedia":[{"embeddable":true,"href":"https:\/\/www.ilnotiziario.net\/wp\/wp-json\/wp\/v2\/media\/32538"}],"wp:attachment":[{"href":"https:\/\/www.ilnotiziario.net\/wp\/wp-json\/wp\/v2\/media?parent=32537"}],"wp:term":[{"taxonomy":"category","embeddable":true,"href":"https:\/\/www.ilnotiziario.net\/wp\/wp-json\/wp\/v2\/categories?post=32537"},{"taxonomy":"post_tag","embeddable":true,"href":"https:\/\/www.ilnotiziario.net\/wp\/wp-json\/wp\/v2\/tags?post=32537"}],"curies":[{"name":"wp","href":"https:\/\/api.w.org\/{rel}","templated":true}]}}