{"id":34562,"date":"2019-05-28T15:54:43","date_gmt":"2019-05-28T13:54:43","guid":{"rendered":"https:\/\/www.ilnotiziario.net\/?p=34562"},"modified":"2019-05-28T16:00:11","modified_gmt":"2019-05-28T14:00:11","slug":"chiedi-cosa-sono-capace-di-fare-terrorizzava-la-ex-51enne-arrestato-a-milano","status":"publish","type":"post","link":"https:\/\/www.ilnotiziario.net\/wp\/lombardia\/chiedi-cosa-sono-capace-di-fare-terrorizzava-la-ex-51enne-arrestato-a-milano\/","title":{"rendered":"&#8220;Chiedi cosa sono capace di fare\u2026&#8221; Terrorizzava  la ex, 51enne arrestato a Milano"},"content":{"rendered":"<p><img decoding=\"async\" class=\"aligncenter size-medium wp-image-19551\" src=\"https:\/\/www.ilnotiziario.net\/wp\/wp-content\/uploads\/2017\/10\/polizia-1-300x164.jpg\" alt=\"Polizia\" width=\"300\" height=\"164\" srcset=\"https:\/\/www.ilnotiziario.net\/wp\/wp-content\/uploads\/2017\/10\/polizia-1-300x164.jpg 300w, https:\/\/www.ilnotiziario.net\/wp\/wp-content\/uploads\/2017\/10\/polizia-1-768x421.jpg 768w, https:\/\/www.ilnotiziario.net\/wp\/wp-content\/uploads\/2017\/10\/polizia-1-120x67.jpg 120w, https:\/\/www.ilnotiziario.net\/wp\/wp-content\/uploads\/2017\/10\/polizia-1.jpg 850w\" sizes=\"(max-width: 300px) 100vw, 300px\" \/>Ieri pomeriggio la Polizia di Stato <strong>ha arrestato a Milano un 51enne italiano, pluripregiudicato, per atti persecutori<\/strong> nei confronti della sua ex fidanzata.<\/p><div id=\"ilnot-867797292\" class=\"ilnot-contenuto ilnot-entity-placement\"><p><!-- incontent_1 --><\/p>\n<div class=\"gptslot\" data-adunitid=\"1\"><\/div>\n<\/div>\n<p>La donna, 50enne italiana, ha telefonato in lacrime agli uffici della Divisione Anticrimine della Questura di Milano, riferendo che il suo ex,<strong> per l\u2019ennesima volta, era davanti al negozio dove lei lavora,<\/strong> tentando di entrarvi per convincerla a tornare insieme.<\/p>\n<p>E\u2019 stata inviata una volante sul posto che ha bloccato il soggetto, ascoltando la donna che era dentro il negozio.<\/p><div id=\"ilnot-1527575839\" class=\"ilnot-contenuto_2 ilnot-entity-placement\"><div class=\"ads-wrapper\">\n<div class=\"ad-slot\">\n   <div id=\"ilnot-893399586\" style=\"margin-right: auto;margin-left: auto;text-align: center;width: 320px;height: 100px;\"><a href=\"https:\/\/www.scuolasicurezza.it\/\"><img decoding=\"async\" src=\"https:\/\/www.ilnotiziario.net\/wp\/wp-content\/uploads\/2026\/04\/IlNotiziario_banner-sito-e-newsletter-320-x-100-px-1.gif\" alt=\"\"><\/a><\/div>\n  <\/div>\n<div class=\"ad-slot\">\n   <div id=\"ilnot-1827696400\" style=\"margin-right: auto;margin-left: auto;text-align: center;width: 320px;height: 100px;\"><a href=\"https:\/\/purodesignarredamenti.com\/\"><img decoding=\"async\" src=\"https:\/\/www.ilnotiziario.net\/wp\/wp-content\/uploads\/2026\/04\/banner-puro-ok.gif\" alt=\"whatsapp\"><\/a><\/div><\/p><\/div>\n<\/div>\n<\/div>\n<p>L\u2019uomo, con precedenti per spaccio, rapine, furto, estorsione e resistenza a pubblico ufficiale, nonch\u00e9 sottoposto alla misura Sorveglianza Speciale, diceva di voler solo invitare la donna a mangiare un gelato.<\/p>\n<p><strong>Ma dal racconto della vittima \u00e8 emerso un quadro inquietante.<\/strong><\/p>\n<p>Dalla fine della relazione, nel marzo 2019,<strong> l\u2019uomo molestava la donna, ed in alcuni casi aveva anche usato violenza fisica nei suoi confronti.<\/strong><\/p><div id=\"ilnot-95685192\" class=\"ilnot-contenuto_2-2 ilnot-entity-placement\"><div class=\"gptslot\" data-adunitid=\"2\"><\/div>\n<\/div>\n<p>L\u2019atteggiamento persecutorio dell\u2019uomo si \u00e8 esteso anche all\u2019ambito social; il 51enne <strong>diverse volte ha minacciato la ex tramite chat, fino a postare, taggandola, un video di momenti intimi tra i due sul profilo di un amico.<\/strong><\/p>\n<p>Tra le minacce pi\u00f9 recenti rivolte alla donna e da questa conservata anche le seguenti frasi.<br \/>\n\u201c[\u2026] la tempesta non \u00e8 ancora passata, quando passer\u00e0 non ti rimarr\u00e0 pi\u00f9 niente\u201d<br \/>\n\u201cchiedi anche ai tuoi amici Carabinieri e Polizia cosa sono capace di fare\u201d<br \/>\n\u201cnon ho mica fatto 27 anni di galera da innocente e non ho neanche paura di tornarci. Tempo al tempo\u2026\u201d<\/p>\n<p>La donna <strong>ha tenuto traccia di tutti i comportamenti dell\u2019uomo<\/strong>, registrando le telefonate minatorie, documentando e raccontando con grande chiarezza ai poliziotti della Divisione Anticrimine tutta la propria storia.<\/p><div id=\"ilnot-576093848\" class=\"ilnot-contenuto_2-2-2 ilnot-entity-placement\"><div class=\"gptslot\" data-adunitid=\"3\"><\/div>\n<\/div>\n<p>La gravit\u00e0 degli episodi raccontati e la pericolosit\u00e0 dell\u2019uomo, gi\u00e0 comprovata dai precedenti penali, ha indotto il personale dell\u2019<strong>Ufficio Stalking, Maltrattamenti e Minori della Questura di Milano<\/strong> ad avviare un procedimento penale e chiedere urgentemente l\u2019emissione di una misura cautelare a carico dell\u2019uomo.<\/p>\n<p>Tale misura si \u00e8 resa necessaria anche a seguito di una delle telefonate registrate dalla donna, dove <strong>lo stalker aveva espressamente minacciato ritorsioni:<\/strong><\/p>\n<p>\u201cSe entri in Questura, e io spero tu non lo faccia, se vengo chiamato solamente da un Carabiniere o da un Poliziotto per queste spiegazioni, tu \u00e8 meglio che cambi citt\u00e0 e mondo. Si \u00e8 una minaccia\u201d.<\/p><div id=\"ilnot-4022671158\" class=\"ilnot-contenuto_2-2-2-2 ilnot-entity-placement\"><div class=\"gptslot\" data-adunitid=\"4\"><\/div>\n<\/div>\n<p>Ieri pomeriggio l\u2019epilogo della vicenda grazie alla professionalit\u00e0 dei poliziotti della Divisione Anticrimine che hanno rassicurato la donna al telefono, mentre le volanti giungevano sul posto per arrestare l\u2019uomo.<\/p>\n","protected":false},"excerpt":{"rendered":"<p>Ieri pomeriggio la Polizia di Stato ha arrestato a Milano un 51enne italiano, pluripregiudicato, per atti persecutori nei confronti della sua ex fidanzata. La donna, 50enne italiana, ha telefonato in lacrime agli uffici della Divisione Anticrimine della Questura di Milano, riferendo che il suo ex, per l\u2019ennesima volta, era davanti al negozio dove lei lavora,<\/p>\n","protected":false},"author":3,"featured_media":22445,"comment_status":"closed","ping_status":"closed","sticky":false,"template":"","format":"standard","meta":{"footnotes":""},"categories":[3464],"tags":[4930,38,106,223,447],"class_list":{"0":"post-34562","1":"post","2":"type-post","3":"status-publish","4":"format-standard","5":"has-post-thumbnail","7":"category-lombardia","8":"tag-fidanzata","9":"tag-milano","10":"tag-minacce","11":"tag-polizia","12":"tag-stalker"},"yoast_head":"<!-- This site is optimized with the Yoast SEO plugin v27.4 - https:\/\/yoast.com\/product\/yoast-seo-wordpress\/ -->\n<title>&quot;Chiedi cosa sono capace di fare\u2026&quot; Terrorizzava la ex, 51enne arrestato a Milano - Il Notiziario<\/title>\n<meta name=\"description\" content=\"Ieri pomeriggio la Polizia di Stato ha arrestato a Milano un 51enne italiano, pluripregiudicato, per atti persecutori nei confronti della sua ex\" \/>\n<meta name=\"robots\" content=\"index, follow, max-snippet:-1, max-image-preview:large, max-video-preview:-1\" \/>\n<link rel=\"canonical\" href=\"https:\/\/www.ilnotiziario.net\/wp\/lombardia\/chiedi-cosa-sono-capace-di-fare-terrorizzava-la-ex-51enne-arrestato-a-milano\/\" \/>\n<meta property=\"og:locale\" content=\"it_IT\" \/>\n<meta property=\"og:type\" content=\"article\" \/>\n<meta property=\"og:title\" content=\"&quot;Chiedi cosa sono capace di fare\u2026&quot; Terrorizzava la ex, 51enne arrestato a Milano - Il Notiziario\" \/>\n<meta property=\"og:description\" content=\"Ieri pomeriggio la Polizia di Stato ha arrestato a Milano un 51enne italiano, pluripregiudicato, per atti persecutori nei confronti della sua ex\" \/>\n<meta property=\"og:url\" content=\"https:\/\/www.ilnotiziario.net\/wp\/lombardia\/chiedi-cosa-sono-capace-di-fare-terrorizzava-la-ex-51enne-arrestato-a-milano\/\" \/>\n<meta property=\"og:site_name\" content=\"Il Notiziario\" \/>\n<meta property=\"article:publisher\" content=\"https:\/\/www.facebook.com\/ilnotiziarioind\/\" \/>\n<meta property=\"article:published_time\" content=\"2019-05-28T13:54:43+00:00\" \/>\n<meta property=\"article:modified_time\" content=\"2019-05-28T14:00:11+00:00\" \/>\n<meta property=\"og:image\" content=\"https:\/\/www.ilnotiziario.net\/wp\/wp-content\/uploads\/2018\/01\/polizia-1.jpg\" \/>\n\t<meta property=\"og:image:width\" content=\"850\" \/>\n\t<meta property=\"og:image:height\" content=\"466\" \/>\n\t<meta property=\"og:image:type\" content=\"image\/jpeg\" \/>\n<meta name=\"author\" content=\"Gabriele Bassani\" \/>\n<meta name=\"twitter:card\" content=\"summary_large_image\" \/>\n<meta name=\"twitter:creator\" content=\"@ilNotiziarioInd\" \/>\n<meta name=\"twitter:site\" content=\"@ilNotiziarioInd\" \/>\n<meta name=\"twitter:label1\" content=\"Scritto da\" \/>\n\t<meta name=\"twitter:data1\" content=\"Gabriele Bassani\" \/>\n\t<meta name=\"twitter:label2\" content=\"Tempo di lettura stimato\" \/>\n\t<meta name=\"twitter:data2\" content=\"2 minuti\" \/>\n<script type=\"application\/ld+json\" class=\"yoast-schema-graph\">{\"@context\":\"https:\\\/\\\/schema.org\",\"@graph\":[{\"@type\":\"Article\",\"@id\":\"https:\\\/\\\/www.ilnotiziario.net\\\/wp\\\/lombardia\\\/chiedi-cosa-sono-capace-di-fare-terrorizzava-la-ex-51enne-arrestato-a-milano\\\/#article\",\"isPartOf\":{\"@id\":\"https:\\\/\\\/www.ilnotiziario.net\\\/wp\\\/lombardia\\\/chiedi-cosa-sono-capace-di-fare-terrorizzava-la-ex-51enne-arrestato-a-milano\\\/\"},\"author\":{\"name\":\"Gabriele Bassani\",\"@id\":\"https:\\\/\\\/www.ilnotiziario.net\\\/wp\\\/#\\\/schema\\\/person\\\/386e222908f898bb41c033989482bbf2\"},\"headline\":\"&#8220;Chiedi cosa sono capace di fare\u2026&#8221; Terrorizzava la ex, 51enne arrestato a Milano\",\"datePublished\":\"2019-05-28T13:54:43+00:00\",\"dateModified\":\"2019-05-28T14:00:11+00:00\",\"mainEntityOfPage\":{\"@id\":\"https:\\\/\\\/www.ilnotiziario.net\\\/wp\\\/lombardia\\\/chiedi-cosa-sono-capace-di-fare-terrorizzava-la-ex-51enne-arrestato-a-milano\\\/\"},\"wordCount\":423,\"publisher\":{\"@id\":\"https:\\\/\\\/www.ilnotiziario.net\\\/wp\\\/#organization\"},\"image\":{\"@id\":\"https:\\\/\\\/www.ilnotiziario.net\\\/wp\\\/lombardia\\\/chiedi-cosa-sono-capace-di-fare-terrorizzava-la-ex-51enne-arrestato-a-milano\\\/#primaryimage\"},\"thumbnailUrl\":\"https:\\\/\\\/www.ilnotiziario.net\\\/wp\\\/wp-content\\\/uploads\\\/2018\\\/01\\\/polizia-1.jpg\",\"keywords\":[\"fidanzata\",\"Milano\",\"minacce\",\"Polizia\",\"stalker\"],\"articleSection\":[\"CRONACA\"],\"inLanguage\":\"it-IT\"},{\"@type\":\"WebPage\",\"@id\":\"https:\\\/\\\/www.ilnotiziario.net\\\/wp\\\/lombardia\\\/chiedi-cosa-sono-capace-di-fare-terrorizzava-la-ex-51enne-arrestato-a-milano\\\/\",\"url\":\"https:\\\/\\\/www.ilnotiziario.net\\\/wp\\\/lombardia\\\/chiedi-cosa-sono-capace-di-fare-terrorizzava-la-ex-51enne-arrestato-a-milano\\\/\",\"name\":\"\\\"Chiedi cosa sono capace di fare\u2026\\\" Terrorizzava la ex, 51enne arrestato a Milano - Il Notiziario\",\"isPartOf\":{\"@id\":\"https:\\\/\\\/www.ilnotiziario.net\\\/wp\\\/#website\"},\"primaryImageOfPage\":{\"@id\":\"https:\\\/\\\/www.ilnotiziario.net\\\/wp\\\/lombardia\\\/chiedi-cosa-sono-capace-di-fare-terrorizzava-la-ex-51enne-arrestato-a-milano\\\/#primaryimage\"},\"image\":{\"@id\":\"https:\\\/\\\/www.ilnotiziario.net\\\/wp\\\/lombardia\\\/chiedi-cosa-sono-capace-di-fare-terrorizzava-la-ex-51enne-arrestato-a-milano\\\/#primaryimage\"},\"thumbnailUrl\":\"https:\\\/\\\/www.ilnotiziario.net\\\/wp\\\/wp-content\\\/uploads\\\/2018\\\/01\\\/polizia-1.jpg\",\"datePublished\":\"2019-05-28T13:54:43+00:00\",\"dateModified\":\"2019-05-28T14:00:11+00:00\",\"description\":\"Ieri pomeriggio la Polizia di Stato ha arrestato a Milano un 51enne italiano, pluripregiudicato, per atti persecutori nei confronti della sua ex\",\"breadcrumb\":{\"@id\":\"https:\\\/\\\/www.ilnotiziario.net\\\/wp\\\/lombardia\\\/chiedi-cosa-sono-capace-di-fare-terrorizzava-la-ex-51enne-arrestato-a-milano\\\/#breadcrumb\"},\"inLanguage\":\"it-IT\",\"potentialAction\":[{\"@type\":\"ReadAction\",\"target\":[\"https:\\\/\\\/www.ilnotiziario.net\\\/wp\\\/lombardia\\\/chiedi-cosa-sono-capace-di-fare-terrorizzava-la-ex-51enne-arrestato-a-milano\\\/\"]}]},{\"@type\":\"ImageObject\",\"inLanguage\":\"it-IT\",\"@id\":\"https:\\\/\\\/www.ilnotiziario.net\\\/wp\\\/lombardia\\\/chiedi-cosa-sono-capace-di-fare-terrorizzava-la-ex-51enne-arrestato-a-milano\\\/#primaryimage\",\"url\":\"https:\\\/\\\/www.ilnotiziario.net\\\/wp\\\/wp-content\\\/uploads\\\/2018\\\/01\\\/polizia-1.jpg\",\"contentUrl\":\"https:\\\/\\\/www.ilnotiziario.net\\\/wp\\\/wp-content\\\/uploads\\\/2018\\\/01\\\/polizia-1.jpg\",\"width\":850,\"height\":466,\"caption\":\"Polizia\"},{\"@type\":\"BreadcrumbList\",\"@id\":\"https:\\\/\\\/www.ilnotiziario.net\\\/wp\\\/lombardia\\\/chiedi-cosa-sono-capace-di-fare-terrorizzava-la-ex-51enne-arrestato-a-milano\\\/#breadcrumb\",\"itemListElement\":[{\"@type\":\"ListItem\",\"position\":1,\"name\":\"tds_text_logo_tagline_colortds_text_logo_tagline_colortds_text_logo_tagline_colortds_text_logo_tagline_colortd_module_7_title_excerpttd_module_7_title_excerpttd_module_7_title_excerpttd_module_7_title_excerptHome\",\"item\":\"https:\\\/\\\/www.ilnotiziario.net\\\/wp\\\/\"},{\"@type\":\"ListItem\",\"position\":2,\"name\":\"&#8220;Chiedi cosa sono capace di fare\u2026&#8221; Terrorizzava la ex, 51enne arrestato a Milano\"}]},{\"@type\":\"WebSite\",\"@id\":\"https:\\\/\\\/www.ilnotiziario.net\\\/wp\\\/#website\",\"url\":\"https:\\\/\\\/www.ilnotiziario.net\\\/wp\\\/\",\"name\":\"Il Notiziario\",\"description\":\"Per restare sempre connessi alla notizia\",\"publisher\":{\"@id\":\"https:\\\/\\\/www.ilnotiziario.net\\\/wp\\\/#organization\"},\"alternateName\":\"Il Notiziario Bollate\",\"potentialAction\":[{\"@type\":\"SearchAction\",\"target\":{\"@type\":\"EntryPoint\",\"urlTemplate\":\"https:\\\/\\\/www.ilnotiziario.net\\\/wp\\\/?s={search_term_string}\"},\"query-input\":{\"@type\":\"PropertyValueSpecification\",\"valueRequired\":true,\"valueName\":\"search_term_string\"}}],\"inLanguage\":\"it-IT\"},{\"@type\":\"Organization\",\"@id\":\"https:\\\/\\\/www.ilnotiziario.net\\\/wp\\\/#organization\",\"name\":\"Il Notiziario\",\"url\":\"https:\\\/\\\/www.ilnotiziario.net\\\/wp\\\/\",\"logo\":{\"@type\":\"ImageObject\",\"inLanguage\":\"it-IT\",\"@id\":\"https:\\\/\\\/www.ilnotiziario.net\\\/wp\\\/#\\\/schema\\\/logo\\\/image\\\/\",\"url\":\"https:\\\/\\\/www.ilnotiziario.net\\\/wp\\\/wp-content\\\/uploads\\\/2022\\\/06\\\/170x170ilN.png\",\"contentUrl\":\"https:\\\/\\\/www.ilnotiziario.net\\\/wp\\\/wp-content\\\/uploads\\\/2022\\\/06\\\/170x170ilN.png\",\"width\":355,\"height\":355,\"caption\":\"Il Notiziario\"},\"image\":{\"@id\":\"https:\\\/\\\/www.ilnotiziario.net\\\/wp\\\/#\\\/schema\\\/logo\\\/image\\\/\"},\"sameAs\":[\"https:\\\/\\\/www.facebook.com\\\/ilnotiziarioind\\\/\",\"https:\\\/\\\/x.com\\\/ilNotiziarioInd\",\"https:\\\/\\\/www.instagram.com\\\/ilnotiziario_settimanale\\\/\"]},{\"@type\":\"Person\",\"@id\":\"https:\\\/\\\/www.ilnotiziario.net\\\/wp\\\/#\\\/schema\\\/person\\\/386e222908f898bb41c033989482bbf2\",\"name\":\"Gabriele Bassani\",\"image\":{\"@type\":\"ImageObject\",\"inLanguage\":\"it-IT\",\"@id\":\"https:\\\/\\\/secure.gravatar.com\\\/avatar\\\/09274f4a84fa97698bde56f84b3afed61c8492d48b0550db9671b68c177479cb?s=96&d=mm&r=g\",\"url\":\"https:\\\/\\\/secure.gravatar.com\\\/avatar\\\/09274f4a84fa97698bde56f84b3afed61c8492d48b0550db9671b68c177479cb?s=96&d=mm&r=g\",\"contentUrl\":\"https:\\\/\\\/secure.gravatar.com\\\/avatar\\\/09274f4a84fa97698bde56f84b3afed61c8492d48b0550db9671b68c177479cb?s=96&d=mm&r=g\",\"caption\":\"Gabriele Bassani\"},\"sameAs\":[\"http:\\\/\\\/www.ilnotiziario.net\"]}]}<\/script>\n<!-- \/ Yoast SEO plugin. -->","yoast_head_json":{"title":"\"Chiedi cosa sono capace di fare\u2026\" Terrorizzava la ex, 51enne arrestato a Milano - Il Notiziario","description":"Ieri pomeriggio la Polizia di Stato ha arrestato a Milano un 51enne italiano, pluripregiudicato, per atti persecutori nei confronti della sua ex","robots":{"index":"index","follow":"follow","max-snippet":"max-snippet:-1","max-image-preview":"max-image-preview:large","max-video-preview":"max-video-preview:-1"},"canonical":"https:\/\/www.ilnotiziario.net\/wp\/lombardia\/chiedi-cosa-sono-capace-di-fare-terrorizzava-la-ex-51enne-arrestato-a-milano\/","og_locale":"it_IT","og_type":"article","og_title":"\"Chiedi cosa sono capace di fare\u2026\" Terrorizzava la ex, 51enne arrestato a Milano - Il Notiziario","og_description":"Ieri pomeriggio la Polizia di Stato ha arrestato a Milano un 51enne italiano, pluripregiudicato, per atti persecutori nei confronti della sua ex","og_url":"https:\/\/www.ilnotiziario.net\/wp\/lombardia\/chiedi-cosa-sono-capace-di-fare-terrorizzava-la-ex-51enne-arrestato-a-milano\/","og_site_name":"Il Notiziario","article_publisher":"https:\/\/www.facebook.com\/ilnotiziarioind\/","article_published_time":"2019-05-28T13:54:43+00:00","article_modified_time":"2019-05-28T14:00:11+00:00","og_image":[{"width":850,"height":466,"url":"https:\/\/www.ilnotiziario.net\/wp\/wp-content\/uploads\/2018\/01\/polizia-1.jpg","type":"image\/jpeg"}],"author":"Gabriele Bassani","twitter_card":"summary_large_image","twitter_creator":"@ilNotiziarioInd","twitter_site":"@ilNotiziarioInd","twitter_misc":{"Scritto da":"Gabriele Bassani","Tempo di lettura stimato":"2 minuti"},"schema":{"@context":"https:\/\/schema.org","@graph":[{"@type":"Article","@id":"https:\/\/www.ilnotiziario.net\/wp\/lombardia\/chiedi-cosa-sono-capace-di-fare-terrorizzava-la-ex-51enne-arrestato-a-milano\/#article","isPartOf":{"@id":"https:\/\/www.ilnotiziario.net\/wp\/lombardia\/chiedi-cosa-sono-capace-di-fare-terrorizzava-la-ex-51enne-arrestato-a-milano\/"},"author":{"name":"Gabriele Bassani","@id":"https:\/\/www.ilnotiziario.net\/wp\/#\/schema\/person\/386e222908f898bb41c033989482bbf2"},"headline":"&#8220;Chiedi cosa sono capace di fare\u2026&#8221; Terrorizzava la ex, 51enne arrestato a Milano","datePublished":"2019-05-28T13:54:43+00:00","dateModified":"2019-05-28T14:00:11+00:00","mainEntityOfPage":{"@id":"https:\/\/www.ilnotiziario.net\/wp\/lombardia\/chiedi-cosa-sono-capace-di-fare-terrorizzava-la-ex-51enne-arrestato-a-milano\/"},"wordCount":423,"publisher":{"@id":"https:\/\/www.ilnotiziario.net\/wp\/#organization"},"image":{"@id":"https:\/\/www.ilnotiziario.net\/wp\/lombardia\/chiedi-cosa-sono-capace-di-fare-terrorizzava-la-ex-51enne-arrestato-a-milano\/#primaryimage"},"thumbnailUrl":"https:\/\/www.ilnotiziario.net\/wp\/wp-content\/uploads\/2018\/01\/polizia-1.jpg","keywords":["fidanzata","Milano","minacce","Polizia","stalker"],"articleSection":["CRONACA"],"inLanguage":"it-IT"},{"@type":"WebPage","@id":"https:\/\/www.ilnotiziario.net\/wp\/lombardia\/chiedi-cosa-sono-capace-di-fare-terrorizzava-la-ex-51enne-arrestato-a-milano\/","url":"https:\/\/www.ilnotiziario.net\/wp\/lombardia\/chiedi-cosa-sono-capace-di-fare-terrorizzava-la-ex-51enne-arrestato-a-milano\/","name":"\"Chiedi cosa sono capace di fare\u2026\" Terrorizzava la ex, 51enne arrestato a Milano - Il Notiziario","isPartOf":{"@id":"https:\/\/www.ilnotiziario.net\/wp\/#website"},"primaryImageOfPage":{"@id":"https:\/\/www.ilnotiziario.net\/wp\/lombardia\/chiedi-cosa-sono-capace-di-fare-terrorizzava-la-ex-51enne-arrestato-a-milano\/#primaryimage"},"image":{"@id":"https:\/\/www.ilnotiziario.net\/wp\/lombardia\/chiedi-cosa-sono-capace-di-fare-terrorizzava-la-ex-51enne-arrestato-a-milano\/#primaryimage"},"thumbnailUrl":"https:\/\/www.ilnotiziario.net\/wp\/wp-content\/uploads\/2018\/01\/polizia-1.jpg","datePublished":"2019-05-28T13:54:43+00:00","dateModified":"2019-05-28T14:00:11+00:00","description":"Ieri pomeriggio la Polizia di Stato ha arrestato a Milano un 51enne italiano, pluripregiudicato, per atti persecutori nei confronti della sua ex","breadcrumb":{"@id":"https:\/\/www.ilnotiziario.net\/wp\/lombardia\/chiedi-cosa-sono-capace-di-fare-terrorizzava-la-ex-51enne-arrestato-a-milano\/#breadcrumb"},"inLanguage":"it-IT","potentialAction":[{"@type":"ReadAction","target":["https:\/\/www.ilnotiziario.net\/wp\/lombardia\/chiedi-cosa-sono-capace-di-fare-terrorizzava-la-ex-51enne-arrestato-a-milano\/"]}]},{"@type":"ImageObject","inLanguage":"it-IT","@id":"https:\/\/www.ilnotiziario.net\/wp\/lombardia\/chiedi-cosa-sono-capace-di-fare-terrorizzava-la-ex-51enne-arrestato-a-milano\/#primaryimage","url":"https:\/\/www.ilnotiziario.net\/wp\/wp-content\/uploads\/2018\/01\/polizia-1.jpg","contentUrl":"https:\/\/www.ilnotiziario.net\/wp\/wp-content\/uploads\/2018\/01\/polizia-1.jpg","width":850,"height":466,"caption":"Polizia"},{"@type":"BreadcrumbList","@id":"https:\/\/www.ilnotiziario.net\/wp\/lombardia\/chiedi-cosa-sono-capace-di-fare-terrorizzava-la-ex-51enne-arrestato-a-milano\/#breadcrumb","itemListElement":[{"@type":"ListItem","position":1,"name":"tds_text_logo_tagline_colortds_text_logo_tagline_colortds_text_logo_tagline_colortds_text_logo_tagline_colortd_module_7_title_excerpttd_module_7_title_excerpttd_module_7_title_excerpttd_module_7_title_excerptHome","item":"https:\/\/www.ilnotiziario.net\/wp\/"},{"@type":"ListItem","position":2,"name":"&#8220;Chiedi cosa sono capace di fare\u2026&#8221; Terrorizzava la ex, 51enne arrestato a Milano"}]},{"@type":"WebSite","@id":"https:\/\/www.ilnotiziario.net\/wp\/#website","url":"https:\/\/www.ilnotiziario.net\/wp\/","name":"Il Notiziario","description":"Per restare sempre connessi alla notizia","publisher":{"@id":"https:\/\/www.ilnotiziario.net\/wp\/#organization"},"alternateName":"Il Notiziario Bollate","potentialAction":[{"@type":"SearchAction","target":{"@type":"EntryPoint","urlTemplate":"https:\/\/www.ilnotiziario.net\/wp\/?s={search_term_string}"},"query-input":{"@type":"PropertyValueSpecification","valueRequired":true,"valueName":"search_term_string"}}],"inLanguage":"it-IT"},{"@type":"Organization","@id":"https:\/\/www.ilnotiziario.net\/wp\/#organization","name":"Il Notiziario","url":"https:\/\/www.ilnotiziario.net\/wp\/","logo":{"@type":"ImageObject","inLanguage":"it-IT","@id":"https:\/\/www.ilnotiziario.net\/wp\/#\/schema\/logo\/image\/","url":"https:\/\/www.ilnotiziario.net\/wp\/wp-content\/uploads\/2022\/06\/170x170ilN.png","contentUrl":"https:\/\/www.ilnotiziario.net\/wp\/wp-content\/uploads\/2022\/06\/170x170ilN.png","width":355,"height":355,"caption":"Il Notiziario"},"image":{"@id":"https:\/\/www.ilnotiziario.net\/wp\/#\/schema\/logo\/image\/"},"sameAs":["https:\/\/www.facebook.com\/ilnotiziarioind\/","https:\/\/x.com\/ilNotiziarioInd","https:\/\/www.instagram.com\/ilnotiziario_settimanale\/"]},{"@type":"Person","@id":"https:\/\/www.ilnotiziario.net\/wp\/#\/schema\/person\/386e222908f898bb41c033989482bbf2","name":"Gabriele Bassani","image":{"@type":"ImageObject","inLanguage":"it-IT","@id":"https:\/\/secure.gravatar.com\/avatar\/09274f4a84fa97698bde56f84b3afed61c8492d48b0550db9671b68c177479cb?s=96&d=mm&r=g","url":"https:\/\/secure.gravatar.com\/avatar\/09274f4a84fa97698bde56f84b3afed61c8492d48b0550db9671b68c177479cb?s=96&d=mm&r=g","contentUrl":"https:\/\/secure.gravatar.com\/avatar\/09274f4a84fa97698bde56f84b3afed61c8492d48b0550db9671b68c177479cb?s=96&d=mm&r=g","caption":"Gabriele Bassani"},"sameAs":["http:\/\/www.ilnotiziario.net"]}]}},"_links":{"self":[{"href":"https:\/\/www.ilnotiziario.net\/wp\/wp-json\/wp\/v2\/posts\/34562","targetHints":{"allow":["GET"]}}],"collection":[{"href":"https:\/\/www.ilnotiziario.net\/wp\/wp-json\/wp\/v2\/posts"}],"about":[{"href":"https:\/\/www.ilnotiziario.net\/wp\/wp-json\/wp\/v2\/types\/post"}],"author":[{"embeddable":true,"href":"https:\/\/www.ilnotiziario.net\/wp\/wp-json\/wp\/v2\/users\/3"}],"replies":[{"embeddable":true,"href":"https:\/\/www.ilnotiziario.net\/wp\/wp-json\/wp\/v2\/comments?post=34562"}],"version-history":[{"count":0,"href":"https:\/\/www.ilnotiziario.net\/wp\/wp-json\/wp\/v2\/posts\/34562\/revisions"}],"wp:featuredmedia":[{"embeddable":true,"href":"https:\/\/www.ilnotiziario.net\/wp\/wp-json\/wp\/v2\/media\/22445"}],"wp:attachment":[{"href":"https:\/\/www.ilnotiziario.net\/wp\/wp-json\/wp\/v2\/media?parent=34562"}],"wp:term":[{"taxonomy":"category","embeddable":true,"href":"https:\/\/www.ilnotiziario.net\/wp\/wp-json\/wp\/v2\/categories?post=34562"},{"taxonomy":"post_tag","embeddable":true,"href":"https:\/\/www.ilnotiziario.net\/wp\/wp-json\/wp\/v2\/tags?post=34562"}],"curies":[{"name":"wp","href":"https:\/\/api.w.org\/{rel}","templated":true}]}}