{"id":34599,"date":"2019-05-31T09:13:26","date_gmt":"2019-05-31T07:13:26","guid":{"rendered":"https:\/\/www.ilnotiziario.net\/?p=34599"},"modified":"2019-05-31T09:13:26","modified_gmt":"2019-05-31T07:13:26","slug":"le-sorelle-di-napoleone-si-sposano-a-mombello-due-giorni-di-eventi-per-la-rievocazione","status":"publish","type":"post","link":"https:\/\/www.ilnotiziario.net\/wp\/appuntamenti-della-settimana\/le-sorelle-di-napoleone-si-sposano-a-mombello-due-giorni-di-eventi-per-la-rievocazione\/","title":{"rendered":"Le sorelle di Napoleone si sposano a Mombello, due giorni di eventi per la rievocazione"},"content":{"rendered":"<p><img fetchpriority=\"high\" decoding=\"async\" class=\"aligncenter size-medium wp-image-34600\" src=\"https:\/\/www.ilnotiziario.net\/wp\/wp-content\/uploads\/2019\/05\/Napoleone-nozze-300x200.jpg\" alt=\"Napoleone nozze\" width=\"300\" height=\"200\" srcset=\"https:\/\/www.ilnotiziario.net\/wp\/wp-content\/uploads\/2019\/05\/Napoleone-nozze-300x200.jpg 300w, https:\/\/www.ilnotiziario.net\/wp\/wp-content\/uploads\/2019\/05\/Napoleone-nozze-560x374.jpg 560w, https:\/\/www.ilnotiziario.net\/wp\/wp-content\/uploads\/2019\/05\/Napoleone-nozze.jpg 680w\" sizes=\"(max-width: 300px) 100vw, 300px\" \/>Sabato 1 e domenica 2 giugno,&nbsp; la Pro Loco Limbiate, con la collaborazione del Comune di Limbiate, organizza la<strong> 6\u00b0 edizione della Rievocazione storica del matrimonio delle sorelle di Napoleone.<\/strong><\/p><div id=\"ilnot-1823685391\" class=\"ilnot-contenuto ilnot-entity-placement\"><p><!-- incontent_1 --><\/p>\n<div class=\"gptslot\" data-adunitid=\"1\"><\/div>\n<\/div>\n<p>Si rievoca quel che accadde <strong>nell\u2019antico oratorio di Mombello<\/strong> il 14 giugno 1797, quando Elisa e Paolina Bonaparte sposarono, rispettivamente Felice Baciocchi ed Emanuel Leclerc.<\/p>\n<p>Quest&#8217;anno sar\u00e0 Villa Pusterla ad ospitare l&#8217;evento che propone una <strong>rievocazione in costumi d&#8217;epoca che coinvolge oltre 150 figuranti.<\/strong><\/p><div id=\"ilnot-2536199243\" class=\"ilnot-contenuto_2 ilnot-entity-placement\"><div class=\"ads-wrapper\">\n<div class=\"ad-slot\">\n   <div id=\"ilnot-2740977899\" style=\"margin-right: auto;margin-left: auto;text-align: center;width: 320px;height: 100px;\"><a href=\"https:\/\/www.scuolasicurezza.it\/\"><img decoding=\"async\" src=\"https:\/\/www.ilnotiziario.net\/wp\/wp-content\/uploads\/2026\/04\/IlNotiziario_banner-sito-e-newsletter-320-x-100-px-1.gif\" alt=\"\"><\/a><\/div>\n  <\/div>\n<div class=\"ad-slot\">\n   <div id=\"ilnot-533342173\" style=\"margin-right: auto;margin-left: auto;text-align: center;width: 320px;height: 100px;\"><a href=\"https:\/\/purodesignarredamenti.com\/\"><img decoding=\"async\" src=\"https:\/\/www.ilnotiziario.net\/wp\/wp-content\/uploads\/2026\/04\/banner-puro-ok.gif\" alt=\"whatsapp\"><\/a><\/div><\/p><\/div>\n<\/div>\n<\/div>\n<p>Si inizia sabato alle 16 con il convegno storico sul periodo napoleonico a cura del Professor Davide Maggi, che si soffermer\u00e0 <strong>a parlare della sorella Elisa Bonaparte<\/strong> a cui Paganini aveva dedicato alcune sonate, e della professoressa Emilia Bisi che sfater\u00e0<strong> alcuni miti su Paolina Bonaparte.<\/strong><\/p>\n<p>A cura del dottor Leonardo Caldarini ci sar\u00e0 un intervento<strong> sulle altre donne di Napoleone.<\/strong><\/p>\n<p>Alle 17,45 sar\u00e0 invece <strong>a cura dell&#8217;istituto Castiglioni la visita guidata della villa<\/strong> mentre alle 21 all&#8217;interno del parco e davanti alla villa si terr\u00e0 il concerto istituzionale della citt\u00e0 citt\u00e0 di Limbiate in occasione della Festa della Repubblica.<\/p><div id=\"ilnot-3641433861\" class=\"ilnot-contenuto_2-2 ilnot-entity-placement\"><div class=\"gptslot\" data-adunitid=\"2\"><\/div>\n<\/div>\n<p>Domenica alle 11 alcuni figuranti sfileranno per la galleria del Centro Commerciale Carrefour di Limbiate, sponsor della rievocazione, accompagnati dalla banda Corinna Bruni.<\/p>\n<p><strong>Dalle 10 di domenica<\/strong> nel parco di Villa Pusterla,&nbsp; sar\u00e0 allestito un campo napoleonico, alle 10,30 continueranno le visite guidate della villa e alle 16,30 ci sar\u00e0 l&#8217;arrivo in carrozza di Napoleone e la celebrazione del matrimonio.<\/p>\n<p>Al termine della cerimonia&nbsp; &nbsp;<strong>partir\u00e0 il corteo di figuranti fino a raggiungere Villa Mella<\/strong> dove ci sar\u00e0 una simbolica battaglia tra l&#8217;esercito napoleonico e quello austriaco, danze popolari e il saluto delle autorit\u00e0.<\/p><div id=\"ilnot-2290378216\" class=\"ilnot-contenuto_2-2-2 ilnot-entity-placement\"><div class=\"gptslot\" data-adunitid=\"3\"><\/div>\n<\/div>\n","protected":false},"excerpt":{"rendered":"<p>Sabato 1 e domenica 2 giugno,&nbsp; la Pro Loco Limbiate, con la collaborazione del Comune di Limbiate, organizza la 6\u00b0 edizione della Rievocazione storica del matrimonio delle sorelle di Napoleone. Si rievoca quel che accadde nell\u2019antico oratorio di Mombello il 14 giugno 1797, quando Elisa e Paolina Bonaparte sposarono, rispettivamente Felice Baciocchi ed Emanuel Leclerc.<\/p>\n","protected":false},"author":3,"featured_media":34600,"comment_status":"closed","ping_status":"closed","sticky":false,"template":"","format":"standard","meta":{"footnotes":""},"categories":[277],"tags":[47,1286,3926,1289,1703],"class_list":{"0":"post-34599","1":"post","2":"type-post","3":"status-publish","4":"format-standard","5":"has-post-thumbnail","7":"category-appuntamenti-della-settimana","8":"tag-limbiate","9":"tag-napoleone","10":"tag-rievocazione","11":"tag-sorelle","12":"tag-storia"},"yoast_head":"<!-- This site is optimized with the Yoast SEO plugin v27.4 - https:\/\/yoast.com\/product\/yoast-seo-wordpress\/ -->\n<title>Le sorelle di Napoleone si sposano a Mombello, due giorni di eventi per la rievocazione - Il Notiziario<\/title>\n<meta name=\"description\" content=\"Sabato 1 e domenica 2 giugno,&nbsp; la Pro Loco Limbiate, con la collaborazione del Comune di Limbiate, organizza la 6\u00b0 edizione della Rievocazione\" \/>\n<meta name=\"robots\" content=\"index, follow, max-snippet:-1, max-image-preview:large, max-video-preview:-1\" \/>\n<link rel=\"canonical\" href=\"https:\/\/www.ilnotiziario.net\/wp\/appuntamenti-della-settimana\/le-sorelle-di-napoleone-si-sposano-a-mombello-due-giorni-di-eventi-per-la-rievocazione\/\" \/>\n<meta property=\"og:locale\" content=\"it_IT\" \/>\n<meta property=\"og:type\" content=\"article\" \/>\n<meta property=\"og:title\" content=\"Le sorelle di Napoleone si sposano a Mombello, due giorni di eventi per la rievocazione - Il Notiziario\" \/>\n<meta property=\"og:description\" content=\"Sabato 1 e domenica 2 giugno,&nbsp; la Pro Loco Limbiate, con la collaborazione del Comune di Limbiate, organizza la 6\u00b0 edizione della Rievocazione\" \/>\n<meta property=\"og:url\" content=\"https:\/\/www.ilnotiziario.net\/wp\/appuntamenti-della-settimana\/le-sorelle-di-napoleone-si-sposano-a-mombello-due-giorni-di-eventi-per-la-rievocazione\/\" \/>\n<meta property=\"og:site_name\" content=\"Il Notiziario\" \/>\n<meta property=\"article:publisher\" content=\"https:\/\/www.facebook.com\/ilnotiziarioind\/\" \/>\n<meta property=\"article:published_time\" content=\"2019-05-31T07:13:26+00:00\" \/>\n<meta property=\"og:image\" content=\"https:\/\/www.ilnotiziario.net\/wp\/wp-content\/uploads\/2019\/05\/Napoleone-nozze.jpg\" \/>\n\t<meta property=\"og:image:width\" content=\"680\" \/>\n\t<meta property=\"og:image:height\" content=\"454\" \/>\n\t<meta property=\"og:image:type\" content=\"image\/jpeg\" \/>\n<meta name=\"author\" content=\"Gabriele Bassani\" \/>\n<meta name=\"twitter:card\" content=\"summary_large_image\" \/>\n<meta name=\"twitter:creator\" content=\"@ilNotiziarioInd\" \/>\n<meta name=\"twitter:site\" content=\"@ilNotiziarioInd\" \/>\n<meta name=\"twitter:label1\" content=\"Scritto da\" \/>\n\t<meta name=\"twitter:data1\" content=\"Gabriele Bassani\" \/>\n\t<meta name=\"twitter:label2\" content=\"Tempo di lettura stimato\" \/>\n\t<meta name=\"twitter:data2\" content=\"1 minuto\" \/>\n<script type=\"application\/ld+json\" class=\"yoast-schema-graph\">{\"@context\":\"https:\\\/\\\/schema.org\",\"@graph\":[{\"@type\":\"Article\",\"@id\":\"https:\\\/\\\/www.ilnotiziario.net\\\/wp\\\/appuntamenti-della-settimana\\\/le-sorelle-di-napoleone-si-sposano-a-mombello-due-giorni-di-eventi-per-la-rievocazione\\\/#article\",\"isPartOf\":{\"@id\":\"https:\\\/\\\/www.ilnotiziario.net\\\/wp\\\/appuntamenti-della-settimana\\\/le-sorelle-di-napoleone-si-sposano-a-mombello-due-giorni-di-eventi-per-la-rievocazione\\\/\"},\"author\":{\"name\":\"Gabriele Bassani\",\"@id\":\"https:\\\/\\\/www.ilnotiziario.net\\\/wp\\\/#\\\/schema\\\/person\\\/386e222908f898bb41c033989482bbf2\"},\"headline\":\"Le sorelle di Napoleone si sposano a Mombello, due giorni di eventi per la rievocazione\",\"datePublished\":\"2019-05-31T07:13:26+00:00\",\"mainEntityOfPage\":{\"@id\":\"https:\\\/\\\/www.ilnotiziario.net\\\/wp\\\/appuntamenti-della-settimana\\\/le-sorelle-di-napoleone-si-sposano-a-mombello-due-giorni-di-eventi-per-la-rievocazione\\\/\"},\"wordCount\":281,\"publisher\":{\"@id\":\"https:\\\/\\\/www.ilnotiziario.net\\\/wp\\\/#organization\"},\"image\":{\"@id\":\"https:\\\/\\\/www.ilnotiziario.net\\\/wp\\\/appuntamenti-della-settimana\\\/le-sorelle-di-napoleone-si-sposano-a-mombello-due-giorni-di-eventi-per-la-rievocazione\\\/#primaryimage\"},\"thumbnailUrl\":\"https:\\\/\\\/www.ilnotiziario.net\\\/wp\\\/wp-content\\\/uploads\\\/2019\\\/05\\\/Napoleone-nozze.jpg\",\"keywords\":[\"Limbiate\",\"Napoleone\",\"rievocazione\",\"sorelle\",\"storia\"],\"articleSection\":[\"APPUNTAMENTI\"],\"inLanguage\":\"it-IT\"},{\"@type\":\"WebPage\",\"@id\":\"https:\\\/\\\/www.ilnotiziario.net\\\/wp\\\/appuntamenti-della-settimana\\\/le-sorelle-di-napoleone-si-sposano-a-mombello-due-giorni-di-eventi-per-la-rievocazione\\\/\",\"url\":\"https:\\\/\\\/www.ilnotiziario.net\\\/wp\\\/appuntamenti-della-settimana\\\/le-sorelle-di-napoleone-si-sposano-a-mombello-due-giorni-di-eventi-per-la-rievocazione\\\/\",\"name\":\"Le sorelle di Napoleone si sposano a Mombello, due giorni di eventi per la rievocazione - Il Notiziario\",\"isPartOf\":{\"@id\":\"https:\\\/\\\/www.ilnotiziario.net\\\/wp\\\/#website\"},\"primaryImageOfPage\":{\"@id\":\"https:\\\/\\\/www.ilnotiziario.net\\\/wp\\\/appuntamenti-della-settimana\\\/le-sorelle-di-napoleone-si-sposano-a-mombello-due-giorni-di-eventi-per-la-rievocazione\\\/#primaryimage\"},\"image\":{\"@id\":\"https:\\\/\\\/www.ilnotiziario.net\\\/wp\\\/appuntamenti-della-settimana\\\/le-sorelle-di-napoleone-si-sposano-a-mombello-due-giorni-di-eventi-per-la-rievocazione\\\/#primaryimage\"},\"thumbnailUrl\":\"https:\\\/\\\/www.ilnotiziario.net\\\/wp\\\/wp-content\\\/uploads\\\/2019\\\/05\\\/Napoleone-nozze.jpg\",\"datePublished\":\"2019-05-31T07:13:26+00:00\",\"description\":\"Sabato 1 e domenica 2 giugno,&nbsp; la Pro Loco Limbiate, con la collaborazione del Comune di Limbiate, organizza la 6\u00b0 edizione della Rievocazione\",\"breadcrumb\":{\"@id\":\"https:\\\/\\\/www.ilnotiziario.net\\\/wp\\\/appuntamenti-della-settimana\\\/le-sorelle-di-napoleone-si-sposano-a-mombello-due-giorni-di-eventi-per-la-rievocazione\\\/#breadcrumb\"},\"inLanguage\":\"it-IT\",\"potentialAction\":[{\"@type\":\"ReadAction\",\"target\":[\"https:\\\/\\\/www.ilnotiziario.net\\\/wp\\\/appuntamenti-della-settimana\\\/le-sorelle-di-napoleone-si-sposano-a-mombello-due-giorni-di-eventi-per-la-rievocazione\\\/\"]}]},{\"@type\":\"ImageObject\",\"inLanguage\":\"it-IT\",\"@id\":\"https:\\\/\\\/www.ilnotiziario.net\\\/wp\\\/appuntamenti-della-settimana\\\/le-sorelle-di-napoleone-si-sposano-a-mombello-due-giorni-di-eventi-per-la-rievocazione\\\/#primaryimage\",\"url\":\"https:\\\/\\\/www.ilnotiziario.net\\\/wp\\\/wp-content\\\/uploads\\\/2019\\\/05\\\/Napoleone-nozze.jpg\",\"contentUrl\":\"https:\\\/\\\/www.ilnotiziario.net\\\/wp\\\/wp-content\\\/uploads\\\/2019\\\/05\\\/Napoleone-nozze.jpg\",\"width\":680,\"height\":454,\"caption\":\"Napoleone nozze\"},{\"@type\":\"BreadcrumbList\",\"@id\":\"https:\\\/\\\/www.ilnotiziario.net\\\/wp\\\/appuntamenti-della-settimana\\\/le-sorelle-di-napoleone-si-sposano-a-mombello-due-giorni-di-eventi-per-la-rievocazione\\\/#breadcrumb\",\"itemListElement\":[{\"@type\":\"ListItem\",\"position\":1,\"name\":\"tds_text_logo_tagline_colortds_text_logo_tagline_colortds_text_logo_tagline_colortds_text_logo_tagline_colortd_module_7_title_excerpttd_module_7_title_excerpttd_module_7_title_excerpttd_module_7_title_excerptHome\",\"item\":\"https:\\\/\\\/www.ilnotiziario.net\\\/wp\\\/\"},{\"@type\":\"ListItem\",\"position\":2,\"name\":\"Le sorelle di Napoleone si sposano a Mombello, due giorni di eventi per la rievocazione\"}]},{\"@type\":\"WebSite\",\"@id\":\"https:\\\/\\\/www.ilnotiziario.net\\\/wp\\\/#website\",\"url\":\"https:\\\/\\\/www.ilnotiziario.net\\\/wp\\\/\",\"name\":\"Il Notiziario\",\"description\":\"Per restare sempre connessi alla notizia\",\"publisher\":{\"@id\":\"https:\\\/\\\/www.ilnotiziario.net\\\/wp\\\/#organization\"},\"alternateName\":\"Il Notiziario Bollate\",\"potentialAction\":[{\"@type\":\"SearchAction\",\"target\":{\"@type\":\"EntryPoint\",\"urlTemplate\":\"https:\\\/\\\/www.ilnotiziario.net\\\/wp\\\/?s={search_term_string}\"},\"query-input\":{\"@type\":\"PropertyValueSpecification\",\"valueRequired\":true,\"valueName\":\"search_term_string\"}}],\"inLanguage\":\"it-IT\"},{\"@type\":\"Organization\",\"@id\":\"https:\\\/\\\/www.ilnotiziario.net\\\/wp\\\/#organization\",\"name\":\"Il Notiziario\",\"url\":\"https:\\\/\\\/www.ilnotiziario.net\\\/wp\\\/\",\"logo\":{\"@type\":\"ImageObject\",\"inLanguage\":\"it-IT\",\"@id\":\"https:\\\/\\\/www.ilnotiziario.net\\\/wp\\\/#\\\/schema\\\/logo\\\/image\\\/\",\"url\":\"https:\\\/\\\/www.ilnotiziario.net\\\/wp\\\/wp-content\\\/uploads\\\/2022\\\/06\\\/170x170ilN.png\",\"contentUrl\":\"https:\\\/\\\/www.ilnotiziario.net\\\/wp\\\/wp-content\\\/uploads\\\/2022\\\/06\\\/170x170ilN.png\",\"width\":355,\"height\":355,\"caption\":\"Il Notiziario\"},\"image\":{\"@id\":\"https:\\\/\\\/www.ilnotiziario.net\\\/wp\\\/#\\\/schema\\\/logo\\\/image\\\/\"},\"sameAs\":[\"https:\\\/\\\/www.facebook.com\\\/ilnotiziarioind\\\/\",\"https:\\\/\\\/x.com\\\/ilNotiziarioInd\",\"https:\\\/\\\/www.instagram.com\\\/ilnotiziario_settimanale\\\/\"]},{\"@type\":\"Person\",\"@id\":\"https:\\\/\\\/www.ilnotiziario.net\\\/wp\\\/#\\\/schema\\\/person\\\/386e222908f898bb41c033989482bbf2\",\"name\":\"Gabriele Bassani\",\"image\":{\"@type\":\"ImageObject\",\"inLanguage\":\"it-IT\",\"@id\":\"https:\\\/\\\/secure.gravatar.com\\\/avatar\\\/09274f4a84fa97698bde56f84b3afed61c8492d48b0550db9671b68c177479cb?s=96&d=mm&r=g\",\"url\":\"https:\\\/\\\/secure.gravatar.com\\\/avatar\\\/09274f4a84fa97698bde56f84b3afed61c8492d48b0550db9671b68c177479cb?s=96&d=mm&r=g\",\"contentUrl\":\"https:\\\/\\\/secure.gravatar.com\\\/avatar\\\/09274f4a84fa97698bde56f84b3afed61c8492d48b0550db9671b68c177479cb?s=96&d=mm&r=g\",\"caption\":\"Gabriele Bassani\"},\"sameAs\":[\"http:\\\/\\\/www.ilnotiziario.net\"]}]}<\/script>\n<!-- \/ Yoast SEO plugin. -->","yoast_head_json":{"title":"Le sorelle di Napoleone si sposano a Mombello, due giorni di eventi per la rievocazione - Il Notiziario","description":"Sabato 1 e domenica 2 giugno,&nbsp; la Pro Loco Limbiate, con la collaborazione del Comune di Limbiate, organizza la 6\u00b0 edizione della Rievocazione","robots":{"index":"index","follow":"follow","max-snippet":"max-snippet:-1","max-image-preview":"max-image-preview:large","max-video-preview":"max-video-preview:-1"},"canonical":"https:\/\/www.ilnotiziario.net\/wp\/appuntamenti-della-settimana\/le-sorelle-di-napoleone-si-sposano-a-mombello-due-giorni-di-eventi-per-la-rievocazione\/","og_locale":"it_IT","og_type":"article","og_title":"Le sorelle di Napoleone si sposano a Mombello, due giorni di eventi per la rievocazione - Il Notiziario","og_description":"Sabato 1 e domenica 2 giugno,&nbsp; la Pro Loco Limbiate, con la collaborazione del Comune di Limbiate, organizza la 6\u00b0 edizione della Rievocazione","og_url":"https:\/\/www.ilnotiziario.net\/wp\/appuntamenti-della-settimana\/le-sorelle-di-napoleone-si-sposano-a-mombello-due-giorni-di-eventi-per-la-rievocazione\/","og_site_name":"Il Notiziario","article_publisher":"https:\/\/www.facebook.com\/ilnotiziarioind\/","article_published_time":"2019-05-31T07:13:26+00:00","og_image":[{"width":680,"height":454,"url":"https:\/\/www.ilnotiziario.net\/wp\/wp-content\/uploads\/2019\/05\/Napoleone-nozze.jpg","type":"image\/jpeg"}],"author":"Gabriele Bassani","twitter_card":"summary_large_image","twitter_creator":"@ilNotiziarioInd","twitter_site":"@ilNotiziarioInd","twitter_misc":{"Scritto da":"Gabriele Bassani","Tempo di lettura stimato":"1 minuto"},"schema":{"@context":"https:\/\/schema.org","@graph":[{"@type":"Article","@id":"https:\/\/www.ilnotiziario.net\/wp\/appuntamenti-della-settimana\/le-sorelle-di-napoleone-si-sposano-a-mombello-due-giorni-di-eventi-per-la-rievocazione\/#article","isPartOf":{"@id":"https:\/\/www.ilnotiziario.net\/wp\/appuntamenti-della-settimana\/le-sorelle-di-napoleone-si-sposano-a-mombello-due-giorni-di-eventi-per-la-rievocazione\/"},"author":{"name":"Gabriele Bassani","@id":"https:\/\/www.ilnotiziario.net\/wp\/#\/schema\/person\/386e222908f898bb41c033989482bbf2"},"headline":"Le sorelle di Napoleone si sposano a Mombello, due giorni di eventi per la rievocazione","datePublished":"2019-05-31T07:13:26+00:00","mainEntityOfPage":{"@id":"https:\/\/www.ilnotiziario.net\/wp\/appuntamenti-della-settimana\/le-sorelle-di-napoleone-si-sposano-a-mombello-due-giorni-di-eventi-per-la-rievocazione\/"},"wordCount":281,"publisher":{"@id":"https:\/\/www.ilnotiziario.net\/wp\/#organization"},"image":{"@id":"https:\/\/www.ilnotiziario.net\/wp\/appuntamenti-della-settimana\/le-sorelle-di-napoleone-si-sposano-a-mombello-due-giorni-di-eventi-per-la-rievocazione\/#primaryimage"},"thumbnailUrl":"https:\/\/www.ilnotiziario.net\/wp\/wp-content\/uploads\/2019\/05\/Napoleone-nozze.jpg","keywords":["Limbiate","Napoleone","rievocazione","sorelle","storia"],"articleSection":["APPUNTAMENTI"],"inLanguage":"it-IT"},{"@type":"WebPage","@id":"https:\/\/www.ilnotiziario.net\/wp\/appuntamenti-della-settimana\/le-sorelle-di-napoleone-si-sposano-a-mombello-due-giorni-di-eventi-per-la-rievocazione\/","url":"https:\/\/www.ilnotiziario.net\/wp\/appuntamenti-della-settimana\/le-sorelle-di-napoleone-si-sposano-a-mombello-due-giorni-di-eventi-per-la-rievocazione\/","name":"Le sorelle di Napoleone si sposano a Mombello, due giorni di eventi per la rievocazione - Il Notiziario","isPartOf":{"@id":"https:\/\/www.ilnotiziario.net\/wp\/#website"},"primaryImageOfPage":{"@id":"https:\/\/www.ilnotiziario.net\/wp\/appuntamenti-della-settimana\/le-sorelle-di-napoleone-si-sposano-a-mombello-due-giorni-di-eventi-per-la-rievocazione\/#primaryimage"},"image":{"@id":"https:\/\/www.ilnotiziario.net\/wp\/appuntamenti-della-settimana\/le-sorelle-di-napoleone-si-sposano-a-mombello-due-giorni-di-eventi-per-la-rievocazione\/#primaryimage"},"thumbnailUrl":"https:\/\/www.ilnotiziario.net\/wp\/wp-content\/uploads\/2019\/05\/Napoleone-nozze.jpg","datePublished":"2019-05-31T07:13:26+00:00","description":"Sabato 1 e domenica 2 giugno,&nbsp; la Pro Loco Limbiate, con la collaborazione del Comune di Limbiate, organizza la 6\u00b0 edizione della Rievocazione","breadcrumb":{"@id":"https:\/\/www.ilnotiziario.net\/wp\/appuntamenti-della-settimana\/le-sorelle-di-napoleone-si-sposano-a-mombello-due-giorni-di-eventi-per-la-rievocazione\/#breadcrumb"},"inLanguage":"it-IT","potentialAction":[{"@type":"ReadAction","target":["https:\/\/www.ilnotiziario.net\/wp\/appuntamenti-della-settimana\/le-sorelle-di-napoleone-si-sposano-a-mombello-due-giorni-di-eventi-per-la-rievocazione\/"]}]},{"@type":"ImageObject","inLanguage":"it-IT","@id":"https:\/\/www.ilnotiziario.net\/wp\/appuntamenti-della-settimana\/le-sorelle-di-napoleone-si-sposano-a-mombello-due-giorni-di-eventi-per-la-rievocazione\/#primaryimage","url":"https:\/\/www.ilnotiziario.net\/wp\/wp-content\/uploads\/2019\/05\/Napoleone-nozze.jpg","contentUrl":"https:\/\/www.ilnotiziario.net\/wp\/wp-content\/uploads\/2019\/05\/Napoleone-nozze.jpg","width":680,"height":454,"caption":"Napoleone nozze"},{"@type":"BreadcrumbList","@id":"https:\/\/www.ilnotiziario.net\/wp\/appuntamenti-della-settimana\/le-sorelle-di-napoleone-si-sposano-a-mombello-due-giorni-di-eventi-per-la-rievocazione\/#breadcrumb","itemListElement":[{"@type":"ListItem","position":1,"name":"tds_text_logo_tagline_colortds_text_logo_tagline_colortds_text_logo_tagline_colortds_text_logo_tagline_colortd_module_7_title_excerpttd_module_7_title_excerpttd_module_7_title_excerpttd_module_7_title_excerptHome","item":"https:\/\/www.ilnotiziario.net\/wp\/"},{"@type":"ListItem","position":2,"name":"Le sorelle di Napoleone si sposano a Mombello, due giorni di eventi per la rievocazione"}]},{"@type":"WebSite","@id":"https:\/\/www.ilnotiziario.net\/wp\/#website","url":"https:\/\/www.ilnotiziario.net\/wp\/","name":"Il Notiziario","description":"Per restare sempre connessi alla notizia","publisher":{"@id":"https:\/\/www.ilnotiziario.net\/wp\/#organization"},"alternateName":"Il Notiziario Bollate","potentialAction":[{"@type":"SearchAction","target":{"@type":"EntryPoint","urlTemplate":"https:\/\/www.ilnotiziario.net\/wp\/?s={search_term_string}"},"query-input":{"@type":"PropertyValueSpecification","valueRequired":true,"valueName":"search_term_string"}}],"inLanguage":"it-IT"},{"@type":"Organization","@id":"https:\/\/www.ilnotiziario.net\/wp\/#organization","name":"Il Notiziario","url":"https:\/\/www.ilnotiziario.net\/wp\/","logo":{"@type":"ImageObject","inLanguage":"it-IT","@id":"https:\/\/www.ilnotiziario.net\/wp\/#\/schema\/logo\/image\/","url":"https:\/\/www.ilnotiziario.net\/wp\/wp-content\/uploads\/2022\/06\/170x170ilN.png","contentUrl":"https:\/\/www.ilnotiziario.net\/wp\/wp-content\/uploads\/2022\/06\/170x170ilN.png","width":355,"height":355,"caption":"Il Notiziario"},"image":{"@id":"https:\/\/www.ilnotiziario.net\/wp\/#\/schema\/logo\/image\/"},"sameAs":["https:\/\/www.facebook.com\/ilnotiziarioind\/","https:\/\/x.com\/ilNotiziarioInd","https:\/\/www.instagram.com\/ilnotiziario_settimanale\/"]},{"@type":"Person","@id":"https:\/\/www.ilnotiziario.net\/wp\/#\/schema\/person\/386e222908f898bb41c033989482bbf2","name":"Gabriele Bassani","image":{"@type":"ImageObject","inLanguage":"it-IT","@id":"https:\/\/secure.gravatar.com\/avatar\/09274f4a84fa97698bde56f84b3afed61c8492d48b0550db9671b68c177479cb?s=96&d=mm&r=g","url":"https:\/\/secure.gravatar.com\/avatar\/09274f4a84fa97698bde56f84b3afed61c8492d48b0550db9671b68c177479cb?s=96&d=mm&r=g","contentUrl":"https:\/\/secure.gravatar.com\/avatar\/09274f4a84fa97698bde56f84b3afed61c8492d48b0550db9671b68c177479cb?s=96&d=mm&r=g","caption":"Gabriele Bassani"},"sameAs":["http:\/\/www.ilnotiziario.net"]}]}},"_links":{"self":[{"href":"https:\/\/www.ilnotiziario.net\/wp\/wp-json\/wp\/v2\/posts\/34599","targetHints":{"allow":["GET"]}}],"collection":[{"href":"https:\/\/www.ilnotiziario.net\/wp\/wp-json\/wp\/v2\/posts"}],"about":[{"href":"https:\/\/www.ilnotiziario.net\/wp\/wp-json\/wp\/v2\/types\/post"}],"author":[{"embeddable":true,"href":"https:\/\/www.ilnotiziario.net\/wp\/wp-json\/wp\/v2\/users\/3"}],"replies":[{"embeddable":true,"href":"https:\/\/www.ilnotiziario.net\/wp\/wp-json\/wp\/v2\/comments?post=34599"}],"version-history":[{"count":0,"href":"https:\/\/www.ilnotiziario.net\/wp\/wp-json\/wp\/v2\/posts\/34599\/revisions"}],"wp:featuredmedia":[{"embeddable":true,"href":"https:\/\/www.ilnotiziario.net\/wp\/wp-json\/wp\/v2\/media\/34600"}],"wp:attachment":[{"href":"https:\/\/www.ilnotiziario.net\/wp\/wp-json\/wp\/v2\/media?parent=34599"}],"wp:term":[{"taxonomy":"category","embeddable":true,"href":"https:\/\/www.ilnotiziario.net\/wp\/wp-json\/wp\/v2\/categories?post=34599"},{"taxonomy":"post_tag","embeddable":true,"href":"https:\/\/www.ilnotiziario.net\/wp\/wp-json\/wp\/v2\/tags?post=34599"}],"curies":[{"name":"wp","href":"https:\/\/api.w.org\/{rel}","templated":true}]}}