{"id":34903,"date":"2019-06-13T14:34:54","date_gmt":"2019-06-13T12:34:54","guid":{"rendered":"https:\/\/www.ilnotiziario.net\/?p=34903"},"modified":"2019-06-13T14:34:54","modified_gmt":"2019-06-13T12:34:54","slug":"maturita-uno-studente-su-due-non-ha-le-idee-chiare-su-cosa-fare-dopo","status":"publish","type":"post","link":"https:\/\/www.ilnotiziario.net\/wp\/buonoasapersi\/maturita-uno-studente-su-due-non-ha-le-idee-chiare-su-cosa-fare-dopo\/","title":{"rendered":"Maturit\u00e0, uno studente su due non ha le idee chiare su cosa fare dopo"},"content":{"rendered":"<figure id=\"attachment_34904\" aria-describedby=\"caption-attachment-34904\" style=\"width: 300px\" class=\"wp-caption aligncenter\"><img fetchpriority=\"high\" decoding=\"async\" class=\"wp-image-34904 size-medium\" src=\"https:\/\/www.ilnotiziario.net\/wp\/wp-content\/uploads\/2019\/06\/Maturit\u00e0-300x200.jpg\" alt=\"studio \" width=\"300\" height=\"200\" srcset=\"https:\/\/www.ilnotiziario.net\/wp\/wp-content\/uploads\/2019\/06\/Maturit\u00e0-300x200.jpg 300w, https:\/\/www.ilnotiziario.net\/wp\/wp-content\/uploads\/2019\/06\/Maturit\u00e0-768x512.jpg 768w, https:\/\/www.ilnotiziario.net\/wp\/wp-content\/uploads\/2019\/06\/Maturit\u00e0-1024x682.jpg 1024w, https:\/\/www.ilnotiziario.net\/wp\/wp-content\/uploads\/2019\/06\/Maturit\u00e0-560x373.jpg 560w, https:\/\/www.ilnotiziario.net\/wp\/wp-content\/uploads\/2019\/06\/Maturit\u00e0.jpg 1280w\" sizes=\"(max-width: 300px) 100vw, 300px\" \/><figcaption id=\"caption-attachment-34904\" class=\"wp-caption-text\">Foto di <a href=\"https:\/\/pixabay.com\/it\/users\/nastya_gepp-3773230\/?utm_source=link-attribution&amp;utm_medium=referral&amp;utm_campaign=image&amp;utm_content=3718526\">\u0410\u043d\u0430\u0441\u0442\u0430\u0441\u0438\u044f \u0413\u0435\u043f\u043f<\/a> da <a href=\"https:\/\/pixabay.com\/it\/?utm_source=link-attribution&amp;utm_medium=referral&amp;utm_campaign=image&amp;utm_content=3718526\">Pixabay<\/a><\/figcaption><\/figure>\n<p>Ogni anno centinaia di<strong> migliaia di giovani arrivano alla maturit\u00e0<\/strong> con <strong>apprensione e incertezza. <\/strong><\/p><div id=\"ilnot-1533777591\" class=\"ilnot-contenuto ilnot-entity-placement\"><p><!-- incontent_1 --><\/p>\n<div class=\"gptslot\" data-adunitid=\"1\"><\/div>\n<\/div>\n<p>La loro principale preoccupazione per\u00f2 <strong>non riguarda la prova scritta o l\u2019orale (39%)<\/strong>: quasi un maturando su due (47%) \u00e8 indeciso su cosa fare dopo il diploma.<\/p>\n<p>Il 46% degli studenti aspetta la fine degli esami, mentre <strong>c\u2019\u00e8 chi addirittura rinvia ogni decisione a settembre (17%)<\/strong> dopo avere trascorso l&#8217;ultima spensierata estate.<\/p><div id=\"ilnot-2210018578\" class=\"ilnot-contenuto_2 ilnot-entity-placement\"><div class=\"ads-wrapper\">\n<div class=\"ad-slot\">\n   <div id=\"ilnot-2330777751\" style=\"margin-right: auto;margin-left: auto;text-align: center;width: 320px;height: 100px;\"><a href=\"https:\/\/www.scuolasicurezza.it\/\"><img decoding=\"async\" src=\"https:\/\/www.ilnotiziario.net\/wp\/wp-content\/uploads\/2026\/04\/IlNotiziario_banner-sito-e-newsletter-320-x-100-px-1.gif\" alt=\"\"><\/a><\/div>\n  <\/div>\n<div class=\"ad-slot\">\n   <div id=\"ilnot-3566425694\" style=\"margin-right: auto;margin-left: auto;text-align: center;width: 320px;height: 100px;\"><a href=\"https:\/\/purodesignarredamenti.com\/\"><img decoding=\"async\" src=\"https:\/\/www.ilnotiziario.net\/wp\/wp-content\/uploads\/2026\/04\/banner-puro-ok.gif\" alt=\"whatsapp\"><\/a><\/div><\/p><\/div>\n<\/div>\n<\/div>\n<p>Cosa hanno scelto i pi\u00f9 decisi? <strong>Principalmente universit\u00e0 (48%) e l\u2019alternanza studio-lavoro (24%)<\/strong>, ma c\u2019\u00e8 anche chi preferisce subito catapultarsi esclusivamente nel mondo lavorativo (21%).<\/p>\n<p>E\u2019 quanto emerge da <a href=\"https:\/\/www.sanpellegrino-corporate.it\/it\/sanpellegrino-campus\">uno studio promosso dal Sanpellegrino Campus<\/a> , condotto con metodologia WOA (Web Opinion Analisys) su circa 2.500 studenti alle prese con la maturit\u00e0 attraverso un monitoraggio online sui principali social network, forum e community dedicate per capire il loro stato d\u2019animo e le loro preferenze legate al percorso post-maturit\u00e0.<\/p>\n<p>Con quale stato d\u2019animo si sono presentati gli studenti all\u2019ultimo anno di studi? Apprensione (64%) ed emozione (55%) per quello che sar\u00e0 uno dei momenti clou della propria giovane vita sono i sentimenti pi\u00f9 comuni, mentre i pi\u00f9 ottimisti hanno affrontato l\u2019ultimo anno con positivit\u00e0 (49%) e determinazione (44%).<\/p><div id=\"ilnot-754184488\" class=\"ilnot-contenuto_2-2 ilnot-entity-placement\"><div class=\"gptslot\" data-adunitid=\"2\"><\/div>\n<\/div>\n<p>A cosa \u00e8 dovuto <strong>questo senso di preoccupazione?<\/strong> A sorpresa \u00e8 il post diploma a spaventare pi\u00f9 degli esami: quasi uno studente su due (47%)<strong> si dice insicuro su cosa fare dopo,<\/strong> una percentuale sensibilmente inferiore (39%) rispetto a coloro che sono preoccupati da scritti e orali.<\/p>\n<p>C\u2019\u00e8 addirittura chi invece <strong>teme di non venir nemmeno ammesso alle prove finali (10%).<\/strong><\/p>\n<p>Un\u2019indecisione dovuta anche dalla mancanza all\u2019interno del proprio istituto di un orientamento legato al mondo lavorativo, segnalato da quasi uno studente su tre (31%).<\/p><div id=\"ilnot-1768821314\" class=\"ilnot-contenuto_2-2-2 ilnot-entity-placement\"><div class=\"gptslot\" data-adunitid=\"3\"><\/div>\n<\/div>\n<p>Quando gli studenti decidono cosa fare dopo la maturit\u00e0?<strong> La maggioranza (46%) attende la fine degli esami<\/strong>, con una sensibile percentuale (17%) che aspetta addirittura settembre per godersi l\u2019ultima estate di spensieratezza. Coloro che hanno le idee pi\u00f9 chiare, invece, hanno gi\u00e0 preso una decisione nel corso dell\u2019ultimo anno (28%) o addirittura prima dell\u2019inizio dell\u2019attuale anno scolastico (9%).<\/p>\n<h2>Cosa fare dopo la maturit\u00e0?<\/h2>\n<p>La maggioranza continuer\u00e0 il percorso formativo <strong>scegliendo di frequentare universit\u00e0 (46%)<\/strong> o di alternare agli studi un\u2019esperienza lavorativa di stage (26%), mentre altri decideranno di<strong> immergersi subito esclusivamente nel mondo del lavoro (21%)<\/strong> o di prendersi addirittura un anno sabbatico (7%).<\/p>\n<p>Una scelta, quella del proseguire con gli studi, che non sempre porta alla conclusione del ciclo formativo: secondo il Rapporto 2019 Almalaurea sulle scelte formative e la condizione occupazionale dei diplomati, a un anno dal titolo per il 14,8% dei diplomati la scelta universitaria non si \u00e8 dimostrata vincente, con il 6,3% che ha deciso di abbandonare l\u2019universit\u00e0 fin dal primo anno, mentre un ulteriore 8,5% \u00e8 attualmente iscritto all\u2019universit\u00e0 ma ha gi\u00e0 cambiato ateneo o corso di laurea.<\/p><div id=\"ilnot-4015077956\" class=\"ilnot-contenuto_2-2-2-2 ilnot-entity-placement\"><div class=\"gptslot\" data-adunitid=\"4\"><\/div>\n<\/div>\n<p><strong>Che l\u2019Italia non sia un Paese per laureati \u00e8 un dato che invece emerge dall\u2019ultimo studio dell\u2019OCSE,<\/strong> l\u2019Organizzazione dei Paesi pi\u00f9 sviluppati del mondo, dal quale emerge che <strong>solamente il 18% degli italiani si laurea<\/strong>, rispetto a una media 37% dell\u2019intera area OCSE.<\/p>\n<p>Quali tipi di corsi di studio vorrebbero intraprendere? Quasi uno studente su tre (31%) tende maggiormente verso un corso di laurea nell\u2019ambito economico-sociale, altri optano per studi umanistici (27%), ingegneristici (29%) e scientifici (19%). Con quale criterio viene scelto il corso di studi? Il 33% lo fa seguendo ci\u00f2 per cui si sente pi\u00f9 portato, mentre i pi\u00f9 lungimiranti (27%) scelgono in base ai potenziale sbocchi lavorativi. Il 24% opta per la scelta di un percorso coerente con gli studi precedenti. Mentre il 16% sceglie in base all\u2019offerta formativa dell\u2019ateneo pi\u00f9 vicino al comune di residenza.<\/p><div id=\"ilnot-3002476810\" class=\"ilnot-contenuto_2-2-2-2-2 ilnot-entity-placement\"><div class=\"gptslot\" data-adunitid=\"5\"><\/div>\n<\/div>\n<h2>Come si informano gli studenti nella scelta del proprio corso di studi?<\/h2>\n<p>La maggioranza (61%) consulta i diversi siti internet delle universit\u00e0, mentre chi ha l\u2019opportunit\u00e0 preferisce recarsi di persona presso la segreteria dell\u2019ateneo di riferimento o partecipare agli Open Day dedicati (54%). Una cospicua percentuale<strong> chiede informazioni a conoscenti e amici che gi\u00e0 frequentano alcuni corsi di studi (49%<\/strong>), mentre il 37% preferisce ascoltare i consigli e l\u2019esperienza di genitori e parenti.<\/p>\n","protected":false},"excerpt":{"rendered":"<p>Ogni anno centinaia di migliaia di giovani arrivano alla maturit\u00e0 con apprensione e incertezza. La loro principale preoccupazione per\u00f2 non riguarda la prova scritta o l\u2019orale (39%): quasi un maturando su due (47%) \u00e8 indeciso su cosa fare dopo il diploma. Il 46% degli studenti aspetta la fine degli esami, mentre c\u2019\u00e8 chi addirittura rinvia<\/p>\n","protected":false},"author":3,"featured_media":34904,"comment_status":"closed","ping_status":"closed","sticky":false,"template":"","format":"standard","meta":{"footnotes":""},"categories":[4193],"tags":[5324,6208,692,2603],"class_list":{"0":"post-34903","1":"post","2":"type-post","3":"status-publish","4":"format-standard","5":"has-post-thumbnail","7":"category-buonoasapersi","8":"tag-maturita","9":"tag-orientamento","10":"tag-studenti","11":"tag-universita"},"yoast_head":"<!-- This site is optimized with the Yoast SEO plugin v27.5 - https:\/\/yoast.com\/product\/yoast-seo-wordpress\/ -->\n<title>Maturit\u00e0, uno studente su due non ha le idee chiare su cosa fare dopo - Il Notiziario<\/title>\n<meta name=\"description\" content=\"Ogni anno centinaia di migliaia di giovani arrivano alla maturit\u00e0 con apprensione e incertezza. La loro principale preoccupazione per\u00f2 non riguarda la\" \/>\n<meta name=\"robots\" content=\"index, follow, max-snippet:-1, max-image-preview:large, max-video-preview:-1\" \/>\n<link rel=\"canonical\" href=\"https:\/\/www.ilnotiziario.net\/wp\/buonoasapersi\/maturita-uno-studente-su-due-non-ha-le-idee-chiare-su-cosa-fare-dopo\/\" \/>\n<meta property=\"og:locale\" content=\"it_IT\" \/>\n<meta property=\"og:type\" content=\"article\" \/>\n<meta property=\"og:title\" content=\"Maturit\u00e0, uno studente su due non ha le idee chiare su cosa fare dopo - Il Notiziario\" \/>\n<meta property=\"og:description\" content=\"Ogni anno centinaia di migliaia di giovani arrivano alla maturit\u00e0 con apprensione e incertezza. La loro principale preoccupazione per\u00f2 non riguarda la\" \/>\n<meta property=\"og:url\" content=\"https:\/\/www.ilnotiziario.net\/wp\/buonoasapersi\/maturita-uno-studente-su-due-non-ha-le-idee-chiare-su-cosa-fare-dopo\/\" \/>\n<meta property=\"og:site_name\" content=\"Il Notiziario\" \/>\n<meta property=\"article:publisher\" content=\"https:\/\/www.facebook.com\/ilnotiziarioind\/\" \/>\n<meta property=\"article:published_time\" content=\"2019-06-13T12:34:54+00:00\" \/>\n<meta property=\"og:image\" content=\"https:\/\/www.ilnotiziario.net\/wp\/wp-content\/uploads\/2019\/06\/Maturit\u00e0.jpg\" \/>\n\t<meta property=\"og:image:width\" content=\"1280\" \/>\n\t<meta property=\"og:image:height\" content=\"853\" \/>\n\t<meta property=\"og:image:type\" content=\"image\/jpeg\" \/>\n<meta name=\"author\" content=\"Gabriele Bassani\" \/>\n<meta name=\"twitter:card\" content=\"summary_large_image\" \/>\n<meta name=\"twitter:creator\" content=\"@ilNotiziarioInd\" \/>\n<meta name=\"twitter:site\" content=\"@ilNotiziarioInd\" \/>\n<meta name=\"twitter:label1\" content=\"Scritto da\" \/>\n\t<meta name=\"twitter:data1\" content=\"Gabriele Bassani\" \/>\n\t<meta name=\"twitter:label2\" content=\"Tempo di lettura stimato\" \/>\n\t<meta name=\"twitter:data2\" content=\"3 minuti\" \/>\n<script type=\"application\/ld+json\" class=\"yoast-schema-graph\">{\"@context\":\"https:\\\/\\\/schema.org\",\"@graph\":[{\"@type\":\"Article\",\"@id\":\"https:\\\/\\\/www.ilnotiziario.net\\\/wp\\\/buonoasapersi\\\/maturita-uno-studente-su-due-non-ha-le-idee-chiare-su-cosa-fare-dopo\\\/#article\",\"isPartOf\":{\"@id\":\"https:\\\/\\\/www.ilnotiziario.net\\\/wp\\\/buonoasapersi\\\/maturita-uno-studente-su-due-non-ha-le-idee-chiare-su-cosa-fare-dopo\\\/\"},\"author\":{\"name\":\"Gabriele Bassani\",\"@id\":\"https:\\\/\\\/www.ilnotiziario.net\\\/wp\\\/#\\\/schema\\\/person\\\/386e222908f898bb41c033989482bbf2\"},\"headline\":\"Maturit\u00e0, uno studente su due non ha le idee chiare su cosa fare dopo\",\"datePublished\":\"2019-06-13T12:34:54+00:00\",\"mainEntityOfPage\":{\"@id\":\"https:\\\/\\\/www.ilnotiziario.net\\\/wp\\\/buonoasapersi\\\/maturita-uno-studente-su-due-non-ha-le-idee-chiare-su-cosa-fare-dopo\\\/\"},\"wordCount\":678,\"publisher\":{\"@id\":\"https:\\\/\\\/www.ilnotiziario.net\\\/wp\\\/#organization\"},\"image\":{\"@id\":\"https:\\\/\\\/www.ilnotiziario.net\\\/wp\\\/buonoasapersi\\\/maturita-uno-studente-su-due-non-ha-le-idee-chiare-su-cosa-fare-dopo\\\/#primaryimage\"},\"thumbnailUrl\":\"https:\\\/\\\/www.ilnotiziario.net\\\/wp\\\/wp-content\\\/uploads\\\/2019\\\/06\\\/Maturit\u00e0.jpg\",\"keywords\":[\"maturit\u00e0\",\"orientamento\",\"studenti\",\"universit\u00e0\"],\"articleSection\":[\"BUONO A SAPERSI\"],\"inLanguage\":\"it-IT\"},{\"@type\":\"WebPage\",\"@id\":\"https:\\\/\\\/www.ilnotiziario.net\\\/wp\\\/buonoasapersi\\\/maturita-uno-studente-su-due-non-ha-le-idee-chiare-su-cosa-fare-dopo\\\/\",\"url\":\"https:\\\/\\\/www.ilnotiziario.net\\\/wp\\\/buonoasapersi\\\/maturita-uno-studente-su-due-non-ha-le-idee-chiare-su-cosa-fare-dopo\\\/\",\"name\":\"Maturit\u00e0, uno studente su due non ha le idee chiare su cosa fare dopo - Il Notiziario\",\"isPartOf\":{\"@id\":\"https:\\\/\\\/www.ilnotiziario.net\\\/wp\\\/#website\"},\"primaryImageOfPage\":{\"@id\":\"https:\\\/\\\/www.ilnotiziario.net\\\/wp\\\/buonoasapersi\\\/maturita-uno-studente-su-due-non-ha-le-idee-chiare-su-cosa-fare-dopo\\\/#primaryimage\"},\"image\":{\"@id\":\"https:\\\/\\\/www.ilnotiziario.net\\\/wp\\\/buonoasapersi\\\/maturita-uno-studente-su-due-non-ha-le-idee-chiare-su-cosa-fare-dopo\\\/#primaryimage\"},\"thumbnailUrl\":\"https:\\\/\\\/www.ilnotiziario.net\\\/wp\\\/wp-content\\\/uploads\\\/2019\\\/06\\\/Maturit\u00e0.jpg\",\"datePublished\":\"2019-06-13T12:34:54+00:00\",\"description\":\"Ogni anno centinaia di migliaia di giovani arrivano alla maturit\u00e0 con apprensione e incertezza. La loro principale preoccupazione per\u00f2 non riguarda la\",\"breadcrumb\":{\"@id\":\"https:\\\/\\\/www.ilnotiziario.net\\\/wp\\\/buonoasapersi\\\/maturita-uno-studente-su-due-non-ha-le-idee-chiare-su-cosa-fare-dopo\\\/#breadcrumb\"},\"inLanguage\":\"it-IT\",\"potentialAction\":[{\"@type\":\"ReadAction\",\"target\":[\"https:\\\/\\\/www.ilnotiziario.net\\\/wp\\\/buonoasapersi\\\/maturita-uno-studente-su-due-non-ha-le-idee-chiare-su-cosa-fare-dopo\\\/\"]}]},{\"@type\":\"ImageObject\",\"inLanguage\":\"it-IT\",\"@id\":\"https:\\\/\\\/www.ilnotiziario.net\\\/wp\\\/buonoasapersi\\\/maturita-uno-studente-su-due-non-ha-le-idee-chiare-su-cosa-fare-dopo\\\/#primaryimage\",\"url\":\"https:\\\/\\\/www.ilnotiziario.net\\\/wp\\\/wp-content\\\/uploads\\\/2019\\\/06\\\/Maturit\u00e0.jpg\",\"contentUrl\":\"https:\\\/\\\/www.ilnotiziario.net\\\/wp\\\/wp-content\\\/uploads\\\/2019\\\/06\\\/Maturit\u00e0.jpg\",\"width\":1280,\"height\":853,\"caption\":\"studio\"},{\"@type\":\"BreadcrumbList\",\"@id\":\"https:\\\/\\\/www.ilnotiziario.net\\\/wp\\\/buonoasapersi\\\/maturita-uno-studente-su-due-non-ha-le-idee-chiare-su-cosa-fare-dopo\\\/#breadcrumb\",\"itemListElement\":[{\"@type\":\"ListItem\",\"position\":1,\"name\":\"tds_text_logo_tagline_colortds_text_logo_tagline_colortds_text_logo_tagline_colortds_text_logo_tagline_colortd_module_7_title_excerpttd_module_7_title_excerpttd_module_7_title_excerpttd_module_7_title_excerptHome\",\"item\":\"https:\\\/\\\/www.ilnotiziario.net\\\/wp\\\/\"},{\"@type\":\"ListItem\",\"position\":2,\"name\":\"Maturit\u00e0, uno studente su due non ha le idee chiare su cosa fare dopo\"}]},{\"@type\":\"WebSite\",\"@id\":\"https:\\\/\\\/www.ilnotiziario.net\\\/wp\\\/#website\",\"url\":\"https:\\\/\\\/www.ilnotiziario.net\\\/wp\\\/\",\"name\":\"Il Notiziario\",\"description\":\"Per restare sempre connessi alla notizia\",\"publisher\":{\"@id\":\"https:\\\/\\\/www.ilnotiziario.net\\\/wp\\\/#organization\"},\"alternateName\":\"Il Notiziario Bollate\",\"potentialAction\":[{\"@type\":\"SearchAction\",\"target\":{\"@type\":\"EntryPoint\",\"urlTemplate\":\"https:\\\/\\\/www.ilnotiziario.net\\\/wp\\\/?s={search_term_string}\"},\"query-input\":{\"@type\":\"PropertyValueSpecification\",\"valueRequired\":true,\"valueName\":\"search_term_string\"}}],\"inLanguage\":\"it-IT\"},{\"@type\":\"Organization\",\"@id\":\"https:\\\/\\\/www.ilnotiziario.net\\\/wp\\\/#organization\",\"name\":\"Il Notiziario\",\"url\":\"https:\\\/\\\/www.ilnotiziario.net\\\/wp\\\/\",\"logo\":{\"@type\":\"ImageObject\",\"inLanguage\":\"it-IT\",\"@id\":\"https:\\\/\\\/www.ilnotiziario.net\\\/wp\\\/#\\\/schema\\\/logo\\\/image\\\/\",\"url\":\"https:\\\/\\\/www.ilnotiziario.net\\\/wp\\\/wp-content\\\/uploads\\\/2022\\\/06\\\/170x170ilN.png\",\"contentUrl\":\"https:\\\/\\\/www.ilnotiziario.net\\\/wp\\\/wp-content\\\/uploads\\\/2022\\\/06\\\/170x170ilN.png\",\"width\":355,\"height\":355,\"caption\":\"Il Notiziario\"},\"image\":{\"@id\":\"https:\\\/\\\/www.ilnotiziario.net\\\/wp\\\/#\\\/schema\\\/logo\\\/image\\\/\"},\"sameAs\":[\"https:\\\/\\\/www.facebook.com\\\/ilnotiziarioind\\\/\",\"https:\\\/\\\/x.com\\\/ilNotiziarioInd\",\"https:\\\/\\\/www.instagram.com\\\/ilnotiziario_settimanale\\\/\"]},{\"@type\":\"Person\",\"@id\":\"https:\\\/\\\/www.ilnotiziario.net\\\/wp\\\/#\\\/schema\\\/person\\\/386e222908f898bb41c033989482bbf2\",\"name\":\"Gabriele Bassani\",\"image\":{\"@type\":\"ImageObject\",\"inLanguage\":\"it-IT\",\"@id\":\"https:\\\/\\\/secure.gravatar.com\\\/avatar\\\/09274f4a84fa97698bde56f84b3afed61c8492d48b0550db9671b68c177479cb?s=96&d=mm&r=g\",\"url\":\"https:\\\/\\\/secure.gravatar.com\\\/avatar\\\/09274f4a84fa97698bde56f84b3afed61c8492d48b0550db9671b68c177479cb?s=96&d=mm&r=g\",\"contentUrl\":\"https:\\\/\\\/secure.gravatar.com\\\/avatar\\\/09274f4a84fa97698bde56f84b3afed61c8492d48b0550db9671b68c177479cb?s=96&d=mm&r=g\",\"caption\":\"Gabriele Bassani\"},\"sameAs\":[\"http:\\\/\\\/www.ilnotiziario.net\"]}]}<\/script>\n<!-- \/ Yoast SEO plugin. -->","yoast_head_json":{"title":"Maturit\u00e0, uno studente su due non ha le idee chiare su cosa fare dopo - Il Notiziario","description":"Ogni anno centinaia di migliaia di giovani arrivano alla maturit\u00e0 con apprensione e incertezza. La loro principale preoccupazione per\u00f2 non riguarda la","robots":{"index":"index","follow":"follow","max-snippet":"max-snippet:-1","max-image-preview":"max-image-preview:large","max-video-preview":"max-video-preview:-1"},"canonical":"https:\/\/www.ilnotiziario.net\/wp\/buonoasapersi\/maturita-uno-studente-su-due-non-ha-le-idee-chiare-su-cosa-fare-dopo\/","og_locale":"it_IT","og_type":"article","og_title":"Maturit\u00e0, uno studente su due non ha le idee chiare su cosa fare dopo - Il Notiziario","og_description":"Ogni anno centinaia di migliaia di giovani arrivano alla maturit\u00e0 con apprensione e incertezza. La loro principale preoccupazione per\u00f2 non riguarda la","og_url":"https:\/\/www.ilnotiziario.net\/wp\/buonoasapersi\/maturita-uno-studente-su-due-non-ha-le-idee-chiare-su-cosa-fare-dopo\/","og_site_name":"Il Notiziario","article_publisher":"https:\/\/www.facebook.com\/ilnotiziarioind\/","article_published_time":"2019-06-13T12:34:54+00:00","og_image":[{"width":1280,"height":853,"url":"https:\/\/www.ilnotiziario.net\/wp\/wp-content\/uploads\/2019\/06\/Maturit\u00e0.jpg","type":"image\/jpeg"}],"author":"Gabriele Bassani","twitter_card":"summary_large_image","twitter_creator":"@ilNotiziarioInd","twitter_site":"@ilNotiziarioInd","twitter_misc":{"Scritto da":"Gabriele Bassani","Tempo di lettura stimato":"3 minuti"},"schema":{"@context":"https:\/\/schema.org","@graph":[{"@type":"Article","@id":"https:\/\/www.ilnotiziario.net\/wp\/buonoasapersi\/maturita-uno-studente-su-due-non-ha-le-idee-chiare-su-cosa-fare-dopo\/#article","isPartOf":{"@id":"https:\/\/www.ilnotiziario.net\/wp\/buonoasapersi\/maturita-uno-studente-su-due-non-ha-le-idee-chiare-su-cosa-fare-dopo\/"},"author":{"name":"Gabriele Bassani","@id":"https:\/\/www.ilnotiziario.net\/wp\/#\/schema\/person\/386e222908f898bb41c033989482bbf2"},"headline":"Maturit\u00e0, uno studente su due non ha le idee chiare su cosa fare dopo","datePublished":"2019-06-13T12:34:54+00:00","mainEntityOfPage":{"@id":"https:\/\/www.ilnotiziario.net\/wp\/buonoasapersi\/maturita-uno-studente-su-due-non-ha-le-idee-chiare-su-cosa-fare-dopo\/"},"wordCount":678,"publisher":{"@id":"https:\/\/www.ilnotiziario.net\/wp\/#organization"},"image":{"@id":"https:\/\/www.ilnotiziario.net\/wp\/buonoasapersi\/maturita-uno-studente-su-due-non-ha-le-idee-chiare-su-cosa-fare-dopo\/#primaryimage"},"thumbnailUrl":"https:\/\/www.ilnotiziario.net\/wp\/wp-content\/uploads\/2019\/06\/Maturit\u00e0.jpg","keywords":["maturit\u00e0","orientamento","studenti","universit\u00e0"],"articleSection":["BUONO A SAPERSI"],"inLanguage":"it-IT"},{"@type":"WebPage","@id":"https:\/\/www.ilnotiziario.net\/wp\/buonoasapersi\/maturita-uno-studente-su-due-non-ha-le-idee-chiare-su-cosa-fare-dopo\/","url":"https:\/\/www.ilnotiziario.net\/wp\/buonoasapersi\/maturita-uno-studente-su-due-non-ha-le-idee-chiare-su-cosa-fare-dopo\/","name":"Maturit\u00e0, uno studente su due non ha le idee chiare su cosa fare dopo - Il Notiziario","isPartOf":{"@id":"https:\/\/www.ilnotiziario.net\/wp\/#website"},"primaryImageOfPage":{"@id":"https:\/\/www.ilnotiziario.net\/wp\/buonoasapersi\/maturita-uno-studente-su-due-non-ha-le-idee-chiare-su-cosa-fare-dopo\/#primaryimage"},"image":{"@id":"https:\/\/www.ilnotiziario.net\/wp\/buonoasapersi\/maturita-uno-studente-su-due-non-ha-le-idee-chiare-su-cosa-fare-dopo\/#primaryimage"},"thumbnailUrl":"https:\/\/www.ilnotiziario.net\/wp\/wp-content\/uploads\/2019\/06\/Maturit\u00e0.jpg","datePublished":"2019-06-13T12:34:54+00:00","description":"Ogni anno centinaia di migliaia di giovani arrivano alla maturit\u00e0 con apprensione e incertezza. La loro principale preoccupazione per\u00f2 non riguarda la","breadcrumb":{"@id":"https:\/\/www.ilnotiziario.net\/wp\/buonoasapersi\/maturita-uno-studente-su-due-non-ha-le-idee-chiare-su-cosa-fare-dopo\/#breadcrumb"},"inLanguage":"it-IT","potentialAction":[{"@type":"ReadAction","target":["https:\/\/www.ilnotiziario.net\/wp\/buonoasapersi\/maturita-uno-studente-su-due-non-ha-le-idee-chiare-su-cosa-fare-dopo\/"]}]},{"@type":"ImageObject","inLanguage":"it-IT","@id":"https:\/\/www.ilnotiziario.net\/wp\/buonoasapersi\/maturita-uno-studente-su-due-non-ha-le-idee-chiare-su-cosa-fare-dopo\/#primaryimage","url":"https:\/\/www.ilnotiziario.net\/wp\/wp-content\/uploads\/2019\/06\/Maturit\u00e0.jpg","contentUrl":"https:\/\/www.ilnotiziario.net\/wp\/wp-content\/uploads\/2019\/06\/Maturit\u00e0.jpg","width":1280,"height":853,"caption":"studio"},{"@type":"BreadcrumbList","@id":"https:\/\/www.ilnotiziario.net\/wp\/buonoasapersi\/maturita-uno-studente-su-due-non-ha-le-idee-chiare-su-cosa-fare-dopo\/#breadcrumb","itemListElement":[{"@type":"ListItem","position":1,"name":"tds_text_logo_tagline_colortds_text_logo_tagline_colortds_text_logo_tagline_colortds_text_logo_tagline_colortd_module_7_title_excerpttd_module_7_title_excerpttd_module_7_title_excerpttd_module_7_title_excerptHome","item":"https:\/\/www.ilnotiziario.net\/wp\/"},{"@type":"ListItem","position":2,"name":"Maturit\u00e0, uno studente su due non ha le idee chiare su cosa fare dopo"}]},{"@type":"WebSite","@id":"https:\/\/www.ilnotiziario.net\/wp\/#website","url":"https:\/\/www.ilnotiziario.net\/wp\/","name":"Il Notiziario","description":"Per restare sempre connessi alla notizia","publisher":{"@id":"https:\/\/www.ilnotiziario.net\/wp\/#organization"},"alternateName":"Il Notiziario Bollate","potentialAction":[{"@type":"SearchAction","target":{"@type":"EntryPoint","urlTemplate":"https:\/\/www.ilnotiziario.net\/wp\/?s={search_term_string}"},"query-input":{"@type":"PropertyValueSpecification","valueRequired":true,"valueName":"search_term_string"}}],"inLanguage":"it-IT"},{"@type":"Organization","@id":"https:\/\/www.ilnotiziario.net\/wp\/#organization","name":"Il Notiziario","url":"https:\/\/www.ilnotiziario.net\/wp\/","logo":{"@type":"ImageObject","inLanguage":"it-IT","@id":"https:\/\/www.ilnotiziario.net\/wp\/#\/schema\/logo\/image\/","url":"https:\/\/www.ilnotiziario.net\/wp\/wp-content\/uploads\/2022\/06\/170x170ilN.png","contentUrl":"https:\/\/www.ilnotiziario.net\/wp\/wp-content\/uploads\/2022\/06\/170x170ilN.png","width":355,"height":355,"caption":"Il Notiziario"},"image":{"@id":"https:\/\/www.ilnotiziario.net\/wp\/#\/schema\/logo\/image\/"},"sameAs":["https:\/\/www.facebook.com\/ilnotiziarioind\/","https:\/\/x.com\/ilNotiziarioInd","https:\/\/www.instagram.com\/ilnotiziario_settimanale\/"]},{"@type":"Person","@id":"https:\/\/www.ilnotiziario.net\/wp\/#\/schema\/person\/386e222908f898bb41c033989482bbf2","name":"Gabriele Bassani","image":{"@type":"ImageObject","inLanguage":"it-IT","@id":"https:\/\/secure.gravatar.com\/avatar\/09274f4a84fa97698bde56f84b3afed61c8492d48b0550db9671b68c177479cb?s=96&d=mm&r=g","url":"https:\/\/secure.gravatar.com\/avatar\/09274f4a84fa97698bde56f84b3afed61c8492d48b0550db9671b68c177479cb?s=96&d=mm&r=g","contentUrl":"https:\/\/secure.gravatar.com\/avatar\/09274f4a84fa97698bde56f84b3afed61c8492d48b0550db9671b68c177479cb?s=96&d=mm&r=g","caption":"Gabriele Bassani"},"sameAs":["http:\/\/www.ilnotiziario.net"]}]}},"_links":{"self":[{"href":"https:\/\/www.ilnotiziario.net\/wp\/wp-json\/wp\/v2\/posts\/34903","targetHints":{"allow":["GET"]}}],"collection":[{"href":"https:\/\/www.ilnotiziario.net\/wp\/wp-json\/wp\/v2\/posts"}],"about":[{"href":"https:\/\/www.ilnotiziario.net\/wp\/wp-json\/wp\/v2\/types\/post"}],"author":[{"embeddable":true,"href":"https:\/\/www.ilnotiziario.net\/wp\/wp-json\/wp\/v2\/users\/3"}],"replies":[{"embeddable":true,"href":"https:\/\/www.ilnotiziario.net\/wp\/wp-json\/wp\/v2\/comments?post=34903"}],"version-history":[{"count":0,"href":"https:\/\/www.ilnotiziario.net\/wp\/wp-json\/wp\/v2\/posts\/34903\/revisions"}],"wp:featuredmedia":[{"embeddable":true,"href":"https:\/\/www.ilnotiziario.net\/wp\/wp-json\/wp\/v2\/media\/34904"}],"wp:attachment":[{"href":"https:\/\/www.ilnotiziario.net\/wp\/wp-json\/wp\/v2\/media?parent=34903"}],"wp:term":[{"taxonomy":"category","embeddable":true,"href":"https:\/\/www.ilnotiziario.net\/wp\/wp-json\/wp\/v2\/categories?post=34903"},{"taxonomy":"post_tag","embeddable":true,"href":"https:\/\/www.ilnotiziario.net\/wp\/wp-json\/wp\/v2\/tags?post=34903"}],"curies":[{"name":"wp","href":"https:\/\/api.w.org\/{rel}","templated":true}]}}