{"id":36380,"date":"2019-08-24T09:26:23","date_gmt":"2019-08-24T07:26:23","guid":{"rendered":"https:\/\/www.ilnotiziario.net\/?p=36380"},"modified":"2019-08-24T09:26:23","modified_gmt":"2019-08-24T07:26:23","slug":"scuola-lombarda-primo-giorno-ponti-vacanze-natale-carnevale","status":"publish","type":"post","link":"https:\/\/www.ilnotiziario.net\/wp\/senza-categoria\/scuola-lombarda-primo-giorno-ponti-vacanze-natale-carnevale\/","title":{"rendered":"Ritorno a scuola in Lombardia: il primo giorno e i ponti (pochi) per le vacanze"},"content":{"rendered":"<p><img fetchpriority=\"high\" decoding=\"async\" class=\"size-medium wp-image-36383 alignleft\" src=\"https:\/\/www.ilnotiziario.net\/wp\/wp-content\/uploads\/2019\/08\/scuola-primo-giorno-300x200.jpg\" alt=\"\" width=\"300\" height=\"200\" srcset=\"https:\/\/www.ilnotiziario.net\/wp\/wp-content\/uploads\/2019\/08\/scuola-primo-giorno-300x200.jpg 300w, https:\/\/www.ilnotiziario.net\/wp\/wp-content\/uploads\/2019\/08\/scuola-primo-giorno-768x511.jpg 768w, https:\/\/www.ilnotiziario.net\/wp\/wp-content\/uploads\/2019\/08\/scuola-primo-giorno-560x373.jpg 560w, https:\/\/www.ilnotiziario.net\/wp\/wp-content\/uploads\/2019\/08\/scuola-primo-giorno.jpg 1000w\" sizes=\"(max-width: 300px) 100vw, 300px\" \/>Si avvicina <strong>il primo giorno di scuola in Lombardia<\/strong> e per l&#8217;occasione diamo uno sguardo a <strong>ponti e vacanze<\/strong> di questo anno scolastico.&nbsp;<\/p><div id=\"ilnot-4002371472\" class=\"ilnot-contenuto ilnot-entity-placement\"><p><!-- incontent_1 --><\/p>\n<div class=\"gptslot\" data-adunitid=\"1\"><\/div>\n<\/div>\n<p><span style=\"font-weight: 400;\">Il ritorno sui banchi per gli studenti lombardi sar\u00e0 <strong>gioved\u00ec 12 settembre<\/strong> con possibilit\u00e0 di avvio anticipato da parte delle singole istituzioni in base all\u2019autonomia scolastica. L\u2019ultimo giorno invece \u00e8 previsto per luned\u00ec 8 giugno 2020.&nbsp;<\/span><\/p>\n<p><span style=\"font-weight: 400;\">Quest\u2019anno le <strong>vacanze natalizie<\/strong> sono fissate da luned\u00ec 23 dicembre a luned\u00ec 6 gennaio. Invece la <strong>pausa di Carnevale<\/strong> cadr\u00e0 tra venerd\u00ec 28 e sabato 29 febbraio; quelle di <strong>Pasqua<\/strong> da gioved\u00ec 9 aprile a marted\u00ec 14.<\/span><\/p><div id=\"ilnot-124291581\" class=\"ilnot-contenuto_2 ilnot-entity-placement\"><div class=\"ads-wrapper\">\n<div class=\"ad-slot\">\n   <div id=\"ilnot-2085090159\" style=\"margin-right: auto;margin-left: auto;text-align: center;width: 320px;height: 100px;\"><a href=\"https:\/\/www.scuolasicurezza.it\/\"><img decoding=\"async\" src=\"https:\/\/www.ilnotiziario.net\/wp\/wp-content\/uploads\/2026\/04\/IlNotiziario_banner-sito-e-newsletter-320-x-100-px-1.gif\" alt=\"\"><\/a><\/div>\n  <\/div>\n<div class=\"ad-slot\">\n   <div id=\"ilnot-2598924606\" style=\"margin-right: auto;margin-left: auto;text-align: center;width: 320px;height: 100px;\"><a href=\"https:\/\/purodesignarredamenti.com\/\"><img decoding=\"async\" src=\"https:\/\/www.ilnotiziario.net\/wp\/wp-content\/uploads\/2026\/04\/banner-puro-ok.gif\" alt=\"whatsapp\"><\/a><\/div><\/p><\/div>\n<\/div>\n<\/div>\n<p><span style=\"font-weight: 400;\">L\u2019anno scolastico 2019-2020 <strong>sar\u00e0 invece povero di ponti<\/strong>. Il primo stacco \u00e8 quello dei Santi, il Primo novembre: cade di venerd\u00ec e dunque ci sono tre giorni, dal 1\u00b0 al 3 per una piccola pausa.<\/span><\/p>\n<p><span style=\"font-weight: 400;\">L\u20198 dicembre, <strong>festa dell\u2019Immacolata<\/strong>, \u00e8 di domenica, dunque nessun ponte pre natalizio. Andr\u00e0 un po\u2019 meglio solo agli studenti milanesi, per lo meno a quelli che alle superiori vanno a scuola di sabato, perch\u00e9 per loro il 7 dicembre, Sant\u2019Ambrogio, le scuole resteranno chiuse .<\/span><\/p>\n<p><span style=\"font-weight: 400;\">Anche la <strong>festa della Liberazione<\/strong> non offrir\u00e0 giorni extra di pausa perch\u00e9 il 25 aprile&nbsp; cadr\u00e0 di sabato. Un ponte classico invece per la Festa dei lavoratori che quest\u2019anno cade di venerd\u00ec.<\/span><\/p><div id=\"ilnot-2855915597\" class=\"ilnot-contenuto_2-2 ilnot-entity-placement\"><div class=\"gptslot\" data-adunitid=\"2\"><\/div>\n<\/div>\n<p><span style=\"font-weight: 400;\">Invece il 2 giugno, <strong>festa della Repubblica<\/strong>, cade di marted\u00ec e potrebbe offrire un bel ponte di 4 giorni attaccato all\u2019ultimo weekend di maggio.<\/span><\/p>\n<p>&nbsp;<\/p>\n","protected":false},"excerpt":{"rendered":"<p>Si avvicina il primo giorno di scuola in Lombardia e per l&#8217;occasione diamo uno sguardo a ponti e vacanze di questo anno scolastico.&nbsp; Il ritorno sui banchi per gli studenti lombardi sar\u00e0 gioved\u00ec 12 settembre con possibilit\u00e0 di avvio anticipato da parte delle singole istituzioni in base all\u2019autonomia scolastica. L\u2019ultimo giorno invece \u00e8 previsto per<\/p>\n","protected":false},"author":7,"featured_media":36383,"comment_status":"closed","ping_status":"closed","sticky":false,"template":"","format":"standard","meta":{"footnotes":""},"categories":[1],"tags":[380,3678],"class_list":{"0":"post-36380","1":"post","2":"type-post","3":"status-publish","4":"format-standard","5":"has-post-thumbnail","7":"category-senza-categoria","8":"tag-scuola","9":"tag-vacanze"},"yoast_head":"<!-- This site is optimized with the Yoast SEO plugin v27.5 - https:\/\/yoast.com\/product\/yoast-seo-wordpress\/ -->\n<title>Ritorno a scuola in Lombardia: il primo giorno e i ponti (pochi) per le vacanze<\/title>\n<meta name=\"description\" content=\"Si avvicina il primo giorno di scuola in Lombardia e per l&#039;occasione diamo uno sguardo a ponti e vacanze di questo anno scolastico\" \/>\n<meta name=\"robots\" content=\"index, follow, max-snippet:-1, max-image-preview:large, max-video-preview:-1\" \/>\n<link rel=\"canonical\" href=\"https:\/\/www.ilnotiziario.net\/wp\/senza-categoria\/scuola-lombarda-primo-giorno-ponti-vacanze-natale-carnevale\/\" \/>\n<meta property=\"og:locale\" content=\"it_IT\" \/>\n<meta property=\"og:type\" content=\"article\" \/>\n<meta property=\"og:title\" content=\"Ritorno a scuola in Lombardia: il primo giorno e i ponti (pochi) per le vacanze\" \/>\n<meta property=\"og:description\" content=\"Si avvicina il primo giorno di scuola in Lombardia e per l&#039;occasione diamo uno sguardo a ponti e vacanze di questo anno scolastico\" \/>\n<meta property=\"og:url\" content=\"https:\/\/www.ilnotiziario.net\/wp\/senza-categoria\/scuola-lombarda-primo-giorno-ponti-vacanze-natale-carnevale\/\" \/>\n<meta property=\"og:site_name\" content=\"Il Notiziario\" \/>\n<meta property=\"article:publisher\" content=\"https:\/\/www.facebook.com\/ilnotiziarioind\/\" \/>\n<meta property=\"article:published_time\" content=\"2019-08-24T07:26:23+00:00\" \/>\n<meta property=\"og:image\" content=\"https:\/\/www.ilnotiziario.net\/wp\/wp-content\/uploads\/2019\/08\/scuola-primo-giorno.jpg\" \/>\n\t<meta property=\"og:image:width\" content=\"1000\" \/>\n\t<meta property=\"og:image:height\" content=\"666\" \/>\n\t<meta property=\"og:image:type\" content=\"image\/jpeg\" \/>\n<meta name=\"author\" content=\"Simone Carcano\" \/>\n<meta name=\"twitter:card\" content=\"summary_large_image\" \/>\n<meta name=\"twitter:creator\" content=\"@simone_carcano\" \/>\n<meta name=\"twitter:site\" content=\"@ilNotiziarioInd\" \/>\n<meta name=\"twitter:label1\" content=\"Scritto da\" \/>\n\t<meta name=\"twitter:data1\" content=\"Simone Carcano\" \/>\n\t<meta name=\"twitter:label2\" content=\"Tempo di lettura stimato\" \/>\n\t<meta name=\"twitter:data2\" content=\"1 minuto\" \/>\n<script type=\"application\/ld+json\" class=\"yoast-schema-graph\">{\"@context\":\"https:\\\/\\\/schema.org\",\"@graph\":[{\"@type\":\"Article\",\"@id\":\"https:\\\/\\\/www.ilnotiziario.net\\\/wp\\\/senza-categoria\\\/scuola-lombarda-primo-giorno-ponti-vacanze-natale-carnevale\\\/#article\",\"isPartOf\":{\"@id\":\"https:\\\/\\\/www.ilnotiziario.net\\\/wp\\\/senza-categoria\\\/scuola-lombarda-primo-giorno-ponti-vacanze-natale-carnevale\\\/\"},\"author\":{\"name\":\"Simone Carcano\",\"@id\":\"https:\\\/\\\/www.ilnotiziario.net\\\/wp\\\/#\\\/schema\\\/person\\\/c218ad0865f96bfe2c1c2cfa719653f7\"},\"headline\":\"Ritorno a scuola in Lombardia: il primo giorno e i ponti (pochi) per le vacanze\",\"datePublished\":\"2019-08-24T07:26:23+00:00\",\"mainEntityOfPage\":{\"@id\":\"https:\\\/\\\/www.ilnotiziario.net\\\/wp\\\/senza-categoria\\\/scuola-lombarda-primo-giorno-ponti-vacanze-natale-carnevale\\\/\"},\"wordCount\":241,\"publisher\":{\"@id\":\"https:\\\/\\\/www.ilnotiziario.net\\\/wp\\\/#organization\"},\"image\":{\"@id\":\"https:\\\/\\\/www.ilnotiziario.net\\\/wp\\\/senza-categoria\\\/scuola-lombarda-primo-giorno-ponti-vacanze-natale-carnevale\\\/#primaryimage\"},\"thumbnailUrl\":\"https:\\\/\\\/www.ilnotiziario.net\\\/wp\\\/wp-content\\\/uploads\\\/2019\\\/08\\\/scuola-primo-giorno.jpg\",\"keywords\":[\"scuola\",\"Vacanze\"],\"inLanguage\":\"it-IT\"},{\"@type\":\"WebPage\",\"@id\":\"https:\\\/\\\/www.ilnotiziario.net\\\/wp\\\/senza-categoria\\\/scuola-lombarda-primo-giorno-ponti-vacanze-natale-carnevale\\\/\",\"url\":\"https:\\\/\\\/www.ilnotiziario.net\\\/wp\\\/senza-categoria\\\/scuola-lombarda-primo-giorno-ponti-vacanze-natale-carnevale\\\/\",\"name\":\"Ritorno a scuola in Lombardia: il primo giorno e i ponti (pochi) per le vacanze\",\"isPartOf\":{\"@id\":\"https:\\\/\\\/www.ilnotiziario.net\\\/wp\\\/#website\"},\"primaryImageOfPage\":{\"@id\":\"https:\\\/\\\/www.ilnotiziario.net\\\/wp\\\/senza-categoria\\\/scuola-lombarda-primo-giorno-ponti-vacanze-natale-carnevale\\\/#primaryimage\"},\"image\":{\"@id\":\"https:\\\/\\\/www.ilnotiziario.net\\\/wp\\\/senza-categoria\\\/scuola-lombarda-primo-giorno-ponti-vacanze-natale-carnevale\\\/#primaryimage\"},\"thumbnailUrl\":\"https:\\\/\\\/www.ilnotiziario.net\\\/wp\\\/wp-content\\\/uploads\\\/2019\\\/08\\\/scuola-primo-giorno.jpg\",\"datePublished\":\"2019-08-24T07:26:23+00:00\",\"description\":\"Si avvicina il primo giorno di scuola in Lombardia e per l'occasione diamo uno sguardo a ponti e vacanze di questo anno scolastico\",\"breadcrumb\":{\"@id\":\"https:\\\/\\\/www.ilnotiziario.net\\\/wp\\\/senza-categoria\\\/scuola-lombarda-primo-giorno-ponti-vacanze-natale-carnevale\\\/#breadcrumb\"},\"inLanguage\":\"it-IT\",\"potentialAction\":[{\"@type\":\"ReadAction\",\"target\":[\"https:\\\/\\\/www.ilnotiziario.net\\\/wp\\\/senza-categoria\\\/scuola-lombarda-primo-giorno-ponti-vacanze-natale-carnevale\\\/\"]}]},{\"@type\":\"ImageObject\",\"inLanguage\":\"it-IT\",\"@id\":\"https:\\\/\\\/www.ilnotiziario.net\\\/wp\\\/senza-categoria\\\/scuola-lombarda-primo-giorno-ponti-vacanze-natale-carnevale\\\/#primaryimage\",\"url\":\"https:\\\/\\\/www.ilnotiziario.net\\\/wp\\\/wp-content\\\/uploads\\\/2019\\\/08\\\/scuola-primo-giorno.jpg\",\"contentUrl\":\"https:\\\/\\\/www.ilnotiziario.net\\\/wp\\\/wp-content\\\/uploads\\\/2019\\\/08\\\/scuola-primo-giorno.jpg\",\"width\":1000,\"height\":666},{\"@type\":\"BreadcrumbList\",\"@id\":\"https:\\\/\\\/www.ilnotiziario.net\\\/wp\\\/senza-categoria\\\/scuola-lombarda-primo-giorno-ponti-vacanze-natale-carnevale\\\/#breadcrumb\",\"itemListElement\":[{\"@type\":\"ListItem\",\"position\":1,\"name\":\"tds_text_logo_tagline_colortds_text_logo_tagline_colortds_text_logo_tagline_colortds_text_logo_tagline_colortd_module_7_title_excerpttd_module_7_title_excerpttd_module_7_title_excerpttd_module_7_title_excerptHome\",\"item\":\"https:\\\/\\\/www.ilnotiziario.net\\\/wp\\\/\"},{\"@type\":\"ListItem\",\"position\":2,\"name\":\"Ritorno a scuola in Lombardia: il primo giorno e i ponti (pochi) per le vacanze\"}]},{\"@type\":\"WebSite\",\"@id\":\"https:\\\/\\\/www.ilnotiziario.net\\\/wp\\\/#website\",\"url\":\"https:\\\/\\\/www.ilnotiziario.net\\\/wp\\\/\",\"name\":\"Il Notiziario\",\"description\":\"Per restare sempre connessi alla notizia\",\"publisher\":{\"@id\":\"https:\\\/\\\/www.ilnotiziario.net\\\/wp\\\/#organization\"},\"alternateName\":\"Il Notiziario Bollate\",\"potentialAction\":[{\"@type\":\"SearchAction\",\"target\":{\"@type\":\"EntryPoint\",\"urlTemplate\":\"https:\\\/\\\/www.ilnotiziario.net\\\/wp\\\/?s={search_term_string}\"},\"query-input\":{\"@type\":\"PropertyValueSpecification\",\"valueRequired\":true,\"valueName\":\"search_term_string\"}}],\"inLanguage\":\"it-IT\"},{\"@type\":\"Organization\",\"@id\":\"https:\\\/\\\/www.ilnotiziario.net\\\/wp\\\/#organization\",\"name\":\"Il Notiziario\",\"url\":\"https:\\\/\\\/www.ilnotiziario.net\\\/wp\\\/\",\"logo\":{\"@type\":\"ImageObject\",\"inLanguage\":\"it-IT\",\"@id\":\"https:\\\/\\\/www.ilnotiziario.net\\\/wp\\\/#\\\/schema\\\/logo\\\/image\\\/\",\"url\":\"https:\\\/\\\/www.ilnotiziario.net\\\/wp\\\/wp-content\\\/uploads\\\/2022\\\/06\\\/170x170ilN.png\",\"contentUrl\":\"https:\\\/\\\/www.ilnotiziario.net\\\/wp\\\/wp-content\\\/uploads\\\/2022\\\/06\\\/170x170ilN.png\",\"width\":355,\"height\":355,\"caption\":\"Il Notiziario\"},\"image\":{\"@id\":\"https:\\\/\\\/www.ilnotiziario.net\\\/wp\\\/#\\\/schema\\\/logo\\\/image\\\/\"},\"sameAs\":[\"https:\\\/\\\/www.facebook.com\\\/ilnotiziarioind\\\/\",\"https:\\\/\\\/x.com\\\/ilNotiziarioInd\",\"https:\\\/\\\/www.instagram.com\\\/ilnotiziario_settimanale\\\/\"]},{\"@type\":\"Person\",\"@id\":\"https:\\\/\\\/www.ilnotiziario.net\\\/wp\\\/#\\\/schema\\\/person\\\/c218ad0865f96bfe2c1c2cfa719653f7\",\"name\":\"Simone Carcano\",\"image\":{\"@type\":\"ImageObject\",\"inLanguage\":\"it-IT\",\"@id\":\"https:\\\/\\\/secure.gravatar.com\\\/avatar\\\/5e677023cff2c47e9f7a896b9157a46e18bd36e7c4d000a1726bb730be7d38bb?s=96&d=mm&r=g\",\"url\":\"https:\\\/\\\/secure.gravatar.com\\\/avatar\\\/5e677023cff2c47e9f7a896b9157a46e18bd36e7c4d000a1726bb730be7d38bb?s=96&d=mm&r=g\",\"contentUrl\":\"https:\\\/\\\/secure.gravatar.com\\\/avatar\\\/5e677023cff2c47e9f7a896b9157a46e18bd36e7c4d000a1726bb730be7d38bb?s=96&d=mm&r=g\",\"caption\":\"Simone Carcano\"},\"sameAs\":[\"http:\\\/\\\/www.ilnotiziario.net\",\"https:\\\/\\\/x.com\\\/@simone_carcano\"]}]}<\/script>\n<!-- \/ Yoast SEO plugin. -->","yoast_head_json":{"title":"Ritorno a scuola in Lombardia: il primo giorno e i ponti (pochi) per le vacanze","description":"Si avvicina il primo giorno di scuola in Lombardia e per l'occasione diamo uno sguardo a ponti e vacanze di questo anno scolastico","robots":{"index":"index","follow":"follow","max-snippet":"max-snippet:-1","max-image-preview":"max-image-preview:large","max-video-preview":"max-video-preview:-1"},"canonical":"https:\/\/www.ilnotiziario.net\/wp\/senza-categoria\/scuola-lombarda-primo-giorno-ponti-vacanze-natale-carnevale\/","og_locale":"it_IT","og_type":"article","og_title":"Ritorno a scuola in Lombardia: il primo giorno e i ponti (pochi) per le vacanze","og_description":"Si avvicina il primo giorno di scuola in Lombardia e per l'occasione diamo uno sguardo a ponti e vacanze di questo anno scolastico","og_url":"https:\/\/www.ilnotiziario.net\/wp\/senza-categoria\/scuola-lombarda-primo-giorno-ponti-vacanze-natale-carnevale\/","og_site_name":"Il Notiziario","article_publisher":"https:\/\/www.facebook.com\/ilnotiziarioind\/","article_published_time":"2019-08-24T07:26:23+00:00","og_image":[{"width":1000,"height":666,"url":"https:\/\/www.ilnotiziario.net\/wp\/wp-content\/uploads\/2019\/08\/scuola-primo-giorno.jpg","type":"image\/jpeg"}],"author":"Simone Carcano","twitter_card":"summary_large_image","twitter_creator":"@simone_carcano","twitter_site":"@ilNotiziarioInd","twitter_misc":{"Scritto da":"Simone Carcano","Tempo di lettura stimato":"1 minuto"},"schema":{"@context":"https:\/\/schema.org","@graph":[{"@type":"Article","@id":"https:\/\/www.ilnotiziario.net\/wp\/senza-categoria\/scuola-lombarda-primo-giorno-ponti-vacanze-natale-carnevale\/#article","isPartOf":{"@id":"https:\/\/www.ilnotiziario.net\/wp\/senza-categoria\/scuola-lombarda-primo-giorno-ponti-vacanze-natale-carnevale\/"},"author":{"name":"Simone Carcano","@id":"https:\/\/www.ilnotiziario.net\/wp\/#\/schema\/person\/c218ad0865f96bfe2c1c2cfa719653f7"},"headline":"Ritorno a scuola in Lombardia: il primo giorno e i ponti (pochi) per le vacanze","datePublished":"2019-08-24T07:26:23+00:00","mainEntityOfPage":{"@id":"https:\/\/www.ilnotiziario.net\/wp\/senza-categoria\/scuola-lombarda-primo-giorno-ponti-vacanze-natale-carnevale\/"},"wordCount":241,"publisher":{"@id":"https:\/\/www.ilnotiziario.net\/wp\/#organization"},"image":{"@id":"https:\/\/www.ilnotiziario.net\/wp\/senza-categoria\/scuola-lombarda-primo-giorno-ponti-vacanze-natale-carnevale\/#primaryimage"},"thumbnailUrl":"https:\/\/www.ilnotiziario.net\/wp\/wp-content\/uploads\/2019\/08\/scuola-primo-giorno.jpg","keywords":["scuola","Vacanze"],"inLanguage":"it-IT"},{"@type":"WebPage","@id":"https:\/\/www.ilnotiziario.net\/wp\/senza-categoria\/scuola-lombarda-primo-giorno-ponti-vacanze-natale-carnevale\/","url":"https:\/\/www.ilnotiziario.net\/wp\/senza-categoria\/scuola-lombarda-primo-giorno-ponti-vacanze-natale-carnevale\/","name":"Ritorno a scuola in Lombardia: il primo giorno e i ponti (pochi) per le vacanze","isPartOf":{"@id":"https:\/\/www.ilnotiziario.net\/wp\/#website"},"primaryImageOfPage":{"@id":"https:\/\/www.ilnotiziario.net\/wp\/senza-categoria\/scuola-lombarda-primo-giorno-ponti-vacanze-natale-carnevale\/#primaryimage"},"image":{"@id":"https:\/\/www.ilnotiziario.net\/wp\/senza-categoria\/scuola-lombarda-primo-giorno-ponti-vacanze-natale-carnevale\/#primaryimage"},"thumbnailUrl":"https:\/\/www.ilnotiziario.net\/wp\/wp-content\/uploads\/2019\/08\/scuola-primo-giorno.jpg","datePublished":"2019-08-24T07:26:23+00:00","description":"Si avvicina il primo giorno di scuola in Lombardia e per l'occasione diamo uno sguardo a ponti e vacanze di questo anno scolastico","breadcrumb":{"@id":"https:\/\/www.ilnotiziario.net\/wp\/senza-categoria\/scuola-lombarda-primo-giorno-ponti-vacanze-natale-carnevale\/#breadcrumb"},"inLanguage":"it-IT","potentialAction":[{"@type":"ReadAction","target":["https:\/\/www.ilnotiziario.net\/wp\/senza-categoria\/scuola-lombarda-primo-giorno-ponti-vacanze-natale-carnevale\/"]}]},{"@type":"ImageObject","inLanguage":"it-IT","@id":"https:\/\/www.ilnotiziario.net\/wp\/senza-categoria\/scuola-lombarda-primo-giorno-ponti-vacanze-natale-carnevale\/#primaryimage","url":"https:\/\/www.ilnotiziario.net\/wp\/wp-content\/uploads\/2019\/08\/scuola-primo-giorno.jpg","contentUrl":"https:\/\/www.ilnotiziario.net\/wp\/wp-content\/uploads\/2019\/08\/scuola-primo-giorno.jpg","width":1000,"height":666},{"@type":"BreadcrumbList","@id":"https:\/\/www.ilnotiziario.net\/wp\/senza-categoria\/scuola-lombarda-primo-giorno-ponti-vacanze-natale-carnevale\/#breadcrumb","itemListElement":[{"@type":"ListItem","position":1,"name":"tds_text_logo_tagline_colortds_text_logo_tagline_colortds_text_logo_tagline_colortds_text_logo_tagline_colortd_module_7_title_excerpttd_module_7_title_excerpttd_module_7_title_excerpttd_module_7_title_excerptHome","item":"https:\/\/www.ilnotiziario.net\/wp\/"},{"@type":"ListItem","position":2,"name":"Ritorno a scuola in Lombardia: il primo giorno e i ponti (pochi) per le vacanze"}]},{"@type":"WebSite","@id":"https:\/\/www.ilnotiziario.net\/wp\/#website","url":"https:\/\/www.ilnotiziario.net\/wp\/","name":"Il Notiziario","description":"Per restare sempre connessi alla notizia","publisher":{"@id":"https:\/\/www.ilnotiziario.net\/wp\/#organization"},"alternateName":"Il Notiziario Bollate","potentialAction":[{"@type":"SearchAction","target":{"@type":"EntryPoint","urlTemplate":"https:\/\/www.ilnotiziario.net\/wp\/?s={search_term_string}"},"query-input":{"@type":"PropertyValueSpecification","valueRequired":true,"valueName":"search_term_string"}}],"inLanguage":"it-IT"},{"@type":"Organization","@id":"https:\/\/www.ilnotiziario.net\/wp\/#organization","name":"Il Notiziario","url":"https:\/\/www.ilnotiziario.net\/wp\/","logo":{"@type":"ImageObject","inLanguage":"it-IT","@id":"https:\/\/www.ilnotiziario.net\/wp\/#\/schema\/logo\/image\/","url":"https:\/\/www.ilnotiziario.net\/wp\/wp-content\/uploads\/2022\/06\/170x170ilN.png","contentUrl":"https:\/\/www.ilnotiziario.net\/wp\/wp-content\/uploads\/2022\/06\/170x170ilN.png","width":355,"height":355,"caption":"Il Notiziario"},"image":{"@id":"https:\/\/www.ilnotiziario.net\/wp\/#\/schema\/logo\/image\/"},"sameAs":["https:\/\/www.facebook.com\/ilnotiziarioind\/","https:\/\/x.com\/ilNotiziarioInd","https:\/\/www.instagram.com\/ilnotiziario_settimanale\/"]},{"@type":"Person","@id":"https:\/\/www.ilnotiziario.net\/wp\/#\/schema\/person\/c218ad0865f96bfe2c1c2cfa719653f7","name":"Simone Carcano","image":{"@type":"ImageObject","inLanguage":"it-IT","@id":"https:\/\/secure.gravatar.com\/avatar\/5e677023cff2c47e9f7a896b9157a46e18bd36e7c4d000a1726bb730be7d38bb?s=96&d=mm&r=g","url":"https:\/\/secure.gravatar.com\/avatar\/5e677023cff2c47e9f7a896b9157a46e18bd36e7c4d000a1726bb730be7d38bb?s=96&d=mm&r=g","contentUrl":"https:\/\/secure.gravatar.com\/avatar\/5e677023cff2c47e9f7a896b9157a46e18bd36e7c4d000a1726bb730be7d38bb?s=96&d=mm&r=g","caption":"Simone Carcano"},"sameAs":["http:\/\/www.ilnotiziario.net","https:\/\/x.com\/@simone_carcano"]}]}},"_links":{"self":[{"href":"https:\/\/www.ilnotiziario.net\/wp\/wp-json\/wp\/v2\/posts\/36380","targetHints":{"allow":["GET"]}}],"collection":[{"href":"https:\/\/www.ilnotiziario.net\/wp\/wp-json\/wp\/v2\/posts"}],"about":[{"href":"https:\/\/www.ilnotiziario.net\/wp\/wp-json\/wp\/v2\/types\/post"}],"author":[{"embeddable":true,"href":"https:\/\/www.ilnotiziario.net\/wp\/wp-json\/wp\/v2\/users\/7"}],"replies":[{"embeddable":true,"href":"https:\/\/www.ilnotiziario.net\/wp\/wp-json\/wp\/v2\/comments?post=36380"}],"version-history":[{"count":0,"href":"https:\/\/www.ilnotiziario.net\/wp\/wp-json\/wp\/v2\/posts\/36380\/revisions"}],"wp:featuredmedia":[{"embeddable":true,"href":"https:\/\/www.ilnotiziario.net\/wp\/wp-json\/wp\/v2\/media\/36383"}],"wp:attachment":[{"href":"https:\/\/www.ilnotiziario.net\/wp\/wp-json\/wp\/v2\/media?parent=36380"}],"wp:term":[{"taxonomy":"category","embeddable":true,"href":"https:\/\/www.ilnotiziario.net\/wp\/wp-json\/wp\/v2\/categories?post=36380"},{"taxonomy":"post_tag","embeddable":true,"href":"https:\/\/www.ilnotiziario.net\/wp\/wp-json\/wp\/v2\/tags?post=36380"}],"curies":[{"name":"wp","href":"https:\/\/api.w.org\/{rel}","templated":true}]}}