{"id":36531,"date":"2019-08-26T20:53:50","date_gmt":"2019-08-26T18:53:50","guid":{"rendered":"https:\/\/www.ilnotiziario.net\/?p=36531"},"modified":"2019-08-26T20:53:50","modified_gmt":"2019-08-26T18:53:50","slug":"andrea-cremaschi-di-origgio-e-campione-europeo-di-pattinaggio-a-rotelle","status":"publish","type":"post","link":"https:\/\/www.ilnotiziario.net\/wp\/prima-pagina\/andrea-cremaschi-di-origgio-e-campione-europeo-di-pattinaggio-a-rotelle\/","title":{"rendered":"Andrea Cremaschi di Origgio \u00e8  campione europeo di pattinaggio a rotelle"},"content":{"rendered":"<p><img fetchpriority=\"high\" decoding=\"async\" class=\"aligncenter size-medium wp-image-36532\" src=\"https:\/\/www.ilnotiziario.net\/wp\/wp-content\/uploads\/2019\/08\/SarCremaschi2-291x300.jpg\" alt=\"Cremaschi\" width=\"291\" height=\"300\" srcset=\"https:\/\/www.ilnotiziario.net\/wp\/wp-content\/uploads\/2019\/08\/SarCremaschi2-291x300.jpg 291w, https:\/\/www.ilnotiziario.net\/wp\/wp-content\/uploads\/2019\/08\/SarCremaschi2-768x792.jpg 768w, https:\/\/www.ilnotiziario.net\/wp\/wp-content\/uploads\/2019\/08\/SarCremaschi2-560x577.jpg 560w, https:\/\/www.ilnotiziario.net\/wp\/wp-content\/uploads\/2019\/08\/SarCremaschi2.jpg 778w\" sizes=\"(max-width: 291px) 100vw, 291px\" \/>Andrea Cremaschi, 16 anni, di Origgio, \u00e8 il nuov<strong>o campione europeo di pattinaggio velocit\u00e0 categoria Allievi nella specialit\u00e0 dei 200 metri.<\/strong><\/p><div id=\"ilnot-830202151\" class=\"ilnot-contenuto ilnot-entity-placement\"><p><!-- incontent_1 --><\/p>\n<div class=\"gptslot\" data-adunitid=\"1\"><\/div>\n<\/div>\n<p>Questo pomeriggio <strong>a Pamplona, in Spagna, ha vinto la medaglia d\u2019oro nella finale della gara in pista sulla distanza di 200 metri.<\/strong><\/p>\n<p>Cremaschi, atleta del Pattinaggio Bellusco, <strong>gi\u00e0 lo scorso anno aveva fatto incetta di medaglie nel campionato europeo di pattinaggio a rotelle,<\/strong> che si svolse a Ostenda in Belgio, tornando con ben 6 medaglie, di cui una d\u2019oro nella gara a squadre<\/p><div id=\"ilnot-3670054170\" class=\"ilnot-contenuto_2 ilnot-entity-placement\"><div class=\"ads-wrapper\">\n<div class=\"ad-slot\">\n   <div id=\"ilnot-2884163516\" style=\"margin-right: auto;margin-left: auto;text-align: center;width: 320px;height: 100px;\"><a href=\"https:\/\/www.scuolasicurezza.it\/\"><img decoding=\"async\" src=\"https:\/\/www.ilnotiziario.net\/wp\/wp-content\/uploads\/2026\/04\/IlNotiziario_banner-sito-e-newsletter-320-x-100-px-1.gif\" alt=\"\"><\/a><\/div>\n  <\/div>\n<div class=\"ad-slot\">\n   <div id=\"ilnot-1383828785\" style=\"margin-right: auto;margin-left: auto;text-align: center;width: 320px;height: 100px;\"><a href=\"https:\/\/purodesignarredamenti.com\/\"><img decoding=\"async\" src=\"https:\/\/www.ilnotiziario.net\/wp\/wp-content\/uploads\/2026\/04\/banner-puro-ok.gif\" alt=\"whatsapp\"><\/a><\/div><\/p><\/div>\n<\/div>\n<\/div>\n<p>Quest\u2019anno <strong>\u00e8 partito fortissimo, ottenendo l\u2019oro alla prima gara a cui ha partecipato.<\/strong><\/p>\n<p>Andrea Cremaschi, che pratica il pattinaggio a rotelle dal 2013,<strong> \u00e8 studente del Liceo Classico, indirizzo Socio Economico, al &#8220;Legnani&#8221; di Saronno.<\/strong><\/p>\n<p><img decoding=\"async\" class=\"aligncenter size-medium wp-image-36533\" src=\"https:\/\/www.ilnotiziario.net\/wp\/wp-content\/uploads\/2019\/08\/SarAndreaCremaschi-293x300.jpg\" alt=\"Andrea Cremaschi\" width=\"293\" height=\"300\" srcset=\"https:\/\/www.ilnotiziario.net\/wp\/wp-content\/uploads\/2019\/08\/SarAndreaCremaschi-293x300.jpg 293w, https:\/\/www.ilnotiziario.net\/wp\/wp-content\/uploads\/2019\/08\/SarAndreaCremaschi-768x787.jpg 768w, https:\/\/www.ilnotiziario.net\/wp\/wp-content\/uploads\/2019\/08\/SarAndreaCremaschi-560x574.jpg 560w, https:\/\/www.ilnotiziario.net\/wp\/wp-content\/uploads\/2019\/08\/SarAndreaCremaschi.jpg 907w\" sizes=\"(max-width: 293px) 100vw, 293px\" \/><\/p>\n","protected":false},"excerpt":{"rendered":"<p>Andrea Cremaschi, 16 anni, di Origgio, \u00e8 il nuovo campione europeo di pattinaggio velocit\u00e0 categoria Allievi nella specialit\u00e0 dei 200 metri. Questo pomeriggio a Pamplona, in Spagna, ha vinto la medaglia d\u2019oro nella finale della gara in pista sulla distanza di 200 metri. Cremaschi, atleta del Pattinaggio Bellusco, gi\u00e0 lo scorso anno aveva fatto incetta<\/p>\n","protected":false},"author":3,"featured_media":36533,"comment_status":"closed","ping_status":"closed","sticky":false,"template":"","format":"standard","meta":{"footnotes":""},"categories":[20,13,14],"tags":[6402,1927,1631,259,3613],"class_list":{"0":"post-36531","1":"post","2":"type-post","3":"status-publish","4":"format-standard","5":"has-post-thumbnail","7":"category-prima-pagina","8":"category-saronnese","9":"category-saronno","10":"tag-cremaschi","11":"tag-europeo","12":"tag-medaglia-doro","13":"tag-origgio","14":"tag-pattinaggio"},"yoast_head":"<!-- This site is optimized with the Yoast SEO plugin v27.4 - https:\/\/yoast.com\/product\/yoast-seo-wordpress\/ -->\n<title>Andrea Cremaschi di Origgio \u00e8 campione europeo di pattinaggio a rotelle - Il Notiziario<\/title>\n<meta name=\"description\" content=\"Andrea Cremaschi, 16 anni, di Origgio, \u00e8 il nuovo campione europeo di pattinaggio velocit\u00e0 categoria Allievi nella specialit\u00e0 dei 200 metri. Questo\" \/>\n<meta name=\"robots\" content=\"index, follow, max-snippet:-1, max-image-preview:large, max-video-preview:-1\" \/>\n<link rel=\"canonical\" href=\"https:\/\/www.ilnotiziario.net\/wp\/prima-pagina\/andrea-cremaschi-di-origgio-e-campione-europeo-di-pattinaggio-a-rotelle\/\" \/>\n<meta property=\"og:locale\" content=\"it_IT\" \/>\n<meta property=\"og:type\" content=\"article\" \/>\n<meta property=\"og:title\" content=\"Andrea Cremaschi di Origgio \u00e8 campione europeo di pattinaggio a rotelle - Il Notiziario\" \/>\n<meta property=\"og:description\" content=\"Andrea Cremaschi, 16 anni, di Origgio, \u00e8 il nuovo campione europeo di pattinaggio velocit\u00e0 categoria Allievi nella specialit\u00e0 dei 200 metri. Questo\" \/>\n<meta property=\"og:url\" content=\"https:\/\/www.ilnotiziario.net\/wp\/prima-pagina\/andrea-cremaschi-di-origgio-e-campione-europeo-di-pattinaggio-a-rotelle\/\" \/>\n<meta property=\"og:site_name\" content=\"Il Notiziario\" \/>\n<meta property=\"article:publisher\" content=\"https:\/\/www.facebook.com\/ilnotiziarioind\/\" \/>\n<meta property=\"article:published_time\" content=\"2019-08-26T18:53:50+00:00\" \/>\n<meta property=\"og:image\" content=\"https:\/\/www.ilnotiziario.net\/wp\/wp-content\/uploads\/2019\/08\/SarAndreaCremaschi.jpg\" \/>\n\t<meta property=\"og:image:width\" content=\"907\" \/>\n\t<meta property=\"og:image:height\" content=\"930\" \/>\n\t<meta property=\"og:image:type\" content=\"image\/jpeg\" \/>\n<meta name=\"author\" content=\"Gabriele Bassani\" \/>\n<meta name=\"twitter:card\" content=\"summary_large_image\" \/>\n<meta name=\"twitter:creator\" content=\"@ilNotiziarioInd\" \/>\n<meta name=\"twitter:site\" content=\"@ilNotiziarioInd\" \/>\n<meta name=\"twitter:label1\" content=\"Scritto da\" \/>\n\t<meta name=\"twitter:data1\" content=\"Gabriele Bassani\" \/>\n\t<meta name=\"twitter:label2\" content=\"Tempo di lettura stimato\" \/>\n\t<meta name=\"twitter:data2\" content=\"1 minuto\" \/>\n<script type=\"application\/ld+json\" class=\"yoast-schema-graph\">{\"@context\":\"https:\\\/\\\/schema.org\",\"@graph\":[{\"@type\":\"Article\",\"@id\":\"https:\\\/\\\/www.ilnotiziario.net\\\/wp\\\/prima-pagina\\\/andrea-cremaschi-di-origgio-e-campione-europeo-di-pattinaggio-a-rotelle\\\/#article\",\"isPartOf\":{\"@id\":\"https:\\\/\\\/www.ilnotiziario.net\\\/wp\\\/prima-pagina\\\/andrea-cremaschi-di-origgio-e-campione-europeo-di-pattinaggio-a-rotelle\\\/\"},\"author\":{\"name\":\"Gabriele Bassani\",\"@id\":\"https:\\\/\\\/www.ilnotiziario.net\\\/wp\\\/#\\\/schema\\\/person\\\/386e222908f898bb41c033989482bbf2\"},\"headline\":\"Andrea Cremaschi di Origgio \u00e8 campione europeo di pattinaggio a rotelle\",\"datePublished\":\"2019-08-26T18:53:50+00:00\",\"mainEntityOfPage\":{\"@id\":\"https:\\\/\\\/www.ilnotiziario.net\\\/wp\\\/prima-pagina\\\/andrea-cremaschi-di-origgio-e-campione-europeo-di-pattinaggio-a-rotelle\\\/\"},\"wordCount\":125,\"publisher\":{\"@id\":\"https:\\\/\\\/www.ilnotiziario.net\\\/wp\\\/#organization\"},\"image\":{\"@id\":\"https:\\\/\\\/www.ilnotiziario.net\\\/wp\\\/prima-pagina\\\/andrea-cremaschi-di-origgio-e-campione-europeo-di-pattinaggio-a-rotelle\\\/#primaryimage\"},\"thumbnailUrl\":\"https:\\\/\\\/www.ilnotiziario.net\\\/wp\\\/wp-content\\\/uploads\\\/2019\\\/08\\\/SarAndreaCremaschi.jpg\",\"keywords\":[\"Cremaschi\",\"europeo\",\"medaglia d'oro\",\"Origgio\",\"pattinaggio\"],\"articleSection\":[\"Prima Pagina\",\"SARONNESE\",\"SARONNO\"],\"inLanguage\":\"it-IT\"},{\"@type\":\"WebPage\",\"@id\":\"https:\\\/\\\/www.ilnotiziario.net\\\/wp\\\/prima-pagina\\\/andrea-cremaschi-di-origgio-e-campione-europeo-di-pattinaggio-a-rotelle\\\/\",\"url\":\"https:\\\/\\\/www.ilnotiziario.net\\\/wp\\\/prima-pagina\\\/andrea-cremaschi-di-origgio-e-campione-europeo-di-pattinaggio-a-rotelle\\\/\",\"name\":\"Andrea Cremaschi di Origgio \u00e8 campione europeo di pattinaggio a rotelle - Il Notiziario\",\"isPartOf\":{\"@id\":\"https:\\\/\\\/www.ilnotiziario.net\\\/wp\\\/#website\"},\"primaryImageOfPage\":{\"@id\":\"https:\\\/\\\/www.ilnotiziario.net\\\/wp\\\/prima-pagina\\\/andrea-cremaschi-di-origgio-e-campione-europeo-di-pattinaggio-a-rotelle\\\/#primaryimage\"},\"image\":{\"@id\":\"https:\\\/\\\/www.ilnotiziario.net\\\/wp\\\/prima-pagina\\\/andrea-cremaschi-di-origgio-e-campione-europeo-di-pattinaggio-a-rotelle\\\/#primaryimage\"},\"thumbnailUrl\":\"https:\\\/\\\/www.ilnotiziario.net\\\/wp\\\/wp-content\\\/uploads\\\/2019\\\/08\\\/SarAndreaCremaschi.jpg\",\"datePublished\":\"2019-08-26T18:53:50+00:00\",\"description\":\"Andrea Cremaschi, 16 anni, di Origgio, \u00e8 il nuovo campione europeo di pattinaggio velocit\u00e0 categoria Allievi nella specialit\u00e0 dei 200 metri. Questo\",\"breadcrumb\":{\"@id\":\"https:\\\/\\\/www.ilnotiziario.net\\\/wp\\\/prima-pagina\\\/andrea-cremaschi-di-origgio-e-campione-europeo-di-pattinaggio-a-rotelle\\\/#breadcrumb\"},\"inLanguage\":\"it-IT\",\"potentialAction\":[{\"@type\":\"ReadAction\",\"target\":[\"https:\\\/\\\/www.ilnotiziario.net\\\/wp\\\/prima-pagina\\\/andrea-cremaschi-di-origgio-e-campione-europeo-di-pattinaggio-a-rotelle\\\/\"]}]},{\"@type\":\"ImageObject\",\"inLanguage\":\"it-IT\",\"@id\":\"https:\\\/\\\/www.ilnotiziario.net\\\/wp\\\/prima-pagina\\\/andrea-cremaschi-di-origgio-e-campione-europeo-di-pattinaggio-a-rotelle\\\/#primaryimage\",\"url\":\"https:\\\/\\\/www.ilnotiziario.net\\\/wp\\\/wp-content\\\/uploads\\\/2019\\\/08\\\/SarAndreaCremaschi.jpg\",\"contentUrl\":\"https:\\\/\\\/www.ilnotiziario.net\\\/wp\\\/wp-content\\\/uploads\\\/2019\\\/08\\\/SarAndreaCremaschi.jpg\",\"width\":907,\"height\":930,\"caption\":\"Andrea Cremaschi\"},{\"@type\":\"BreadcrumbList\",\"@id\":\"https:\\\/\\\/www.ilnotiziario.net\\\/wp\\\/prima-pagina\\\/andrea-cremaschi-di-origgio-e-campione-europeo-di-pattinaggio-a-rotelle\\\/#breadcrumb\",\"itemListElement\":[{\"@type\":\"ListItem\",\"position\":1,\"name\":\"tds_text_logo_tagline_colortds_text_logo_tagline_colortds_text_logo_tagline_colortds_text_logo_tagline_colortd_module_7_title_excerpttd_module_7_title_excerpttd_module_7_title_excerpttd_module_7_title_excerptHome\",\"item\":\"https:\\\/\\\/www.ilnotiziario.net\\\/wp\\\/\"},{\"@type\":\"ListItem\",\"position\":2,\"name\":\"Andrea Cremaschi di Origgio \u00e8 campione europeo di pattinaggio a rotelle\"}]},{\"@type\":\"WebSite\",\"@id\":\"https:\\\/\\\/www.ilnotiziario.net\\\/wp\\\/#website\",\"url\":\"https:\\\/\\\/www.ilnotiziario.net\\\/wp\\\/\",\"name\":\"Il Notiziario\",\"description\":\"Per restare sempre connessi alla notizia\",\"publisher\":{\"@id\":\"https:\\\/\\\/www.ilnotiziario.net\\\/wp\\\/#organization\"},\"alternateName\":\"Il Notiziario Bollate\",\"potentialAction\":[{\"@type\":\"SearchAction\",\"target\":{\"@type\":\"EntryPoint\",\"urlTemplate\":\"https:\\\/\\\/www.ilnotiziario.net\\\/wp\\\/?s={search_term_string}\"},\"query-input\":{\"@type\":\"PropertyValueSpecification\",\"valueRequired\":true,\"valueName\":\"search_term_string\"}}],\"inLanguage\":\"it-IT\"},{\"@type\":\"Organization\",\"@id\":\"https:\\\/\\\/www.ilnotiziario.net\\\/wp\\\/#organization\",\"name\":\"Il Notiziario\",\"url\":\"https:\\\/\\\/www.ilnotiziario.net\\\/wp\\\/\",\"logo\":{\"@type\":\"ImageObject\",\"inLanguage\":\"it-IT\",\"@id\":\"https:\\\/\\\/www.ilnotiziario.net\\\/wp\\\/#\\\/schema\\\/logo\\\/image\\\/\",\"url\":\"https:\\\/\\\/www.ilnotiziario.net\\\/wp\\\/wp-content\\\/uploads\\\/2022\\\/06\\\/170x170ilN.png\",\"contentUrl\":\"https:\\\/\\\/www.ilnotiziario.net\\\/wp\\\/wp-content\\\/uploads\\\/2022\\\/06\\\/170x170ilN.png\",\"width\":355,\"height\":355,\"caption\":\"Il Notiziario\"},\"image\":{\"@id\":\"https:\\\/\\\/www.ilnotiziario.net\\\/wp\\\/#\\\/schema\\\/logo\\\/image\\\/\"},\"sameAs\":[\"https:\\\/\\\/www.facebook.com\\\/ilnotiziarioind\\\/\",\"https:\\\/\\\/x.com\\\/ilNotiziarioInd\",\"https:\\\/\\\/www.instagram.com\\\/ilnotiziario_settimanale\\\/\"]},{\"@type\":\"Person\",\"@id\":\"https:\\\/\\\/www.ilnotiziario.net\\\/wp\\\/#\\\/schema\\\/person\\\/386e222908f898bb41c033989482bbf2\",\"name\":\"Gabriele Bassani\",\"image\":{\"@type\":\"ImageObject\",\"inLanguage\":\"it-IT\",\"@id\":\"https:\\\/\\\/secure.gravatar.com\\\/avatar\\\/09274f4a84fa97698bde56f84b3afed61c8492d48b0550db9671b68c177479cb?s=96&d=mm&r=g\",\"url\":\"https:\\\/\\\/secure.gravatar.com\\\/avatar\\\/09274f4a84fa97698bde56f84b3afed61c8492d48b0550db9671b68c177479cb?s=96&d=mm&r=g\",\"contentUrl\":\"https:\\\/\\\/secure.gravatar.com\\\/avatar\\\/09274f4a84fa97698bde56f84b3afed61c8492d48b0550db9671b68c177479cb?s=96&d=mm&r=g\",\"caption\":\"Gabriele Bassani\"},\"sameAs\":[\"http:\\\/\\\/www.ilnotiziario.net\"]}]}<\/script>\n<!-- \/ Yoast SEO plugin. -->","yoast_head_json":{"title":"Andrea Cremaschi di Origgio \u00e8 campione europeo di pattinaggio a rotelle - Il Notiziario","description":"Andrea Cremaschi, 16 anni, di Origgio, \u00e8 il nuovo campione europeo di pattinaggio velocit\u00e0 categoria Allievi nella specialit\u00e0 dei 200 metri. Questo","robots":{"index":"index","follow":"follow","max-snippet":"max-snippet:-1","max-image-preview":"max-image-preview:large","max-video-preview":"max-video-preview:-1"},"canonical":"https:\/\/www.ilnotiziario.net\/wp\/prima-pagina\/andrea-cremaschi-di-origgio-e-campione-europeo-di-pattinaggio-a-rotelle\/","og_locale":"it_IT","og_type":"article","og_title":"Andrea Cremaschi di Origgio \u00e8 campione europeo di pattinaggio a rotelle - Il Notiziario","og_description":"Andrea Cremaschi, 16 anni, di Origgio, \u00e8 il nuovo campione europeo di pattinaggio velocit\u00e0 categoria Allievi nella specialit\u00e0 dei 200 metri. Questo","og_url":"https:\/\/www.ilnotiziario.net\/wp\/prima-pagina\/andrea-cremaschi-di-origgio-e-campione-europeo-di-pattinaggio-a-rotelle\/","og_site_name":"Il Notiziario","article_publisher":"https:\/\/www.facebook.com\/ilnotiziarioind\/","article_published_time":"2019-08-26T18:53:50+00:00","og_image":[{"width":907,"height":930,"url":"https:\/\/www.ilnotiziario.net\/wp\/wp-content\/uploads\/2019\/08\/SarAndreaCremaschi.jpg","type":"image\/jpeg"}],"author":"Gabriele Bassani","twitter_card":"summary_large_image","twitter_creator":"@ilNotiziarioInd","twitter_site":"@ilNotiziarioInd","twitter_misc":{"Scritto da":"Gabriele Bassani","Tempo di lettura stimato":"1 minuto"},"schema":{"@context":"https:\/\/schema.org","@graph":[{"@type":"Article","@id":"https:\/\/www.ilnotiziario.net\/wp\/prima-pagina\/andrea-cremaschi-di-origgio-e-campione-europeo-di-pattinaggio-a-rotelle\/#article","isPartOf":{"@id":"https:\/\/www.ilnotiziario.net\/wp\/prima-pagina\/andrea-cremaschi-di-origgio-e-campione-europeo-di-pattinaggio-a-rotelle\/"},"author":{"name":"Gabriele Bassani","@id":"https:\/\/www.ilnotiziario.net\/wp\/#\/schema\/person\/386e222908f898bb41c033989482bbf2"},"headline":"Andrea Cremaschi di Origgio \u00e8 campione europeo di pattinaggio a rotelle","datePublished":"2019-08-26T18:53:50+00:00","mainEntityOfPage":{"@id":"https:\/\/www.ilnotiziario.net\/wp\/prima-pagina\/andrea-cremaschi-di-origgio-e-campione-europeo-di-pattinaggio-a-rotelle\/"},"wordCount":125,"publisher":{"@id":"https:\/\/www.ilnotiziario.net\/wp\/#organization"},"image":{"@id":"https:\/\/www.ilnotiziario.net\/wp\/prima-pagina\/andrea-cremaschi-di-origgio-e-campione-europeo-di-pattinaggio-a-rotelle\/#primaryimage"},"thumbnailUrl":"https:\/\/www.ilnotiziario.net\/wp\/wp-content\/uploads\/2019\/08\/SarAndreaCremaschi.jpg","keywords":["Cremaschi","europeo","medaglia d'oro","Origgio","pattinaggio"],"articleSection":["Prima Pagina","SARONNESE","SARONNO"],"inLanguage":"it-IT"},{"@type":"WebPage","@id":"https:\/\/www.ilnotiziario.net\/wp\/prima-pagina\/andrea-cremaschi-di-origgio-e-campione-europeo-di-pattinaggio-a-rotelle\/","url":"https:\/\/www.ilnotiziario.net\/wp\/prima-pagina\/andrea-cremaschi-di-origgio-e-campione-europeo-di-pattinaggio-a-rotelle\/","name":"Andrea Cremaschi di Origgio \u00e8 campione europeo di pattinaggio a rotelle - Il Notiziario","isPartOf":{"@id":"https:\/\/www.ilnotiziario.net\/wp\/#website"},"primaryImageOfPage":{"@id":"https:\/\/www.ilnotiziario.net\/wp\/prima-pagina\/andrea-cremaschi-di-origgio-e-campione-europeo-di-pattinaggio-a-rotelle\/#primaryimage"},"image":{"@id":"https:\/\/www.ilnotiziario.net\/wp\/prima-pagina\/andrea-cremaschi-di-origgio-e-campione-europeo-di-pattinaggio-a-rotelle\/#primaryimage"},"thumbnailUrl":"https:\/\/www.ilnotiziario.net\/wp\/wp-content\/uploads\/2019\/08\/SarAndreaCremaschi.jpg","datePublished":"2019-08-26T18:53:50+00:00","description":"Andrea Cremaschi, 16 anni, di Origgio, \u00e8 il nuovo campione europeo di pattinaggio velocit\u00e0 categoria Allievi nella specialit\u00e0 dei 200 metri. Questo","breadcrumb":{"@id":"https:\/\/www.ilnotiziario.net\/wp\/prima-pagina\/andrea-cremaschi-di-origgio-e-campione-europeo-di-pattinaggio-a-rotelle\/#breadcrumb"},"inLanguage":"it-IT","potentialAction":[{"@type":"ReadAction","target":["https:\/\/www.ilnotiziario.net\/wp\/prima-pagina\/andrea-cremaschi-di-origgio-e-campione-europeo-di-pattinaggio-a-rotelle\/"]}]},{"@type":"ImageObject","inLanguage":"it-IT","@id":"https:\/\/www.ilnotiziario.net\/wp\/prima-pagina\/andrea-cremaschi-di-origgio-e-campione-europeo-di-pattinaggio-a-rotelle\/#primaryimage","url":"https:\/\/www.ilnotiziario.net\/wp\/wp-content\/uploads\/2019\/08\/SarAndreaCremaschi.jpg","contentUrl":"https:\/\/www.ilnotiziario.net\/wp\/wp-content\/uploads\/2019\/08\/SarAndreaCremaschi.jpg","width":907,"height":930,"caption":"Andrea Cremaschi"},{"@type":"BreadcrumbList","@id":"https:\/\/www.ilnotiziario.net\/wp\/prima-pagina\/andrea-cremaschi-di-origgio-e-campione-europeo-di-pattinaggio-a-rotelle\/#breadcrumb","itemListElement":[{"@type":"ListItem","position":1,"name":"tds_text_logo_tagline_colortds_text_logo_tagline_colortds_text_logo_tagline_colortds_text_logo_tagline_colortd_module_7_title_excerpttd_module_7_title_excerpttd_module_7_title_excerpttd_module_7_title_excerptHome","item":"https:\/\/www.ilnotiziario.net\/wp\/"},{"@type":"ListItem","position":2,"name":"Andrea Cremaschi di Origgio \u00e8 campione europeo di pattinaggio a rotelle"}]},{"@type":"WebSite","@id":"https:\/\/www.ilnotiziario.net\/wp\/#website","url":"https:\/\/www.ilnotiziario.net\/wp\/","name":"Il Notiziario","description":"Per restare sempre connessi alla notizia","publisher":{"@id":"https:\/\/www.ilnotiziario.net\/wp\/#organization"},"alternateName":"Il Notiziario Bollate","potentialAction":[{"@type":"SearchAction","target":{"@type":"EntryPoint","urlTemplate":"https:\/\/www.ilnotiziario.net\/wp\/?s={search_term_string}"},"query-input":{"@type":"PropertyValueSpecification","valueRequired":true,"valueName":"search_term_string"}}],"inLanguage":"it-IT"},{"@type":"Organization","@id":"https:\/\/www.ilnotiziario.net\/wp\/#organization","name":"Il Notiziario","url":"https:\/\/www.ilnotiziario.net\/wp\/","logo":{"@type":"ImageObject","inLanguage":"it-IT","@id":"https:\/\/www.ilnotiziario.net\/wp\/#\/schema\/logo\/image\/","url":"https:\/\/www.ilnotiziario.net\/wp\/wp-content\/uploads\/2022\/06\/170x170ilN.png","contentUrl":"https:\/\/www.ilnotiziario.net\/wp\/wp-content\/uploads\/2022\/06\/170x170ilN.png","width":355,"height":355,"caption":"Il Notiziario"},"image":{"@id":"https:\/\/www.ilnotiziario.net\/wp\/#\/schema\/logo\/image\/"},"sameAs":["https:\/\/www.facebook.com\/ilnotiziarioind\/","https:\/\/x.com\/ilNotiziarioInd","https:\/\/www.instagram.com\/ilnotiziario_settimanale\/"]},{"@type":"Person","@id":"https:\/\/www.ilnotiziario.net\/wp\/#\/schema\/person\/386e222908f898bb41c033989482bbf2","name":"Gabriele Bassani","image":{"@type":"ImageObject","inLanguage":"it-IT","@id":"https:\/\/secure.gravatar.com\/avatar\/09274f4a84fa97698bde56f84b3afed61c8492d48b0550db9671b68c177479cb?s=96&d=mm&r=g","url":"https:\/\/secure.gravatar.com\/avatar\/09274f4a84fa97698bde56f84b3afed61c8492d48b0550db9671b68c177479cb?s=96&d=mm&r=g","contentUrl":"https:\/\/secure.gravatar.com\/avatar\/09274f4a84fa97698bde56f84b3afed61c8492d48b0550db9671b68c177479cb?s=96&d=mm&r=g","caption":"Gabriele Bassani"},"sameAs":["http:\/\/www.ilnotiziario.net"]}]}},"_links":{"self":[{"href":"https:\/\/www.ilnotiziario.net\/wp\/wp-json\/wp\/v2\/posts\/36531","targetHints":{"allow":["GET"]}}],"collection":[{"href":"https:\/\/www.ilnotiziario.net\/wp\/wp-json\/wp\/v2\/posts"}],"about":[{"href":"https:\/\/www.ilnotiziario.net\/wp\/wp-json\/wp\/v2\/types\/post"}],"author":[{"embeddable":true,"href":"https:\/\/www.ilnotiziario.net\/wp\/wp-json\/wp\/v2\/users\/3"}],"replies":[{"embeddable":true,"href":"https:\/\/www.ilnotiziario.net\/wp\/wp-json\/wp\/v2\/comments?post=36531"}],"version-history":[{"count":0,"href":"https:\/\/www.ilnotiziario.net\/wp\/wp-json\/wp\/v2\/posts\/36531\/revisions"}],"wp:featuredmedia":[{"embeddable":true,"href":"https:\/\/www.ilnotiziario.net\/wp\/wp-json\/wp\/v2\/media\/36533"}],"wp:attachment":[{"href":"https:\/\/www.ilnotiziario.net\/wp\/wp-json\/wp\/v2\/media?parent=36531"}],"wp:term":[{"taxonomy":"category","embeddable":true,"href":"https:\/\/www.ilnotiziario.net\/wp\/wp-json\/wp\/v2\/categories?post=36531"},{"taxonomy":"post_tag","embeddable":true,"href":"https:\/\/www.ilnotiziario.net\/wp\/wp-json\/wp\/v2\/tags?post=36531"}],"curies":[{"name":"wp","href":"https:\/\/api.w.org\/{rel}","templated":true}]}}