{"id":37386,"date":"2019-09-24T15:13:25","date_gmt":"2019-09-24T13:13:25","guid":{"rendered":"https:\/\/www.ilnotiziario.net\/?p=37386"},"modified":"2019-09-24T18:25:09","modified_gmt":"2019-09-24T16:25:09","slug":"primo-esonero-in-eccellenza-ardor-lazzate","status":"publish","type":"post","link":"https:\/\/www.ilnotiziario.net\/wp\/prima-pagina\/primo-esonero-in-eccellenza-ardor-lazzate\/","title":{"rendered":"Calcio, primo esonero in Eccellenza: Antonelli esonerato dall\u2019Ardor Lazzate"},"content":{"rendered":"<figure id=\"attachment_37387\" aria-describedby=\"caption-attachment-37387\" style=\"width: 225px\" class=\"wp-caption alignright\"><a href=\"https:\/\/www.ilnotiziario.net\/2019\/09\/24\/primo-esonero-in-eccellenza-ardor-lazzate\/gianluca-antonelli\/\" rel=\"attachment wp-att-37387\"><img fetchpriority=\"high\" decoding=\"async\" class=\"wp-image-37387 size-medium\" src=\"https:\/\/www.ilnotiziario.net\/wp\/wp-content\/uploads\/2019\/09\/Gianluca-Antonelli-225x300.jpeg\" alt=\"primo esonero in eccellenza\" width=\"225\" height=\"300\" srcset=\"https:\/\/www.ilnotiziario.net\/wp\/wp-content\/uploads\/2019\/09\/Gianluca-Antonelli-225x300.jpeg 225w, https:\/\/www.ilnotiziario.net\/wp\/wp-content\/uploads\/2019\/09\/Gianluca-Antonelli-768x1024.jpeg 768w, https:\/\/www.ilnotiziario.net\/wp\/wp-content\/uploads\/2019\/09\/Gianluca-Antonelli-560x747.jpeg 560w, https:\/\/www.ilnotiziario.net\/wp\/wp-content\/uploads\/2019\/09\/Gianluca-Antonelli.jpeg 1200w\" sizes=\"(max-width: 225px) 100vw, 225px\" \/><\/a><figcaption id=\"caption-attachment-37387\" class=\"wp-caption-text\">Gianluca Antonelli (a sinistra) con il presidente Luca Lo Cicero (a destra)<\/figcaption><\/figure>\n<p><strong>Primo esonero in Eccellenza<\/strong>. <strong>La vittoria<\/strong> di misura dell\u2019Ardor Lazzate contro l&#8217;Accademia Pavese di domenica <strong>non \u00e8 stata sufficiente a Gianluca Antonelli<\/strong> per salvare la sua panchina.<\/p><div id=\"ilnot-1378538647\" class=\"ilnot-contenuto ilnot-entity-placement\"><p><!-- incontent_1 --><\/p>\n<div class=\"gptslot\" data-adunitid=\"1\"><\/div>\n<\/div>\n<p>L&#8217;ex tecnico del Saronno luned\u00ec sera \u00e8 stato sollevato dall&#8217;incarico dopo appena tre giornate, dando vita al primo esonero in Eccellenza della stagione.<\/p>\n<p><strong>Due sconfitte, una vittoria e il passaggio del turno in Coppa Italia<\/strong> il suo bottino in giallobl\u00f9.<\/p><div id=\"ilnot-1434774536\" class=\"ilnot-contenuto_2 ilnot-entity-placement\"><div class=\"ads-wrapper\">\n<div class=\"ad-slot\">\n   <div id=\"ilnot-548681008\" style=\"margin-right: auto;margin-left: auto;text-align: center;width: 320px;height: 100px;\"><a href=\"https:\/\/www.scuolasicurezza.it\/\"><img decoding=\"async\" src=\"https:\/\/www.ilnotiziario.net\/wp\/wp-content\/uploads\/2026\/04\/IlNotiziario_banner-sito-e-newsletter-320-x-100-px-1.gif\" alt=\"\"><\/a><\/div>\n  <\/div>\n<div class=\"ad-slot\">\n   <div id=\"ilnot-2347574095\" style=\"margin-right: auto;margin-left: auto;text-align: center;width: 320px;height: 100px;\"><a href=\"https:\/\/purodesignarredamenti.com\/\"><img decoding=\"async\" src=\"https:\/\/www.ilnotiziario.net\/wp\/wp-content\/uploads\/2026\/04\/banner-puro-ok.gif\" alt=\"whatsapp\"><\/a><\/div><\/p><\/div>\n<\/div>\n<\/div>\n<p>Oggi i<strong>n serata potrebbe essere comunicato il suo successore.<\/strong>&nbsp;<\/p>\n<p>Tutte le strade portano a Vianello. Maggiori informazioni sul numero del Notiziario in edicola venerd\u00ec 27 settembre e <a href=\"http:\/\/www.edicola.ilnotiziario.net\/citterioeditoresrl\/pageflip\/swipe\/ilnotiziario\/20190920ilnotiziario\">disponibile in digitale sul nostro sito<\/a>.<\/p>\n","protected":false},"excerpt":{"rendered":"<p>Primo esonero in Eccellenza. La vittoria di misura dell\u2019Ardor Lazzate contro l&#8217;Accademia Pavese di domenica non \u00e8 stata sufficiente a Gianluca Antonelli per salvare la sua panchina. L&#8217;ex tecnico del Saronno luned\u00ec sera \u00e8 stato sollevato dall&#8217;incarico dopo appena tre giornate, dando vita al primo esonero in Eccellenza della stagione. Due sconfitte, una vittoria e<\/p>\n","protected":false},"author":3,"featured_media":37387,"comment_status":"closed","ping_status":"closed","sticky":false,"template":"","format":"standard","meta":{"footnotes":""},"categories":[20,13,15],"tags":[6491,890,112,6490,6489,114],"class_list":{"0":"post-37386","1":"post","2":"type-post","3":"status-publish","4":"format-standard","5":"has-post-thumbnail","7":"category-prima-pagina","8":"category-saronnese","9":"category-sport","10":"tag-antonelli","11":"tag-ardor-lazzate","12":"tag-calcio","13":"tag-eccellenza","14":"tag-esonero","15":"tag-lazzate"},"yoast_head":"<!-- This site is optimized with the Yoast SEO plugin v27.5 - https:\/\/yoast.com\/product\/yoast-seo-wordpress\/ -->\n<title>Primo esonero in Eccellenza: Antonelli esonerato dall\u2019Ardor Lazzate calcio<\/title>\n<meta name=\"description\" content=\"Primo esonero in Eccellenza. La vittoria di misura dell\u2019Ardor Lazzate contro l&#039;Accademia Pavese di domenica non \u00e8 stata sufficiente ad Antonelli per salvare\" \/>\n<meta name=\"robots\" content=\"index, follow, max-snippet:-1, max-image-preview:large, max-video-preview:-1\" \/>\n<link rel=\"canonical\" href=\"https:\/\/www.ilnotiziario.net\/wp\/prima-pagina\/primo-esonero-in-eccellenza-ardor-lazzate\/\" \/>\n<meta property=\"og:locale\" content=\"it_IT\" \/>\n<meta property=\"og:type\" content=\"article\" \/>\n<meta property=\"og:title\" content=\"Primo esonero in Eccellenza: Antonelli esonerato dall\u2019Ardor Lazzate calcio\" \/>\n<meta property=\"og:description\" content=\"Primo esonero in Eccellenza. La vittoria di misura dell\u2019Ardor Lazzate contro l&#039;Accademia Pavese di domenica non \u00e8 stata sufficiente ad Antonelli per salvare\" \/>\n<meta property=\"og:url\" content=\"https:\/\/www.ilnotiziario.net\/wp\/prima-pagina\/primo-esonero-in-eccellenza-ardor-lazzate\/\" \/>\n<meta property=\"og:site_name\" content=\"Il Notiziario\" \/>\n<meta property=\"article:publisher\" content=\"https:\/\/www.facebook.com\/ilnotiziarioind\/\" \/>\n<meta property=\"article:published_time\" content=\"2019-09-24T13:13:25+00:00\" \/>\n<meta property=\"article:modified_time\" content=\"2019-09-24T16:25:09+00:00\" \/>\n<meta property=\"og:image\" content=\"https:\/\/www.ilnotiziario.net\/wp\/wp-content\/uploads\/2019\/09\/Gianluca-Antonelli.jpeg\" \/>\n\t<meta property=\"og:image:width\" content=\"1200\" \/>\n\t<meta property=\"og:image:height\" content=\"1600\" \/>\n\t<meta property=\"og:image:type\" content=\"image\/jpeg\" \/>\n<meta name=\"author\" content=\"Gabriele Bassani\" \/>\n<meta name=\"twitter:card\" content=\"summary_large_image\" \/>\n<meta name=\"twitter:creator\" content=\"@ilNotiziarioInd\" \/>\n<meta name=\"twitter:site\" content=\"@ilNotiziarioInd\" \/>\n<meta name=\"twitter:label1\" content=\"Scritto da\" \/>\n\t<meta name=\"twitter:data1\" content=\"Gabriele Bassani\" \/>\n\t<meta name=\"twitter:label2\" content=\"Tempo di lettura stimato\" \/>\n\t<meta name=\"twitter:data2\" content=\"1 minuto\" \/>\n<script type=\"application\/ld+json\" class=\"yoast-schema-graph\">{\"@context\":\"https:\\\/\\\/schema.org\",\"@graph\":[{\"@type\":\"Article\",\"@id\":\"https:\\\/\\\/www.ilnotiziario.net\\\/wp\\\/prima-pagina\\\/primo-esonero-in-eccellenza-ardor-lazzate\\\/#article\",\"isPartOf\":{\"@id\":\"https:\\\/\\\/www.ilnotiziario.net\\\/wp\\\/prima-pagina\\\/primo-esonero-in-eccellenza-ardor-lazzate\\\/\"},\"author\":{\"name\":\"Gabriele Bassani\",\"@id\":\"https:\\\/\\\/www.ilnotiziario.net\\\/wp\\\/#\\\/schema\\\/person\\\/386e222908f898bb41c033989482bbf2\"},\"headline\":\"Calcio, primo esonero in Eccellenza: Antonelli esonerato dall\u2019Ardor Lazzate\",\"datePublished\":\"2019-09-24T13:13:25+00:00\",\"dateModified\":\"2019-09-24T16:25:09+00:00\",\"mainEntityOfPage\":{\"@id\":\"https:\\\/\\\/www.ilnotiziario.net\\\/wp\\\/prima-pagina\\\/primo-esonero-in-eccellenza-ardor-lazzate\\\/\"},\"wordCount\":131,\"publisher\":{\"@id\":\"https:\\\/\\\/www.ilnotiziario.net\\\/wp\\\/#organization\"},\"image\":{\"@id\":\"https:\\\/\\\/www.ilnotiziario.net\\\/wp\\\/prima-pagina\\\/primo-esonero-in-eccellenza-ardor-lazzate\\\/#primaryimage\"},\"thumbnailUrl\":\"https:\\\/\\\/www.ilnotiziario.net\\\/wp\\\/wp-content\\\/uploads\\\/2019\\\/09\\\/Gianluca-Antonelli.jpeg\",\"keywords\":[\"antonelli\",\"Ardor Lazzate\",\"calcio\",\"eccellenza\",\"esonero\",\"Lazzate\"],\"articleSection\":[\"Prima Pagina\",\"SARONNESE\",\"SPORT\"],\"inLanguage\":\"it-IT\"},{\"@type\":\"WebPage\",\"@id\":\"https:\\\/\\\/www.ilnotiziario.net\\\/wp\\\/prima-pagina\\\/primo-esonero-in-eccellenza-ardor-lazzate\\\/\",\"url\":\"https:\\\/\\\/www.ilnotiziario.net\\\/wp\\\/prima-pagina\\\/primo-esonero-in-eccellenza-ardor-lazzate\\\/\",\"name\":\"Primo esonero in Eccellenza: Antonelli esonerato dall\u2019Ardor Lazzate calcio\",\"isPartOf\":{\"@id\":\"https:\\\/\\\/www.ilnotiziario.net\\\/wp\\\/#website\"},\"primaryImageOfPage\":{\"@id\":\"https:\\\/\\\/www.ilnotiziario.net\\\/wp\\\/prima-pagina\\\/primo-esonero-in-eccellenza-ardor-lazzate\\\/#primaryimage\"},\"image\":{\"@id\":\"https:\\\/\\\/www.ilnotiziario.net\\\/wp\\\/prima-pagina\\\/primo-esonero-in-eccellenza-ardor-lazzate\\\/#primaryimage\"},\"thumbnailUrl\":\"https:\\\/\\\/www.ilnotiziario.net\\\/wp\\\/wp-content\\\/uploads\\\/2019\\\/09\\\/Gianluca-Antonelli.jpeg\",\"datePublished\":\"2019-09-24T13:13:25+00:00\",\"dateModified\":\"2019-09-24T16:25:09+00:00\",\"description\":\"Primo esonero in Eccellenza. La vittoria di misura dell\u2019Ardor Lazzate contro l'Accademia Pavese di domenica non \u00e8 stata sufficiente ad Antonelli per salvare\",\"breadcrumb\":{\"@id\":\"https:\\\/\\\/www.ilnotiziario.net\\\/wp\\\/prima-pagina\\\/primo-esonero-in-eccellenza-ardor-lazzate\\\/#breadcrumb\"},\"inLanguage\":\"it-IT\",\"potentialAction\":[{\"@type\":\"ReadAction\",\"target\":[\"https:\\\/\\\/www.ilnotiziario.net\\\/wp\\\/prima-pagina\\\/primo-esonero-in-eccellenza-ardor-lazzate\\\/\"]}]},{\"@type\":\"ImageObject\",\"inLanguage\":\"it-IT\",\"@id\":\"https:\\\/\\\/www.ilnotiziario.net\\\/wp\\\/prima-pagina\\\/primo-esonero-in-eccellenza-ardor-lazzate\\\/#primaryimage\",\"url\":\"https:\\\/\\\/www.ilnotiziario.net\\\/wp\\\/wp-content\\\/uploads\\\/2019\\\/09\\\/Gianluca-Antonelli.jpeg\",\"contentUrl\":\"https:\\\/\\\/www.ilnotiziario.net\\\/wp\\\/wp-content\\\/uploads\\\/2019\\\/09\\\/Gianluca-Antonelli.jpeg\",\"width\":1200,\"height\":1600,\"caption\":\"primo esonero in eccellenza\"},{\"@type\":\"BreadcrumbList\",\"@id\":\"https:\\\/\\\/www.ilnotiziario.net\\\/wp\\\/prima-pagina\\\/primo-esonero-in-eccellenza-ardor-lazzate\\\/#breadcrumb\",\"itemListElement\":[{\"@type\":\"ListItem\",\"position\":1,\"name\":\"tds_text_logo_tagline_colortds_text_logo_tagline_colortds_text_logo_tagline_colortds_text_logo_tagline_colortd_module_7_title_excerpttd_module_7_title_excerpttd_module_7_title_excerpttd_module_7_title_excerptHome\",\"item\":\"https:\\\/\\\/www.ilnotiziario.net\\\/wp\\\/\"},{\"@type\":\"ListItem\",\"position\":2,\"name\":\"Calcio, primo esonero in Eccellenza: Antonelli esonerato dall\u2019Ardor Lazzate\"}]},{\"@type\":\"WebSite\",\"@id\":\"https:\\\/\\\/www.ilnotiziario.net\\\/wp\\\/#website\",\"url\":\"https:\\\/\\\/www.ilnotiziario.net\\\/wp\\\/\",\"name\":\"Il Notiziario\",\"description\":\"Per restare sempre connessi alla notizia\",\"publisher\":{\"@id\":\"https:\\\/\\\/www.ilnotiziario.net\\\/wp\\\/#organization\"},\"alternateName\":\"Il Notiziario Bollate\",\"potentialAction\":[{\"@type\":\"SearchAction\",\"target\":{\"@type\":\"EntryPoint\",\"urlTemplate\":\"https:\\\/\\\/www.ilnotiziario.net\\\/wp\\\/?s={search_term_string}\"},\"query-input\":{\"@type\":\"PropertyValueSpecification\",\"valueRequired\":true,\"valueName\":\"search_term_string\"}}],\"inLanguage\":\"it-IT\"},{\"@type\":\"Organization\",\"@id\":\"https:\\\/\\\/www.ilnotiziario.net\\\/wp\\\/#organization\",\"name\":\"Il Notiziario\",\"url\":\"https:\\\/\\\/www.ilnotiziario.net\\\/wp\\\/\",\"logo\":{\"@type\":\"ImageObject\",\"inLanguage\":\"it-IT\",\"@id\":\"https:\\\/\\\/www.ilnotiziario.net\\\/wp\\\/#\\\/schema\\\/logo\\\/image\\\/\",\"url\":\"https:\\\/\\\/www.ilnotiziario.net\\\/wp\\\/wp-content\\\/uploads\\\/2022\\\/06\\\/170x170ilN.png\",\"contentUrl\":\"https:\\\/\\\/www.ilnotiziario.net\\\/wp\\\/wp-content\\\/uploads\\\/2022\\\/06\\\/170x170ilN.png\",\"width\":355,\"height\":355,\"caption\":\"Il Notiziario\"},\"image\":{\"@id\":\"https:\\\/\\\/www.ilnotiziario.net\\\/wp\\\/#\\\/schema\\\/logo\\\/image\\\/\"},\"sameAs\":[\"https:\\\/\\\/www.facebook.com\\\/ilnotiziarioind\\\/\",\"https:\\\/\\\/x.com\\\/ilNotiziarioInd\",\"https:\\\/\\\/www.instagram.com\\\/ilnotiziario_settimanale\\\/\"]},{\"@type\":\"Person\",\"@id\":\"https:\\\/\\\/www.ilnotiziario.net\\\/wp\\\/#\\\/schema\\\/person\\\/386e222908f898bb41c033989482bbf2\",\"name\":\"Gabriele Bassani\",\"image\":{\"@type\":\"ImageObject\",\"inLanguage\":\"it-IT\",\"@id\":\"https:\\\/\\\/secure.gravatar.com\\\/avatar\\\/09274f4a84fa97698bde56f84b3afed61c8492d48b0550db9671b68c177479cb?s=96&d=mm&r=g\",\"url\":\"https:\\\/\\\/secure.gravatar.com\\\/avatar\\\/09274f4a84fa97698bde56f84b3afed61c8492d48b0550db9671b68c177479cb?s=96&d=mm&r=g\",\"contentUrl\":\"https:\\\/\\\/secure.gravatar.com\\\/avatar\\\/09274f4a84fa97698bde56f84b3afed61c8492d48b0550db9671b68c177479cb?s=96&d=mm&r=g\",\"caption\":\"Gabriele Bassani\"},\"sameAs\":[\"http:\\\/\\\/www.ilnotiziario.net\"]}]}<\/script>\n<!-- \/ Yoast SEO plugin. -->","yoast_head_json":{"title":"Primo esonero in Eccellenza: Antonelli esonerato dall\u2019Ardor Lazzate calcio","description":"Primo esonero in Eccellenza. La vittoria di misura dell\u2019Ardor Lazzate contro l'Accademia Pavese di domenica non \u00e8 stata sufficiente ad Antonelli per salvare","robots":{"index":"index","follow":"follow","max-snippet":"max-snippet:-1","max-image-preview":"max-image-preview:large","max-video-preview":"max-video-preview:-1"},"canonical":"https:\/\/www.ilnotiziario.net\/wp\/prima-pagina\/primo-esonero-in-eccellenza-ardor-lazzate\/","og_locale":"it_IT","og_type":"article","og_title":"Primo esonero in Eccellenza: Antonelli esonerato dall\u2019Ardor Lazzate calcio","og_description":"Primo esonero in Eccellenza. La vittoria di misura dell\u2019Ardor Lazzate contro l'Accademia Pavese di domenica non \u00e8 stata sufficiente ad Antonelli per salvare","og_url":"https:\/\/www.ilnotiziario.net\/wp\/prima-pagina\/primo-esonero-in-eccellenza-ardor-lazzate\/","og_site_name":"Il Notiziario","article_publisher":"https:\/\/www.facebook.com\/ilnotiziarioind\/","article_published_time":"2019-09-24T13:13:25+00:00","article_modified_time":"2019-09-24T16:25:09+00:00","og_image":[{"width":1200,"height":1600,"url":"https:\/\/www.ilnotiziario.net\/wp\/wp-content\/uploads\/2019\/09\/Gianluca-Antonelli.jpeg","type":"image\/jpeg"}],"author":"Gabriele Bassani","twitter_card":"summary_large_image","twitter_creator":"@ilNotiziarioInd","twitter_site":"@ilNotiziarioInd","twitter_misc":{"Scritto da":"Gabriele Bassani","Tempo di lettura stimato":"1 minuto"},"schema":{"@context":"https:\/\/schema.org","@graph":[{"@type":"Article","@id":"https:\/\/www.ilnotiziario.net\/wp\/prima-pagina\/primo-esonero-in-eccellenza-ardor-lazzate\/#article","isPartOf":{"@id":"https:\/\/www.ilnotiziario.net\/wp\/prima-pagina\/primo-esonero-in-eccellenza-ardor-lazzate\/"},"author":{"name":"Gabriele Bassani","@id":"https:\/\/www.ilnotiziario.net\/wp\/#\/schema\/person\/386e222908f898bb41c033989482bbf2"},"headline":"Calcio, primo esonero in Eccellenza: Antonelli esonerato dall\u2019Ardor Lazzate","datePublished":"2019-09-24T13:13:25+00:00","dateModified":"2019-09-24T16:25:09+00:00","mainEntityOfPage":{"@id":"https:\/\/www.ilnotiziario.net\/wp\/prima-pagina\/primo-esonero-in-eccellenza-ardor-lazzate\/"},"wordCount":131,"publisher":{"@id":"https:\/\/www.ilnotiziario.net\/wp\/#organization"},"image":{"@id":"https:\/\/www.ilnotiziario.net\/wp\/prima-pagina\/primo-esonero-in-eccellenza-ardor-lazzate\/#primaryimage"},"thumbnailUrl":"https:\/\/www.ilnotiziario.net\/wp\/wp-content\/uploads\/2019\/09\/Gianluca-Antonelli.jpeg","keywords":["antonelli","Ardor Lazzate","calcio","eccellenza","esonero","Lazzate"],"articleSection":["Prima Pagina","SARONNESE","SPORT"],"inLanguage":"it-IT"},{"@type":"WebPage","@id":"https:\/\/www.ilnotiziario.net\/wp\/prima-pagina\/primo-esonero-in-eccellenza-ardor-lazzate\/","url":"https:\/\/www.ilnotiziario.net\/wp\/prima-pagina\/primo-esonero-in-eccellenza-ardor-lazzate\/","name":"Primo esonero in Eccellenza: Antonelli esonerato dall\u2019Ardor Lazzate calcio","isPartOf":{"@id":"https:\/\/www.ilnotiziario.net\/wp\/#website"},"primaryImageOfPage":{"@id":"https:\/\/www.ilnotiziario.net\/wp\/prima-pagina\/primo-esonero-in-eccellenza-ardor-lazzate\/#primaryimage"},"image":{"@id":"https:\/\/www.ilnotiziario.net\/wp\/prima-pagina\/primo-esonero-in-eccellenza-ardor-lazzate\/#primaryimage"},"thumbnailUrl":"https:\/\/www.ilnotiziario.net\/wp\/wp-content\/uploads\/2019\/09\/Gianluca-Antonelli.jpeg","datePublished":"2019-09-24T13:13:25+00:00","dateModified":"2019-09-24T16:25:09+00:00","description":"Primo esonero in Eccellenza. La vittoria di misura dell\u2019Ardor Lazzate contro l'Accademia Pavese di domenica non \u00e8 stata sufficiente ad Antonelli per salvare","breadcrumb":{"@id":"https:\/\/www.ilnotiziario.net\/wp\/prima-pagina\/primo-esonero-in-eccellenza-ardor-lazzate\/#breadcrumb"},"inLanguage":"it-IT","potentialAction":[{"@type":"ReadAction","target":["https:\/\/www.ilnotiziario.net\/wp\/prima-pagina\/primo-esonero-in-eccellenza-ardor-lazzate\/"]}]},{"@type":"ImageObject","inLanguage":"it-IT","@id":"https:\/\/www.ilnotiziario.net\/wp\/prima-pagina\/primo-esonero-in-eccellenza-ardor-lazzate\/#primaryimage","url":"https:\/\/www.ilnotiziario.net\/wp\/wp-content\/uploads\/2019\/09\/Gianluca-Antonelli.jpeg","contentUrl":"https:\/\/www.ilnotiziario.net\/wp\/wp-content\/uploads\/2019\/09\/Gianluca-Antonelli.jpeg","width":1200,"height":1600,"caption":"primo esonero in eccellenza"},{"@type":"BreadcrumbList","@id":"https:\/\/www.ilnotiziario.net\/wp\/prima-pagina\/primo-esonero-in-eccellenza-ardor-lazzate\/#breadcrumb","itemListElement":[{"@type":"ListItem","position":1,"name":"tds_text_logo_tagline_colortds_text_logo_tagline_colortds_text_logo_tagline_colortds_text_logo_tagline_colortd_module_7_title_excerpttd_module_7_title_excerpttd_module_7_title_excerpttd_module_7_title_excerptHome","item":"https:\/\/www.ilnotiziario.net\/wp\/"},{"@type":"ListItem","position":2,"name":"Calcio, primo esonero in Eccellenza: Antonelli esonerato dall\u2019Ardor Lazzate"}]},{"@type":"WebSite","@id":"https:\/\/www.ilnotiziario.net\/wp\/#website","url":"https:\/\/www.ilnotiziario.net\/wp\/","name":"Il Notiziario","description":"Per restare sempre connessi alla notizia","publisher":{"@id":"https:\/\/www.ilnotiziario.net\/wp\/#organization"},"alternateName":"Il Notiziario Bollate","potentialAction":[{"@type":"SearchAction","target":{"@type":"EntryPoint","urlTemplate":"https:\/\/www.ilnotiziario.net\/wp\/?s={search_term_string}"},"query-input":{"@type":"PropertyValueSpecification","valueRequired":true,"valueName":"search_term_string"}}],"inLanguage":"it-IT"},{"@type":"Organization","@id":"https:\/\/www.ilnotiziario.net\/wp\/#organization","name":"Il Notiziario","url":"https:\/\/www.ilnotiziario.net\/wp\/","logo":{"@type":"ImageObject","inLanguage":"it-IT","@id":"https:\/\/www.ilnotiziario.net\/wp\/#\/schema\/logo\/image\/","url":"https:\/\/www.ilnotiziario.net\/wp\/wp-content\/uploads\/2022\/06\/170x170ilN.png","contentUrl":"https:\/\/www.ilnotiziario.net\/wp\/wp-content\/uploads\/2022\/06\/170x170ilN.png","width":355,"height":355,"caption":"Il Notiziario"},"image":{"@id":"https:\/\/www.ilnotiziario.net\/wp\/#\/schema\/logo\/image\/"},"sameAs":["https:\/\/www.facebook.com\/ilnotiziarioind\/","https:\/\/x.com\/ilNotiziarioInd","https:\/\/www.instagram.com\/ilnotiziario_settimanale\/"]},{"@type":"Person","@id":"https:\/\/www.ilnotiziario.net\/wp\/#\/schema\/person\/386e222908f898bb41c033989482bbf2","name":"Gabriele Bassani","image":{"@type":"ImageObject","inLanguage":"it-IT","@id":"https:\/\/secure.gravatar.com\/avatar\/09274f4a84fa97698bde56f84b3afed61c8492d48b0550db9671b68c177479cb?s=96&d=mm&r=g","url":"https:\/\/secure.gravatar.com\/avatar\/09274f4a84fa97698bde56f84b3afed61c8492d48b0550db9671b68c177479cb?s=96&d=mm&r=g","contentUrl":"https:\/\/secure.gravatar.com\/avatar\/09274f4a84fa97698bde56f84b3afed61c8492d48b0550db9671b68c177479cb?s=96&d=mm&r=g","caption":"Gabriele Bassani"},"sameAs":["http:\/\/www.ilnotiziario.net"]}]}},"_links":{"self":[{"href":"https:\/\/www.ilnotiziario.net\/wp\/wp-json\/wp\/v2\/posts\/37386","targetHints":{"allow":["GET"]}}],"collection":[{"href":"https:\/\/www.ilnotiziario.net\/wp\/wp-json\/wp\/v2\/posts"}],"about":[{"href":"https:\/\/www.ilnotiziario.net\/wp\/wp-json\/wp\/v2\/types\/post"}],"author":[{"embeddable":true,"href":"https:\/\/www.ilnotiziario.net\/wp\/wp-json\/wp\/v2\/users\/3"}],"replies":[{"embeddable":true,"href":"https:\/\/www.ilnotiziario.net\/wp\/wp-json\/wp\/v2\/comments?post=37386"}],"version-history":[{"count":0,"href":"https:\/\/www.ilnotiziario.net\/wp\/wp-json\/wp\/v2\/posts\/37386\/revisions"}],"wp:featuredmedia":[{"embeddable":true,"href":"https:\/\/www.ilnotiziario.net\/wp\/wp-json\/wp\/v2\/media\/37387"}],"wp:attachment":[{"href":"https:\/\/www.ilnotiziario.net\/wp\/wp-json\/wp\/v2\/media?parent=37386"}],"wp:term":[{"taxonomy":"category","embeddable":true,"href":"https:\/\/www.ilnotiziario.net\/wp\/wp-json\/wp\/v2\/categories?post=37386"},{"taxonomy":"post_tag","embeddable":true,"href":"https:\/\/www.ilnotiziario.net\/wp\/wp-json\/wp\/v2\/tags?post=37386"}],"curies":[{"name":"wp","href":"https:\/\/api.w.org\/{rel}","templated":true}]}}