{"id":37411,"date":"2019-09-25T10:34:09","date_gmt":"2019-09-25T08:34:09","guid":{"rendered":"https:\/\/www.ilnotiziario.net\/?p=37411"},"modified":"2019-09-25T10:34:09","modified_gmt":"2019-09-25T08:34:09","slug":"incidente-cervo-bovisio-feriti-coppia-saronno","status":"publish","type":"post","link":"https:\/\/www.ilnotiziario.net\/wp\/prima-pagina\/incidente-cervo-bovisio-feriti-coppia-saronno\/","title":{"rendered":"Incidente causato dal cervo a Bovisio: tra i feriti una coppia di Saronno"},"content":{"rendered":"<p><img fetchpriority=\"high\" decoding=\"async\" class=\"size-medium wp-image-37391 alignleft\" src=\"https:\/\/www.ilnotiziario.net\/wp\/wp-content\/uploads\/2019\/09\/incidenteCervo-300x190.jpg\" alt=\"cervo Saronno Monza\" width=\"300\" height=\"190\" srcset=\"https:\/\/www.ilnotiziario.net\/wp\/wp-content\/uploads\/2019\/09\/incidenteCervo-300x190.jpg 300w, https:\/\/www.ilnotiziario.net\/wp\/wp-content\/uploads\/2019\/09\/incidenteCervo-768x486.jpg 768w, https:\/\/www.ilnotiziario.net\/wp\/wp-content\/uploads\/2019\/09\/incidenteCervo-1024x649.jpg 1024w, https:\/\/www.ilnotiziario.net\/wp\/wp-content\/uploads\/2019\/09\/incidenteCervo-560x355.jpg 560w, https:\/\/www.ilnotiziario.net\/wp\/wp-content\/uploads\/2019\/09\/incidenteCervo.jpg 1200w\" sizes=\"(max-width: 300px) 100vw, 300px\" \/>\u00c8 finita all&#8217;ospedale la coppia di Saronno che ieri \u00e8 rimasta ferita <a href=\"https:\/\/www.ilnotiziario.net\/2019\/09\/24\/monza-saronno-cervo-incidente-elisoccorso\/\"><strong>nell\u2019incidente lungo la Monza-Saronno<\/strong><\/a> causato da un cervo a Bovisio Masciago.<\/p><div id=\"ilnot-2739015678\" class=\"ilnot-contenuto ilnot-entity-placement\"><p><!-- incontent_1 --><\/p>\n<div class=\"gptslot\" data-adunitid=\"1\"><\/div>\n<\/div>\n<p>La donna di 66 anni \u00e8 stata trasportata all\u2019ospedale di Niguarda, lei ha riportato ferite lievi. Pi\u00f9 serie quelle del marito, il 70enne \u00e8 stato portato<strong> in elisoccorso al San Gerardo di Monza<\/strong> ma non \u00e8 in pericolo di vita.<\/p>\n<p>L\u2019incidente \u00e8 avvenuto a Bovisio Masciago. I due cervi <a href=\"https:\/\/www.ilnotiziario.net\/2019\/09\/24\/cervo-in-fuga-catturato-a-cesano-dopo-quello-investito-sulla-saronno-monza-video\/\"><strong>sono stati avvistati qualche ora prima a Cesano Maderno<\/strong><\/a>, la coppia si \u00e8 poi spinta fino a Varedo dove ha raggiunto la Monza-Saronno.<\/p><div id=\"ilnot-3909463402\" class=\"ilnot-contenuto_2 ilnot-entity-placement\"><div class=\"ads-wrapper\">\n<div class=\"ad-slot\">\n   <div id=\"ilnot-4242832997\" style=\"margin-right: auto;margin-left: auto;text-align: center;width: 320px;height: 100px;\"><a href=\"https:\/\/www.scuolasicurezza.it\/\"><img decoding=\"async\" src=\"https:\/\/www.ilnotiziario.net\/wp\/wp-content\/uploads\/2026\/04\/IlNotiziario_banner-sito-e-newsletter-320-x-100-px-1.gif\" alt=\"\"><\/a><\/div>\n  <\/div>\n<div class=\"ad-slot\">\n   <div id=\"ilnot-3352150996\" style=\"margin-right: auto;margin-left: auto;text-align: center;width: 320px;height: 100px;\"><a href=\"https:\/\/purodesignarredamenti.com\/\"><img decoding=\"async\" src=\"https:\/\/www.ilnotiziario.net\/wp\/wp-content\/uploads\/2026\/04\/banner-puro-ok.gif\" alt=\"whatsapp\"><\/a><\/div><\/p><\/div>\n<\/div>\n<\/div>\n<p>Il pi\u00f9 giovane dei due cervi \u00e8 quello che \u00e8 stato investito sulla provinciale ed <strong>\u00e8 morto a causa dell\u2019urto<\/strong>, mentre l\u2019altro esemplare,&nbsp;pi\u00f9 adulto e di maggiori dimensioni, \u00e8 stato circondato quando si \u00e8 introdotto in un cortile di via Cardinal Ferrari&nbsp;nei pressi dell\u2019ufficio postale di Cesano.<\/p>\n<p>Qui gli operatori della Polizia Provinciale hanno posato delle reti e, dopo essersi appostati, <strong>hanno sparato con il fucile caricato a narcotico<\/strong>, per addormentarlo.<\/p>\n<p>L\u2019animale \u00e8 stato quindi <strong>recuperato<\/strong> e trasferito all\u2019oasi Wwf di Vanzago.<\/p><div id=\"ilnot-4262487692\" class=\"ilnot-contenuto_2-2 ilnot-entity-placement\"><div class=\"gptslot\" data-adunitid=\"2\"><\/div>\n<\/div>\n","protected":false},"excerpt":{"rendered":"<p>\u00c8 finita all&#8217;ospedale la coppia di Saronno che ieri \u00e8 rimasta ferita nell\u2019incidente lungo la Monza-Saronno causato da un cervo a Bovisio Masciago. La donna di 66 anni \u00e8 stata trasportata all\u2019ospedale di Niguarda, lei ha riportato ferite lievi. Pi\u00f9 serie quelle del marito, il 70enne \u00e8 stato portato in elisoccorso al San Gerardo di<\/p>\n","protected":false},"author":7,"featured_media":37391,"comment_status":"closed","ping_status":"closed","sticky":false,"template":"","format":"standard","meta":{"footnotes":""},"categories":[20],"tags":[2002,104],"class_list":{"0":"post-37411","1":"post","2":"type-post","3":"status-publish","4":"format-standard","5":"has-post-thumbnail","7":"category-prima-pagina","8":"tag-bovisio-masciago","9":"tag-cesano-maderno"},"yoast_head":"<!-- This site is optimized with the Yoast SEO plugin v27.5 - https:\/\/yoast.com\/product\/yoast-seo-wordpress\/ -->\n<title>Incidente causato dal cervo a Bovisio: tra i feriti una coppia di Saronno<\/title>\n<meta name=\"description\" content=\"\u00c8 finita all&#039;ospedale la coppia di Saronno che ieri \u00e8 rimasta ferita nell\u2019incidente lungo la Monza-Saronno causato da un cervo a Bovisio Masciago\" \/>\n<meta name=\"robots\" content=\"index, follow, max-snippet:-1, max-image-preview:large, max-video-preview:-1\" \/>\n<link rel=\"canonical\" href=\"https:\/\/www.ilnotiziario.net\/wp\/prima-pagina\/incidente-cervo-bovisio-feriti-coppia-saronno\/\" \/>\n<meta property=\"og:locale\" content=\"it_IT\" \/>\n<meta property=\"og:type\" content=\"article\" \/>\n<meta property=\"og:title\" content=\"Incidente causato dal cervo a Bovisio: tra i feriti una coppia di Saronno\" \/>\n<meta property=\"og:description\" content=\"\u00c8 finita all&#039;ospedale la coppia di Saronno che ieri \u00e8 rimasta ferita nell\u2019incidente lungo la Monza-Saronno causato da un cervo a Bovisio Masciago\" \/>\n<meta property=\"og:url\" content=\"https:\/\/www.ilnotiziario.net\/wp\/prima-pagina\/incidente-cervo-bovisio-feriti-coppia-saronno\/\" \/>\n<meta property=\"og:site_name\" content=\"Il Notiziario\" \/>\n<meta property=\"article:publisher\" content=\"https:\/\/www.facebook.com\/ilnotiziarioind\/\" \/>\n<meta property=\"article:published_time\" content=\"2019-09-25T08:34:09+00:00\" \/>\n<meta property=\"og:image\" content=\"https:\/\/www.ilnotiziario.net\/wp\/wp-content\/uploads\/2019\/09\/incidenteCervo.jpg\" \/>\n\t<meta property=\"og:image:width\" content=\"1200\" \/>\n\t<meta property=\"og:image:height\" content=\"760\" \/>\n\t<meta property=\"og:image:type\" content=\"image\/jpeg\" \/>\n<meta name=\"author\" content=\"Simone Carcano\" \/>\n<meta name=\"twitter:card\" content=\"summary_large_image\" \/>\n<meta name=\"twitter:creator\" content=\"@simone_carcano\" \/>\n<meta name=\"twitter:site\" content=\"@ilNotiziarioInd\" \/>\n<meta name=\"twitter:label1\" content=\"Scritto da\" \/>\n\t<meta name=\"twitter:data1\" content=\"Simone Carcano\" \/>\n\t<meta name=\"twitter:label2\" content=\"Tempo di lettura stimato\" \/>\n\t<meta name=\"twitter:data2\" content=\"1 minuto\" \/>\n<script type=\"application\/ld+json\" class=\"yoast-schema-graph\">{\"@context\":\"https:\\\/\\\/schema.org\",\"@graph\":[{\"@type\":\"Article\",\"@id\":\"https:\\\/\\\/www.ilnotiziario.net\\\/wp\\\/prima-pagina\\\/incidente-cervo-bovisio-feriti-coppia-saronno\\\/#article\",\"isPartOf\":{\"@id\":\"https:\\\/\\\/www.ilnotiziario.net\\\/wp\\\/prima-pagina\\\/incidente-cervo-bovisio-feriti-coppia-saronno\\\/\"},\"author\":{\"name\":\"Simone Carcano\",\"@id\":\"https:\\\/\\\/www.ilnotiziario.net\\\/wp\\\/#\\\/schema\\\/person\\\/c218ad0865f96bfe2c1c2cfa719653f7\"},\"headline\":\"Incidente causato dal cervo a Bovisio: tra i feriti una coppia di Saronno\",\"datePublished\":\"2019-09-25T08:34:09+00:00\",\"mainEntityOfPage\":{\"@id\":\"https:\\\/\\\/www.ilnotiziario.net\\\/wp\\\/prima-pagina\\\/incidente-cervo-bovisio-feriti-coppia-saronno\\\/\"},\"wordCount\":189,\"publisher\":{\"@id\":\"https:\\\/\\\/www.ilnotiziario.net\\\/wp\\\/#organization\"},\"image\":{\"@id\":\"https:\\\/\\\/www.ilnotiziario.net\\\/wp\\\/prima-pagina\\\/incidente-cervo-bovisio-feriti-coppia-saronno\\\/#primaryimage\"},\"thumbnailUrl\":\"https:\\\/\\\/www.ilnotiziario.net\\\/wp\\\/wp-content\\\/uploads\\\/2019\\\/09\\\/incidenteCervo.jpg\",\"keywords\":[\"Bovisio Masciago\",\"Cesano Maderno\"],\"articleSection\":[\"Prima Pagina\"],\"inLanguage\":\"it-IT\"},{\"@type\":\"WebPage\",\"@id\":\"https:\\\/\\\/www.ilnotiziario.net\\\/wp\\\/prima-pagina\\\/incidente-cervo-bovisio-feriti-coppia-saronno\\\/\",\"url\":\"https:\\\/\\\/www.ilnotiziario.net\\\/wp\\\/prima-pagina\\\/incidente-cervo-bovisio-feriti-coppia-saronno\\\/\",\"name\":\"Incidente causato dal cervo a Bovisio: tra i feriti una coppia di Saronno\",\"isPartOf\":{\"@id\":\"https:\\\/\\\/www.ilnotiziario.net\\\/wp\\\/#website\"},\"primaryImageOfPage\":{\"@id\":\"https:\\\/\\\/www.ilnotiziario.net\\\/wp\\\/prima-pagina\\\/incidente-cervo-bovisio-feriti-coppia-saronno\\\/#primaryimage\"},\"image\":{\"@id\":\"https:\\\/\\\/www.ilnotiziario.net\\\/wp\\\/prima-pagina\\\/incidente-cervo-bovisio-feriti-coppia-saronno\\\/#primaryimage\"},\"thumbnailUrl\":\"https:\\\/\\\/www.ilnotiziario.net\\\/wp\\\/wp-content\\\/uploads\\\/2019\\\/09\\\/incidenteCervo.jpg\",\"datePublished\":\"2019-09-25T08:34:09+00:00\",\"description\":\"\u00c8 finita all'ospedale la coppia di Saronno che ieri \u00e8 rimasta ferita nell\u2019incidente lungo la Monza-Saronno causato da un cervo a Bovisio Masciago\",\"breadcrumb\":{\"@id\":\"https:\\\/\\\/www.ilnotiziario.net\\\/wp\\\/prima-pagina\\\/incidente-cervo-bovisio-feriti-coppia-saronno\\\/#breadcrumb\"},\"inLanguage\":\"it-IT\",\"potentialAction\":[{\"@type\":\"ReadAction\",\"target\":[\"https:\\\/\\\/www.ilnotiziario.net\\\/wp\\\/prima-pagina\\\/incidente-cervo-bovisio-feriti-coppia-saronno\\\/\"]}]},{\"@type\":\"ImageObject\",\"inLanguage\":\"it-IT\",\"@id\":\"https:\\\/\\\/www.ilnotiziario.net\\\/wp\\\/prima-pagina\\\/incidente-cervo-bovisio-feriti-coppia-saronno\\\/#primaryimage\",\"url\":\"https:\\\/\\\/www.ilnotiziario.net\\\/wp\\\/wp-content\\\/uploads\\\/2019\\\/09\\\/incidenteCervo.jpg\",\"contentUrl\":\"https:\\\/\\\/www.ilnotiziario.net\\\/wp\\\/wp-content\\\/uploads\\\/2019\\\/09\\\/incidenteCervo.jpg\",\"width\":1200,\"height\":760,\"caption\":\"cervo Saronno Monza\"},{\"@type\":\"BreadcrumbList\",\"@id\":\"https:\\\/\\\/www.ilnotiziario.net\\\/wp\\\/prima-pagina\\\/incidente-cervo-bovisio-feriti-coppia-saronno\\\/#breadcrumb\",\"itemListElement\":[{\"@type\":\"ListItem\",\"position\":1,\"name\":\"tds_text_logo_tagline_colortds_text_logo_tagline_colortds_text_logo_tagline_colortds_text_logo_tagline_colortd_module_7_title_excerpttd_module_7_title_excerpttd_module_7_title_excerpttd_module_7_title_excerptHome\",\"item\":\"https:\\\/\\\/www.ilnotiziario.net\\\/wp\\\/\"},{\"@type\":\"ListItem\",\"position\":2,\"name\":\"Incidente causato dal cervo a Bovisio: tra i feriti una coppia di Saronno\"}]},{\"@type\":\"WebSite\",\"@id\":\"https:\\\/\\\/www.ilnotiziario.net\\\/wp\\\/#website\",\"url\":\"https:\\\/\\\/www.ilnotiziario.net\\\/wp\\\/\",\"name\":\"Il Notiziario\",\"description\":\"Per restare sempre connessi alla notizia\",\"publisher\":{\"@id\":\"https:\\\/\\\/www.ilnotiziario.net\\\/wp\\\/#organization\"},\"alternateName\":\"Il Notiziario Bollate\",\"potentialAction\":[{\"@type\":\"SearchAction\",\"target\":{\"@type\":\"EntryPoint\",\"urlTemplate\":\"https:\\\/\\\/www.ilnotiziario.net\\\/wp\\\/?s={search_term_string}\"},\"query-input\":{\"@type\":\"PropertyValueSpecification\",\"valueRequired\":true,\"valueName\":\"search_term_string\"}}],\"inLanguage\":\"it-IT\"},{\"@type\":\"Organization\",\"@id\":\"https:\\\/\\\/www.ilnotiziario.net\\\/wp\\\/#organization\",\"name\":\"Il Notiziario\",\"url\":\"https:\\\/\\\/www.ilnotiziario.net\\\/wp\\\/\",\"logo\":{\"@type\":\"ImageObject\",\"inLanguage\":\"it-IT\",\"@id\":\"https:\\\/\\\/www.ilnotiziario.net\\\/wp\\\/#\\\/schema\\\/logo\\\/image\\\/\",\"url\":\"https:\\\/\\\/www.ilnotiziario.net\\\/wp\\\/wp-content\\\/uploads\\\/2022\\\/06\\\/170x170ilN.png\",\"contentUrl\":\"https:\\\/\\\/www.ilnotiziario.net\\\/wp\\\/wp-content\\\/uploads\\\/2022\\\/06\\\/170x170ilN.png\",\"width\":355,\"height\":355,\"caption\":\"Il Notiziario\"},\"image\":{\"@id\":\"https:\\\/\\\/www.ilnotiziario.net\\\/wp\\\/#\\\/schema\\\/logo\\\/image\\\/\"},\"sameAs\":[\"https:\\\/\\\/www.facebook.com\\\/ilnotiziarioind\\\/\",\"https:\\\/\\\/x.com\\\/ilNotiziarioInd\",\"https:\\\/\\\/www.instagram.com\\\/ilnotiziario_settimanale\\\/\"]},{\"@type\":\"Person\",\"@id\":\"https:\\\/\\\/www.ilnotiziario.net\\\/wp\\\/#\\\/schema\\\/person\\\/c218ad0865f96bfe2c1c2cfa719653f7\",\"name\":\"Simone Carcano\",\"image\":{\"@type\":\"ImageObject\",\"inLanguage\":\"it-IT\",\"@id\":\"https:\\\/\\\/secure.gravatar.com\\\/avatar\\\/5e677023cff2c47e9f7a896b9157a46e18bd36e7c4d000a1726bb730be7d38bb?s=96&d=mm&r=g\",\"url\":\"https:\\\/\\\/secure.gravatar.com\\\/avatar\\\/5e677023cff2c47e9f7a896b9157a46e18bd36e7c4d000a1726bb730be7d38bb?s=96&d=mm&r=g\",\"contentUrl\":\"https:\\\/\\\/secure.gravatar.com\\\/avatar\\\/5e677023cff2c47e9f7a896b9157a46e18bd36e7c4d000a1726bb730be7d38bb?s=96&d=mm&r=g\",\"caption\":\"Simone Carcano\"},\"sameAs\":[\"http:\\\/\\\/www.ilnotiziario.net\",\"https:\\\/\\\/x.com\\\/@simone_carcano\"]}]}<\/script>\n<!-- \/ Yoast SEO plugin. -->","yoast_head_json":{"title":"Incidente causato dal cervo a Bovisio: tra i feriti una coppia di Saronno","description":"\u00c8 finita all'ospedale la coppia di Saronno che ieri \u00e8 rimasta ferita nell\u2019incidente lungo la Monza-Saronno causato da un cervo a Bovisio Masciago","robots":{"index":"index","follow":"follow","max-snippet":"max-snippet:-1","max-image-preview":"max-image-preview:large","max-video-preview":"max-video-preview:-1"},"canonical":"https:\/\/www.ilnotiziario.net\/wp\/prima-pagina\/incidente-cervo-bovisio-feriti-coppia-saronno\/","og_locale":"it_IT","og_type":"article","og_title":"Incidente causato dal cervo a Bovisio: tra i feriti una coppia di Saronno","og_description":"\u00c8 finita all'ospedale la coppia di Saronno che ieri \u00e8 rimasta ferita nell\u2019incidente lungo la Monza-Saronno causato da un cervo a Bovisio Masciago","og_url":"https:\/\/www.ilnotiziario.net\/wp\/prima-pagina\/incidente-cervo-bovisio-feriti-coppia-saronno\/","og_site_name":"Il Notiziario","article_publisher":"https:\/\/www.facebook.com\/ilnotiziarioind\/","article_published_time":"2019-09-25T08:34:09+00:00","og_image":[{"width":1200,"height":760,"url":"https:\/\/www.ilnotiziario.net\/wp\/wp-content\/uploads\/2019\/09\/incidenteCervo.jpg","type":"image\/jpeg"}],"author":"Simone Carcano","twitter_card":"summary_large_image","twitter_creator":"@simone_carcano","twitter_site":"@ilNotiziarioInd","twitter_misc":{"Scritto da":"Simone Carcano","Tempo di lettura stimato":"1 minuto"},"schema":{"@context":"https:\/\/schema.org","@graph":[{"@type":"Article","@id":"https:\/\/www.ilnotiziario.net\/wp\/prima-pagina\/incidente-cervo-bovisio-feriti-coppia-saronno\/#article","isPartOf":{"@id":"https:\/\/www.ilnotiziario.net\/wp\/prima-pagina\/incidente-cervo-bovisio-feriti-coppia-saronno\/"},"author":{"name":"Simone Carcano","@id":"https:\/\/www.ilnotiziario.net\/wp\/#\/schema\/person\/c218ad0865f96bfe2c1c2cfa719653f7"},"headline":"Incidente causato dal cervo a Bovisio: tra i feriti una coppia di Saronno","datePublished":"2019-09-25T08:34:09+00:00","mainEntityOfPage":{"@id":"https:\/\/www.ilnotiziario.net\/wp\/prima-pagina\/incidente-cervo-bovisio-feriti-coppia-saronno\/"},"wordCount":189,"publisher":{"@id":"https:\/\/www.ilnotiziario.net\/wp\/#organization"},"image":{"@id":"https:\/\/www.ilnotiziario.net\/wp\/prima-pagina\/incidente-cervo-bovisio-feriti-coppia-saronno\/#primaryimage"},"thumbnailUrl":"https:\/\/www.ilnotiziario.net\/wp\/wp-content\/uploads\/2019\/09\/incidenteCervo.jpg","keywords":["Bovisio Masciago","Cesano Maderno"],"articleSection":["Prima Pagina"],"inLanguage":"it-IT"},{"@type":"WebPage","@id":"https:\/\/www.ilnotiziario.net\/wp\/prima-pagina\/incidente-cervo-bovisio-feriti-coppia-saronno\/","url":"https:\/\/www.ilnotiziario.net\/wp\/prima-pagina\/incidente-cervo-bovisio-feriti-coppia-saronno\/","name":"Incidente causato dal cervo a Bovisio: tra i feriti una coppia di Saronno","isPartOf":{"@id":"https:\/\/www.ilnotiziario.net\/wp\/#website"},"primaryImageOfPage":{"@id":"https:\/\/www.ilnotiziario.net\/wp\/prima-pagina\/incidente-cervo-bovisio-feriti-coppia-saronno\/#primaryimage"},"image":{"@id":"https:\/\/www.ilnotiziario.net\/wp\/prima-pagina\/incidente-cervo-bovisio-feriti-coppia-saronno\/#primaryimage"},"thumbnailUrl":"https:\/\/www.ilnotiziario.net\/wp\/wp-content\/uploads\/2019\/09\/incidenteCervo.jpg","datePublished":"2019-09-25T08:34:09+00:00","description":"\u00c8 finita all'ospedale la coppia di Saronno che ieri \u00e8 rimasta ferita nell\u2019incidente lungo la Monza-Saronno causato da un cervo a Bovisio Masciago","breadcrumb":{"@id":"https:\/\/www.ilnotiziario.net\/wp\/prima-pagina\/incidente-cervo-bovisio-feriti-coppia-saronno\/#breadcrumb"},"inLanguage":"it-IT","potentialAction":[{"@type":"ReadAction","target":["https:\/\/www.ilnotiziario.net\/wp\/prima-pagina\/incidente-cervo-bovisio-feriti-coppia-saronno\/"]}]},{"@type":"ImageObject","inLanguage":"it-IT","@id":"https:\/\/www.ilnotiziario.net\/wp\/prima-pagina\/incidente-cervo-bovisio-feriti-coppia-saronno\/#primaryimage","url":"https:\/\/www.ilnotiziario.net\/wp\/wp-content\/uploads\/2019\/09\/incidenteCervo.jpg","contentUrl":"https:\/\/www.ilnotiziario.net\/wp\/wp-content\/uploads\/2019\/09\/incidenteCervo.jpg","width":1200,"height":760,"caption":"cervo Saronno Monza"},{"@type":"BreadcrumbList","@id":"https:\/\/www.ilnotiziario.net\/wp\/prima-pagina\/incidente-cervo-bovisio-feriti-coppia-saronno\/#breadcrumb","itemListElement":[{"@type":"ListItem","position":1,"name":"tds_text_logo_tagline_colortds_text_logo_tagline_colortds_text_logo_tagline_colortds_text_logo_tagline_colortd_module_7_title_excerpttd_module_7_title_excerpttd_module_7_title_excerpttd_module_7_title_excerptHome","item":"https:\/\/www.ilnotiziario.net\/wp\/"},{"@type":"ListItem","position":2,"name":"Incidente causato dal cervo a Bovisio: tra i feriti una coppia di Saronno"}]},{"@type":"WebSite","@id":"https:\/\/www.ilnotiziario.net\/wp\/#website","url":"https:\/\/www.ilnotiziario.net\/wp\/","name":"Il Notiziario","description":"Per restare sempre connessi alla notizia","publisher":{"@id":"https:\/\/www.ilnotiziario.net\/wp\/#organization"},"alternateName":"Il Notiziario Bollate","potentialAction":[{"@type":"SearchAction","target":{"@type":"EntryPoint","urlTemplate":"https:\/\/www.ilnotiziario.net\/wp\/?s={search_term_string}"},"query-input":{"@type":"PropertyValueSpecification","valueRequired":true,"valueName":"search_term_string"}}],"inLanguage":"it-IT"},{"@type":"Organization","@id":"https:\/\/www.ilnotiziario.net\/wp\/#organization","name":"Il Notiziario","url":"https:\/\/www.ilnotiziario.net\/wp\/","logo":{"@type":"ImageObject","inLanguage":"it-IT","@id":"https:\/\/www.ilnotiziario.net\/wp\/#\/schema\/logo\/image\/","url":"https:\/\/www.ilnotiziario.net\/wp\/wp-content\/uploads\/2022\/06\/170x170ilN.png","contentUrl":"https:\/\/www.ilnotiziario.net\/wp\/wp-content\/uploads\/2022\/06\/170x170ilN.png","width":355,"height":355,"caption":"Il Notiziario"},"image":{"@id":"https:\/\/www.ilnotiziario.net\/wp\/#\/schema\/logo\/image\/"},"sameAs":["https:\/\/www.facebook.com\/ilnotiziarioind\/","https:\/\/x.com\/ilNotiziarioInd","https:\/\/www.instagram.com\/ilnotiziario_settimanale\/"]},{"@type":"Person","@id":"https:\/\/www.ilnotiziario.net\/wp\/#\/schema\/person\/c218ad0865f96bfe2c1c2cfa719653f7","name":"Simone Carcano","image":{"@type":"ImageObject","inLanguage":"it-IT","@id":"https:\/\/secure.gravatar.com\/avatar\/5e677023cff2c47e9f7a896b9157a46e18bd36e7c4d000a1726bb730be7d38bb?s=96&d=mm&r=g","url":"https:\/\/secure.gravatar.com\/avatar\/5e677023cff2c47e9f7a896b9157a46e18bd36e7c4d000a1726bb730be7d38bb?s=96&d=mm&r=g","contentUrl":"https:\/\/secure.gravatar.com\/avatar\/5e677023cff2c47e9f7a896b9157a46e18bd36e7c4d000a1726bb730be7d38bb?s=96&d=mm&r=g","caption":"Simone Carcano"},"sameAs":["http:\/\/www.ilnotiziario.net","https:\/\/x.com\/@simone_carcano"]}]}},"_links":{"self":[{"href":"https:\/\/www.ilnotiziario.net\/wp\/wp-json\/wp\/v2\/posts\/37411","targetHints":{"allow":["GET"]}}],"collection":[{"href":"https:\/\/www.ilnotiziario.net\/wp\/wp-json\/wp\/v2\/posts"}],"about":[{"href":"https:\/\/www.ilnotiziario.net\/wp\/wp-json\/wp\/v2\/types\/post"}],"author":[{"embeddable":true,"href":"https:\/\/www.ilnotiziario.net\/wp\/wp-json\/wp\/v2\/users\/7"}],"replies":[{"embeddable":true,"href":"https:\/\/www.ilnotiziario.net\/wp\/wp-json\/wp\/v2\/comments?post=37411"}],"version-history":[{"count":0,"href":"https:\/\/www.ilnotiziario.net\/wp\/wp-json\/wp\/v2\/posts\/37411\/revisions"}],"wp:featuredmedia":[{"embeddable":true,"href":"https:\/\/www.ilnotiziario.net\/wp\/wp-json\/wp\/v2\/media\/37391"}],"wp:attachment":[{"href":"https:\/\/www.ilnotiziario.net\/wp\/wp-json\/wp\/v2\/media?parent=37411"}],"wp:term":[{"taxonomy":"category","embeddable":true,"href":"https:\/\/www.ilnotiziario.net\/wp\/wp-json\/wp\/v2\/categories?post=37411"},{"taxonomy":"post_tag","embeddable":true,"href":"https:\/\/www.ilnotiziario.net\/wp\/wp-json\/wp\/v2\/tags?post=37411"}],"curies":[{"name":"wp","href":"https:\/\/api.w.org\/{rel}","templated":true}]}}