{"id":38508,"date":"2019-10-23T15:00:21","date_gmt":"2019-10-23T13:00:21","guid":{"rendered":"https:\/\/www.ilnotiziario.net\/?p=38508"},"modified":"2019-10-24T08:01:43","modified_gmt":"2019-10-24T06:01:43","slug":"sciopero-trenord-elenco-treni-regolari","status":"publish","type":"post","link":"https:\/\/www.ilnotiziario.net\/wp\/prima-pagina\/sciopero-trenord-elenco-treni-regolari\/","title":{"rendered":"Sciopero generale venerd\u00ec 25, Trenord pubblica l&#8217;elenco dei treni garantiti"},"content":{"rendered":"<p><img fetchpriority=\"high\" decoding=\"async\" class=\"aligncenter size-medium wp-image-16416\" src=\"https:\/\/www.ilnotiziario.net\/wp\/wp-content\/uploads\/2017\/03\/16195990_10210279924148114_9151107467070887332_n-300x200.jpg\" alt=\"\" width=\"300\" height=\"200\">Dalle ore 21 di gioved\u00ec 24 alle ore 21 di venerd\u00ec 25 ottobre <strong>\u00e8 previsto uno sciopero generale di tutte le categorie pubbliche e private<\/strong> che potrebbe coinvolgere anche il trasporto ferroviario.<\/p><div id=\"ilnot-1259631939\" class=\"ilnot-contenuto ilnot-entity-placement\"><p><!-- incontent_1 --><\/p>\n<div class=\"gptslot\" data-adunitid=\"1\"><\/div>\n<\/div>\n<p>I treni <strong>regionali, suburbani e a lunga percorrenza di Trenord e il servizio Malpensa Express potrebbero subire limitazioni e cancellazioni.<\/strong><\/p>\n<p>Gioved\u00ec 24 prima dell\u2019inizio dello sciopero viaggeranno i treni in partenza entro le ore 21, che arrivano a destinazione finale entro le ore 22.<\/p><div id=\"ilnot-3163638206\" class=\"ilnot-contenuto_2 ilnot-entity-placement\"><div class=\"ads-wrapper\">\n<div class=\"ad-slot\">\n   <div id=\"ilnot-1206374069\" style=\"margin-right: auto;margin-left: auto;text-align: center;width: 320px;height: 100px;\"><a href=\"https:\/\/www.scuolasicurezza.it\/\"><img decoding=\"async\" src=\"https:\/\/www.ilnotiziario.net\/wp\/wp-content\/uploads\/2026\/04\/IlNotiziario_banner-sito-e-newsletter-320-x-100-px-1.gif\" alt=\"\"><\/a><\/div>\n  <\/div>\n<div class=\"ad-slot\">\n   <div id=\"ilnot-3339654338\" style=\"margin-right: auto;margin-left: auto;text-align: center;width: 320px;height: 100px;\"><a href=\"https:\/\/purodesignarredamenti.com\/\"><img decoding=\"async\" src=\"https:\/\/www.ilnotiziario.net\/wp\/wp-content\/uploads\/2026\/04\/banner-puro-ok.gif\" alt=\"whatsapp\"><\/a><\/div><\/p><\/div>\n<\/div>\n<\/div>\n<p>Venerd\u00ec 25 <strong>dalle ore 6 alle ore 9 e dalle ore 18 alle ore 21 saranno effettuate le corse indicate sul sito Trenord al link:<\/strong><\/p>\n<p><a href=\"http:\/\/www.trenord.it\/media\/2474177\/treni_garantiti_sciop_24h_ottobre2019.pdf\">http:\/\/www.trenord.it\/media\/2474177\/treni_garantiti_sciop_24h_ottobre2019.pdf<\/a><\/p>\n<p>Circoleranno <strong>autobus sostitutivi senza fermate intermedie<\/strong> per le eventuali corse non effettuate tra Milano Cadorna (in partenza da via Paleocapa, 1) e Malpensa Aeroporto e tra Malpensa Aeroporto e Stabio.<\/p><div id=\"ilnot-1138172826\" class=\"ilnot-contenuto_2-2 ilnot-entity-placement\"><div class=\"gptslot\" data-adunitid=\"2\"><\/div>\n<\/div>\n<p>Informazioni sull\u2019andamento della circolazione<strong> saranno comunicate su sito e App Trenord e nelle stazioni, tramite i monitor e gli annunci sonori.<\/strong><\/p>\n","protected":false},"excerpt":{"rendered":"<p>Dalle ore 21 di gioved\u00ec 24 alle ore 21 di venerd\u00ec 25 ottobre \u00e8 previsto uno sciopero generale di tutte le categorie pubbliche e private che potrebbe coinvolgere anche il trasporto ferroviario. I treni regionali, suburbani e a lunga percorrenza di Trenord e il servizio Malpensa Express potrebbero subire limitazioni e cancellazioni. Gioved\u00ec 24 prima<\/p>\n","protected":false},"author":3,"featured_media":16416,"comment_status":"closed","ping_status":"closed","sticky":false,"template":"","format":"standard","meta":{"footnotes":""},"categories":[11,20,13],"tags":[6601,421,710,34],"class_list":{"0":"post-38508","1":"post","2":"type-post","3":"status-publish","4":"format-standard","5":"has-post-thumbnail","7":"category-nord-milano","8":"category-prima-pagina","9":"category-saronnese","10":"tag-elenco","11":"tag-sciopero","12":"tag-treni","13":"tag-trenord"},"yoast_head":"<!-- This site is optimized with the Yoast SEO plugin v27.4 - https:\/\/yoast.com\/product\/yoast-seo-wordpress\/ -->\n<title>Sciopero generale venerd\u00ec 25, Trenord pubblica l&#039;elenco dei treni garantiti -<\/title>\n<meta name=\"description\" content=\"Dalle ore 21 di gioved\u00ec 24 alle ore 21 di venerd\u00ec 25 ottobre \u00e8 previsto uno sciopero generale di tutte le categorie pubbliche e private che potrebbe\" \/>\n<meta name=\"robots\" content=\"index, follow, max-snippet:-1, max-image-preview:large, max-video-preview:-1\" \/>\n<link rel=\"canonical\" href=\"https:\/\/www.ilnotiziario.net\/wp\/prima-pagina\/sciopero-trenord-elenco-treni-regolari\/\" \/>\n<meta property=\"og:locale\" content=\"it_IT\" \/>\n<meta property=\"og:type\" content=\"article\" \/>\n<meta property=\"og:title\" content=\"Sciopero generale venerd\u00ec 25, Trenord pubblica l&#039;elenco dei treni garantiti -\" \/>\n<meta property=\"og:description\" content=\"Dalle ore 21 di gioved\u00ec 24 alle ore 21 di venerd\u00ec 25 ottobre \u00e8 previsto uno sciopero generale di tutte le categorie pubbliche e private che potrebbe\" \/>\n<meta property=\"og:url\" content=\"https:\/\/www.ilnotiziario.net\/wp\/prima-pagina\/sciopero-trenord-elenco-treni-regolari\/\" \/>\n<meta property=\"og:site_name\" content=\"Il Notiziario\" \/>\n<meta property=\"article:publisher\" content=\"https:\/\/www.facebook.com\/ilnotiziarioind\/\" \/>\n<meta property=\"article:published_time\" content=\"2019-10-23T13:00:21+00:00\" \/>\n<meta property=\"article:modified_time\" content=\"2019-10-24T06:01:43+00:00\" \/>\n<meta property=\"og:image\" content=\"https:\/\/www.ilnotiziario.net\/wp\/wp-content\/uploads\/2017\/03\/16195990_10210279924148114_9151107467070887332_n-e1619533923575.jpg\" \/>\n\t<meta property=\"og:image:width\" content=\"1350\" \/>\n\t<meta property=\"og:image:height\" content=\"766\" \/>\n\t<meta property=\"og:image:type\" content=\"image\/jpeg\" \/>\n<meta name=\"author\" content=\"Gabriele Bassani\" \/>\n<meta name=\"twitter:card\" content=\"summary_large_image\" \/>\n<meta name=\"twitter:creator\" content=\"@ilNotiziarioInd\" \/>\n<meta name=\"twitter:site\" content=\"@ilNotiziarioInd\" \/>\n<meta name=\"twitter:label1\" content=\"Scritto da\" \/>\n\t<meta name=\"twitter:data1\" content=\"Gabriele Bassani\" \/>\n\t<meta name=\"twitter:label2\" content=\"Tempo di lettura stimato\" \/>\n\t<meta name=\"twitter:data2\" content=\"1 minuto\" \/>\n<script type=\"application\/ld+json\" class=\"yoast-schema-graph\">{\"@context\":\"https:\\\/\\\/schema.org\",\"@graph\":[{\"@type\":\"Article\",\"@id\":\"https:\\\/\\\/www.ilnotiziario.net\\\/wp\\\/prima-pagina\\\/sciopero-trenord-elenco-treni-regolari\\\/#article\",\"isPartOf\":{\"@id\":\"https:\\\/\\\/www.ilnotiziario.net\\\/wp\\\/prima-pagina\\\/sciopero-trenord-elenco-treni-regolari\\\/\"},\"author\":{\"name\":\"Gabriele Bassani\",\"@id\":\"https:\\\/\\\/www.ilnotiziario.net\\\/wp\\\/#\\\/schema\\\/person\\\/386e222908f898bb41c033989482bbf2\"},\"headline\":\"Sciopero generale venerd\u00ec 25, Trenord pubblica l&#8217;elenco dei treni garantiti\",\"datePublished\":\"2019-10-23T13:00:21+00:00\",\"dateModified\":\"2019-10-24T06:01:43+00:00\",\"mainEntityOfPage\":{\"@id\":\"https:\\\/\\\/www.ilnotiziario.net\\\/wp\\\/prima-pagina\\\/sciopero-trenord-elenco-treni-regolari\\\/\"},\"wordCount\":161,\"publisher\":{\"@id\":\"https:\\\/\\\/www.ilnotiziario.net\\\/wp\\\/#organization\"},\"image\":{\"@id\":\"https:\\\/\\\/www.ilnotiziario.net\\\/wp\\\/prima-pagina\\\/sciopero-trenord-elenco-treni-regolari\\\/#primaryimage\"},\"thumbnailUrl\":\"https:\\\/\\\/www.ilnotiziario.net\\\/wp\\\/wp-content\\\/uploads\\\/2017\\\/03\\\/16195990_10210279924148114_9151107467070887332_n-e1619533923575.jpg\",\"keywords\":[\"elenco\",\"sciopero\",\"Treni\",\"Trenord\"],\"articleSection\":[\"NORD MILANO\",\"Prima Pagina\",\"SARONNESE\"],\"inLanguage\":\"it-IT\"},{\"@type\":\"WebPage\",\"@id\":\"https:\\\/\\\/www.ilnotiziario.net\\\/wp\\\/prima-pagina\\\/sciopero-trenord-elenco-treni-regolari\\\/\",\"url\":\"https:\\\/\\\/www.ilnotiziario.net\\\/wp\\\/prima-pagina\\\/sciopero-trenord-elenco-treni-regolari\\\/\",\"name\":\"Sciopero generale venerd\u00ec 25, Trenord pubblica l'elenco dei treni garantiti -\",\"isPartOf\":{\"@id\":\"https:\\\/\\\/www.ilnotiziario.net\\\/wp\\\/#website\"},\"primaryImageOfPage\":{\"@id\":\"https:\\\/\\\/www.ilnotiziario.net\\\/wp\\\/prima-pagina\\\/sciopero-trenord-elenco-treni-regolari\\\/#primaryimage\"},\"image\":{\"@id\":\"https:\\\/\\\/www.ilnotiziario.net\\\/wp\\\/prima-pagina\\\/sciopero-trenord-elenco-treni-regolari\\\/#primaryimage\"},\"thumbnailUrl\":\"https:\\\/\\\/www.ilnotiziario.net\\\/wp\\\/wp-content\\\/uploads\\\/2017\\\/03\\\/16195990_10210279924148114_9151107467070887332_n-e1619533923575.jpg\",\"datePublished\":\"2019-10-23T13:00:21+00:00\",\"dateModified\":\"2019-10-24T06:01:43+00:00\",\"description\":\"Dalle ore 21 di gioved\u00ec 24 alle ore 21 di venerd\u00ec 25 ottobre \u00e8 previsto uno sciopero generale di tutte le categorie pubbliche e private che potrebbe\",\"breadcrumb\":{\"@id\":\"https:\\\/\\\/www.ilnotiziario.net\\\/wp\\\/prima-pagina\\\/sciopero-trenord-elenco-treni-regolari\\\/#breadcrumb\"},\"inLanguage\":\"it-IT\",\"potentialAction\":[{\"@type\":\"ReadAction\",\"target\":[\"https:\\\/\\\/www.ilnotiziario.net\\\/wp\\\/prima-pagina\\\/sciopero-trenord-elenco-treni-regolari\\\/\"]}]},{\"@type\":\"ImageObject\",\"inLanguage\":\"it-IT\",\"@id\":\"https:\\\/\\\/www.ilnotiziario.net\\\/wp\\\/prima-pagina\\\/sciopero-trenord-elenco-treni-regolari\\\/#primaryimage\",\"url\":\"https:\\\/\\\/www.ilnotiziario.net\\\/wp\\\/wp-content\\\/uploads\\\/2017\\\/03\\\/16195990_10210279924148114_9151107467070887332_n-e1619533923575.jpg\",\"contentUrl\":\"https:\\\/\\\/www.ilnotiziario.net\\\/wp\\\/wp-content\\\/uploads\\\/2017\\\/03\\\/16195990_10210279924148114_9151107467070887332_n-e1619533923575.jpg\",\"width\":1350,\"height\":766,\"caption\":\"Sciopero dei trasporti\"},{\"@type\":\"BreadcrumbList\",\"@id\":\"https:\\\/\\\/www.ilnotiziario.net\\\/wp\\\/prima-pagina\\\/sciopero-trenord-elenco-treni-regolari\\\/#breadcrumb\",\"itemListElement\":[{\"@type\":\"ListItem\",\"position\":1,\"name\":\"tds_text_logo_tagline_colortds_text_logo_tagline_colortds_text_logo_tagline_colortds_text_logo_tagline_colortd_module_7_title_excerpttd_module_7_title_excerpttd_module_7_title_excerpttd_module_7_title_excerptHome\",\"item\":\"https:\\\/\\\/www.ilnotiziario.net\\\/wp\\\/\"},{\"@type\":\"ListItem\",\"position\":2,\"name\":\"Sciopero generale venerd\u00ec 25, Trenord pubblica l&#8217;elenco dei treni garantiti\"}]},{\"@type\":\"WebSite\",\"@id\":\"https:\\\/\\\/www.ilnotiziario.net\\\/wp\\\/#website\",\"url\":\"https:\\\/\\\/www.ilnotiziario.net\\\/wp\\\/\",\"name\":\"Il Notiziario\",\"description\":\"Per restare sempre connessi alla notizia\",\"publisher\":{\"@id\":\"https:\\\/\\\/www.ilnotiziario.net\\\/wp\\\/#organization\"},\"alternateName\":\"Il Notiziario Bollate\",\"potentialAction\":[{\"@type\":\"SearchAction\",\"target\":{\"@type\":\"EntryPoint\",\"urlTemplate\":\"https:\\\/\\\/www.ilnotiziario.net\\\/wp\\\/?s={search_term_string}\"},\"query-input\":{\"@type\":\"PropertyValueSpecification\",\"valueRequired\":true,\"valueName\":\"search_term_string\"}}],\"inLanguage\":\"it-IT\"},{\"@type\":\"Organization\",\"@id\":\"https:\\\/\\\/www.ilnotiziario.net\\\/wp\\\/#organization\",\"name\":\"Il Notiziario\",\"url\":\"https:\\\/\\\/www.ilnotiziario.net\\\/wp\\\/\",\"logo\":{\"@type\":\"ImageObject\",\"inLanguage\":\"it-IT\",\"@id\":\"https:\\\/\\\/www.ilnotiziario.net\\\/wp\\\/#\\\/schema\\\/logo\\\/image\\\/\",\"url\":\"https:\\\/\\\/www.ilnotiziario.net\\\/wp\\\/wp-content\\\/uploads\\\/2022\\\/06\\\/170x170ilN.png\",\"contentUrl\":\"https:\\\/\\\/www.ilnotiziario.net\\\/wp\\\/wp-content\\\/uploads\\\/2022\\\/06\\\/170x170ilN.png\",\"width\":355,\"height\":355,\"caption\":\"Il Notiziario\"},\"image\":{\"@id\":\"https:\\\/\\\/www.ilnotiziario.net\\\/wp\\\/#\\\/schema\\\/logo\\\/image\\\/\"},\"sameAs\":[\"https:\\\/\\\/www.facebook.com\\\/ilnotiziarioind\\\/\",\"https:\\\/\\\/x.com\\\/ilNotiziarioInd\",\"https:\\\/\\\/www.instagram.com\\\/ilnotiziario_settimanale\\\/\"]},{\"@type\":\"Person\",\"@id\":\"https:\\\/\\\/www.ilnotiziario.net\\\/wp\\\/#\\\/schema\\\/person\\\/386e222908f898bb41c033989482bbf2\",\"name\":\"Gabriele Bassani\",\"image\":{\"@type\":\"ImageObject\",\"inLanguage\":\"it-IT\",\"@id\":\"https:\\\/\\\/secure.gravatar.com\\\/avatar\\\/09274f4a84fa97698bde56f84b3afed61c8492d48b0550db9671b68c177479cb?s=96&d=mm&r=g\",\"url\":\"https:\\\/\\\/secure.gravatar.com\\\/avatar\\\/09274f4a84fa97698bde56f84b3afed61c8492d48b0550db9671b68c177479cb?s=96&d=mm&r=g\",\"contentUrl\":\"https:\\\/\\\/secure.gravatar.com\\\/avatar\\\/09274f4a84fa97698bde56f84b3afed61c8492d48b0550db9671b68c177479cb?s=96&d=mm&r=g\",\"caption\":\"Gabriele Bassani\"},\"sameAs\":[\"http:\\\/\\\/www.ilnotiziario.net\"]}]}<\/script>\n<!-- \/ Yoast SEO plugin. -->","yoast_head_json":{"title":"Sciopero generale venerd\u00ec 25, Trenord pubblica l'elenco dei treni garantiti -","description":"Dalle ore 21 di gioved\u00ec 24 alle ore 21 di venerd\u00ec 25 ottobre \u00e8 previsto uno sciopero generale di tutte le categorie pubbliche e private che potrebbe","robots":{"index":"index","follow":"follow","max-snippet":"max-snippet:-1","max-image-preview":"max-image-preview:large","max-video-preview":"max-video-preview:-1"},"canonical":"https:\/\/www.ilnotiziario.net\/wp\/prima-pagina\/sciopero-trenord-elenco-treni-regolari\/","og_locale":"it_IT","og_type":"article","og_title":"Sciopero generale venerd\u00ec 25, Trenord pubblica l'elenco dei treni garantiti -","og_description":"Dalle ore 21 di gioved\u00ec 24 alle ore 21 di venerd\u00ec 25 ottobre \u00e8 previsto uno sciopero generale di tutte le categorie pubbliche e private che potrebbe","og_url":"https:\/\/www.ilnotiziario.net\/wp\/prima-pagina\/sciopero-trenord-elenco-treni-regolari\/","og_site_name":"Il Notiziario","article_publisher":"https:\/\/www.facebook.com\/ilnotiziarioind\/","article_published_time":"2019-10-23T13:00:21+00:00","article_modified_time":"2019-10-24T06:01:43+00:00","og_image":[{"width":1350,"height":766,"url":"https:\/\/www.ilnotiziario.net\/wp\/wp-content\/uploads\/2017\/03\/16195990_10210279924148114_9151107467070887332_n-e1619533923575.jpg","type":"image\/jpeg"}],"author":"Gabriele Bassani","twitter_card":"summary_large_image","twitter_creator":"@ilNotiziarioInd","twitter_site":"@ilNotiziarioInd","twitter_misc":{"Scritto da":"Gabriele Bassani","Tempo di lettura stimato":"1 minuto"},"schema":{"@context":"https:\/\/schema.org","@graph":[{"@type":"Article","@id":"https:\/\/www.ilnotiziario.net\/wp\/prima-pagina\/sciopero-trenord-elenco-treni-regolari\/#article","isPartOf":{"@id":"https:\/\/www.ilnotiziario.net\/wp\/prima-pagina\/sciopero-trenord-elenco-treni-regolari\/"},"author":{"name":"Gabriele Bassani","@id":"https:\/\/www.ilnotiziario.net\/wp\/#\/schema\/person\/386e222908f898bb41c033989482bbf2"},"headline":"Sciopero generale venerd\u00ec 25, Trenord pubblica l&#8217;elenco dei treni garantiti","datePublished":"2019-10-23T13:00:21+00:00","dateModified":"2019-10-24T06:01:43+00:00","mainEntityOfPage":{"@id":"https:\/\/www.ilnotiziario.net\/wp\/prima-pagina\/sciopero-trenord-elenco-treni-regolari\/"},"wordCount":161,"publisher":{"@id":"https:\/\/www.ilnotiziario.net\/wp\/#organization"},"image":{"@id":"https:\/\/www.ilnotiziario.net\/wp\/prima-pagina\/sciopero-trenord-elenco-treni-regolari\/#primaryimage"},"thumbnailUrl":"https:\/\/www.ilnotiziario.net\/wp\/wp-content\/uploads\/2017\/03\/16195990_10210279924148114_9151107467070887332_n-e1619533923575.jpg","keywords":["elenco","sciopero","Treni","Trenord"],"articleSection":["NORD MILANO","Prima Pagina","SARONNESE"],"inLanguage":"it-IT"},{"@type":"WebPage","@id":"https:\/\/www.ilnotiziario.net\/wp\/prima-pagina\/sciopero-trenord-elenco-treni-regolari\/","url":"https:\/\/www.ilnotiziario.net\/wp\/prima-pagina\/sciopero-trenord-elenco-treni-regolari\/","name":"Sciopero generale venerd\u00ec 25, Trenord pubblica l'elenco dei treni garantiti -","isPartOf":{"@id":"https:\/\/www.ilnotiziario.net\/wp\/#website"},"primaryImageOfPage":{"@id":"https:\/\/www.ilnotiziario.net\/wp\/prima-pagina\/sciopero-trenord-elenco-treni-regolari\/#primaryimage"},"image":{"@id":"https:\/\/www.ilnotiziario.net\/wp\/prima-pagina\/sciopero-trenord-elenco-treni-regolari\/#primaryimage"},"thumbnailUrl":"https:\/\/www.ilnotiziario.net\/wp\/wp-content\/uploads\/2017\/03\/16195990_10210279924148114_9151107467070887332_n-e1619533923575.jpg","datePublished":"2019-10-23T13:00:21+00:00","dateModified":"2019-10-24T06:01:43+00:00","description":"Dalle ore 21 di gioved\u00ec 24 alle ore 21 di venerd\u00ec 25 ottobre \u00e8 previsto uno sciopero generale di tutte le categorie pubbliche e private che potrebbe","breadcrumb":{"@id":"https:\/\/www.ilnotiziario.net\/wp\/prima-pagina\/sciopero-trenord-elenco-treni-regolari\/#breadcrumb"},"inLanguage":"it-IT","potentialAction":[{"@type":"ReadAction","target":["https:\/\/www.ilnotiziario.net\/wp\/prima-pagina\/sciopero-trenord-elenco-treni-regolari\/"]}]},{"@type":"ImageObject","inLanguage":"it-IT","@id":"https:\/\/www.ilnotiziario.net\/wp\/prima-pagina\/sciopero-trenord-elenco-treni-regolari\/#primaryimage","url":"https:\/\/www.ilnotiziario.net\/wp\/wp-content\/uploads\/2017\/03\/16195990_10210279924148114_9151107467070887332_n-e1619533923575.jpg","contentUrl":"https:\/\/www.ilnotiziario.net\/wp\/wp-content\/uploads\/2017\/03\/16195990_10210279924148114_9151107467070887332_n-e1619533923575.jpg","width":1350,"height":766,"caption":"Sciopero dei trasporti"},{"@type":"BreadcrumbList","@id":"https:\/\/www.ilnotiziario.net\/wp\/prima-pagina\/sciopero-trenord-elenco-treni-regolari\/#breadcrumb","itemListElement":[{"@type":"ListItem","position":1,"name":"tds_text_logo_tagline_colortds_text_logo_tagline_colortds_text_logo_tagline_colortds_text_logo_tagline_colortd_module_7_title_excerpttd_module_7_title_excerpttd_module_7_title_excerpttd_module_7_title_excerptHome","item":"https:\/\/www.ilnotiziario.net\/wp\/"},{"@type":"ListItem","position":2,"name":"Sciopero generale venerd\u00ec 25, Trenord pubblica l&#8217;elenco dei treni garantiti"}]},{"@type":"WebSite","@id":"https:\/\/www.ilnotiziario.net\/wp\/#website","url":"https:\/\/www.ilnotiziario.net\/wp\/","name":"Il Notiziario","description":"Per restare sempre connessi alla notizia","publisher":{"@id":"https:\/\/www.ilnotiziario.net\/wp\/#organization"},"alternateName":"Il Notiziario Bollate","potentialAction":[{"@type":"SearchAction","target":{"@type":"EntryPoint","urlTemplate":"https:\/\/www.ilnotiziario.net\/wp\/?s={search_term_string}"},"query-input":{"@type":"PropertyValueSpecification","valueRequired":true,"valueName":"search_term_string"}}],"inLanguage":"it-IT"},{"@type":"Organization","@id":"https:\/\/www.ilnotiziario.net\/wp\/#organization","name":"Il Notiziario","url":"https:\/\/www.ilnotiziario.net\/wp\/","logo":{"@type":"ImageObject","inLanguage":"it-IT","@id":"https:\/\/www.ilnotiziario.net\/wp\/#\/schema\/logo\/image\/","url":"https:\/\/www.ilnotiziario.net\/wp\/wp-content\/uploads\/2022\/06\/170x170ilN.png","contentUrl":"https:\/\/www.ilnotiziario.net\/wp\/wp-content\/uploads\/2022\/06\/170x170ilN.png","width":355,"height":355,"caption":"Il Notiziario"},"image":{"@id":"https:\/\/www.ilnotiziario.net\/wp\/#\/schema\/logo\/image\/"},"sameAs":["https:\/\/www.facebook.com\/ilnotiziarioind\/","https:\/\/x.com\/ilNotiziarioInd","https:\/\/www.instagram.com\/ilnotiziario_settimanale\/"]},{"@type":"Person","@id":"https:\/\/www.ilnotiziario.net\/wp\/#\/schema\/person\/386e222908f898bb41c033989482bbf2","name":"Gabriele Bassani","image":{"@type":"ImageObject","inLanguage":"it-IT","@id":"https:\/\/secure.gravatar.com\/avatar\/09274f4a84fa97698bde56f84b3afed61c8492d48b0550db9671b68c177479cb?s=96&d=mm&r=g","url":"https:\/\/secure.gravatar.com\/avatar\/09274f4a84fa97698bde56f84b3afed61c8492d48b0550db9671b68c177479cb?s=96&d=mm&r=g","contentUrl":"https:\/\/secure.gravatar.com\/avatar\/09274f4a84fa97698bde56f84b3afed61c8492d48b0550db9671b68c177479cb?s=96&d=mm&r=g","caption":"Gabriele Bassani"},"sameAs":["http:\/\/www.ilnotiziario.net"]}]}},"_links":{"self":[{"href":"https:\/\/www.ilnotiziario.net\/wp\/wp-json\/wp\/v2\/posts\/38508","targetHints":{"allow":["GET"]}}],"collection":[{"href":"https:\/\/www.ilnotiziario.net\/wp\/wp-json\/wp\/v2\/posts"}],"about":[{"href":"https:\/\/www.ilnotiziario.net\/wp\/wp-json\/wp\/v2\/types\/post"}],"author":[{"embeddable":true,"href":"https:\/\/www.ilnotiziario.net\/wp\/wp-json\/wp\/v2\/users\/3"}],"replies":[{"embeddable":true,"href":"https:\/\/www.ilnotiziario.net\/wp\/wp-json\/wp\/v2\/comments?post=38508"}],"version-history":[{"count":0,"href":"https:\/\/www.ilnotiziario.net\/wp\/wp-json\/wp\/v2\/posts\/38508\/revisions"}],"wp:featuredmedia":[{"embeddable":true,"href":"https:\/\/www.ilnotiziario.net\/wp\/wp-json\/wp\/v2\/media\/16416"}],"wp:attachment":[{"href":"https:\/\/www.ilnotiziario.net\/wp\/wp-json\/wp\/v2\/media?parent=38508"}],"wp:term":[{"taxonomy":"category","embeddable":true,"href":"https:\/\/www.ilnotiziario.net\/wp\/wp-json\/wp\/v2\/categories?post=38508"},{"taxonomy":"post_tag","embeddable":true,"href":"https:\/\/www.ilnotiziario.net\/wp\/wp-json\/wp\/v2\/tags?post=38508"}],"curies":[{"name":"wp","href":"https:\/\/api.w.org\/{rel}","templated":true}]}}