{"id":51560,"date":"2020-03-19T23:18:10","date_gmt":"2020-03-19T22:18:10","guid":{"rendered":"https:\/\/www.ilnotiziario.net\/wp\/?p=51560"},"modified":"2020-03-20T07:34:01","modified_gmt":"2020-03-20T06:34:01","slug":"coronavirus-paderno-controlli-drone-domiciliari","status":"publish","type":"post","link":"https:\/\/www.ilnotiziario.net\/wp\/prima-pagina\/coronavirus-paderno-controlli-drone-domiciliari\/","title":{"rendered":"Coronavirus a Paderno, controlli con il drone: ai domiciliari va a pesca | VIDEO"},"content":{"rendered":"<p><iframe title=\"Coronavirus, a Paderno Dugnano la Polizia controlla con il drone\" width=\"765\" height=\"430\" src=\"https:\/\/www.youtube.com\/embed\/v_JcX5Q5zxI?feature=oembed\" frameborder=\"0\" allow=\"accelerometer; autoplay; clipboard-write; encrypted-media; gyroscope; picture-in-picture; web-share\" allowfullscreen><\/iframe><\/p>\n<p><span style=\"font-weight: 400;\">Si \u00e8 alzato anche <strong>il drone della Polizia Locale sopra Paderno Dugnano<\/strong> per verificare che parchi e aree verdi siano effettivamente vuote. Sono <strong>oltre una decina le persone denunciate<\/strong> per non aver osservato i divieti imposti dal governo per limitare i contagi del coronavirus. <\/span><\/p><div id=\"ilnot-349751637\" class=\"ilnot-contenuto ilnot-entity-placement\"><p><!-- incontent_1 --><\/p>\n<div class=\"gptslot\" data-adunitid=\"1\"><\/div>\n<\/div>\n<p><span style=\"font-weight: 400;\">Grazie ai controlli a tappeto gli agenti hanno pizzicato <strong>persone non autorizzate all&#8217;interno del centro sportivo Toti e il parco Lago Nord<\/strong>. In quest&#8217;ultimo si \u00e8 registrato il caso pi\u00f9 clamoroso: c&#8217;erano <strong>persone che pescavano nonostante i divieti<\/strong>. Come se non bastasse uno dei fermati ha evaso anche i domiciliari. <\/span><\/p>\n<p><span style=\"font-weight: 400;\">Cos\u00ec solo nelle ultime ore 4 persone di nazionalit\u00e0 italiana e moldava sono state denunciate per <strong>non aver rispettato il decreto del governo<\/strong>. A loro si aggiunge un quinto soggetto che \u00e8 stato denunciato <strong>per il mancato rispetto dei domiciliari<\/strong>, entro le 20 doveva rientrare al proprio domicilio. Ma al momento dei controlli era ancora per strada. E di certo non per comprovate esigenze lavorative o situazioni di necessit\u00e0. Lo stesso \u00e8 capitato al pensionato che&nbsp;<strong>da Varedo \u00e8 arrivato a piedi<\/strong> fino in piazza Falcone e Borsellino nel centro di Paderno. Qui \u00e8 stato fermato dagli agenti e dopo le verifiche del caso lo hanno denunciato.&nbsp;<\/span><\/p><div id=\"ilnot-1962932441\" class=\"ilnot-contenuto_2 ilnot-entity-placement\"><div class=\"ads-wrapper\">\n<div class=\"ad-slot\">\n   <div id=\"ilnot-3961108696\" style=\"margin-right: auto;margin-left: auto;text-align: center;width: 320px;height: 100px;\"><a href=\"https:\/\/www.scuolasicurezza.it\/\"><img decoding=\"async\" src=\"https:\/\/www.ilnotiziario.net\/wp\/wp-content\/uploads\/2026\/04\/IlNotiziario_banner-sito-e-newsletter-320-x-100-px-1.gif\" alt=\"\"><\/a><\/div>\n  <\/div>\n<div class=\"ad-slot\">\n   <div id=\"ilnot-1514061881\" style=\"float: right;width: 320px;height: 100px;\"><a href=\"https:\/\/cedamitalia.it\/\"><img decoding=\"async\" src=\"https:\/\/www.ilnotiziario.net\/wp\/wp-content\/uploads\/2026\/04\/banner_cedam_320x100_OK.gif\" alt=\"Cedam\"><\/a><\/div><\/p><\/div>\n<\/div>\n<\/div>\n<p><span style=\"font-weight: 400;\">Intanto per le strade continua a diffondersi <strong>l\u2019appello del sindaco Ezio Casati<\/strong>, quando ormai anche Paderno deve fare i conti con <strong>almeno 30 persone risultate positive<\/strong> al tampone per il coronavirus (<a href=\"https:\/\/www.ilnotiziario.net\/wp\/2020\/03\/19\/coronavirus-contagi-paderno-dugnano-positivi\/\"><strong>leggi qui tutti i numeri<\/strong><\/a>).&nbsp;<\/span><\/p>\n<p>&nbsp;<\/p>\n","protected":false},"excerpt":{"rendered":"<p>Si \u00e8 alzato anche il drone della Polizia Locale sopra Paderno Dugnano per verificare che parchi e aree verdi siano effettivamente vuote. Sono oltre una decina le persone denunciate per non aver osservato i divieti imposti dal governo per limitare i contagi del coronavirus. Grazie ai controlli a tappeto gli agenti hanno pizzicato persone non<\/p>\n","protected":false},"author":7,"featured_media":51561,"comment_status":"closed","ping_status":"closed","sticky":false,"template":"","format":"standard","meta":{"footnotes":""},"categories":[11,20],"tags":[3664,39,49],"class_list":{"0":"post-51560","1":"post","2":"type-post","3":"status-publish","4":"format-standard","5":"has-post-thumbnail","7":"category-nord-milano","8":"category-prima-pagina","9":"tag-drone","10":"tag-paderno-dugnano","11":"tag-polizia-locale"},"yoast_head":"<!-- This site is optimized with the Yoast SEO plugin v27.4 - https:\/\/yoast.com\/product\/yoast-seo-wordpress\/ -->\n<title>Coronavirus a Paderno, controlli con il drone: ai domiciliari va a pesca | VIDEO<\/title>\n<meta name=\"description\" content=\"Si \u00e8 alzato anche il drone della Polizia Locale sopra Paderno Dugnano per verificare che parchi e aree verdi siano effettivamente vuote. Sono oltre una\" \/>\n<meta name=\"robots\" content=\"index, follow, max-snippet:-1, max-image-preview:large, max-video-preview:-1\" \/>\n<link rel=\"canonical\" href=\"https:\/\/www.ilnotiziario.net\/wp\/prima-pagina\/coronavirus-paderno-controlli-drone-domiciliari\/\" \/>\n<meta property=\"og:locale\" content=\"it_IT\" \/>\n<meta property=\"og:type\" content=\"article\" \/>\n<meta property=\"og:title\" content=\"Coronavirus a Paderno, controlli con il drone: ai domiciliari va a pesca | VIDEO\" \/>\n<meta property=\"og:description\" content=\"Si \u00e8 alzato anche il drone della Polizia Locale sopra Paderno Dugnano per verificare che parchi e aree verdi siano effettivamente vuote. Sono oltre una\" \/>\n<meta property=\"og:url\" content=\"https:\/\/www.ilnotiziario.net\/wp\/prima-pagina\/coronavirus-paderno-controlli-drone-domiciliari\/\" \/>\n<meta property=\"og:site_name\" content=\"Il Notiziario\" \/>\n<meta property=\"article:publisher\" content=\"https:\/\/www.facebook.com\/ilnotiziarioind\/\" \/>\n<meta property=\"article:published_time\" content=\"2020-03-19T22:18:10+00:00\" \/>\n<meta property=\"article:modified_time\" content=\"2020-03-20T06:34:01+00:00\" \/>\n<meta property=\"og:image\" content=\"https:\/\/www.ilnotiziario.net\/wp\/wp-content\/uploads\/2020\/03\/frame-pl-controlli.jpg\" \/>\n\t<meta property=\"og:image:width\" content=\"1280\" \/>\n\t<meta property=\"og:image:height\" content=\"720\" \/>\n\t<meta property=\"og:image:type\" content=\"image\/jpeg\" \/>\n<meta name=\"author\" content=\"Simone Carcano\" \/>\n<meta name=\"twitter:card\" content=\"summary_large_image\" \/>\n<meta name=\"twitter:creator\" content=\"@simone_carcano\" \/>\n<meta name=\"twitter:site\" content=\"@ilNotiziarioInd\" \/>\n<meta name=\"twitter:label1\" content=\"Scritto da\" \/>\n\t<meta name=\"twitter:data1\" content=\"Simone Carcano\" \/>\n\t<meta name=\"twitter:label2\" content=\"Tempo di lettura stimato\" \/>\n\t<meta name=\"twitter:data2\" content=\"1 minuto\" \/>\n<script type=\"application\/ld+json\" class=\"yoast-schema-graph\">{\"@context\":\"https:\\\/\\\/schema.org\",\"@graph\":[{\"@type\":\"Article\",\"@id\":\"https:\\\/\\\/www.ilnotiziario.net\\\/wp\\\/prima-pagina\\\/coronavirus-paderno-controlli-drone-domiciliari\\\/#article\",\"isPartOf\":{\"@id\":\"https:\\\/\\\/www.ilnotiziario.net\\\/wp\\\/prima-pagina\\\/coronavirus-paderno-controlli-drone-domiciliari\\\/\"},\"author\":{\"name\":\"Simone Carcano\",\"@id\":\"https:\\\/\\\/www.ilnotiziario.net\\\/wp\\\/#\\\/schema\\\/person\\\/c218ad0865f96bfe2c1c2cfa719653f7\"},\"headline\":\"Coronavirus a Paderno, controlli con il drone: ai domiciliari va a pesca | VIDEO\",\"datePublished\":\"2020-03-19T22:18:10+00:00\",\"dateModified\":\"2020-03-20T06:34:01+00:00\",\"mainEntityOfPage\":{\"@id\":\"https:\\\/\\\/www.ilnotiziario.net\\\/wp\\\/prima-pagina\\\/coronavirus-paderno-controlli-drone-domiciliari\\\/\"},\"wordCount\":258,\"publisher\":{\"@id\":\"https:\\\/\\\/www.ilnotiziario.net\\\/wp\\\/#organization\"},\"image\":{\"@id\":\"https:\\\/\\\/www.ilnotiziario.net\\\/wp\\\/prima-pagina\\\/coronavirus-paderno-controlli-drone-domiciliari\\\/#primaryimage\"},\"thumbnailUrl\":\"https:\\\/\\\/www.ilnotiziario.net\\\/wp\\\/wp-content\\\/uploads\\\/2020\\\/03\\\/frame-pl-controlli.jpg\",\"keywords\":[\"drone\",\"Paderno Dugnano\",\"Polizia locale\"],\"articleSection\":[\"NORD MILANO\",\"Prima Pagina\"],\"inLanguage\":\"it-IT\"},{\"@type\":\"WebPage\",\"@id\":\"https:\\\/\\\/www.ilnotiziario.net\\\/wp\\\/prima-pagina\\\/coronavirus-paderno-controlli-drone-domiciliari\\\/\",\"url\":\"https:\\\/\\\/www.ilnotiziario.net\\\/wp\\\/prima-pagina\\\/coronavirus-paderno-controlli-drone-domiciliari\\\/\",\"name\":\"Coronavirus a Paderno, controlli con il drone: ai domiciliari va a pesca | VIDEO\",\"isPartOf\":{\"@id\":\"https:\\\/\\\/www.ilnotiziario.net\\\/wp\\\/#website\"},\"primaryImageOfPage\":{\"@id\":\"https:\\\/\\\/www.ilnotiziario.net\\\/wp\\\/prima-pagina\\\/coronavirus-paderno-controlli-drone-domiciliari\\\/#primaryimage\"},\"image\":{\"@id\":\"https:\\\/\\\/www.ilnotiziario.net\\\/wp\\\/prima-pagina\\\/coronavirus-paderno-controlli-drone-domiciliari\\\/#primaryimage\"},\"thumbnailUrl\":\"https:\\\/\\\/www.ilnotiziario.net\\\/wp\\\/wp-content\\\/uploads\\\/2020\\\/03\\\/frame-pl-controlli.jpg\",\"datePublished\":\"2020-03-19T22:18:10+00:00\",\"dateModified\":\"2020-03-20T06:34:01+00:00\",\"description\":\"Si \u00e8 alzato anche il drone della Polizia Locale sopra Paderno Dugnano per verificare che parchi e aree verdi siano effettivamente vuote. Sono oltre una\",\"breadcrumb\":{\"@id\":\"https:\\\/\\\/www.ilnotiziario.net\\\/wp\\\/prima-pagina\\\/coronavirus-paderno-controlli-drone-domiciliari\\\/#breadcrumb\"},\"inLanguage\":\"it-IT\",\"potentialAction\":[{\"@type\":\"ReadAction\",\"target\":[\"https:\\\/\\\/www.ilnotiziario.net\\\/wp\\\/prima-pagina\\\/coronavirus-paderno-controlli-drone-domiciliari\\\/\"]}]},{\"@type\":\"ImageObject\",\"inLanguage\":\"it-IT\",\"@id\":\"https:\\\/\\\/www.ilnotiziario.net\\\/wp\\\/prima-pagina\\\/coronavirus-paderno-controlli-drone-domiciliari\\\/#primaryimage\",\"url\":\"https:\\\/\\\/www.ilnotiziario.net\\\/wp\\\/wp-content\\\/uploads\\\/2020\\\/03\\\/frame-pl-controlli.jpg\",\"contentUrl\":\"https:\\\/\\\/www.ilnotiziario.net\\\/wp\\\/wp-content\\\/uploads\\\/2020\\\/03\\\/frame-pl-controlli.jpg\",\"width\":1280,\"height\":720},{\"@type\":\"BreadcrumbList\",\"@id\":\"https:\\\/\\\/www.ilnotiziario.net\\\/wp\\\/prima-pagina\\\/coronavirus-paderno-controlli-drone-domiciliari\\\/#breadcrumb\",\"itemListElement\":[{\"@type\":\"ListItem\",\"position\":1,\"name\":\"tds_text_logo_tagline_colortds_text_logo_tagline_colortds_text_logo_tagline_colortds_text_logo_tagline_colortd_module_7_title_excerpttd_module_7_title_excerpttd_module_7_title_excerpttd_module_7_title_excerptHome\",\"item\":\"https:\\\/\\\/www.ilnotiziario.net\\\/wp\\\/\"},{\"@type\":\"ListItem\",\"position\":2,\"name\":\"Coronavirus a Paderno, controlli con il drone: ai domiciliari va a pesca | VIDEO\"}]},{\"@type\":\"WebSite\",\"@id\":\"https:\\\/\\\/www.ilnotiziario.net\\\/wp\\\/#website\",\"url\":\"https:\\\/\\\/www.ilnotiziario.net\\\/wp\\\/\",\"name\":\"Il Notiziario\",\"description\":\"Per restare sempre connessi alla notizia\",\"publisher\":{\"@id\":\"https:\\\/\\\/www.ilnotiziario.net\\\/wp\\\/#organization\"},\"alternateName\":\"Il Notiziario Bollate\",\"potentialAction\":[{\"@type\":\"SearchAction\",\"target\":{\"@type\":\"EntryPoint\",\"urlTemplate\":\"https:\\\/\\\/www.ilnotiziario.net\\\/wp\\\/?s={search_term_string}\"},\"query-input\":{\"@type\":\"PropertyValueSpecification\",\"valueRequired\":true,\"valueName\":\"search_term_string\"}}],\"inLanguage\":\"it-IT\"},{\"@type\":\"Organization\",\"@id\":\"https:\\\/\\\/www.ilnotiziario.net\\\/wp\\\/#organization\",\"name\":\"Il Notiziario\",\"url\":\"https:\\\/\\\/www.ilnotiziario.net\\\/wp\\\/\",\"logo\":{\"@type\":\"ImageObject\",\"inLanguage\":\"it-IT\",\"@id\":\"https:\\\/\\\/www.ilnotiziario.net\\\/wp\\\/#\\\/schema\\\/logo\\\/image\\\/\",\"url\":\"https:\\\/\\\/www.ilnotiziario.net\\\/wp\\\/wp-content\\\/uploads\\\/2022\\\/06\\\/170x170ilN.png\",\"contentUrl\":\"https:\\\/\\\/www.ilnotiziario.net\\\/wp\\\/wp-content\\\/uploads\\\/2022\\\/06\\\/170x170ilN.png\",\"width\":355,\"height\":355,\"caption\":\"Il Notiziario\"},\"image\":{\"@id\":\"https:\\\/\\\/www.ilnotiziario.net\\\/wp\\\/#\\\/schema\\\/logo\\\/image\\\/\"},\"sameAs\":[\"https:\\\/\\\/www.facebook.com\\\/ilnotiziarioind\\\/\",\"https:\\\/\\\/x.com\\\/ilNotiziarioInd\",\"https:\\\/\\\/www.instagram.com\\\/ilnotiziario_settimanale\\\/\"]},{\"@type\":\"Person\",\"@id\":\"https:\\\/\\\/www.ilnotiziario.net\\\/wp\\\/#\\\/schema\\\/person\\\/c218ad0865f96bfe2c1c2cfa719653f7\",\"name\":\"Simone Carcano\",\"image\":{\"@type\":\"ImageObject\",\"inLanguage\":\"it-IT\",\"@id\":\"https:\\\/\\\/secure.gravatar.com\\\/avatar\\\/5e677023cff2c47e9f7a896b9157a46e18bd36e7c4d000a1726bb730be7d38bb?s=96&d=mm&r=g\",\"url\":\"https:\\\/\\\/secure.gravatar.com\\\/avatar\\\/5e677023cff2c47e9f7a896b9157a46e18bd36e7c4d000a1726bb730be7d38bb?s=96&d=mm&r=g\",\"contentUrl\":\"https:\\\/\\\/secure.gravatar.com\\\/avatar\\\/5e677023cff2c47e9f7a896b9157a46e18bd36e7c4d000a1726bb730be7d38bb?s=96&d=mm&r=g\",\"caption\":\"Simone Carcano\"},\"sameAs\":[\"http:\\\/\\\/www.ilnotiziario.net\",\"https:\\\/\\\/x.com\\\/@simone_carcano\"]}]}<\/script>\n<!-- \/ Yoast SEO plugin. -->","yoast_head_json":{"title":"Coronavirus a Paderno, controlli con il drone: ai domiciliari va a pesca | VIDEO","description":"Si \u00e8 alzato anche il drone della Polizia Locale sopra Paderno Dugnano per verificare che parchi e aree verdi siano effettivamente vuote. Sono oltre una","robots":{"index":"index","follow":"follow","max-snippet":"max-snippet:-1","max-image-preview":"max-image-preview:large","max-video-preview":"max-video-preview:-1"},"canonical":"https:\/\/www.ilnotiziario.net\/wp\/prima-pagina\/coronavirus-paderno-controlli-drone-domiciliari\/","og_locale":"it_IT","og_type":"article","og_title":"Coronavirus a Paderno, controlli con il drone: ai domiciliari va a pesca | VIDEO","og_description":"Si \u00e8 alzato anche il drone della Polizia Locale sopra Paderno Dugnano per verificare che parchi e aree verdi siano effettivamente vuote. Sono oltre una","og_url":"https:\/\/www.ilnotiziario.net\/wp\/prima-pagina\/coronavirus-paderno-controlli-drone-domiciliari\/","og_site_name":"Il Notiziario","article_publisher":"https:\/\/www.facebook.com\/ilnotiziarioind\/","article_published_time":"2020-03-19T22:18:10+00:00","article_modified_time":"2020-03-20T06:34:01+00:00","og_image":[{"width":1280,"height":720,"url":"https:\/\/www.ilnotiziario.net\/wp\/wp-content\/uploads\/2020\/03\/frame-pl-controlli.jpg","type":"image\/jpeg"}],"author":"Simone Carcano","twitter_card":"summary_large_image","twitter_creator":"@simone_carcano","twitter_site":"@ilNotiziarioInd","twitter_misc":{"Scritto da":"Simone Carcano","Tempo di lettura stimato":"1 minuto"},"schema":{"@context":"https:\/\/schema.org","@graph":[{"@type":"Article","@id":"https:\/\/www.ilnotiziario.net\/wp\/prima-pagina\/coronavirus-paderno-controlli-drone-domiciliari\/#article","isPartOf":{"@id":"https:\/\/www.ilnotiziario.net\/wp\/prima-pagina\/coronavirus-paderno-controlli-drone-domiciliari\/"},"author":{"name":"Simone Carcano","@id":"https:\/\/www.ilnotiziario.net\/wp\/#\/schema\/person\/c218ad0865f96bfe2c1c2cfa719653f7"},"headline":"Coronavirus a Paderno, controlli con il drone: ai domiciliari va a pesca | VIDEO","datePublished":"2020-03-19T22:18:10+00:00","dateModified":"2020-03-20T06:34:01+00:00","mainEntityOfPage":{"@id":"https:\/\/www.ilnotiziario.net\/wp\/prima-pagina\/coronavirus-paderno-controlli-drone-domiciliari\/"},"wordCount":258,"publisher":{"@id":"https:\/\/www.ilnotiziario.net\/wp\/#organization"},"image":{"@id":"https:\/\/www.ilnotiziario.net\/wp\/prima-pagina\/coronavirus-paderno-controlli-drone-domiciliari\/#primaryimage"},"thumbnailUrl":"https:\/\/www.ilnotiziario.net\/wp\/wp-content\/uploads\/2020\/03\/frame-pl-controlli.jpg","keywords":["drone","Paderno Dugnano","Polizia locale"],"articleSection":["NORD MILANO","Prima Pagina"],"inLanguage":"it-IT"},{"@type":"WebPage","@id":"https:\/\/www.ilnotiziario.net\/wp\/prima-pagina\/coronavirus-paderno-controlli-drone-domiciliari\/","url":"https:\/\/www.ilnotiziario.net\/wp\/prima-pagina\/coronavirus-paderno-controlli-drone-domiciliari\/","name":"Coronavirus a Paderno, controlli con il drone: ai domiciliari va a pesca | VIDEO","isPartOf":{"@id":"https:\/\/www.ilnotiziario.net\/wp\/#website"},"primaryImageOfPage":{"@id":"https:\/\/www.ilnotiziario.net\/wp\/prima-pagina\/coronavirus-paderno-controlli-drone-domiciliari\/#primaryimage"},"image":{"@id":"https:\/\/www.ilnotiziario.net\/wp\/prima-pagina\/coronavirus-paderno-controlli-drone-domiciliari\/#primaryimage"},"thumbnailUrl":"https:\/\/www.ilnotiziario.net\/wp\/wp-content\/uploads\/2020\/03\/frame-pl-controlli.jpg","datePublished":"2020-03-19T22:18:10+00:00","dateModified":"2020-03-20T06:34:01+00:00","description":"Si \u00e8 alzato anche il drone della Polizia Locale sopra Paderno Dugnano per verificare che parchi e aree verdi siano effettivamente vuote. Sono oltre una","breadcrumb":{"@id":"https:\/\/www.ilnotiziario.net\/wp\/prima-pagina\/coronavirus-paderno-controlli-drone-domiciliari\/#breadcrumb"},"inLanguage":"it-IT","potentialAction":[{"@type":"ReadAction","target":["https:\/\/www.ilnotiziario.net\/wp\/prima-pagina\/coronavirus-paderno-controlli-drone-domiciliari\/"]}]},{"@type":"ImageObject","inLanguage":"it-IT","@id":"https:\/\/www.ilnotiziario.net\/wp\/prima-pagina\/coronavirus-paderno-controlli-drone-domiciliari\/#primaryimage","url":"https:\/\/www.ilnotiziario.net\/wp\/wp-content\/uploads\/2020\/03\/frame-pl-controlli.jpg","contentUrl":"https:\/\/www.ilnotiziario.net\/wp\/wp-content\/uploads\/2020\/03\/frame-pl-controlli.jpg","width":1280,"height":720},{"@type":"BreadcrumbList","@id":"https:\/\/www.ilnotiziario.net\/wp\/prima-pagina\/coronavirus-paderno-controlli-drone-domiciliari\/#breadcrumb","itemListElement":[{"@type":"ListItem","position":1,"name":"tds_text_logo_tagline_colortds_text_logo_tagline_colortds_text_logo_tagline_colortds_text_logo_tagline_colortd_module_7_title_excerpttd_module_7_title_excerpttd_module_7_title_excerpttd_module_7_title_excerptHome","item":"https:\/\/www.ilnotiziario.net\/wp\/"},{"@type":"ListItem","position":2,"name":"Coronavirus a Paderno, controlli con il drone: ai domiciliari va a pesca | VIDEO"}]},{"@type":"WebSite","@id":"https:\/\/www.ilnotiziario.net\/wp\/#website","url":"https:\/\/www.ilnotiziario.net\/wp\/","name":"Il Notiziario","description":"Per restare sempre connessi alla notizia","publisher":{"@id":"https:\/\/www.ilnotiziario.net\/wp\/#organization"},"alternateName":"Il Notiziario Bollate","potentialAction":[{"@type":"SearchAction","target":{"@type":"EntryPoint","urlTemplate":"https:\/\/www.ilnotiziario.net\/wp\/?s={search_term_string}"},"query-input":{"@type":"PropertyValueSpecification","valueRequired":true,"valueName":"search_term_string"}}],"inLanguage":"it-IT"},{"@type":"Organization","@id":"https:\/\/www.ilnotiziario.net\/wp\/#organization","name":"Il Notiziario","url":"https:\/\/www.ilnotiziario.net\/wp\/","logo":{"@type":"ImageObject","inLanguage":"it-IT","@id":"https:\/\/www.ilnotiziario.net\/wp\/#\/schema\/logo\/image\/","url":"https:\/\/www.ilnotiziario.net\/wp\/wp-content\/uploads\/2022\/06\/170x170ilN.png","contentUrl":"https:\/\/www.ilnotiziario.net\/wp\/wp-content\/uploads\/2022\/06\/170x170ilN.png","width":355,"height":355,"caption":"Il Notiziario"},"image":{"@id":"https:\/\/www.ilnotiziario.net\/wp\/#\/schema\/logo\/image\/"},"sameAs":["https:\/\/www.facebook.com\/ilnotiziarioind\/","https:\/\/x.com\/ilNotiziarioInd","https:\/\/www.instagram.com\/ilnotiziario_settimanale\/"]},{"@type":"Person","@id":"https:\/\/www.ilnotiziario.net\/wp\/#\/schema\/person\/c218ad0865f96bfe2c1c2cfa719653f7","name":"Simone Carcano","image":{"@type":"ImageObject","inLanguage":"it-IT","@id":"https:\/\/secure.gravatar.com\/avatar\/5e677023cff2c47e9f7a896b9157a46e18bd36e7c4d000a1726bb730be7d38bb?s=96&d=mm&r=g","url":"https:\/\/secure.gravatar.com\/avatar\/5e677023cff2c47e9f7a896b9157a46e18bd36e7c4d000a1726bb730be7d38bb?s=96&d=mm&r=g","contentUrl":"https:\/\/secure.gravatar.com\/avatar\/5e677023cff2c47e9f7a896b9157a46e18bd36e7c4d000a1726bb730be7d38bb?s=96&d=mm&r=g","caption":"Simone Carcano"},"sameAs":["http:\/\/www.ilnotiziario.net","https:\/\/x.com\/@simone_carcano"]}]}},"_links":{"self":[{"href":"https:\/\/www.ilnotiziario.net\/wp\/wp-json\/wp\/v2\/posts\/51560","targetHints":{"allow":["GET"]}}],"collection":[{"href":"https:\/\/www.ilnotiziario.net\/wp\/wp-json\/wp\/v2\/posts"}],"about":[{"href":"https:\/\/www.ilnotiziario.net\/wp\/wp-json\/wp\/v2\/types\/post"}],"author":[{"embeddable":true,"href":"https:\/\/www.ilnotiziario.net\/wp\/wp-json\/wp\/v2\/users\/7"}],"replies":[{"embeddable":true,"href":"https:\/\/www.ilnotiziario.net\/wp\/wp-json\/wp\/v2\/comments?post=51560"}],"version-history":[{"count":0,"href":"https:\/\/www.ilnotiziario.net\/wp\/wp-json\/wp\/v2\/posts\/51560\/revisions"}],"wp:featuredmedia":[{"embeddable":true,"href":"https:\/\/www.ilnotiziario.net\/wp\/wp-json\/wp\/v2\/media\/51561"}],"wp:attachment":[{"href":"https:\/\/www.ilnotiziario.net\/wp\/wp-json\/wp\/v2\/media?parent=51560"}],"wp:term":[{"taxonomy":"category","embeddable":true,"href":"https:\/\/www.ilnotiziario.net\/wp\/wp-json\/wp\/v2\/categories?post=51560"},{"taxonomy":"post_tag","embeddable":true,"href":"https:\/\/www.ilnotiziario.net\/wp\/wp-json\/wp\/v2\/tags?post=51560"}],"curies":[{"name":"wp","href":"https:\/\/api.w.org\/{rel}","templated":true}]}}