{"id":52615,"date":"2020-04-04T09:31:11","date_gmt":"2020-04-04T07:31:11","guid":{"rendered":"https:\/\/www.ilnotiziario.net\/wp\/?p=52615"},"modified":"2020-04-04T09:32:31","modified_gmt":"2020-04-04T07:32:31","slug":"coronavirus-carrefour-orari-apertura-regole-spesa","status":"publish","type":"post","link":"https:\/\/www.ilnotiziario.net\/wp\/prima-pagina\/coronavirus-carrefour-orari-apertura-regole-spesa\/","title":{"rendered":"Carrefour cambia orari a Limbiate e Paderno per la spesa: domenica chiuso"},"content":{"rendered":"<p><img fetchpriority=\"high\" decoding=\"async\" class=\"aligncenter size-medium wp-image-51527\" src=\"https:\/\/www.ilnotiziario.net\/wp\/wp-content\/uploads\/2020\/03\/coronavirus-carrefour-limbiate-300x169.jpg\" alt=\"\" width=\"300\" height=\"169\" srcset=\"https:\/\/www.ilnotiziario.net\/wp\/wp-content\/uploads\/2020\/03\/coronavirus-carrefour-limbiate-300x169.jpg 300w, https:\/\/www.ilnotiziario.net\/wp\/wp-content\/uploads\/2020\/03\/coronavirus-carrefour-limbiate-1024x576.jpg 1024w, https:\/\/www.ilnotiziario.net\/wp\/wp-content\/uploads\/2020\/03\/coronavirus-carrefour-limbiate-768x432.jpg 768w, https:\/\/www.ilnotiziario.net\/wp\/wp-content\/uploads\/2020\/03\/coronavirus-carrefour-limbiate-1536x864.jpg 1536w, https:\/\/www.ilnotiziario.net\/wp\/wp-content\/uploads\/2020\/03\/coronavirus-carrefour-limbiate-696x392.jpg 696w, https:\/\/www.ilnotiziario.net\/wp\/wp-content\/uploads\/2020\/03\/coronavirus-carrefour-limbiate-1392x783.jpg 1392w, https:\/\/www.ilnotiziario.net\/wp\/wp-content\/uploads\/2020\/03\/coronavirus-carrefour-limbiate-1068x601.jpg 1068w, https:\/\/www.ilnotiziario.net\/wp\/wp-content\/uploads\/2020\/03\/coronavirus-carrefour-limbiate.jpg 1600w\" sizes=\"(max-width: 300px) 100vw, 300px\" \/>Apertura anticipata al mattino con corsia preferenziale per over 60 e <strong>due domeniche di chiusura al Carrefour di Limbiate e Paderno Dugnano.<\/strong><br \/>\nIl supermercato presente all\u2019interno del centro commerciale di Limbiate e del Centro commerciale Brianza di Paderno Dugnano, ha pubblicato i nuovi orari di apertura<strong> in vigore fino al prossimo 18 aprile compreso.<\/strong><\/p><div id=\"ilnot-3471567798\" class=\"ilnot-contenuto ilnot-entity-placement\"><p><!-- incontent_1 --><\/p>\n<div class=\"gptslot\" data-adunitid=\"1\"><\/div>\n<\/div>\n<p>Da luned\u00ec a sabato, il nuovo orario prevede l\u2019apertura dalle 7,30 alle 20, <strong>con corsia preferenziale per over 60 tra le 7,30 e le 8,30.<\/strong><br \/>\nIl supermercato rester\u00e0 chiuso domenica 5 aprile e domenica 12 aprile (Pasqua), ma sar\u00e0 aperto regolarmente luned\u00ec 13 aprile (Pasquetta) dalle 7,30 alle 20.<\/p>\n<p>Intanto da luned\u00ec a Solaro entra in vigore l\u2019ordinanza del sindaco che dispone l\u2019obbligo del rispetto dei<strong><a href=\"https:\/\/www.ilnotiziario.net\/wp\/2020\/04\/03\/coronavirus-solaro-spesa-giorno-nascita\/\"> turni per la spesa nei 4 supermercati del paese, secondo il giorno di nascita.<\/a><\/strong><\/p><div id=\"ilnot-1045954164\" class=\"ilnot-contenuto_2 ilnot-entity-placement\"><div class=\"ads-wrapper\">\n<div class=\"ad-slot\">\n   <div id=\"ilnot-2134539510\" style=\"margin-right: auto;margin-left: auto;text-align: center;width: 320px;height: 100px;\"><a href=\"https:\/\/www.scuolasicurezza.it\/\"><img decoding=\"async\" src=\"https:\/\/www.ilnotiziario.net\/wp\/wp-content\/uploads\/2026\/04\/IlNotiziario_banner-sito-e-newsletter-320-x-100-px-1.gif\" alt=\"\"><\/a><\/div>\n  <\/div>\n<div class=\"ad-slot\">\n   <div id=\"ilnot-3607340733\" style=\"margin-right: auto;margin-left: auto;text-align: center;width: 320px;height: 100px;\"><a href=\"https:\/\/purodesignarredamenti.com\/\"><img decoding=\"async\" src=\"https:\/\/www.ilnotiziario.net\/wp\/wp-content\/uploads\/2026\/04\/banner-puro-ok.gif\" alt=\"whatsapp\"><\/a><\/div><\/p><\/div>\n<\/div>\n<\/div>\n<p>A Bollate resta valida, dopo la prima settimana di sperimentazione, <a href=\"https:\/\/www.ilnotiziario.net\/wp\/2020\/04\/01\/bollate-spesa-turni-cognome-mattino-5-supermercati\/\"><strong>l\u2019ordinanza che regola la spesa in base all\u2019iniziale del cognome.<\/strong><\/a><\/p>\n","protected":false},"excerpt":{"rendered":"<p>Apertura anticipata al mattino con corsia preferenziale per over 60 e due domeniche di chiusura al Carrefour di Limbiate e Paderno Dugnano. Il supermercato presente all\u2019interno del centro commerciale di Limbiate e del Centro commerciale Brianza di Paderno Dugnano, ha pubblicato i nuovi orari di apertura in vigore fino al prossimo 18 aprile compreso. Da<\/p>\n","protected":false},"author":3,"featured_media":51527,"comment_status":"closed","ping_status":"closed","sticky":false,"template":"","format":"standard","meta":{"footnotes":""},"categories":[9,11,20],"tags":[406,6874,47,39,4565],"class_list":{"0":"post-52615","1":"post","2":"type-post","3":"status-publish","4":"format-standard","5":"has-post-thumbnail","7":"category-brianza","8":"category-nord-milano","9":"category-prima-pagina","10":"tag-carrefour","11":"tag-coronavirus","12":"tag-limbiate","13":"tag-paderno-dugnano","14":"tag-spesa"},"yoast_head":"<!-- This site is optimized with the Yoast SEO plugin v27.4 - https:\/\/yoast.com\/product\/yoast-seo-wordpress\/ -->\n<title>Carrefour cambia orari a Limbiate e Paderno per la spesa: domenica chiuso - Il Notiziario<\/title>\n<meta name=\"description\" content=\"Apertura anticipata al mattino con corsia preferenziale per over 60 e due domeniche di chiusura al Carrefour di Limbiate e Paderno Dugnano. Il\" \/>\n<meta name=\"robots\" content=\"index, follow, max-snippet:-1, max-image-preview:large, max-video-preview:-1\" \/>\n<link rel=\"canonical\" href=\"https:\/\/www.ilnotiziario.net\/wp\/prima-pagina\/coronavirus-carrefour-orari-apertura-regole-spesa\/\" \/>\n<meta property=\"og:locale\" content=\"it_IT\" \/>\n<meta property=\"og:type\" content=\"article\" \/>\n<meta property=\"og:title\" content=\"Carrefour cambia orari a Limbiate e Paderno per la spesa: domenica chiuso - Il Notiziario\" \/>\n<meta property=\"og:description\" content=\"Apertura anticipata al mattino con corsia preferenziale per over 60 e due domeniche di chiusura al Carrefour di Limbiate e Paderno Dugnano. Il\" \/>\n<meta property=\"og:url\" content=\"https:\/\/www.ilnotiziario.net\/wp\/prima-pagina\/coronavirus-carrefour-orari-apertura-regole-spesa\/\" \/>\n<meta property=\"og:site_name\" content=\"Il Notiziario\" \/>\n<meta property=\"article:publisher\" content=\"https:\/\/www.facebook.com\/ilnotiziarioind\/\" \/>\n<meta property=\"article:published_time\" content=\"2020-04-04T07:31:11+00:00\" \/>\n<meta property=\"article:modified_time\" content=\"2020-04-04T07:32:31+00:00\" \/>\n<meta property=\"og:image\" content=\"https:\/\/www.ilnotiziario.net\/wp\/wp-content\/uploads\/2020\/03\/coronavirus-carrefour-limbiate.jpg\" \/>\n\t<meta property=\"og:image:width\" content=\"1600\" \/>\n\t<meta property=\"og:image:height\" content=\"900\" \/>\n\t<meta property=\"og:image:type\" content=\"image\/jpeg\" \/>\n<meta name=\"author\" content=\"Gabriele Bassani\" \/>\n<meta name=\"twitter:card\" content=\"summary_large_image\" \/>\n<meta name=\"twitter:creator\" content=\"@ilNotiziarioInd\" \/>\n<meta name=\"twitter:site\" content=\"@ilNotiziarioInd\" \/>\n<meta name=\"twitter:label1\" content=\"Scritto da\" \/>\n\t<meta name=\"twitter:data1\" content=\"Gabriele Bassani\" \/>\n\t<meta name=\"twitter:label2\" content=\"Tempo di lettura stimato\" \/>\n\t<meta name=\"twitter:data2\" content=\"1 minuto\" \/>\n<script type=\"application\/ld+json\" class=\"yoast-schema-graph\">{\"@context\":\"https:\\\/\\\/schema.org\",\"@graph\":[{\"@type\":\"Article\",\"@id\":\"https:\\\/\\\/www.ilnotiziario.net\\\/wp\\\/prima-pagina\\\/coronavirus-carrefour-orari-apertura-regole-spesa\\\/#article\",\"isPartOf\":{\"@id\":\"https:\\\/\\\/www.ilnotiziario.net\\\/wp\\\/prima-pagina\\\/coronavirus-carrefour-orari-apertura-regole-spesa\\\/\"},\"author\":{\"name\":\"Gabriele Bassani\",\"@id\":\"https:\\\/\\\/www.ilnotiziario.net\\\/wp\\\/#\\\/schema\\\/person\\\/386e222908f898bb41c033989482bbf2\"},\"headline\":\"Carrefour cambia orari a Limbiate e Paderno per la spesa: domenica chiuso\",\"datePublished\":\"2020-04-04T07:31:11+00:00\",\"dateModified\":\"2020-04-04T07:32:31+00:00\",\"mainEntityOfPage\":{\"@id\":\"https:\\\/\\\/www.ilnotiziario.net\\\/wp\\\/prima-pagina\\\/coronavirus-carrefour-orari-apertura-regole-spesa\\\/\"},\"wordCount\":159,\"publisher\":{\"@id\":\"https:\\\/\\\/www.ilnotiziario.net\\\/wp\\\/#organization\"},\"image\":{\"@id\":\"https:\\\/\\\/www.ilnotiziario.net\\\/wp\\\/prima-pagina\\\/coronavirus-carrefour-orari-apertura-regole-spesa\\\/#primaryimage\"},\"thumbnailUrl\":\"https:\\\/\\\/www.ilnotiziario.net\\\/wp\\\/wp-content\\\/uploads\\\/2020\\\/03\\\/coronavirus-carrefour-limbiate.jpg\",\"keywords\":[\"Carrefour\",\"coronavirus\",\"Limbiate\",\"Paderno Dugnano\",\"Spesa\"],\"articleSection\":[\"BRIANZA\",\"NORD MILANO\",\"Prima Pagina\"],\"inLanguage\":\"it-IT\"},{\"@type\":\"WebPage\",\"@id\":\"https:\\\/\\\/www.ilnotiziario.net\\\/wp\\\/prima-pagina\\\/coronavirus-carrefour-orari-apertura-regole-spesa\\\/\",\"url\":\"https:\\\/\\\/www.ilnotiziario.net\\\/wp\\\/prima-pagina\\\/coronavirus-carrefour-orari-apertura-regole-spesa\\\/\",\"name\":\"Carrefour cambia orari a Limbiate e Paderno per la spesa: domenica chiuso - Il Notiziario\",\"isPartOf\":{\"@id\":\"https:\\\/\\\/www.ilnotiziario.net\\\/wp\\\/#website\"},\"primaryImageOfPage\":{\"@id\":\"https:\\\/\\\/www.ilnotiziario.net\\\/wp\\\/prima-pagina\\\/coronavirus-carrefour-orari-apertura-regole-spesa\\\/#primaryimage\"},\"image\":{\"@id\":\"https:\\\/\\\/www.ilnotiziario.net\\\/wp\\\/prima-pagina\\\/coronavirus-carrefour-orari-apertura-regole-spesa\\\/#primaryimage\"},\"thumbnailUrl\":\"https:\\\/\\\/www.ilnotiziario.net\\\/wp\\\/wp-content\\\/uploads\\\/2020\\\/03\\\/coronavirus-carrefour-limbiate.jpg\",\"datePublished\":\"2020-04-04T07:31:11+00:00\",\"dateModified\":\"2020-04-04T07:32:31+00:00\",\"description\":\"Apertura anticipata al mattino con corsia preferenziale per over 60 e due domeniche di chiusura al Carrefour di Limbiate e Paderno Dugnano. Il\",\"breadcrumb\":{\"@id\":\"https:\\\/\\\/www.ilnotiziario.net\\\/wp\\\/prima-pagina\\\/coronavirus-carrefour-orari-apertura-regole-spesa\\\/#breadcrumb\"},\"inLanguage\":\"it-IT\",\"potentialAction\":[{\"@type\":\"ReadAction\",\"target\":[\"https:\\\/\\\/www.ilnotiziario.net\\\/wp\\\/prima-pagina\\\/coronavirus-carrefour-orari-apertura-regole-spesa\\\/\"]}]},{\"@type\":\"ImageObject\",\"inLanguage\":\"it-IT\",\"@id\":\"https:\\\/\\\/www.ilnotiziario.net\\\/wp\\\/prima-pagina\\\/coronavirus-carrefour-orari-apertura-regole-spesa\\\/#primaryimage\",\"url\":\"https:\\\/\\\/www.ilnotiziario.net\\\/wp\\\/wp-content\\\/uploads\\\/2020\\\/03\\\/coronavirus-carrefour-limbiate.jpg\",\"contentUrl\":\"https:\\\/\\\/www.ilnotiziario.net\\\/wp\\\/wp-content\\\/uploads\\\/2020\\\/03\\\/coronavirus-carrefour-limbiate.jpg\",\"width\":1600,\"height\":900},{\"@type\":\"BreadcrumbList\",\"@id\":\"https:\\\/\\\/www.ilnotiziario.net\\\/wp\\\/prima-pagina\\\/coronavirus-carrefour-orari-apertura-regole-spesa\\\/#breadcrumb\",\"itemListElement\":[{\"@type\":\"ListItem\",\"position\":1,\"name\":\"tds_text_logo_tagline_colortds_text_logo_tagline_colortds_text_logo_tagline_colortds_text_logo_tagline_colortd_module_7_title_excerpttd_module_7_title_excerpttd_module_7_title_excerpttd_module_7_title_excerptHome\",\"item\":\"https:\\\/\\\/www.ilnotiziario.net\\\/wp\\\/\"},{\"@type\":\"ListItem\",\"position\":2,\"name\":\"Carrefour cambia orari a Limbiate e Paderno per la spesa: domenica chiuso\"}]},{\"@type\":\"WebSite\",\"@id\":\"https:\\\/\\\/www.ilnotiziario.net\\\/wp\\\/#website\",\"url\":\"https:\\\/\\\/www.ilnotiziario.net\\\/wp\\\/\",\"name\":\"Il Notiziario\",\"description\":\"Per restare sempre connessi alla notizia\",\"publisher\":{\"@id\":\"https:\\\/\\\/www.ilnotiziario.net\\\/wp\\\/#organization\"},\"alternateName\":\"Il Notiziario Bollate\",\"potentialAction\":[{\"@type\":\"SearchAction\",\"target\":{\"@type\":\"EntryPoint\",\"urlTemplate\":\"https:\\\/\\\/www.ilnotiziario.net\\\/wp\\\/?s={search_term_string}\"},\"query-input\":{\"@type\":\"PropertyValueSpecification\",\"valueRequired\":true,\"valueName\":\"search_term_string\"}}],\"inLanguage\":\"it-IT\"},{\"@type\":\"Organization\",\"@id\":\"https:\\\/\\\/www.ilnotiziario.net\\\/wp\\\/#organization\",\"name\":\"Il Notiziario\",\"url\":\"https:\\\/\\\/www.ilnotiziario.net\\\/wp\\\/\",\"logo\":{\"@type\":\"ImageObject\",\"inLanguage\":\"it-IT\",\"@id\":\"https:\\\/\\\/www.ilnotiziario.net\\\/wp\\\/#\\\/schema\\\/logo\\\/image\\\/\",\"url\":\"https:\\\/\\\/www.ilnotiziario.net\\\/wp\\\/wp-content\\\/uploads\\\/2022\\\/06\\\/170x170ilN.png\",\"contentUrl\":\"https:\\\/\\\/www.ilnotiziario.net\\\/wp\\\/wp-content\\\/uploads\\\/2022\\\/06\\\/170x170ilN.png\",\"width\":355,\"height\":355,\"caption\":\"Il Notiziario\"},\"image\":{\"@id\":\"https:\\\/\\\/www.ilnotiziario.net\\\/wp\\\/#\\\/schema\\\/logo\\\/image\\\/\"},\"sameAs\":[\"https:\\\/\\\/www.facebook.com\\\/ilnotiziarioind\\\/\",\"https:\\\/\\\/x.com\\\/ilNotiziarioInd\",\"https:\\\/\\\/www.instagram.com\\\/ilnotiziario_settimanale\\\/\"]},{\"@type\":\"Person\",\"@id\":\"https:\\\/\\\/www.ilnotiziario.net\\\/wp\\\/#\\\/schema\\\/person\\\/386e222908f898bb41c033989482bbf2\",\"name\":\"Gabriele Bassani\",\"image\":{\"@type\":\"ImageObject\",\"inLanguage\":\"it-IT\",\"@id\":\"https:\\\/\\\/secure.gravatar.com\\\/avatar\\\/09274f4a84fa97698bde56f84b3afed61c8492d48b0550db9671b68c177479cb?s=96&d=mm&r=g\",\"url\":\"https:\\\/\\\/secure.gravatar.com\\\/avatar\\\/09274f4a84fa97698bde56f84b3afed61c8492d48b0550db9671b68c177479cb?s=96&d=mm&r=g\",\"contentUrl\":\"https:\\\/\\\/secure.gravatar.com\\\/avatar\\\/09274f4a84fa97698bde56f84b3afed61c8492d48b0550db9671b68c177479cb?s=96&d=mm&r=g\",\"caption\":\"Gabriele Bassani\"},\"sameAs\":[\"http:\\\/\\\/www.ilnotiziario.net\"]}]}<\/script>\n<!-- \/ Yoast SEO plugin. -->","yoast_head_json":{"title":"Carrefour cambia orari a Limbiate e Paderno per la spesa: domenica chiuso - Il Notiziario","description":"Apertura anticipata al mattino con corsia preferenziale per over 60 e due domeniche di chiusura al Carrefour di Limbiate e Paderno Dugnano. Il","robots":{"index":"index","follow":"follow","max-snippet":"max-snippet:-1","max-image-preview":"max-image-preview:large","max-video-preview":"max-video-preview:-1"},"canonical":"https:\/\/www.ilnotiziario.net\/wp\/prima-pagina\/coronavirus-carrefour-orari-apertura-regole-spesa\/","og_locale":"it_IT","og_type":"article","og_title":"Carrefour cambia orari a Limbiate e Paderno per la spesa: domenica chiuso - Il Notiziario","og_description":"Apertura anticipata al mattino con corsia preferenziale per over 60 e due domeniche di chiusura al Carrefour di Limbiate e Paderno Dugnano. Il","og_url":"https:\/\/www.ilnotiziario.net\/wp\/prima-pagina\/coronavirus-carrefour-orari-apertura-regole-spesa\/","og_site_name":"Il Notiziario","article_publisher":"https:\/\/www.facebook.com\/ilnotiziarioind\/","article_published_time":"2020-04-04T07:31:11+00:00","article_modified_time":"2020-04-04T07:32:31+00:00","og_image":[{"width":1600,"height":900,"url":"https:\/\/www.ilnotiziario.net\/wp\/wp-content\/uploads\/2020\/03\/coronavirus-carrefour-limbiate.jpg","type":"image\/jpeg"}],"author":"Gabriele Bassani","twitter_card":"summary_large_image","twitter_creator":"@ilNotiziarioInd","twitter_site":"@ilNotiziarioInd","twitter_misc":{"Scritto da":"Gabriele Bassani","Tempo di lettura stimato":"1 minuto"},"schema":{"@context":"https:\/\/schema.org","@graph":[{"@type":"Article","@id":"https:\/\/www.ilnotiziario.net\/wp\/prima-pagina\/coronavirus-carrefour-orari-apertura-regole-spesa\/#article","isPartOf":{"@id":"https:\/\/www.ilnotiziario.net\/wp\/prima-pagina\/coronavirus-carrefour-orari-apertura-regole-spesa\/"},"author":{"name":"Gabriele Bassani","@id":"https:\/\/www.ilnotiziario.net\/wp\/#\/schema\/person\/386e222908f898bb41c033989482bbf2"},"headline":"Carrefour cambia orari a Limbiate e Paderno per la spesa: domenica chiuso","datePublished":"2020-04-04T07:31:11+00:00","dateModified":"2020-04-04T07:32:31+00:00","mainEntityOfPage":{"@id":"https:\/\/www.ilnotiziario.net\/wp\/prima-pagina\/coronavirus-carrefour-orari-apertura-regole-spesa\/"},"wordCount":159,"publisher":{"@id":"https:\/\/www.ilnotiziario.net\/wp\/#organization"},"image":{"@id":"https:\/\/www.ilnotiziario.net\/wp\/prima-pagina\/coronavirus-carrefour-orari-apertura-regole-spesa\/#primaryimage"},"thumbnailUrl":"https:\/\/www.ilnotiziario.net\/wp\/wp-content\/uploads\/2020\/03\/coronavirus-carrefour-limbiate.jpg","keywords":["Carrefour","coronavirus","Limbiate","Paderno Dugnano","Spesa"],"articleSection":["BRIANZA","NORD MILANO","Prima Pagina"],"inLanguage":"it-IT"},{"@type":"WebPage","@id":"https:\/\/www.ilnotiziario.net\/wp\/prima-pagina\/coronavirus-carrefour-orari-apertura-regole-spesa\/","url":"https:\/\/www.ilnotiziario.net\/wp\/prima-pagina\/coronavirus-carrefour-orari-apertura-regole-spesa\/","name":"Carrefour cambia orari a Limbiate e Paderno per la spesa: domenica chiuso - Il Notiziario","isPartOf":{"@id":"https:\/\/www.ilnotiziario.net\/wp\/#website"},"primaryImageOfPage":{"@id":"https:\/\/www.ilnotiziario.net\/wp\/prima-pagina\/coronavirus-carrefour-orari-apertura-regole-spesa\/#primaryimage"},"image":{"@id":"https:\/\/www.ilnotiziario.net\/wp\/prima-pagina\/coronavirus-carrefour-orari-apertura-regole-spesa\/#primaryimage"},"thumbnailUrl":"https:\/\/www.ilnotiziario.net\/wp\/wp-content\/uploads\/2020\/03\/coronavirus-carrefour-limbiate.jpg","datePublished":"2020-04-04T07:31:11+00:00","dateModified":"2020-04-04T07:32:31+00:00","description":"Apertura anticipata al mattino con corsia preferenziale per over 60 e due domeniche di chiusura al Carrefour di Limbiate e Paderno Dugnano. Il","breadcrumb":{"@id":"https:\/\/www.ilnotiziario.net\/wp\/prima-pagina\/coronavirus-carrefour-orari-apertura-regole-spesa\/#breadcrumb"},"inLanguage":"it-IT","potentialAction":[{"@type":"ReadAction","target":["https:\/\/www.ilnotiziario.net\/wp\/prima-pagina\/coronavirus-carrefour-orari-apertura-regole-spesa\/"]}]},{"@type":"ImageObject","inLanguage":"it-IT","@id":"https:\/\/www.ilnotiziario.net\/wp\/prima-pagina\/coronavirus-carrefour-orari-apertura-regole-spesa\/#primaryimage","url":"https:\/\/www.ilnotiziario.net\/wp\/wp-content\/uploads\/2020\/03\/coronavirus-carrefour-limbiate.jpg","contentUrl":"https:\/\/www.ilnotiziario.net\/wp\/wp-content\/uploads\/2020\/03\/coronavirus-carrefour-limbiate.jpg","width":1600,"height":900},{"@type":"BreadcrumbList","@id":"https:\/\/www.ilnotiziario.net\/wp\/prima-pagina\/coronavirus-carrefour-orari-apertura-regole-spesa\/#breadcrumb","itemListElement":[{"@type":"ListItem","position":1,"name":"tds_text_logo_tagline_colortds_text_logo_tagline_colortds_text_logo_tagline_colortds_text_logo_tagline_colortd_module_7_title_excerpttd_module_7_title_excerpttd_module_7_title_excerpttd_module_7_title_excerptHome","item":"https:\/\/www.ilnotiziario.net\/wp\/"},{"@type":"ListItem","position":2,"name":"Carrefour cambia orari a Limbiate e Paderno per la spesa: domenica chiuso"}]},{"@type":"WebSite","@id":"https:\/\/www.ilnotiziario.net\/wp\/#website","url":"https:\/\/www.ilnotiziario.net\/wp\/","name":"Il Notiziario","description":"Per restare sempre connessi alla notizia","publisher":{"@id":"https:\/\/www.ilnotiziario.net\/wp\/#organization"},"alternateName":"Il Notiziario Bollate","potentialAction":[{"@type":"SearchAction","target":{"@type":"EntryPoint","urlTemplate":"https:\/\/www.ilnotiziario.net\/wp\/?s={search_term_string}"},"query-input":{"@type":"PropertyValueSpecification","valueRequired":true,"valueName":"search_term_string"}}],"inLanguage":"it-IT"},{"@type":"Organization","@id":"https:\/\/www.ilnotiziario.net\/wp\/#organization","name":"Il Notiziario","url":"https:\/\/www.ilnotiziario.net\/wp\/","logo":{"@type":"ImageObject","inLanguage":"it-IT","@id":"https:\/\/www.ilnotiziario.net\/wp\/#\/schema\/logo\/image\/","url":"https:\/\/www.ilnotiziario.net\/wp\/wp-content\/uploads\/2022\/06\/170x170ilN.png","contentUrl":"https:\/\/www.ilnotiziario.net\/wp\/wp-content\/uploads\/2022\/06\/170x170ilN.png","width":355,"height":355,"caption":"Il Notiziario"},"image":{"@id":"https:\/\/www.ilnotiziario.net\/wp\/#\/schema\/logo\/image\/"},"sameAs":["https:\/\/www.facebook.com\/ilnotiziarioind\/","https:\/\/x.com\/ilNotiziarioInd","https:\/\/www.instagram.com\/ilnotiziario_settimanale\/"]},{"@type":"Person","@id":"https:\/\/www.ilnotiziario.net\/wp\/#\/schema\/person\/386e222908f898bb41c033989482bbf2","name":"Gabriele Bassani","image":{"@type":"ImageObject","inLanguage":"it-IT","@id":"https:\/\/secure.gravatar.com\/avatar\/09274f4a84fa97698bde56f84b3afed61c8492d48b0550db9671b68c177479cb?s=96&d=mm&r=g","url":"https:\/\/secure.gravatar.com\/avatar\/09274f4a84fa97698bde56f84b3afed61c8492d48b0550db9671b68c177479cb?s=96&d=mm&r=g","contentUrl":"https:\/\/secure.gravatar.com\/avatar\/09274f4a84fa97698bde56f84b3afed61c8492d48b0550db9671b68c177479cb?s=96&d=mm&r=g","caption":"Gabriele Bassani"},"sameAs":["http:\/\/www.ilnotiziario.net"]}]}},"_links":{"self":[{"href":"https:\/\/www.ilnotiziario.net\/wp\/wp-json\/wp\/v2\/posts\/52615","targetHints":{"allow":["GET"]}}],"collection":[{"href":"https:\/\/www.ilnotiziario.net\/wp\/wp-json\/wp\/v2\/posts"}],"about":[{"href":"https:\/\/www.ilnotiziario.net\/wp\/wp-json\/wp\/v2\/types\/post"}],"author":[{"embeddable":true,"href":"https:\/\/www.ilnotiziario.net\/wp\/wp-json\/wp\/v2\/users\/3"}],"replies":[{"embeddable":true,"href":"https:\/\/www.ilnotiziario.net\/wp\/wp-json\/wp\/v2\/comments?post=52615"}],"version-history":[{"count":0,"href":"https:\/\/www.ilnotiziario.net\/wp\/wp-json\/wp\/v2\/posts\/52615\/revisions"}],"wp:featuredmedia":[{"embeddable":true,"href":"https:\/\/www.ilnotiziario.net\/wp\/wp-json\/wp\/v2\/media\/51527"}],"wp:attachment":[{"href":"https:\/\/www.ilnotiziario.net\/wp\/wp-json\/wp\/v2\/media?parent=52615"}],"wp:term":[{"taxonomy":"category","embeddable":true,"href":"https:\/\/www.ilnotiziario.net\/wp\/wp-json\/wp\/v2\/categories?post=52615"},{"taxonomy":"post_tag","embeddable":true,"href":"https:\/\/www.ilnotiziario.net\/wp\/wp-json\/wp\/v2\/tags?post=52615"}],"curies":[{"name":"wp","href":"https:\/\/api.w.org\/{rel}","templated":true}]}}