{"id":53187,"date":"2020-04-14T09:36:53","date_gmt":"2020-04-14T07:36:53","guid":{"rendered":"https:\/\/www.ilnotiziario.net\/wp\/?p=53187"},"modified":"2020-04-14T09:38:45","modified_gmt":"2020-04-14T07:38:45","slug":"coronavirus-carteloerie-librerie-aperte-lombardia","status":"publish","type":"post","link":"https:\/\/www.ilnotiziario.net\/wp\/prima-pagina\/coronavirus-carteloerie-librerie-aperte-lombardia\/","title":{"rendered":"Coronavirus, cartolerie e librerie aperte? Non in Lombardia. &#8220;Libri acquistabili nei supermercati&#8221;"},"content":{"rendered":"<p><img fetchpriority=\"high\" decoding=\"async\" class=\"size-medium wp-image-50912 alignleft\" src=\"https:\/\/www.ilnotiziario.net\/wp\/wp-content\/uploads\/2020\/03\/coronavirus-lombardia-negozi-chiusi-300x200.jpg\" alt=\"\" width=\"300\" height=\"200\" srcset=\"https:\/\/www.ilnotiziario.net\/wp\/wp-content\/uploads\/2020\/03\/coronavirus-lombardia-negozi-chiusi-300x200.jpg 300w, https:\/\/www.ilnotiziario.net\/wp\/wp-content\/uploads\/2020\/03\/coronavirus-lombardia-negozi-chiusi-1024x683.jpg 1024w, https:\/\/www.ilnotiziario.net\/wp\/wp-content\/uploads\/2020\/03\/coronavirus-lombardia-negozi-chiusi-768x512.jpg 768w, https:\/\/www.ilnotiziario.net\/wp\/wp-content\/uploads\/2020\/03\/coronavirus-lombardia-negozi-chiusi-1536x1024.jpg 1536w, https:\/\/www.ilnotiziario.net\/wp\/wp-content\/uploads\/2020\/03\/coronavirus-lombardia-negozi-chiusi-2048x1365.jpg 2048w, https:\/\/www.ilnotiziario.net\/wp\/wp-content\/uploads\/2020\/03\/coronavirus-lombardia-negozi-chiusi-696x464.jpg 696w, https:\/\/www.ilnotiziario.net\/wp\/wp-content\/uploads\/2020\/03\/coronavirus-lombardia-negozi-chiusi-1392x928.jpg 1392w, https:\/\/www.ilnotiziario.net\/wp\/wp-content\/uploads\/2020\/03\/coronavirus-lombardia-negozi-chiusi-1068x712.jpg 1068w\" sizes=\"(max-width: 300px) 100vw, 300px\" \/><strong>Librerie e cartolerie? Chiuse, almeno in Lombardia<\/strong>. La giunta regionale non ha autorizzato la loro riapertura consentita invece dal nuovo decreto del governo che conferma le misure per ridurre i contagi da coronavirus (almeno fino al 3 maggio, <strong><a href=\"https:\/\/www.ilnotiziario.net\/wp\/2020\/04\/10\/coronavirus-conte-chiusure-3-maggio-salvini-meloni\/\">leggi qui l&#8217;articolo<\/a><\/strong>).&nbsp;<\/p><div id=\"ilnot-2458592684\" class=\"ilnot-contenuto ilnot-entity-placement\"><p><!-- incontent_1 --><\/p>\n<div class=\"gptslot\" data-adunitid=\"1\"><\/div>\n<\/div>\n<p>&#8220;Il commercio al dettaglio di articoli di carta, articoli di cartoleria e forniture per ufficio, libri, fiori e piante <strong>\u00e8 consentito esclusivamente negli ipermercati e nei supermercati<\/strong>&#8220;, si legge nell&#8217;ordinanza firmata dal presidente della Regione,Attilio Fontana. La giunta regionale ha adottato cos\u00ec &#8220;misure pi\u00f9 restrittive di quelle statali e quindi rigorosamente funzionali alla tutela della salute trovi il suo fondamento negli articoli 32 e 117 della Costituzione&#8221;<\/p>\n<p>I libri potranno essere venduti, oltre che <strong>nei supermercati, anche nelle edicole o nei piccoli negozi di alimentari<\/strong>. Tra i settori che stanno iniziando a indirizzarsi verso una graduale ripresa ci sono anche quelli della moda e il metallurgico. Anche il mondo del calcio e pi\u00f9 in generale quello dello sport pensa a una ripartenza. Ma non \u00e8 detto che possano tornare a fare gare gi\u00e0 a fine maggio.&nbsp;<\/p><div id=\"ilnot-3374271958\" class=\"ilnot-contenuto_2 ilnot-entity-placement\"><div class=\"ads-wrapper\">\n<div class=\"ad-slot\">\n   <div id=\"ilnot-636886713\" style=\"margin-right: auto;margin-left: auto;text-align: center;width: 320px;height: 100px;\"><a href=\"https:\/\/www.scuolasicurezza.it\/\"><img decoding=\"async\" src=\"https:\/\/www.ilnotiziario.net\/wp\/wp-content\/uploads\/2026\/04\/IlNotiziario_banner-sito-e-newsletter-320-x-100-px-1.gif\" alt=\"\"><\/a><\/div>\n  <\/div>\n<div class=\"ad-slot\">\n   <div id=\"ilnot-1851259718\" style=\"margin-right: auto;margin-left: auto;text-align: center;width: 320px;height: 100px;\"><a href=\"https:\/\/purodesignarredamenti.com\/\"><img decoding=\"async\" src=\"https:\/\/www.ilnotiziario.net\/wp\/wp-content\/uploads\/2026\/04\/banner-puro-ok.gif\" alt=\"whatsapp\"><\/a><\/div><\/p><\/div>\n<\/div>\n<\/div>\n<p>Distanziamento sociale,&nbsp;<strong>ingressi su appuntamento<\/strong>, ma anche due giri di pulizia al giorno. Uno all\u2019inizio della giornata \u00e8 un altro a met\u00e0. Sembrano queste le prime regole che dovr\u00e0 essere rispettate per&nbsp;<strong>chi potr\u00e0 riaprire il proprio negozio dopo l\u2019emergenza coronavirus<\/strong>. Sulla fase 2 ancora non c\u2019\u00e8 una data certa (<a href=\"https:\/\/www.ilnotiziario.net\/wp\/2020\/04\/12\/negozi-aperti-maggio-parrucchieri-su-appuntamento\/\"><strong>leggi qui tutte le ipotesi<\/strong><\/a>).<\/p>\n","protected":false},"excerpt":{"rendered":"<p>Librerie e cartolerie? Chiuse, almeno in Lombardia. La giunta regionale non ha autorizzato la loro riapertura consentita invece dal nuovo decreto del governo che conferma le misure per ridurre i contagi da coronavirus (almeno fino al 3 maggio, leggi qui l&#8217;articolo).&nbsp; &#8220;Il commercio al dettaglio di articoli di carta, articoli di cartoleria e forniture per<\/p>\n","protected":false},"author":7,"featured_media":50912,"comment_status":"closed","ping_status":"closed","sticky":false,"template":"","format":"standard","meta":{"footnotes":""},"categories":[20],"tags":[6874,3251,577],"class_list":{"0":"post-53187","1":"post","2":"type-post","3":"status-publish","4":"format-standard","5":"has-post-thumbnail","7":"category-prima-pagina","8":"tag-coronavirus","9":"tag-librerie","10":"tag-lombardia"},"yoast_head":"<!-- This site is optimized with the Yoast SEO plugin v27.4 - https:\/\/yoast.com\/product\/yoast-seo-wordpress\/ -->\n<title>Coronavirus, cartolerie e librerie aperte? Non in Lombardia. &quot;Libri acquistabili nei supermercati&quot;<\/title>\n<meta name=\"description\" content=\"Librerie e cartolerie? Chiuse, almeno in Lombardia. La giunta regionale non ha autorizzato la loro riapertura consentita invece dal nuovo decreto del\" \/>\n<meta name=\"robots\" content=\"index, follow, max-snippet:-1, max-image-preview:large, max-video-preview:-1\" \/>\n<link rel=\"canonical\" href=\"https:\/\/www.ilnotiziario.net\/wp\/prima-pagina\/coronavirus-carteloerie-librerie-aperte-lombardia\/\" \/>\n<meta property=\"og:locale\" content=\"it_IT\" \/>\n<meta property=\"og:type\" content=\"article\" \/>\n<meta property=\"og:title\" content=\"Coronavirus, cartolerie e librerie aperte? Non in Lombardia. &quot;Libri acquistabili nei supermercati&quot;\" \/>\n<meta property=\"og:description\" content=\"Librerie e cartolerie? Chiuse, almeno in Lombardia. La giunta regionale non ha autorizzato la loro riapertura consentita invece dal nuovo decreto del\" \/>\n<meta property=\"og:url\" content=\"https:\/\/www.ilnotiziario.net\/wp\/prima-pagina\/coronavirus-carteloerie-librerie-aperte-lombardia\/\" \/>\n<meta property=\"og:site_name\" content=\"Il Notiziario\" \/>\n<meta property=\"article:publisher\" content=\"https:\/\/www.facebook.com\/ilnotiziarioind\/\" \/>\n<meta property=\"article:published_time\" content=\"2020-04-14T07:36:53+00:00\" \/>\n<meta property=\"article:modified_time\" content=\"2020-04-14T07:38:45+00:00\" \/>\n<meta property=\"og:image\" content=\"https:\/\/www.ilnotiziario.net\/wp\/wp-content\/uploads\/2020\/03\/coronavirus-lombardia-negozi-chiusi-scaled.jpg\" \/>\n\t<meta property=\"og:image:width\" content=\"2560\" \/>\n\t<meta property=\"og:image:height\" content=\"1707\" \/>\n\t<meta property=\"og:image:type\" content=\"image\/jpeg\" \/>\n<meta name=\"author\" content=\"Simone Carcano\" \/>\n<meta name=\"twitter:card\" content=\"summary_large_image\" \/>\n<meta name=\"twitter:creator\" content=\"@simone_carcano\" \/>\n<meta name=\"twitter:site\" content=\"@ilNotiziarioInd\" \/>\n<meta name=\"twitter:label1\" content=\"Scritto da\" \/>\n\t<meta name=\"twitter:data1\" content=\"Simone Carcano\" \/>\n\t<meta name=\"twitter:label2\" content=\"Tempo di lettura stimato\" \/>\n\t<meta name=\"twitter:data2\" content=\"1 minuto\" \/>\n<script type=\"application\/ld+json\" class=\"yoast-schema-graph\">{\"@context\":\"https:\\\/\\\/schema.org\",\"@graph\":[{\"@type\":\"Article\",\"@id\":\"https:\\\/\\\/www.ilnotiziario.net\\\/wp\\\/prima-pagina\\\/coronavirus-carteloerie-librerie-aperte-lombardia\\\/#article\",\"isPartOf\":{\"@id\":\"https:\\\/\\\/www.ilnotiziario.net\\\/wp\\\/prima-pagina\\\/coronavirus-carteloerie-librerie-aperte-lombardia\\\/\"},\"author\":{\"name\":\"Simone Carcano\",\"@id\":\"https:\\\/\\\/www.ilnotiziario.net\\\/wp\\\/#\\\/schema\\\/person\\\/c218ad0865f96bfe2c1c2cfa719653f7\"},\"headline\":\"Coronavirus, cartolerie e librerie aperte? Non in Lombardia. &#8220;Libri acquistabili nei supermercati&#8221;\",\"datePublished\":\"2020-04-14T07:36:53+00:00\",\"dateModified\":\"2020-04-14T07:38:45+00:00\",\"mainEntityOfPage\":{\"@id\":\"https:\\\/\\\/www.ilnotiziario.net\\\/wp\\\/prima-pagina\\\/coronavirus-carteloerie-librerie-aperte-lombardia\\\/\"},\"wordCount\":246,\"publisher\":{\"@id\":\"https:\\\/\\\/www.ilnotiziario.net\\\/wp\\\/#organization\"},\"image\":{\"@id\":\"https:\\\/\\\/www.ilnotiziario.net\\\/wp\\\/prima-pagina\\\/coronavirus-carteloerie-librerie-aperte-lombardia\\\/#primaryimage\"},\"thumbnailUrl\":\"https:\\\/\\\/www.ilnotiziario.net\\\/wp\\\/wp-content\\\/uploads\\\/2020\\\/03\\\/coronavirus-lombardia-negozi-chiusi-scaled.jpg\",\"keywords\":[\"coronavirus\",\"librerie\",\"Lombardia\"],\"articleSection\":[\"Prima Pagina\"],\"inLanguage\":\"it-IT\"},{\"@type\":\"WebPage\",\"@id\":\"https:\\\/\\\/www.ilnotiziario.net\\\/wp\\\/prima-pagina\\\/coronavirus-carteloerie-librerie-aperte-lombardia\\\/\",\"url\":\"https:\\\/\\\/www.ilnotiziario.net\\\/wp\\\/prima-pagina\\\/coronavirus-carteloerie-librerie-aperte-lombardia\\\/\",\"name\":\"Coronavirus, cartolerie e librerie aperte? Non in Lombardia. \\\"Libri acquistabili nei supermercati\\\"\",\"isPartOf\":{\"@id\":\"https:\\\/\\\/www.ilnotiziario.net\\\/wp\\\/#website\"},\"primaryImageOfPage\":{\"@id\":\"https:\\\/\\\/www.ilnotiziario.net\\\/wp\\\/prima-pagina\\\/coronavirus-carteloerie-librerie-aperte-lombardia\\\/#primaryimage\"},\"image\":{\"@id\":\"https:\\\/\\\/www.ilnotiziario.net\\\/wp\\\/prima-pagina\\\/coronavirus-carteloerie-librerie-aperte-lombardia\\\/#primaryimage\"},\"thumbnailUrl\":\"https:\\\/\\\/www.ilnotiziario.net\\\/wp\\\/wp-content\\\/uploads\\\/2020\\\/03\\\/coronavirus-lombardia-negozi-chiusi-scaled.jpg\",\"datePublished\":\"2020-04-14T07:36:53+00:00\",\"dateModified\":\"2020-04-14T07:38:45+00:00\",\"description\":\"Librerie e cartolerie? Chiuse, almeno in Lombardia. La giunta regionale non ha autorizzato la loro riapertura consentita invece dal nuovo decreto del\",\"breadcrumb\":{\"@id\":\"https:\\\/\\\/www.ilnotiziario.net\\\/wp\\\/prima-pagina\\\/coronavirus-carteloerie-librerie-aperte-lombardia\\\/#breadcrumb\"},\"inLanguage\":\"it-IT\",\"potentialAction\":[{\"@type\":\"ReadAction\",\"target\":[\"https:\\\/\\\/www.ilnotiziario.net\\\/wp\\\/prima-pagina\\\/coronavirus-carteloerie-librerie-aperte-lombardia\\\/\"]}]},{\"@type\":\"ImageObject\",\"inLanguage\":\"it-IT\",\"@id\":\"https:\\\/\\\/www.ilnotiziario.net\\\/wp\\\/prima-pagina\\\/coronavirus-carteloerie-librerie-aperte-lombardia\\\/#primaryimage\",\"url\":\"https:\\\/\\\/www.ilnotiziario.net\\\/wp\\\/wp-content\\\/uploads\\\/2020\\\/03\\\/coronavirus-lombardia-negozi-chiusi-scaled.jpg\",\"contentUrl\":\"https:\\\/\\\/www.ilnotiziario.net\\\/wp\\\/wp-content\\\/uploads\\\/2020\\\/03\\\/coronavirus-lombardia-negozi-chiusi-scaled.jpg\",\"width\":2560,\"height\":1707,\"caption\":\"Strade deserte e negozi chiusi a Codogno, 22 Febbraio 2020Ansa\\\/Matteo Corner\"},{\"@type\":\"BreadcrumbList\",\"@id\":\"https:\\\/\\\/www.ilnotiziario.net\\\/wp\\\/prima-pagina\\\/coronavirus-carteloerie-librerie-aperte-lombardia\\\/#breadcrumb\",\"itemListElement\":[{\"@type\":\"ListItem\",\"position\":1,\"name\":\"tds_text_logo_tagline_colortds_text_logo_tagline_colortds_text_logo_tagline_colortds_text_logo_tagline_colortd_module_7_title_excerpttd_module_7_title_excerpttd_module_7_title_excerpttd_module_7_title_excerptHome\",\"item\":\"https:\\\/\\\/www.ilnotiziario.net\\\/wp\\\/\"},{\"@type\":\"ListItem\",\"position\":2,\"name\":\"Coronavirus, cartolerie e librerie aperte? Non in Lombardia. &#8220;Libri acquistabili nei supermercati&#8221;\"}]},{\"@type\":\"WebSite\",\"@id\":\"https:\\\/\\\/www.ilnotiziario.net\\\/wp\\\/#website\",\"url\":\"https:\\\/\\\/www.ilnotiziario.net\\\/wp\\\/\",\"name\":\"Il Notiziario\",\"description\":\"Per restare sempre connessi alla notizia\",\"publisher\":{\"@id\":\"https:\\\/\\\/www.ilnotiziario.net\\\/wp\\\/#organization\"},\"alternateName\":\"Il Notiziario Bollate\",\"potentialAction\":[{\"@type\":\"SearchAction\",\"target\":{\"@type\":\"EntryPoint\",\"urlTemplate\":\"https:\\\/\\\/www.ilnotiziario.net\\\/wp\\\/?s={search_term_string}\"},\"query-input\":{\"@type\":\"PropertyValueSpecification\",\"valueRequired\":true,\"valueName\":\"search_term_string\"}}],\"inLanguage\":\"it-IT\"},{\"@type\":\"Organization\",\"@id\":\"https:\\\/\\\/www.ilnotiziario.net\\\/wp\\\/#organization\",\"name\":\"Il Notiziario\",\"url\":\"https:\\\/\\\/www.ilnotiziario.net\\\/wp\\\/\",\"logo\":{\"@type\":\"ImageObject\",\"inLanguage\":\"it-IT\",\"@id\":\"https:\\\/\\\/www.ilnotiziario.net\\\/wp\\\/#\\\/schema\\\/logo\\\/image\\\/\",\"url\":\"https:\\\/\\\/www.ilnotiziario.net\\\/wp\\\/wp-content\\\/uploads\\\/2022\\\/06\\\/170x170ilN.png\",\"contentUrl\":\"https:\\\/\\\/www.ilnotiziario.net\\\/wp\\\/wp-content\\\/uploads\\\/2022\\\/06\\\/170x170ilN.png\",\"width\":355,\"height\":355,\"caption\":\"Il Notiziario\"},\"image\":{\"@id\":\"https:\\\/\\\/www.ilnotiziario.net\\\/wp\\\/#\\\/schema\\\/logo\\\/image\\\/\"},\"sameAs\":[\"https:\\\/\\\/www.facebook.com\\\/ilnotiziarioind\\\/\",\"https:\\\/\\\/x.com\\\/ilNotiziarioInd\",\"https:\\\/\\\/www.instagram.com\\\/ilnotiziario_settimanale\\\/\"]},{\"@type\":\"Person\",\"@id\":\"https:\\\/\\\/www.ilnotiziario.net\\\/wp\\\/#\\\/schema\\\/person\\\/c218ad0865f96bfe2c1c2cfa719653f7\",\"name\":\"Simone Carcano\",\"image\":{\"@type\":\"ImageObject\",\"inLanguage\":\"it-IT\",\"@id\":\"https:\\\/\\\/secure.gravatar.com\\\/avatar\\\/5e677023cff2c47e9f7a896b9157a46e18bd36e7c4d000a1726bb730be7d38bb?s=96&d=mm&r=g\",\"url\":\"https:\\\/\\\/secure.gravatar.com\\\/avatar\\\/5e677023cff2c47e9f7a896b9157a46e18bd36e7c4d000a1726bb730be7d38bb?s=96&d=mm&r=g\",\"contentUrl\":\"https:\\\/\\\/secure.gravatar.com\\\/avatar\\\/5e677023cff2c47e9f7a896b9157a46e18bd36e7c4d000a1726bb730be7d38bb?s=96&d=mm&r=g\",\"caption\":\"Simone Carcano\"},\"sameAs\":[\"http:\\\/\\\/www.ilnotiziario.net\",\"https:\\\/\\\/x.com\\\/@simone_carcano\"]}]}<\/script>\n<!-- \/ Yoast SEO plugin. -->","yoast_head_json":{"title":"Coronavirus, cartolerie e librerie aperte? Non in Lombardia. \"Libri acquistabili nei supermercati\"","description":"Librerie e cartolerie? Chiuse, almeno in Lombardia. La giunta regionale non ha autorizzato la loro riapertura consentita invece dal nuovo decreto del","robots":{"index":"index","follow":"follow","max-snippet":"max-snippet:-1","max-image-preview":"max-image-preview:large","max-video-preview":"max-video-preview:-1"},"canonical":"https:\/\/www.ilnotiziario.net\/wp\/prima-pagina\/coronavirus-carteloerie-librerie-aperte-lombardia\/","og_locale":"it_IT","og_type":"article","og_title":"Coronavirus, cartolerie e librerie aperte? Non in Lombardia. \"Libri acquistabili nei supermercati\"","og_description":"Librerie e cartolerie? Chiuse, almeno in Lombardia. La giunta regionale non ha autorizzato la loro riapertura consentita invece dal nuovo decreto del","og_url":"https:\/\/www.ilnotiziario.net\/wp\/prima-pagina\/coronavirus-carteloerie-librerie-aperte-lombardia\/","og_site_name":"Il Notiziario","article_publisher":"https:\/\/www.facebook.com\/ilnotiziarioind\/","article_published_time":"2020-04-14T07:36:53+00:00","article_modified_time":"2020-04-14T07:38:45+00:00","og_image":[{"width":2560,"height":1707,"url":"https:\/\/www.ilnotiziario.net\/wp\/wp-content\/uploads\/2020\/03\/coronavirus-lombardia-negozi-chiusi-scaled.jpg","type":"image\/jpeg"}],"author":"Simone Carcano","twitter_card":"summary_large_image","twitter_creator":"@simone_carcano","twitter_site":"@ilNotiziarioInd","twitter_misc":{"Scritto da":"Simone Carcano","Tempo di lettura stimato":"1 minuto"},"schema":{"@context":"https:\/\/schema.org","@graph":[{"@type":"Article","@id":"https:\/\/www.ilnotiziario.net\/wp\/prima-pagina\/coronavirus-carteloerie-librerie-aperte-lombardia\/#article","isPartOf":{"@id":"https:\/\/www.ilnotiziario.net\/wp\/prima-pagina\/coronavirus-carteloerie-librerie-aperte-lombardia\/"},"author":{"name":"Simone Carcano","@id":"https:\/\/www.ilnotiziario.net\/wp\/#\/schema\/person\/c218ad0865f96bfe2c1c2cfa719653f7"},"headline":"Coronavirus, cartolerie e librerie aperte? Non in Lombardia. &#8220;Libri acquistabili nei supermercati&#8221;","datePublished":"2020-04-14T07:36:53+00:00","dateModified":"2020-04-14T07:38:45+00:00","mainEntityOfPage":{"@id":"https:\/\/www.ilnotiziario.net\/wp\/prima-pagina\/coronavirus-carteloerie-librerie-aperte-lombardia\/"},"wordCount":246,"publisher":{"@id":"https:\/\/www.ilnotiziario.net\/wp\/#organization"},"image":{"@id":"https:\/\/www.ilnotiziario.net\/wp\/prima-pagina\/coronavirus-carteloerie-librerie-aperte-lombardia\/#primaryimage"},"thumbnailUrl":"https:\/\/www.ilnotiziario.net\/wp\/wp-content\/uploads\/2020\/03\/coronavirus-lombardia-negozi-chiusi-scaled.jpg","keywords":["coronavirus","librerie","Lombardia"],"articleSection":["Prima Pagina"],"inLanguage":"it-IT"},{"@type":"WebPage","@id":"https:\/\/www.ilnotiziario.net\/wp\/prima-pagina\/coronavirus-carteloerie-librerie-aperte-lombardia\/","url":"https:\/\/www.ilnotiziario.net\/wp\/prima-pagina\/coronavirus-carteloerie-librerie-aperte-lombardia\/","name":"Coronavirus, cartolerie e librerie aperte? Non in Lombardia. \"Libri acquistabili nei supermercati\"","isPartOf":{"@id":"https:\/\/www.ilnotiziario.net\/wp\/#website"},"primaryImageOfPage":{"@id":"https:\/\/www.ilnotiziario.net\/wp\/prima-pagina\/coronavirus-carteloerie-librerie-aperte-lombardia\/#primaryimage"},"image":{"@id":"https:\/\/www.ilnotiziario.net\/wp\/prima-pagina\/coronavirus-carteloerie-librerie-aperte-lombardia\/#primaryimage"},"thumbnailUrl":"https:\/\/www.ilnotiziario.net\/wp\/wp-content\/uploads\/2020\/03\/coronavirus-lombardia-negozi-chiusi-scaled.jpg","datePublished":"2020-04-14T07:36:53+00:00","dateModified":"2020-04-14T07:38:45+00:00","description":"Librerie e cartolerie? Chiuse, almeno in Lombardia. La giunta regionale non ha autorizzato la loro riapertura consentita invece dal nuovo decreto del","breadcrumb":{"@id":"https:\/\/www.ilnotiziario.net\/wp\/prima-pagina\/coronavirus-carteloerie-librerie-aperte-lombardia\/#breadcrumb"},"inLanguage":"it-IT","potentialAction":[{"@type":"ReadAction","target":["https:\/\/www.ilnotiziario.net\/wp\/prima-pagina\/coronavirus-carteloerie-librerie-aperte-lombardia\/"]}]},{"@type":"ImageObject","inLanguage":"it-IT","@id":"https:\/\/www.ilnotiziario.net\/wp\/prima-pagina\/coronavirus-carteloerie-librerie-aperte-lombardia\/#primaryimage","url":"https:\/\/www.ilnotiziario.net\/wp\/wp-content\/uploads\/2020\/03\/coronavirus-lombardia-negozi-chiusi-scaled.jpg","contentUrl":"https:\/\/www.ilnotiziario.net\/wp\/wp-content\/uploads\/2020\/03\/coronavirus-lombardia-negozi-chiusi-scaled.jpg","width":2560,"height":1707,"caption":"Strade deserte e negozi chiusi a Codogno, 22 Febbraio 2020Ansa\/Matteo Corner"},{"@type":"BreadcrumbList","@id":"https:\/\/www.ilnotiziario.net\/wp\/prima-pagina\/coronavirus-carteloerie-librerie-aperte-lombardia\/#breadcrumb","itemListElement":[{"@type":"ListItem","position":1,"name":"tds_text_logo_tagline_colortds_text_logo_tagline_colortds_text_logo_tagline_colortds_text_logo_tagline_colortd_module_7_title_excerpttd_module_7_title_excerpttd_module_7_title_excerpttd_module_7_title_excerptHome","item":"https:\/\/www.ilnotiziario.net\/wp\/"},{"@type":"ListItem","position":2,"name":"Coronavirus, cartolerie e librerie aperte? Non in Lombardia. &#8220;Libri acquistabili nei supermercati&#8221;"}]},{"@type":"WebSite","@id":"https:\/\/www.ilnotiziario.net\/wp\/#website","url":"https:\/\/www.ilnotiziario.net\/wp\/","name":"Il Notiziario","description":"Per restare sempre connessi alla notizia","publisher":{"@id":"https:\/\/www.ilnotiziario.net\/wp\/#organization"},"alternateName":"Il Notiziario Bollate","potentialAction":[{"@type":"SearchAction","target":{"@type":"EntryPoint","urlTemplate":"https:\/\/www.ilnotiziario.net\/wp\/?s={search_term_string}"},"query-input":{"@type":"PropertyValueSpecification","valueRequired":true,"valueName":"search_term_string"}}],"inLanguage":"it-IT"},{"@type":"Organization","@id":"https:\/\/www.ilnotiziario.net\/wp\/#organization","name":"Il Notiziario","url":"https:\/\/www.ilnotiziario.net\/wp\/","logo":{"@type":"ImageObject","inLanguage":"it-IT","@id":"https:\/\/www.ilnotiziario.net\/wp\/#\/schema\/logo\/image\/","url":"https:\/\/www.ilnotiziario.net\/wp\/wp-content\/uploads\/2022\/06\/170x170ilN.png","contentUrl":"https:\/\/www.ilnotiziario.net\/wp\/wp-content\/uploads\/2022\/06\/170x170ilN.png","width":355,"height":355,"caption":"Il Notiziario"},"image":{"@id":"https:\/\/www.ilnotiziario.net\/wp\/#\/schema\/logo\/image\/"},"sameAs":["https:\/\/www.facebook.com\/ilnotiziarioind\/","https:\/\/x.com\/ilNotiziarioInd","https:\/\/www.instagram.com\/ilnotiziario_settimanale\/"]},{"@type":"Person","@id":"https:\/\/www.ilnotiziario.net\/wp\/#\/schema\/person\/c218ad0865f96bfe2c1c2cfa719653f7","name":"Simone Carcano","image":{"@type":"ImageObject","inLanguage":"it-IT","@id":"https:\/\/secure.gravatar.com\/avatar\/5e677023cff2c47e9f7a896b9157a46e18bd36e7c4d000a1726bb730be7d38bb?s=96&d=mm&r=g","url":"https:\/\/secure.gravatar.com\/avatar\/5e677023cff2c47e9f7a896b9157a46e18bd36e7c4d000a1726bb730be7d38bb?s=96&d=mm&r=g","contentUrl":"https:\/\/secure.gravatar.com\/avatar\/5e677023cff2c47e9f7a896b9157a46e18bd36e7c4d000a1726bb730be7d38bb?s=96&d=mm&r=g","caption":"Simone Carcano"},"sameAs":["http:\/\/www.ilnotiziario.net","https:\/\/x.com\/@simone_carcano"]}]}},"_links":{"self":[{"href":"https:\/\/www.ilnotiziario.net\/wp\/wp-json\/wp\/v2\/posts\/53187","targetHints":{"allow":["GET"]}}],"collection":[{"href":"https:\/\/www.ilnotiziario.net\/wp\/wp-json\/wp\/v2\/posts"}],"about":[{"href":"https:\/\/www.ilnotiziario.net\/wp\/wp-json\/wp\/v2\/types\/post"}],"author":[{"embeddable":true,"href":"https:\/\/www.ilnotiziario.net\/wp\/wp-json\/wp\/v2\/users\/7"}],"replies":[{"embeddable":true,"href":"https:\/\/www.ilnotiziario.net\/wp\/wp-json\/wp\/v2\/comments?post=53187"}],"version-history":[{"count":0,"href":"https:\/\/www.ilnotiziario.net\/wp\/wp-json\/wp\/v2\/posts\/53187\/revisions"}],"wp:featuredmedia":[{"embeddable":true,"href":"https:\/\/www.ilnotiziario.net\/wp\/wp-json\/wp\/v2\/media\/50912"}],"wp:attachment":[{"href":"https:\/\/www.ilnotiziario.net\/wp\/wp-json\/wp\/v2\/media?parent=53187"}],"wp:term":[{"taxonomy":"category","embeddable":true,"href":"https:\/\/www.ilnotiziario.net\/wp\/wp-json\/wp\/v2\/categories?post=53187"},{"taxonomy":"post_tag","embeddable":true,"href":"https:\/\/www.ilnotiziario.net\/wp\/wp-json\/wp\/v2\/tags?post=53187"}],"curies":[{"name":"wp","href":"https:\/\/api.w.org\/{rel}","templated":true}]}}