{"id":56280,"date":"2020-04-26T20:56:26","date_gmt":"2020-04-26T18:56:26","guid":{"rendered":"https:\/\/www.ilnotiziario.net\/wp\/?p=56280"},"modified":"2020-04-27T00:25:09","modified_gmt":"2020-04-26T22:25:09","slug":"coronavirus-conte-mascherine-bar-parrucchieri","status":"publish","type":"post","link":"https:\/\/www.ilnotiziario.net\/wp\/prima-pagina\/coronavirus-conte-mascherine-bar-parrucchieri\/","title":{"rendered":"Coronavirus, Conte: &#8220;Mascherine a 50 centesimi. Bar, parrucchieri aperti dal 1 giugno&#8221;"},"content":{"rendered":"<div class=\"gs\">\n<div class=\"\">\n<div id=\":16c\" class=\"ii gt\">\n<div id=\":14y\" class=\"a3s aXjCH \">\n<div dir=\"ltr\">\n<div dir=\"ltr\">\n<p dir=\"ltr\"><img fetchpriority=\"high\" decoding=\"async\" class=\"size-medium wp-image-56285 alignleft\" src=\"https:\/\/www.ilnotiziario.net\/wp\/wp-content\/uploads\/2020\/04\/conte-300x170.jpg\" alt=\"\" width=\"300\" height=\"170\" srcset=\"https:\/\/www.ilnotiziario.net\/wp\/wp-content\/uploads\/2020\/04\/conte-300x170.jpg 300w, https:\/\/www.ilnotiziario.net\/wp\/wp-content\/uploads\/2020\/04\/conte-1024x579.jpg 1024w, https:\/\/www.ilnotiziario.net\/wp\/wp-content\/uploads\/2020\/04\/conte-768x434.jpg 768w, https:\/\/www.ilnotiziario.net\/wp\/wp-content\/uploads\/2020\/04\/conte-696x394.jpg 696w, https:\/\/www.ilnotiziario.net\/wp\/wp-content\/uploads\/2020\/04\/conte-1392x787.jpg 1392w, https:\/\/www.ilnotiziario.net\/wp\/wp-content\/uploads\/2020\/04\/conte-1068x604.jpg 1068w, https:\/\/www.ilnotiziario.net\/wp\/wp-content\/uploads\/2020\/04\/conte.jpg 1423w\" sizes=\"(max-width: 300px) 100vw, 300px\" \/><\/p>\n<p dir=\"ltr\">&#8220;Dovremo adottare tutte le protezioni e i dispositivi. Calmieriamo i prezzi di mercato delle mascherine. Elimineremo l&#8217;Iva. <strong>Il prezzo dovrebbe essere attorno a 0.50 centesimi<\/strong> per le mascherine chirurgiche&#8221;, ha aggiunto Conte. &#8220;Con il recovery fund sar\u00e0 pi\u00f9 veloce la strada verso la ripresa&#8221;.<\/p><div id=\"ilnot-1698828448\" class=\"ilnot-contenuto ilnot-entity-placement\"><p><!-- incontent_1 --><\/p>\n<div class=\"gptslot\" data-adunitid=\"1\"><\/div>\n<\/div>\n<p dir=\"ltr\">Via libera alle uscite da casa, per <strong>sport individuale, per incontrare parenti<\/strong> pur mantenendo le distanze sociali. E&#8217; consentito anche tornare nella propria residenza per chi \u00e8 rimasto bloccato dal lockdown in altre citt\u00e0. Ma soprattutto riprendono le prime attivit\u00e0 produttive.&nbsp;L\u2019Italia si avvia alla fase 2 dell\u2019emergenza coronavirus che entrer\u00e0 nel vivo da luned\u00ec 4 maggio. Queste sono le prime novit\u00e0 annunciate dal presidente del consiglio Giuseppe Conte.&nbsp;<\/p>\n<p dir=\"ltr\">Riprende <strong>l\u2019attivit\u00e0 motoria per adulti e bambini<\/strong>. Si potr\u00e0 fare all\u2019aperto non pi\u00f9 nei pressi della propria abitazione, ma comunque garantendo le distanze sociali di almeno un metro tra le persone. I bambini potranno giocare all\u2019aperto, ma senza creare assembramenti nelle aree verdi. Per questo in molte citt\u00e0 i parchi saranno a ingresso contingentato. Riprenderanno le funzioni religiose interrotte dai primi di marzo, in questo inizio della fase 2 saranno consentiti solo i funerali con un massimo di 15 persone.&nbsp;<\/p><div id=\"ilnot-946564037\" class=\"ilnot-contenuto_2 ilnot-entity-placement\"><div class=\"ads-wrapper\">\n<div class=\"ad-slot\">\n   <div id=\"ilnot-1905450967\" style=\"margin-right: auto;margin-left: auto;text-align: center;width: 320px;height: 100px;\"><a href=\"https:\/\/www.scuolasicurezza.it\/\"><img decoding=\"async\" src=\"https:\/\/www.ilnotiziario.net\/wp\/wp-content\/uploads\/2026\/04\/IlNotiziario_banner-sito-e-newsletter-320-x-100-px-1.gif\" alt=\"\"><\/a><\/div>\n  <\/div>\n<div class=\"ad-slot\">\n   <div id=\"ilnot-3216091683\" style=\"margin-right: auto;margin-left: auto;text-align: center;width: 320px;height: 100px;\"><a href=\"https:\/\/purodesignarredamenti.com\/\"><img decoding=\"async\" src=\"https:\/\/www.ilnotiziario.net\/wp\/wp-content\/uploads\/2026\/04\/banner-puro-ok.gif\" alt=\"whatsapp\"><\/a><\/div><\/p><\/div>\n<\/div>\n<\/div>\n<p dir=\"ltr\">Intanto riprendono anche le <strong>attivit\u00e0 produttive<\/strong>. Le prime a tornare operative gi\u00e0 dal 27 aprile sono quelle del comparto manifatturiero, il commercio all\u2019ingrosso assieme ai cantieri e all\u2019edilizia. L\u2019ultima che potr\u00e0 riaprire sar\u00e0 la ristorazione. &#8220;Il cibo non andr\u00e0 consumato fuori dai ristoranti ma andr\u00e0 portato a casa&#8221;, ha sottolineato Conte. Riapriranno anche musei, biblioteche. Invece <strong>bar e ristoranti assieme a parrucchieri e centri estetici dovranno attendere almeno fino al 1 giugno<\/strong>. &#8220;Penseremo alla programmazione anche delle attivit\u00e0 balneari&#8221;, ha aggiunto Conte. Le scuole invece riapriranno agli studenti solo a settembre.\u200b\u200b\u200b\u200b\u200b\u200b\u200b<\/p>\n<p dir=\"ltr\">Il calendario della fase 2 verr\u00e0 dettato dalla curva epidemica. Palazzo Chigi assieme alle Regioni ha deciso che l\u2019indice di contagio R0 verr\u00e0 monitorato ogni venerd\u00ec. Insieme valuteranno se proseguire allentando i divieti o se sar\u00e0 il caso di tornare sui propri passi monitorando anche la capacit\u00e0 delle strutture sanitarie di accogliere nuovi pazienti.<\/p>\n<\/div>\n<\/div>\n<\/div>\n<\/div>\n<\/div>\n<\/div>\n","protected":false},"excerpt":{"rendered":"<p>&#8220;Dovremo adottare tutte le protezioni e i dispositivi. Calmieriamo i prezzi di mercato delle mascherine. Elimineremo l&#8217;Iva. Il prezzo dovrebbe essere attorno a 0.50 centesimi per le mascherine chirurgiche&#8221;, ha aggiunto Conte. &#8220;Con il recovery fund sar\u00e0 pi\u00f9 veloce la strada verso la ripresa&#8221;. Via libera alle uscite da casa, per sport individuale, per incontrare<\/p>\n","protected":false},"author":7,"featured_media":56285,"comment_status":"closed","ping_status":"closed","sticky":false,"template":"","format":"standard","meta":{"footnotes":""},"categories":[20],"tags":[],"class_list":{"0":"post-56280","1":"post","2":"type-post","3":"status-publish","4":"format-standard","5":"has-post-thumbnail","7":"category-prima-pagina"},"yoast_head":"<!-- This site is optimized with the Yoast SEO plugin v27.4 - https:\/\/yoast.com\/product\/yoast-seo-wordpress\/ -->\n<title>Coronavirus, Conte: &quot;Mascherine a 50 centesimi. Bar, parrucchieri aperti dal 1 giugno&quot;<\/title>\n<meta name=\"description\" content=\"&quot;Dovremo adottare tutte le protezioni e i dispositivi. Calmieriamo i prezzi di mercato delle mascherine. Elimineremo l&#039;Iva. Il prezzo dovrebbe essere\" \/>\n<meta name=\"robots\" content=\"index, follow, max-snippet:-1, max-image-preview:large, max-video-preview:-1\" \/>\n<link rel=\"canonical\" href=\"https:\/\/www.ilnotiziario.net\/wp\/prima-pagina\/coronavirus-conte-mascherine-bar-parrucchieri\/\" \/>\n<meta property=\"og:locale\" content=\"it_IT\" \/>\n<meta property=\"og:type\" content=\"article\" \/>\n<meta property=\"og:title\" content=\"Coronavirus, Conte: &quot;Mascherine a 50 centesimi. Bar, parrucchieri aperti dal 1 giugno&quot;\" \/>\n<meta property=\"og:description\" content=\"&quot;Dovremo adottare tutte le protezioni e i dispositivi. Calmieriamo i prezzi di mercato delle mascherine. Elimineremo l&#039;Iva. Il prezzo dovrebbe essere\" \/>\n<meta property=\"og:url\" content=\"https:\/\/www.ilnotiziario.net\/wp\/prima-pagina\/coronavirus-conte-mascherine-bar-parrucchieri\/\" \/>\n<meta property=\"og:site_name\" content=\"Il Notiziario\" \/>\n<meta property=\"article:publisher\" content=\"https:\/\/www.facebook.com\/ilnotiziarioind\/\" \/>\n<meta property=\"article:published_time\" content=\"2020-04-26T18:56:26+00:00\" \/>\n<meta property=\"article:modified_time\" content=\"2020-04-26T22:25:09+00:00\" \/>\n<meta property=\"og:image\" content=\"https:\/\/www.ilnotiziario.net\/wp\/wp-content\/uploads\/2020\/04\/conte.jpg\" \/>\n\t<meta property=\"og:image:width\" content=\"1423\" \/>\n\t<meta property=\"og:image:height\" content=\"805\" \/>\n\t<meta property=\"og:image:type\" content=\"image\/jpeg\" \/>\n<meta name=\"author\" content=\"Simone Carcano\" \/>\n<meta name=\"twitter:card\" content=\"summary_large_image\" \/>\n<meta name=\"twitter:creator\" content=\"@simone_carcano\" \/>\n<meta name=\"twitter:site\" content=\"@ilNotiziarioInd\" \/>\n<meta name=\"twitter:label1\" content=\"Scritto da\" \/>\n\t<meta name=\"twitter:data1\" content=\"Simone Carcano\" \/>\n\t<meta name=\"twitter:label2\" content=\"Tempo di lettura stimato\" \/>\n\t<meta name=\"twitter:data2\" content=\"2 minuti\" \/>\n<script type=\"application\/ld+json\" class=\"yoast-schema-graph\">{\"@context\":\"https:\\\/\\\/schema.org\",\"@graph\":[{\"@type\":\"Article\",\"@id\":\"https:\\\/\\\/www.ilnotiziario.net\\\/wp\\\/prima-pagina\\\/coronavirus-conte-mascherine-bar-parrucchieri\\\/#article\",\"isPartOf\":{\"@id\":\"https:\\\/\\\/www.ilnotiziario.net\\\/wp\\\/prima-pagina\\\/coronavirus-conte-mascherine-bar-parrucchieri\\\/\"},\"author\":{\"name\":\"Simone Carcano\",\"@id\":\"https:\\\/\\\/www.ilnotiziario.net\\\/wp\\\/#\\\/schema\\\/person\\\/c218ad0865f96bfe2c1c2cfa719653f7\"},\"headline\":\"Coronavirus, Conte: &#8220;Mascherine a 50 centesimi. Bar, parrucchieri aperti dal 1 giugno&#8221;\",\"datePublished\":\"2020-04-26T18:56:26+00:00\",\"dateModified\":\"2020-04-26T22:25:09+00:00\",\"mainEntityOfPage\":{\"@id\":\"https:\\\/\\\/www.ilnotiziario.net\\\/wp\\\/prima-pagina\\\/coronavirus-conte-mascherine-bar-parrucchieri\\\/\"},\"wordCount\":352,\"publisher\":{\"@id\":\"https:\\\/\\\/www.ilnotiziario.net\\\/wp\\\/#organization\"},\"image\":{\"@id\":\"https:\\\/\\\/www.ilnotiziario.net\\\/wp\\\/prima-pagina\\\/coronavirus-conte-mascherine-bar-parrucchieri\\\/#primaryimage\"},\"thumbnailUrl\":\"https:\\\/\\\/www.ilnotiziario.net\\\/wp\\\/wp-content\\\/uploads\\\/2020\\\/04\\\/conte.jpg\",\"articleSection\":[\"Prima Pagina\"],\"inLanguage\":\"it-IT\"},{\"@type\":\"WebPage\",\"@id\":\"https:\\\/\\\/www.ilnotiziario.net\\\/wp\\\/prima-pagina\\\/coronavirus-conte-mascherine-bar-parrucchieri\\\/\",\"url\":\"https:\\\/\\\/www.ilnotiziario.net\\\/wp\\\/prima-pagina\\\/coronavirus-conte-mascherine-bar-parrucchieri\\\/\",\"name\":\"Coronavirus, Conte: \\\"Mascherine a 50 centesimi. Bar, parrucchieri aperti dal 1 giugno\\\"\",\"isPartOf\":{\"@id\":\"https:\\\/\\\/www.ilnotiziario.net\\\/wp\\\/#website\"},\"primaryImageOfPage\":{\"@id\":\"https:\\\/\\\/www.ilnotiziario.net\\\/wp\\\/prima-pagina\\\/coronavirus-conte-mascherine-bar-parrucchieri\\\/#primaryimage\"},\"image\":{\"@id\":\"https:\\\/\\\/www.ilnotiziario.net\\\/wp\\\/prima-pagina\\\/coronavirus-conte-mascherine-bar-parrucchieri\\\/#primaryimage\"},\"thumbnailUrl\":\"https:\\\/\\\/www.ilnotiziario.net\\\/wp\\\/wp-content\\\/uploads\\\/2020\\\/04\\\/conte.jpg\",\"datePublished\":\"2020-04-26T18:56:26+00:00\",\"dateModified\":\"2020-04-26T22:25:09+00:00\",\"description\":\"\\\"Dovremo adottare tutte le protezioni e i dispositivi. Calmieriamo i prezzi di mercato delle mascherine. Elimineremo l'Iva. Il prezzo dovrebbe essere\",\"breadcrumb\":{\"@id\":\"https:\\\/\\\/www.ilnotiziario.net\\\/wp\\\/prima-pagina\\\/coronavirus-conte-mascherine-bar-parrucchieri\\\/#breadcrumb\"},\"inLanguage\":\"it-IT\",\"potentialAction\":[{\"@type\":\"ReadAction\",\"target\":[\"https:\\\/\\\/www.ilnotiziario.net\\\/wp\\\/prima-pagina\\\/coronavirus-conte-mascherine-bar-parrucchieri\\\/\"]}]},{\"@type\":\"ImageObject\",\"inLanguage\":\"it-IT\",\"@id\":\"https:\\\/\\\/www.ilnotiziario.net\\\/wp\\\/prima-pagina\\\/coronavirus-conte-mascherine-bar-parrucchieri\\\/#primaryimage\",\"url\":\"https:\\\/\\\/www.ilnotiziario.net\\\/wp\\\/wp-content\\\/uploads\\\/2020\\\/04\\\/conte.jpg\",\"contentUrl\":\"https:\\\/\\\/www.ilnotiziario.net\\\/wp\\\/wp-content\\\/uploads\\\/2020\\\/04\\\/conte.jpg\",\"width\":1423,\"height\":805},{\"@type\":\"BreadcrumbList\",\"@id\":\"https:\\\/\\\/www.ilnotiziario.net\\\/wp\\\/prima-pagina\\\/coronavirus-conte-mascherine-bar-parrucchieri\\\/#breadcrumb\",\"itemListElement\":[{\"@type\":\"ListItem\",\"position\":1,\"name\":\"tds_text_logo_tagline_colortds_text_logo_tagline_colortds_text_logo_tagline_colortds_text_logo_tagline_colortd_module_7_title_excerpttd_module_7_title_excerpttd_module_7_title_excerpttd_module_7_title_excerptHome\",\"item\":\"https:\\\/\\\/www.ilnotiziario.net\\\/wp\\\/\"},{\"@type\":\"ListItem\",\"position\":2,\"name\":\"Coronavirus, Conte: &#8220;Mascherine a 50 centesimi. Bar, parrucchieri aperti dal 1 giugno&#8221;\"}]},{\"@type\":\"WebSite\",\"@id\":\"https:\\\/\\\/www.ilnotiziario.net\\\/wp\\\/#website\",\"url\":\"https:\\\/\\\/www.ilnotiziario.net\\\/wp\\\/\",\"name\":\"Il Notiziario\",\"description\":\"Per restare sempre connessi alla notizia\",\"publisher\":{\"@id\":\"https:\\\/\\\/www.ilnotiziario.net\\\/wp\\\/#organization\"},\"alternateName\":\"Il Notiziario Bollate\",\"potentialAction\":[{\"@type\":\"SearchAction\",\"target\":{\"@type\":\"EntryPoint\",\"urlTemplate\":\"https:\\\/\\\/www.ilnotiziario.net\\\/wp\\\/?s={search_term_string}\"},\"query-input\":{\"@type\":\"PropertyValueSpecification\",\"valueRequired\":true,\"valueName\":\"search_term_string\"}}],\"inLanguage\":\"it-IT\"},{\"@type\":\"Organization\",\"@id\":\"https:\\\/\\\/www.ilnotiziario.net\\\/wp\\\/#organization\",\"name\":\"Il Notiziario\",\"url\":\"https:\\\/\\\/www.ilnotiziario.net\\\/wp\\\/\",\"logo\":{\"@type\":\"ImageObject\",\"inLanguage\":\"it-IT\",\"@id\":\"https:\\\/\\\/www.ilnotiziario.net\\\/wp\\\/#\\\/schema\\\/logo\\\/image\\\/\",\"url\":\"https:\\\/\\\/www.ilnotiziario.net\\\/wp\\\/wp-content\\\/uploads\\\/2022\\\/06\\\/170x170ilN.png\",\"contentUrl\":\"https:\\\/\\\/www.ilnotiziario.net\\\/wp\\\/wp-content\\\/uploads\\\/2022\\\/06\\\/170x170ilN.png\",\"width\":355,\"height\":355,\"caption\":\"Il Notiziario\"},\"image\":{\"@id\":\"https:\\\/\\\/www.ilnotiziario.net\\\/wp\\\/#\\\/schema\\\/logo\\\/image\\\/\"},\"sameAs\":[\"https:\\\/\\\/www.facebook.com\\\/ilnotiziarioind\\\/\",\"https:\\\/\\\/x.com\\\/ilNotiziarioInd\",\"https:\\\/\\\/www.instagram.com\\\/ilnotiziario_settimanale\\\/\"]},{\"@type\":\"Person\",\"@id\":\"https:\\\/\\\/www.ilnotiziario.net\\\/wp\\\/#\\\/schema\\\/person\\\/c218ad0865f96bfe2c1c2cfa719653f7\",\"name\":\"Simone Carcano\",\"image\":{\"@type\":\"ImageObject\",\"inLanguage\":\"it-IT\",\"@id\":\"https:\\\/\\\/secure.gravatar.com\\\/avatar\\\/5e677023cff2c47e9f7a896b9157a46e18bd36e7c4d000a1726bb730be7d38bb?s=96&d=mm&r=g\",\"url\":\"https:\\\/\\\/secure.gravatar.com\\\/avatar\\\/5e677023cff2c47e9f7a896b9157a46e18bd36e7c4d000a1726bb730be7d38bb?s=96&d=mm&r=g\",\"contentUrl\":\"https:\\\/\\\/secure.gravatar.com\\\/avatar\\\/5e677023cff2c47e9f7a896b9157a46e18bd36e7c4d000a1726bb730be7d38bb?s=96&d=mm&r=g\",\"caption\":\"Simone Carcano\"},\"sameAs\":[\"http:\\\/\\\/www.ilnotiziario.net\",\"https:\\\/\\\/x.com\\\/@simone_carcano\"]}]}<\/script>\n<!-- \/ Yoast SEO plugin. -->","yoast_head_json":{"title":"Coronavirus, Conte: \"Mascherine a 50 centesimi. Bar, parrucchieri aperti dal 1 giugno\"","description":"\"Dovremo adottare tutte le protezioni e i dispositivi. Calmieriamo i prezzi di mercato delle mascherine. Elimineremo l'Iva. Il prezzo dovrebbe essere","robots":{"index":"index","follow":"follow","max-snippet":"max-snippet:-1","max-image-preview":"max-image-preview:large","max-video-preview":"max-video-preview:-1"},"canonical":"https:\/\/www.ilnotiziario.net\/wp\/prima-pagina\/coronavirus-conte-mascherine-bar-parrucchieri\/","og_locale":"it_IT","og_type":"article","og_title":"Coronavirus, Conte: \"Mascherine a 50 centesimi. Bar, parrucchieri aperti dal 1 giugno\"","og_description":"\"Dovremo adottare tutte le protezioni e i dispositivi. Calmieriamo i prezzi di mercato delle mascherine. Elimineremo l'Iva. Il prezzo dovrebbe essere","og_url":"https:\/\/www.ilnotiziario.net\/wp\/prima-pagina\/coronavirus-conte-mascherine-bar-parrucchieri\/","og_site_name":"Il Notiziario","article_publisher":"https:\/\/www.facebook.com\/ilnotiziarioind\/","article_published_time":"2020-04-26T18:56:26+00:00","article_modified_time":"2020-04-26T22:25:09+00:00","og_image":[{"width":1423,"height":805,"url":"https:\/\/www.ilnotiziario.net\/wp\/wp-content\/uploads\/2020\/04\/conte.jpg","type":"image\/jpeg"}],"author":"Simone Carcano","twitter_card":"summary_large_image","twitter_creator":"@simone_carcano","twitter_site":"@ilNotiziarioInd","twitter_misc":{"Scritto da":"Simone Carcano","Tempo di lettura stimato":"2 minuti"},"schema":{"@context":"https:\/\/schema.org","@graph":[{"@type":"Article","@id":"https:\/\/www.ilnotiziario.net\/wp\/prima-pagina\/coronavirus-conte-mascherine-bar-parrucchieri\/#article","isPartOf":{"@id":"https:\/\/www.ilnotiziario.net\/wp\/prima-pagina\/coronavirus-conte-mascherine-bar-parrucchieri\/"},"author":{"name":"Simone Carcano","@id":"https:\/\/www.ilnotiziario.net\/wp\/#\/schema\/person\/c218ad0865f96bfe2c1c2cfa719653f7"},"headline":"Coronavirus, Conte: &#8220;Mascherine a 50 centesimi. Bar, parrucchieri aperti dal 1 giugno&#8221;","datePublished":"2020-04-26T18:56:26+00:00","dateModified":"2020-04-26T22:25:09+00:00","mainEntityOfPage":{"@id":"https:\/\/www.ilnotiziario.net\/wp\/prima-pagina\/coronavirus-conte-mascherine-bar-parrucchieri\/"},"wordCount":352,"publisher":{"@id":"https:\/\/www.ilnotiziario.net\/wp\/#organization"},"image":{"@id":"https:\/\/www.ilnotiziario.net\/wp\/prima-pagina\/coronavirus-conte-mascherine-bar-parrucchieri\/#primaryimage"},"thumbnailUrl":"https:\/\/www.ilnotiziario.net\/wp\/wp-content\/uploads\/2020\/04\/conte.jpg","articleSection":["Prima Pagina"],"inLanguage":"it-IT"},{"@type":"WebPage","@id":"https:\/\/www.ilnotiziario.net\/wp\/prima-pagina\/coronavirus-conte-mascherine-bar-parrucchieri\/","url":"https:\/\/www.ilnotiziario.net\/wp\/prima-pagina\/coronavirus-conte-mascherine-bar-parrucchieri\/","name":"Coronavirus, Conte: \"Mascherine a 50 centesimi. Bar, parrucchieri aperti dal 1 giugno\"","isPartOf":{"@id":"https:\/\/www.ilnotiziario.net\/wp\/#website"},"primaryImageOfPage":{"@id":"https:\/\/www.ilnotiziario.net\/wp\/prima-pagina\/coronavirus-conte-mascherine-bar-parrucchieri\/#primaryimage"},"image":{"@id":"https:\/\/www.ilnotiziario.net\/wp\/prima-pagina\/coronavirus-conte-mascherine-bar-parrucchieri\/#primaryimage"},"thumbnailUrl":"https:\/\/www.ilnotiziario.net\/wp\/wp-content\/uploads\/2020\/04\/conte.jpg","datePublished":"2020-04-26T18:56:26+00:00","dateModified":"2020-04-26T22:25:09+00:00","description":"\"Dovremo adottare tutte le protezioni e i dispositivi. Calmieriamo i prezzi di mercato delle mascherine. Elimineremo l'Iva. Il prezzo dovrebbe essere","breadcrumb":{"@id":"https:\/\/www.ilnotiziario.net\/wp\/prima-pagina\/coronavirus-conte-mascherine-bar-parrucchieri\/#breadcrumb"},"inLanguage":"it-IT","potentialAction":[{"@type":"ReadAction","target":["https:\/\/www.ilnotiziario.net\/wp\/prima-pagina\/coronavirus-conte-mascherine-bar-parrucchieri\/"]}]},{"@type":"ImageObject","inLanguage":"it-IT","@id":"https:\/\/www.ilnotiziario.net\/wp\/prima-pagina\/coronavirus-conte-mascherine-bar-parrucchieri\/#primaryimage","url":"https:\/\/www.ilnotiziario.net\/wp\/wp-content\/uploads\/2020\/04\/conte.jpg","contentUrl":"https:\/\/www.ilnotiziario.net\/wp\/wp-content\/uploads\/2020\/04\/conte.jpg","width":1423,"height":805},{"@type":"BreadcrumbList","@id":"https:\/\/www.ilnotiziario.net\/wp\/prima-pagina\/coronavirus-conte-mascherine-bar-parrucchieri\/#breadcrumb","itemListElement":[{"@type":"ListItem","position":1,"name":"tds_text_logo_tagline_colortds_text_logo_tagline_colortds_text_logo_tagline_colortds_text_logo_tagline_colortd_module_7_title_excerpttd_module_7_title_excerpttd_module_7_title_excerpttd_module_7_title_excerptHome","item":"https:\/\/www.ilnotiziario.net\/wp\/"},{"@type":"ListItem","position":2,"name":"Coronavirus, Conte: &#8220;Mascherine a 50 centesimi. Bar, parrucchieri aperti dal 1 giugno&#8221;"}]},{"@type":"WebSite","@id":"https:\/\/www.ilnotiziario.net\/wp\/#website","url":"https:\/\/www.ilnotiziario.net\/wp\/","name":"Il Notiziario","description":"Per restare sempre connessi alla notizia","publisher":{"@id":"https:\/\/www.ilnotiziario.net\/wp\/#organization"},"alternateName":"Il Notiziario Bollate","potentialAction":[{"@type":"SearchAction","target":{"@type":"EntryPoint","urlTemplate":"https:\/\/www.ilnotiziario.net\/wp\/?s={search_term_string}"},"query-input":{"@type":"PropertyValueSpecification","valueRequired":true,"valueName":"search_term_string"}}],"inLanguage":"it-IT"},{"@type":"Organization","@id":"https:\/\/www.ilnotiziario.net\/wp\/#organization","name":"Il Notiziario","url":"https:\/\/www.ilnotiziario.net\/wp\/","logo":{"@type":"ImageObject","inLanguage":"it-IT","@id":"https:\/\/www.ilnotiziario.net\/wp\/#\/schema\/logo\/image\/","url":"https:\/\/www.ilnotiziario.net\/wp\/wp-content\/uploads\/2022\/06\/170x170ilN.png","contentUrl":"https:\/\/www.ilnotiziario.net\/wp\/wp-content\/uploads\/2022\/06\/170x170ilN.png","width":355,"height":355,"caption":"Il Notiziario"},"image":{"@id":"https:\/\/www.ilnotiziario.net\/wp\/#\/schema\/logo\/image\/"},"sameAs":["https:\/\/www.facebook.com\/ilnotiziarioind\/","https:\/\/x.com\/ilNotiziarioInd","https:\/\/www.instagram.com\/ilnotiziario_settimanale\/"]},{"@type":"Person","@id":"https:\/\/www.ilnotiziario.net\/wp\/#\/schema\/person\/c218ad0865f96bfe2c1c2cfa719653f7","name":"Simone Carcano","image":{"@type":"ImageObject","inLanguage":"it-IT","@id":"https:\/\/secure.gravatar.com\/avatar\/5e677023cff2c47e9f7a896b9157a46e18bd36e7c4d000a1726bb730be7d38bb?s=96&d=mm&r=g","url":"https:\/\/secure.gravatar.com\/avatar\/5e677023cff2c47e9f7a896b9157a46e18bd36e7c4d000a1726bb730be7d38bb?s=96&d=mm&r=g","contentUrl":"https:\/\/secure.gravatar.com\/avatar\/5e677023cff2c47e9f7a896b9157a46e18bd36e7c4d000a1726bb730be7d38bb?s=96&d=mm&r=g","caption":"Simone Carcano"},"sameAs":["http:\/\/www.ilnotiziario.net","https:\/\/x.com\/@simone_carcano"]}]}},"_links":{"self":[{"href":"https:\/\/www.ilnotiziario.net\/wp\/wp-json\/wp\/v2\/posts\/56280","targetHints":{"allow":["GET"]}}],"collection":[{"href":"https:\/\/www.ilnotiziario.net\/wp\/wp-json\/wp\/v2\/posts"}],"about":[{"href":"https:\/\/www.ilnotiziario.net\/wp\/wp-json\/wp\/v2\/types\/post"}],"author":[{"embeddable":true,"href":"https:\/\/www.ilnotiziario.net\/wp\/wp-json\/wp\/v2\/users\/7"}],"replies":[{"embeddable":true,"href":"https:\/\/www.ilnotiziario.net\/wp\/wp-json\/wp\/v2\/comments?post=56280"}],"version-history":[{"count":0,"href":"https:\/\/www.ilnotiziario.net\/wp\/wp-json\/wp\/v2\/posts\/56280\/revisions"}],"wp:featuredmedia":[{"embeddable":true,"href":"https:\/\/www.ilnotiziario.net\/wp\/wp-json\/wp\/v2\/media\/56285"}],"wp:attachment":[{"href":"https:\/\/www.ilnotiziario.net\/wp\/wp-json\/wp\/v2\/media?parent=56280"}],"wp:term":[{"taxonomy":"category","embeddable":true,"href":"https:\/\/www.ilnotiziario.net\/wp\/wp-json\/wp\/v2\/categories?post=56280"},{"taxonomy":"post_tag","embeddable":true,"href":"https:\/\/www.ilnotiziario.net\/wp\/wp-json\/wp\/v2\/tags?post=56280"}],"curies":[{"name":"wp","href":"https:\/\/api.w.org\/{rel}","templated":true}]}}