{"id":57842,"date":"2020-04-27T21:13:45","date_gmt":"2020-04-27T19:13:45","guid":{"rendered":"https:\/\/www.ilnotiziario.net\/wp\/?p=57842"},"modified":"2020-04-27T21:20:52","modified_gmt":"2020-04-27T19:20:52","slug":"fase-2-conte-milano-visite-parenti-amici","status":"publish","type":"post","link":"https:\/\/www.ilnotiziario.net\/wp\/prima-pagina\/fase-2-conte-milano-visite-parenti-amici\/","title":{"rendered":"Fase 2, Conte a Milano: &#8220;S\u00ec alle visite ai parenti, non agli amici dal 4 maggio&#8221;"},"content":{"rendered":"<p><img fetchpriority=\"high\" decoding=\"async\" class=\"size-medium wp-image-57843 alignleft\" src=\"https:\/\/www.ilnotiziario.net\/wp\/wp-content\/uploads\/2020\/04\/conte-milano-300x168.jpg\" alt=\"\" width=\"300\" height=\"168\" srcset=\"https:\/\/www.ilnotiziario.net\/wp\/wp-content\/uploads\/2020\/04\/conte-milano-300x168.jpg 300w, https:\/\/www.ilnotiziario.net\/wp\/wp-content\/uploads\/2020\/04\/conte-milano-696x390.jpg 696w, https:\/\/www.ilnotiziario.net\/wp\/wp-content\/uploads\/2020\/04\/conte-milano.jpg 748w\" sizes=\"(max-width: 300px) 100vw, 300px\" \/>\u201cCongiunti <strong>non significa che si potr\u00e0 andare a trovare amici a fare festa.<\/strong> Ma parenti con relazioni affettive. Non si potr\u00e0 ritrovarsi nelle case perch\u00e9 <strong>un quarto dei contagi avviene tra le mura domestiche<\/strong>\u201d. Lo dice Giuseppe Conte in visita in Lombardia. Dopo l\u2019incontro in Prefettura con il governatore di Regione Lombardia, il presidente del consiglio ha puntualizzato alcuni aspetti dopo l\u2019annuncio della Fase 2.<\/p><div id=\"ilnot-3753347105\" class=\"ilnot-contenuto ilnot-entity-placement\"><p><!-- incontent_1 --><\/p>\n<div class=\"gptslot\" data-adunitid=\"1\"><\/div>\n<\/div>\n<p>\u201cMolti cittadini <strong>non sono rimasti contenti dell\u2019ultimo decreto<\/strong>, lo stiamo rivedendo. Non ci sono le condizioni per tornare alla normalit\u00e0. La fase 2 \u00e8 quella della convivenza con il virus, <strong>non quella del liberi tutti<\/strong>. Abbiamo 105mila contagiati, se si affrontasse questa fase senza un atteggiamento prudente avremmo la conseguenza di comportamenti imprudenti e la curva epidemiologica ci sfuggirebbe di mano\u201d, ha dichiarato il premier Conte.<\/p>\n<p>Ha anche annunciato <strong>un protocollo per partecipare alle funzioni liturgiche<\/strong> nelle chiese. Dal 4 maggio saranno consentiti i funerali \u201ccon un massimo di 15 persone e preferibilmente all\u2019aperto\u201d, come riportato nella bozza di ieri.<\/p><div id=\"ilnot-2456577468\" class=\"ilnot-contenuto_2 ilnot-entity-placement\"><div class=\"ads-wrapper\">\n<div class=\"ad-slot\">\n   <div id=\"ilnot-3772905592\" style=\"margin-right: auto;margin-left: auto;text-align: center;width: 320px;height: 100px;\"><a href=\"https:\/\/www.scuolasicurezza.it\/\"><img decoding=\"async\" src=\"https:\/\/www.ilnotiziario.net\/wp\/wp-content\/uploads\/2026\/04\/IlNotiziario_banner-sito-e-newsletter-320-x-100-px-1.gif\" alt=\"\"><\/a><\/div>\n  <\/div>\n<div class=\"ad-slot\">\n   <div id=\"ilnot-2785112447\" style=\"margin-right: auto;margin-left: auto;text-align: center;width: 320px;height: 100px;\"><a href=\"https:\/\/purodesignarredamenti.com\/\"><img decoding=\"async\" src=\"https:\/\/www.ilnotiziario.net\/wp\/wp-content\/uploads\/2026\/04\/banner-puro-ok.gif\" alt=\"whatsapp\"><\/a><\/div><\/p><\/div>\n<\/div>\n<\/div>\n<p>\u201cCon questo provvedimento mandiamo al lavoro 4 milioni e mezzo di lavoratori che <strong>utilizzeranno anche i mezzi pubblici<\/strong> che creeranno condizioni di contagio. E poi ci sar\u00e0 un altro il blocco il 18 maggio e un altro il 1 giugno. Non possiamo essere imprudenti lo dobbiamo a chi \u00e8 morto. Stiamo facendo tanti sacrifici non \u00e8 il momento di mollare\u201d, ha ribadito Conte. Proprio la gestione del trasporto pubblico \u00e8 stato tra i punti affrontati con Fontana. &#8220;E&#8217; imperativo definire chi pu\u00f2 occuparsi, e con quale titolo (i funzionari \/ controllori delle aziende di trasporto non sono pubblici ufficiali), dei controlli all\u2019ingresso delle stazioni e sui mezzi pubblici e del mantenimento delle distanze al loro interno&#8221;, ha detto il governatore. A proposito del sostegno alle famiglie \u00e8 stata affrontata la necessit\u00e0 di coniugare <strong>il rientro al lavoro dei genitori<\/strong> con la gestione dei figli e ipotesi di congedi parentali: &#8220;Il 50% della retribuzione non \u00e8 sufficiente&#8221;, ha detto Fontana che si \u00e8 occupato anche dei <strong>sostegni alle imprese<\/strong>. &#8220;C&#8217;\u00e8 la necessit\u00e0 di rispondere in tempi rapidi alle richieste delle aziende e semplificazione per far ripartire i cantieri e le attivit\u00e0 produttive&#8221;.<\/p>\n<p>Dal 4 maggio sar\u00e0 consentito fare attivit\u00e0 sportiva anche lontano da casa, ci sar\u00e0 libero sfogo all\u2019<strong>attivit\u00e0 motoria nei parchi pubblici<\/strong>. \u201cAlleviamo le sofferenze anche psicologiche che tutti stiamo affrontando\u201d, ha detto Conte. Sar\u00e0 a Brescia, a Bergamo, poi a Codogno, Lodi, Piacenza. \u201cTorner\u00f2 presto, questa \u00e8 la fase di grande emergenza ma che do meno intralcio\u201d.<\/p>\n","protected":false},"excerpt":{"rendered":"<p>\u201cCongiunti non significa che si potr\u00e0 andare a trovare amici a fare festa. Ma parenti con relazioni affettive. Non si potr\u00e0 ritrovarsi nelle case perch\u00e9 un quarto dei contagi avviene tra le mura domestiche\u201d. Lo dice Giuseppe Conte in visita in Lombardia. Dopo l\u2019incontro in Prefettura con il governatore di Regione Lombardia, il presidente del<\/p>\n","protected":false},"author":7,"featured_media":57843,"comment_status":"closed","ping_status":"closed","sticky":false,"template":"","format":"standard","meta":{"footnotes":""},"categories":[20],"tags":[5225,7242,38],"class_list":{"0":"post-57842","1":"post","2":"type-post","3":"status-publish","4":"format-standard","5":"has-post-thumbnail","7":"category-prima-pagina","8":"tag-conte","9":"tag-fase-2","10":"tag-milano"},"yoast_head":"<!-- This site is optimized with the Yoast SEO plugin v27.4 - https:\/\/yoast.com\/product\/yoast-seo-wordpress\/ -->\n<title>Fase 2, Conte a Milano: &quot;S\u00ec alle visite ai parenti, non agli amici dal 4 maggio&quot;<\/title>\n<meta name=\"description\" content=\"\u201cCongiunti non significa che si potr\u00e0 andare a trovare amici a fare festa. Ma parenti con relazioni affettive. Non si potr\u00e0 ritrovarsi nelle case perch\u00e9\" \/>\n<meta name=\"robots\" content=\"index, follow, max-snippet:-1, max-image-preview:large, max-video-preview:-1\" \/>\n<link rel=\"canonical\" href=\"https:\/\/www.ilnotiziario.net\/wp\/prima-pagina\/fase-2-conte-milano-visite-parenti-amici\/\" \/>\n<meta property=\"og:locale\" content=\"it_IT\" \/>\n<meta property=\"og:type\" content=\"article\" \/>\n<meta property=\"og:title\" content=\"Fase 2, Conte a Milano: &quot;S\u00ec alle visite ai parenti, non agli amici dal 4 maggio&quot;\" \/>\n<meta property=\"og:description\" content=\"\u201cCongiunti non significa che si potr\u00e0 andare a trovare amici a fare festa. Ma parenti con relazioni affettive. Non si potr\u00e0 ritrovarsi nelle case perch\u00e9\" \/>\n<meta property=\"og:url\" content=\"https:\/\/www.ilnotiziario.net\/wp\/prima-pagina\/fase-2-conte-milano-visite-parenti-amici\/\" \/>\n<meta property=\"og:site_name\" content=\"Il Notiziario\" \/>\n<meta property=\"article:publisher\" content=\"https:\/\/www.facebook.com\/ilnotiziarioind\/\" \/>\n<meta property=\"article:published_time\" content=\"2020-04-27T19:13:45+00:00\" \/>\n<meta property=\"article:modified_time\" content=\"2020-04-27T19:20:52+00:00\" \/>\n<meta property=\"og:image\" content=\"https:\/\/www.ilnotiziario.net\/wp\/wp-content\/uploads\/2020\/04\/conte-milano.jpg\" \/>\n\t<meta property=\"og:image:width\" content=\"748\" \/>\n\t<meta property=\"og:image:height\" content=\"419\" \/>\n\t<meta property=\"og:image:type\" content=\"image\/jpeg\" \/>\n<meta name=\"author\" content=\"Simone Carcano\" \/>\n<meta name=\"twitter:card\" content=\"summary_large_image\" \/>\n<meta name=\"twitter:creator\" content=\"@simone_carcano\" \/>\n<meta name=\"twitter:site\" content=\"@ilNotiziarioInd\" \/>\n<meta name=\"twitter:label1\" content=\"Scritto da\" \/>\n\t<meta name=\"twitter:data1\" content=\"Simone Carcano\" \/>\n\t<meta name=\"twitter:label2\" content=\"Tempo di lettura stimato\" \/>\n\t<meta name=\"twitter:data2\" content=\"2 minuti\" \/>\n<script type=\"application\/ld+json\" class=\"yoast-schema-graph\">{\"@context\":\"https:\\\/\\\/schema.org\",\"@graph\":[{\"@type\":\"Article\",\"@id\":\"https:\\\/\\\/www.ilnotiziario.net\\\/wp\\\/prima-pagina\\\/fase-2-conte-milano-visite-parenti-amici\\\/#article\",\"isPartOf\":{\"@id\":\"https:\\\/\\\/www.ilnotiziario.net\\\/wp\\\/prima-pagina\\\/fase-2-conte-milano-visite-parenti-amici\\\/\"},\"author\":{\"name\":\"Simone Carcano\",\"@id\":\"https:\\\/\\\/www.ilnotiziario.net\\\/wp\\\/#\\\/schema\\\/person\\\/c218ad0865f96bfe2c1c2cfa719653f7\"},\"headline\":\"Fase 2, Conte a Milano: &#8220;S\u00ec alle visite ai parenti, non agli amici dal 4 maggio&#8221;\",\"datePublished\":\"2020-04-27T19:13:45+00:00\",\"dateModified\":\"2020-04-27T19:20:52+00:00\",\"mainEntityOfPage\":{\"@id\":\"https:\\\/\\\/www.ilnotiziario.net\\\/wp\\\/prima-pagina\\\/fase-2-conte-milano-visite-parenti-amici\\\/\"},\"wordCount\":415,\"publisher\":{\"@id\":\"https:\\\/\\\/www.ilnotiziario.net\\\/wp\\\/#organization\"},\"image\":{\"@id\":\"https:\\\/\\\/www.ilnotiziario.net\\\/wp\\\/prima-pagina\\\/fase-2-conte-milano-visite-parenti-amici\\\/#primaryimage\"},\"thumbnailUrl\":\"https:\\\/\\\/www.ilnotiziario.net\\\/wp\\\/wp-content\\\/uploads\\\/2020\\\/04\\\/conte-milano.jpg\",\"keywords\":[\"Conte\",\"fase 2\",\"Milano\"],\"articleSection\":[\"Prima Pagina\"],\"inLanguage\":\"it-IT\"},{\"@type\":\"WebPage\",\"@id\":\"https:\\\/\\\/www.ilnotiziario.net\\\/wp\\\/prima-pagina\\\/fase-2-conte-milano-visite-parenti-amici\\\/\",\"url\":\"https:\\\/\\\/www.ilnotiziario.net\\\/wp\\\/prima-pagina\\\/fase-2-conte-milano-visite-parenti-amici\\\/\",\"name\":\"Fase 2, Conte a Milano: \\\"S\u00ec alle visite ai parenti, non agli amici dal 4 maggio\\\"\",\"isPartOf\":{\"@id\":\"https:\\\/\\\/www.ilnotiziario.net\\\/wp\\\/#website\"},\"primaryImageOfPage\":{\"@id\":\"https:\\\/\\\/www.ilnotiziario.net\\\/wp\\\/prima-pagina\\\/fase-2-conte-milano-visite-parenti-amici\\\/#primaryimage\"},\"image\":{\"@id\":\"https:\\\/\\\/www.ilnotiziario.net\\\/wp\\\/prima-pagina\\\/fase-2-conte-milano-visite-parenti-amici\\\/#primaryimage\"},\"thumbnailUrl\":\"https:\\\/\\\/www.ilnotiziario.net\\\/wp\\\/wp-content\\\/uploads\\\/2020\\\/04\\\/conte-milano.jpg\",\"datePublished\":\"2020-04-27T19:13:45+00:00\",\"dateModified\":\"2020-04-27T19:20:52+00:00\",\"description\":\"\u201cCongiunti non significa che si potr\u00e0 andare a trovare amici a fare festa. Ma parenti con relazioni affettive. Non si potr\u00e0 ritrovarsi nelle case perch\u00e9\",\"breadcrumb\":{\"@id\":\"https:\\\/\\\/www.ilnotiziario.net\\\/wp\\\/prima-pagina\\\/fase-2-conte-milano-visite-parenti-amici\\\/#breadcrumb\"},\"inLanguage\":\"it-IT\",\"potentialAction\":[{\"@type\":\"ReadAction\",\"target\":[\"https:\\\/\\\/www.ilnotiziario.net\\\/wp\\\/prima-pagina\\\/fase-2-conte-milano-visite-parenti-amici\\\/\"]}]},{\"@type\":\"ImageObject\",\"inLanguage\":\"it-IT\",\"@id\":\"https:\\\/\\\/www.ilnotiziario.net\\\/wp\\\/prima-pagina\\\/fase-2-conte-milano-visite-parenti-amici\\\/#primaryimage\",\"url\":\"https:\\\/\\\/www.ilnotiziario.net\\\/wp\\\/wp-content\\\/uploads\\\/2020\\\/04\\\/conte-milano.jpg\",\"contentUrl\":\"https:\\\/\\\/www.ilnotiziario.net\\\/wp\\\/wp-content\\\/uploads\\\/2020\\\/04\\\/conte-milano.jpg\",\"width\":748,\"height\":419},{\"@type\":\"BreadcrumbList\",\"@id\":\"https:\\\/\\\/www.ilnotiziario.net\\\/wp\\\/prima-pagina\\\/fase-2-conte-milano-visite-parenti-amici\\\/#breadcrumb\",\"itemListElement\":[{\"@type\":\"ListItem\",\"position\":1,\"name\":\"tds_text_logo_tagline_colortds_text_logo_tagline_colortds_text_logo_tagline_colortds_text_logo_tagline_colortd_module_7_title_excerpttd_module_7_title_excerpttd_module_7_title_excerpttd_module_7_title_excerptHome\",\"item\":\"https:\\\/\\\/www.ilnotiziario.net\\\/wp\\\/\"},{\"@type\":\"ListItem\",\"position\":2,\"name\":\"Fase 2, Conte a Milano: &#8220;S\u00ec alle visite ai parenti, non agli amici dal 4 maggio&#8221;\"}]},{\"@type\":\"WebSite\",\"@id\":\"https:\\\/\\\/www.ilnotiziario.net\\\/wp\\\/#website\",\"url\":\"https:\\\/\\\/www.ilnotiziario.net\\\/wp\\\/\",\"name\":\"Il Notiziario\",\"description\":\"Per restare sempre connessi alla notizia\",\"publisher\":{\"@id\":\"https:\\\/\\\/www.ilnotiziario.net\\\/wp\\\/#organization\"},\"alternateName\":\"Il Notiziario Bollate\",\"potentialAction\":[{\"@type\":\"SearchAction\",\"target\":{\"@type\":\"EntryPoint\",\"urlTemplate\":\"https:\\\/\\\/www.ilnotiziario.net\\\/wp\\\/?s={search_term_string}\"},\"query-input\":{\"@type\":\"PropertyValueSpecification\",\"valueRequired\":true,\"valueName\":\"search_term_string\"}}],\"inLanguage\":\"it-IT\"},{\"@type\":\"Organization\",\"@id\":\"https:\\\/\\\/www.ilnotiziario.net\\\/wp\\\/#organization\",\"name\":\"Il Notiziario\",\"url\":\"https:\\\/\\\/www.ilnotiziario.net\\\/wp\\\/\",\"logo\":{\"@type\":\"ImageObject\",\"inLanguage\":\"it-IT\",\"@id\":\"https:\\\/\\\/www.ilnotiziario.net\\\/wp\\\/#\\\/schema\\\/logo\\\/image\\\/\",\"url\":\"https:\\\/\\\/www.ilnotiziario.net\\\/wp\\\/wp-content\\\/uploads\\\/2022\\\/06\\\/170x170ilN.png\",\"contentUrl\":\"https:\\\/\\\/www.ilnotiziario.net\\\/wp\\\/wp-content\\\/uploads\\\/2022\\\/06\\\/170x170ilN.png\",\"width\":355,\"height\":355,\"caption\":\"Il Notiziario\"},\"image\":{\"@id\":\"https:\\\/\\\/www.ilnotiziario.net\\\/wp\\\/#\\\/schema\\\/logo\\\/image\\\/\"},\"sameAs\":[\"https:\\\/\\\/www.facebook.com\\\/ilnotiziarioind\\\/\",\"https:\\\/\\\/x.com\\\/ilNotiziarioInd\",\"https:\\\/\\\/www.instagram.com\\\/ilnotiziario_settimanale\\\/\"]},{\"@type\":\"Person\",\"@id\":\"https:\\\/\\\/www.ilnotiziario.net\\\/wp\\\/#\\\/schema\\\/person\\\/c218ad0865f96bfe2c1c2cfa719653f7\",\"name\":\"Simone Carcano\",\"image\":{\"@type\":\"ImageObject\",\"inLanguage\":\"it-IT\",\"@id\":\"https:\\\/\\\/secure.gravatar.com\\\/avatar\\\/5e677023cff2c47e9f7a896b9157a46e18bd36e7c4d000a1726bb730be7d38bb?s=96&d=mm&r=g\",\"url\":\"https:\\\/\\\/secure.gravatar.com\\\/avatar\\\/5e677023cff2c47e9f7a896b9157a46e18bd36e7c4d000a1726bb730be7d38bb?s=96&d=mm&r=g\",\"contentUrl\":\"https:\\\/\\\/secure.gravatar.com\\\/avatar\\\/5e677023cff2c47e9f7a896b9157a46e18bd36e7c4d000a1726bb730be7d38bb?s=96&d=mm&r=g\",\"caption\":\"Simone Carcano\"},\"sameAs\":[\"http:\\\/\\\/www.ilnotiziario.net\",\"https:\\\/\\\/x.com\\\/@simone_carcano\"]}]}<\/script>\n<!-- \/ Yoast SEO plugin. -->","yoast_head_json":{"title":"Fase 2, Conte a Milano: \"S\u00ec alle visite ai parenti, non agli amici dal 4 maggio\"","description":"\u201cCongiunti non significa che si potr\u00e0 andare a trovare amici a fare festa. Ma parenti con relazioni affettive. Non si potr\u00e0 ritrovarsi nelle case perch\u00e9","robots":{"index":"index","follow":"follow","max-snippet":"max-snippet:-1","max-image-preview":"max-image-preview:large","max-video-preview":"max-video-preview:-1"},"canonical":"https:\/\/www.ilnotiziario.net\/wp\/prima-pagina\/fase-2-conte-milano-visite-parenti-amici\/","og_locale":"it_IT","og_type":"article","og_title":"Fase 2, Conte a Milano: \"S\u00ec alle visite ai parenti, non agli amici dal 4 maggio\"","og_description":"\u201cCongiunti non significa che si potr\u00e0 andare a trovare amici a fare festa. Ma parenti con relazioni affettive. Non si potr\u00e0 ritrovarsi nelle case perch\u00e9","og_url":"https:\/\/www.ilnotiziario.net\/wp\/prima-pagina\/fase-2-conte-milano-visite-parenti-amici\/","og_site_name":"Il Notiziario","article_publisher":"https:\/\/www.facebook.com\/ilnotiziarioind\/","article_published_time":"2020-04-27T19:13:45+00:00","article_modified_time":"2020-04-27T19:20:52+00:00","og_image":[{"width":748,"height":419,"url":"https:\/\/www.ilnotiziario.net\/wp\/wp-content\/uploads\/2020\/04\/conte-milano.jpg","type":"image\/jpeg"}],"author":"Simone Carcano","twitter_card":"summary_large_image","twitter_creator":"@simone_carcano","twitter_site":"@ilNotiziarioInd","twitter_misc":{"Scritto da":"Simone Carcano","Tempo di lettura stimato":"2 minuti"},"schema":{"@context":"https:\/\/schema.org","@graph":[{"@type":"Article","@id":"https:\/\/www.ilnotiziario.net\/wp\/prima-pagina\/fase-2-conte-milano-visite-parenti-amici\/#article","isPartOf":{"@id":"https:\/\/www.ilnotiziario.net\/wp\/prima-pagina\/fase-2-conte-milano-visite-parenti-amici\/"},"author":{"name":"Simone Carcano","@id":"https:\/\/www.ilnotiziario.net\/wp\/#\/schema\/person\/c218ad0865f96bfe2c1c2cfa719653f7"},"headline":"Fase 2, Conte a Milano: &#8220;S\u00ec alle visite ai parenti, non agli amici dal 4 maggio&#8221;","datePublished":"2020-04-27T19:13:45+00:00","dateModified":"2020-04-27T19:20:52+00:00","mainEntityOfPage":{"@id":"https:\/\/www.ilnotiziario.net\/wp\/prima-pagina\/fase-2-conte-milano-visite-parenti-amici\/"},"wordCount":415,"publisher":{"@id":"https:\/\/www.ilnotiziario.net\/wp\/#organization"},"image":{"@id":"https:\/\/www.ilnotiziario.net\/wp\/prima-pagina\/fase-2-conte-milano-visite-parenti-amici\/#primaryimage"},"thumbnailUrl":"https:\/\/www.ilnotiziario.net\/wp\/wp-content\/uploads\/2020\/04\/conte-milano.jpg","keywords":["Conte","fase 2","Milano"],"articleSection":["Prima Pagina"],"inLanguage":"it-IT"},{"@type":"WebPage","@id":"https:\/\/www.ilnotiziario.net\/wp\/prima-pagina\/fase-2-conte-milano-visite-parenti-amici\/","url":"https:\/\/www.ilnotiziario.net\/wp\/prima-pagina\/fase-2-conte-milano-visite-parenti-amici\/","name":"Fase 2, Conte a Milano: \"S\u00ec alle visite ai parenti, non agli amici dal 4 maggio\"","isPartOf":{"@id":"https:\/\/www.ilnotiziario.net\/wp\/#website"},"primaryImageOfPage":{"@id":"https:\/\/www.ilnotiziario.net\/wp\/prima-pagina\/fase-2-conte-milano-visite-parenti-amici\/#primaryimage"},"image":{"@id":"https:\/\/www.ilnotiziario.net\/wp\/prima-pagina\/fase-2-conte-milano-visite-parenti-amici\/#primaryimage"},"thumbnailUrl":"https:\/\/www.ilnotiziario.net\/wp\/wp-content\/uploads\/2020\/04\/conte-milano.jpg","datePublished":"2020-04-27T19:13:45+00:00","dateModified":"2020-04-27T19:20:52+00:00","description":"\u201cCongiunti non significa che si potr\u00e0 andare a trovare amici a fare festa. Ma parenti con relazioni affettive. Non si potr\u00e0 ritrovarsi nelle case perch\u00e9","breadcrumb":{"@id":"https:\/\/www.ilnotiziario.net\/wp\/prima-pagina\/fase-2-conte-milano-visite-parenti-amici\/#breadcrumb"},"inLanguage":"it-IT","potentialAction":[{"@type":"ReadAction","target":["https:\/\/www.ilnotiziario.net\/wp\/prima-pagina\/fase-2-conte-milano-visite-parenti-amici\/"]}]},{"@type":"ImageObject","inLanguage":"it-IT","@id":"https:\/\/www.ilnotiziario.net\/wp\/prima-pagina\/fase-2-conte-milano-visite-parenti-amici\/#primaryimage","url":"https:\/\/www.ilnotiziario.net\/wp\/wp-content\/uploads\/2020\/04\/conte-milano.jpg","contentUrl":"https:\/\/www.ilnotiziario.net\/wp\/wp-content\/uploads\/2020\/04\/conte-milano.jpg","width":748,"height":419},{"@type":"BreadcrumbList","@id":"https:\/\/www.ilnotiziario.net\/wp\/prima-pagina\/fase-2-conte-milano-visite-parenti-amici\/#breadcrumb","itemListElement":[{"@type":"ListItem","position":1,"name":"tds_text_logo_tagline_colortds_text_logo_tagline_colortds_text_logo_tagline_colortds_text_logo_tagline_colortd_module_7_title_excerpttd_module_7_title_excerpttd_module_7_title_excerpttd_module_7_title_excerptHome","item":"https:\/\/www.ilnotiziario.net\/wp\/"},{"@type":"ListItem","position":2,"name":"Fase 2, Conte a Milano: &#8220;S\u00ec alle visite ai parenti, non agli amici dal 4 maggio&#8221;"}]},{"@type":"WebSite","@id":"https:\/\/www.ilnotiziario.net\/wp\/#website","url":"https:\/\/www.ilnotiziario.net\/wp\/","name":"Il Notiziario","description":"Per restare sempre connessi alla notizia","publisher":{"@id":"https:\/\/www.ilnotiziario.net\/wp\/#organization"},"alternateName":"Il Notiziario Bollate","potentialAction":[{"@type":"SearchAction","target":{"@type":"EntryPoint","urlTemplate":"https:\/\/www.ilnotiziario.net\/wp\/?s={search_term_string}"},"query-input":{"@type":"PropertyValueSpecification","valueRequired":true,"valueName":"search_term_string"}}],"inLanguage":"it-IT"},{"@type":"Organization","@id":"https:\/\/www.ilnotiziario.net\/wp\/#organization","name":"Il Notiziario","url":"https:\/\/www.ilnotiziario.net\/wp\/","logo":{"@type":"ImageObject","inLanguage":"it-IT","@id":"https:\/\/www.ilnotiziario.net\/wp\/#\/schema\/logo\/image\/","url":"https:\/\/www.ilnotiziario.net\/wp\/wp-content\/uploads\/2022\/06\/170x170ilN.png","contentUrl":"https:\/\/www.ilnotiziario.net\/wp\/wp-content\/uploads\/2022\/06\/170x170ilN.png","width":355,"height":355,"caption":"Il Notiziario"},"image":{"@id":"https:\/\/www.ilnotiziario.net\/wp\/#\/schema\/logo\/image\/"},"sameAs":["https:\/\/www.facebook.com\/ilnotiziarioind\/","https:\/\/x.com\/ilNotiziarioInd","https:\/\/www.instagram.com\/ilnotiziario_settimanale\/"]},{"@type":"Person","@id":"https:\/\/www.ilnotiziario.net\/wp\/#\/schema\/person\/c218ad0865f96bfe2c1c2cfa719653f7","name":"Simone Carcano","image":{"@type":"ImageObject","inLanguage":"it-IT","@id":"https:\/\/secure.gravatar.com\/avatar\/5e677023cff2c47e9f7a896b9157a46e18bd36e7c4d000a1726bb730be7d38bb?s=96&d=mm&r=g","url":"https:\/\/secure.gravatar.com\/avatar\/5e677023cff2c47e9f7a896b9157a46e18bd36e7c4d000a1726bb730be7d38bb?s=96&d=mm&r=g","contentUrl":"https:\/\/secure.gravatar.com\/avatar\/5e677023cff2c47e9f7a896b9157a46e18bd36e7c4d000a1726bb730be7d38bb?s=96&d=mm&r=g","caption":"Simone Carcano"},"sameAs":["http:\/\/www.ilnotiziario.net","https:\/\/x.com\/@simone_carcano"]}]}},"_links":{"self":[{"href":"https:\/\/www.ilnotiziario.net\/wp\/wp-json\/wp\/v2\/posts\/57842","targetHints":{"allow":["GET"]}}],"collection":[{"href":"https:\/\/www.ilnotiziario.net\/wp\/wp-json\/wp\/v2\/posts"}],"about":[{"href":"https:\/\/www.ilnotiziario.net\/wp\/wp-json\/wp\/v2\/types\/post"}],"author":[{"embeddable":true,"href":"https:\/\/www.ilnotiziario.net\/wp\/wp-json\/wp\/v2\/users\/7"}],"replies":[{"embeddable":true,"href":"https:\/\/www.ilnotiziario.net\/wp\/wp-json\/wp\/v2\/comments?post=57842"}],"version-history":[{"count":0,"href":"https:\/\/www.ilnotiziario.net\/wp\/wp-json\/wp\/v2\/posts\/57842\/revisions"}],"wp:featuredmedia":[{"embeddable":true,"href":"https:\/\/www.ilnotiziario.net\/wp\/wp-json\/wp\/v2\/media\/57843"}],"wp:attachment":[{"href":"https:\/\/www.ilnotiziario.net\/wp\/wp-json\/wp\/v2\/media?parent=57842"}],"wp:term":[{"taxonomy":"category","embeddable":true,"href":"https:\/\/www.ilnotiziario.net\/wp\/wp-json\/wp\/v2\/categories?post=57842"},{"taxonomy":"post_tag","embeddable":true,"href":"https:\/\/www.ilnotiziario.net\/wp\/wp-json\/wp\/v2\/tags?post=57842"}],"curies":[{"name":"wp","href":"https:\/\/api.w.org\/{rel}","templated":true}]}}