{"id":65978,"date":"2020-05-03T20:48:15","date_gmt":"2020-05-03T18:48:15","guid":{"rendered":"https:\/\/www.ilnotiziario.net\/wp\/?p=65978"},"modified":"2020-05-03T20:48:15","modified_gmt":"2020-05-03T18:48:15","slug":"fase-2-supermercati-solaro-spesa-turni-fuori-comune","status":"publish","type":"post","link":"https:\/\/www.ilnotiziario.net\/wp\/prima-pagina\/fase-2-supermercati-solaro-spesa-turni-fuori-comune\/","title":{"rendered":"Fase 2: nei supermercati di Solaro spesa a turni prorogata fino al 16 maggio"},"content":{"rendered":"<div><img fetchpriority=\"high\" decoding=\"async\" class=\"aligncenter size-medium wp-image-52717\" src=\"https:\/\/www.ilnotiziario.net\/wp\/wp-content\/uploads\/2020\/04\/esselunga-solaro-300x169.jpg\" alt=\"solaro esselunga \" width=\"300\" height=\"169\" srcset=\"https:\/\/www.ilnotiziario.net\/wp\/wp-content\/uploads\/2020\/04\/esselunga-solaro-300x169.jpg 300w, https:\/\/www.ilnotiziario.net\/wp\/wp-content\/uploads\/2020\/04\/esselunga-solaro-1024x576.jpg 1024w, https:\/\/www.ilnotiziario.net\/wp\/wp-content\/uploads\/2020\/04\/esselunga-solaro-768x432.jpg 768w, https:\/\/www.ilnotiziario.net\/wp\/wp-content\/uploads\/2020\/04\/esselunga-solaro-1536x864.jpg 1536w, https:\/\/www.ilnotiziario.net\/wp\/wp-content\/uploads\/2020\/04\/esselunga-solaro-696x392.jpg 696w, https:\/\/www.ilnotiziario.net\/wp\/wp-content\/uploads\/2020\/04\/esselunga-solaro-1392x783.jpg 1392w, https:\/\/www.ilnotiziario.net\/wp\/wp-content\/uploads\/2020\/04\/esselunga-solaro-1068x601.jpg 1068w, https:\/\/www.ilnotiziario.net\/wp\/wp-content\/uploads\/2020\/04\/esselunga-solaro.jpg 1600w\" sizes=\"(max-width: 300px) 100vw, 300px\" \/>Anche per le prossime due settimane di Fase 2, a Solaro la spesa nei supermercati sar\u00e0 regolata a turni in base al giorno di nascita, come \u00e8 avvenuto nelle ultime 3 settimane.&nbsp;<\/div>\n<div>&nbsp;<\/div>\n<div>Il sindaco Nilde Moretti infatti,&nbsp; &nbsp; ha deciso di prorogare l\u2019ordinanza per gli accessi scaglionati ai centri di vendita di media e grande distribuzione del territorio comunale.<\/div>\n<div>Si continuer\u00e0<strong> a procedere con il metodo delle decadi di nascita, secondo il seguente calendario:<\/strong>\u2022 Nati dal giorno 1 al 10 del mese: luned\u00ec 4 maggio, gioved\u00ec 7 maggio, luned\u00ec 11 maggio, gioved\u00ec 14 maggio;<br \/>\n\u2022 Nati dal giorno 11 al 20 del mese: marted\u00ec 5 maggio, venerd\u00ec 8 maggio, marted\u00ec 12 maggio, venerd\u00ec 15 maggio;<br \/>\n\u2022 Nati dal giorno 21 al 31 del mese: mercoled\u00ec 6 maggio, sabato 9 maggio, mercoled\u00ec 13 maggio, sabato 16 maggio.<br \/>\n<strong>\u2022 Rimane il libero accesso alla domenica.<\/strong><\/p><div id=\"ilnot-1919686302\" class=\"ilnot-contenuto ilnot-entity-placement\"><p><!-- incontent_1 --><\/p>\n<div class=\"gptslot\" data-adunitid=\"1\"><\/div>\n<\/div>\n<p>&#8220;Voglio ricordare a tutti -commenta il sindaco Moretti &#8211; che, <strong>per quanto allentate, le norme di comportamento non sono state annullate.<\/strong><br \/>\nDunque, teniamo alta l\u2019attenzione e continuiamo a seguirle nel dettaglio. A tal proposito, a questa Amministrazione Comunale \u00e8 risultato naturale prorogare sino al 18 maggio l\u2019ordinanza per gli accessi scaglionati ai supermercati del territorio<strong>. \u00c8 necessario continuare a mantenere le distanze e disporre delle protezioni individuali&#8221;.<\/strong><\/p>\n<\/div>\n<div>&nbsp;<\/div>\n<div>Nelle ultime ore ha tenuto banco il dibattito sulla possibilit\u00e0 di effettuare la spesa fuori comune. Va detto che <strong>n\u00e8 il Decreto del presidente del consiglio dei ministri del 26 aprile n\u00e8 le successive ordinanze regionali lo vietano espressamente<\/strong>. I sindaci per\u00f2 avevano mantenuto la linea della chiusura, almeno fino ad oggi.&nbsp;<\/div>\n<div>&nbsp;<\/div>\n<div>Venerd\u00ec 40 sindaci dell&#8217;area metropolitana di Milano <a href=\"https:\/\/www.ilnotiziario.net\/wp\/2020\/05\/02\/fase-2-spesa-fuori-comune-cimiteri-sindaci\/\"><strong>hanno scritto al prefetto per chiedere chiarimenti su questo e altri punti.&nbsp;<\/strong><\/a><\/div>\n<div>Oggi \u00e8 arrivata una spiegazione e sul tema di sono espressi in maniera esplicita i sindaci di Senago, di Cogliate e di Bollate: <strong>si pu\u00f2 uscire dal comune per andare a fare la spesa.&nbsp;<\/strong><\/div>\n<p>&nbsp;<\/p>\n<div>\n<div dir=\"ltr\" data-smartmail=\"gmail_signature\">\n<div dir=\"ltr\">\n<div>\n<div dir=\"ltr\">\n<div dir=\"ltr\">&nbsp;<\/div>\n<\/div>\n<\/div>\n<\/div>\n<\/div>\n<\/div>\n","protected":false},"excerpt":{"rendered":"<p>Anche per le prossime due settimane di Fase 2, a Solaro la spesa nei supermercati sar\u00e0 regolata a turni in base al giorno di nascita, come \u00e8 avvenuto nelle ultime 3 settimane.&nbsp; &nbsp; Il sindaco Nilde Moretti infatti,&nbsp; &nbsp; ha deciso di prorogare l\u2019ordinanza per gli accessi scaglionati ai centri di vendita di media e<\/p>\n","protected":false},"author":3,"featured_media":52717,"comment_status":"closed","ping_status":"closed","sticky":false,"template":"","format":"standard","meta":{"footnotes":""},"categories":[8,20,13],"tags":[110,286,7242,7284,183,4565],"class_list":{"0":"post-65978","1":"post","2":"type-post","3":"status-publish","4":"format-standard","5":"has-post-thumbnail","7":"category-bollatese","8":"category-prima-pagina","9":"category-saronnese","10":"tag-bollate","11":"tag-cogliate","12":"tag-fase-2","13":"tag-fuori-comune","14":"tag-senago","15":"tag-spesa"},"yoast_head":"<!-- This site is optimized with the Yoast SEO plugin v27.4 - https:\/\/yoast.com\/product\/yoast-seo-wordpress\/ -->\n<title>Fase 2: nei supermercati di Solaro spesa a turni prorogata fino al 16 maggio - Il Notiziario<\/title>\n<meta name=\"description\" content=\"Anche per le prossime due settimane di Fase 2, a Solaro la spesa nei supermercati sar\u00e0 regolata a turni in base al giorno di nascita, come \u00e8 avvenuto\" \/>\n<meta name=\"robots\" content=\"index, follow, max-snippet:-1, max-image-preview:large, max-video-preview:-1\" \/>\n<link rel=\"canonical\" href=\"https:\/\/www.ilnotiziario.net\/wp\/prima-pagina\/fase-2-supermercati-solaro-spesa-turni-fuori-comune\/\" \/>\n<meta property=\"og:locale\" content=\"it_IT\" \/>\n<meta property=\"og:type\" content=\"article\" \/>\n<meta property=\"og:title\" content=\"Fase 2: nei supermercati di Solaro spesa a turni prorogata fino al 16 maggio - Il Notiziario\" \/>\n<meta property=\"og:description\" content=\"Anche per le prossime due settimane di Fase 2, a Solaro la spesa nei supermercati sar\u00e0 regolata a turni in base al giorno di nascita, come \u00e8 avvenuto\" \/>\n<meta property=\"og:url\" content=\"https:\/\/www.ilnotiziario.net\/wp\/prima-pagina\/fase-2-supermercati-solaro-spesa-turni-fuori-comune\/\" \/>\n<meta property=\"og:site_name\" content=\"Il Notiziario\" \/>\n<meta property=\"article:publisher\" content=\"https:\/\/www.facebook.com\/ilnotiziarioind\/\" \/>\n<meta property=\"article:published_time\" content=\"2020-05-03T18:48:15+00:00\" \/>\n<meta property=\"og:image\" content=\"https:\/\/www.ilnotiziario.net\/wp\/wp-content\/uploads\/2020\/04\/esselunga-solaro.jpg\" \/>\n\t<meta property=\"og:image:width\" content=\"1600\" \/>\n\t<meta property=\"og:image:height\" content=\"900\" \/>\n\t<meta property=\"og:image:type\" content=\"image\/jpeg\" \/>\n<meta name=\"author\" content=\"Gabriele Bassani\" \/>\n<meta name=\"twitter:card\" content=\"summary_large_image\" \/>\n<meta name=\"twitter:creator\" content=\"@ilNotiziarioInd\" \/>\n<meta name=\"twitter:site\" content=\"@ilNotiziarioInd\" \/>\n<meta name=\"twitter:label1\" content=\"Scritto da\" \/>\n\t<meta name=\"twitter:data1\" content=\"Gabriele Bassani\" \/>\n\t<meta name=\"twitter:label2\" content=\"Tempo di lettura stimato\" \/>\n\t<meta name=\"twitter:data2\" content=\"1 minuto\" \/>\n<script type=\"application\/ld+json\" class=\"yoast-schema-graph\">{\"@context\":\"https:\\\/\\\/schema.org\",\"@graph\":[{\"@type\":\"Article\",\"@id\":\"https:\\\/\\\/www.ilnotiziario.net\\\/wp\\\/prima-pagina\\\/fase-2-supermercati-solaro-spesa-turni-fuori-comune\\\/#article\",\"isPartOf\":{\"@id\":\"https:\\\/\\\/www.ilnotiziario.net\\\/wp\\\/prima-pagina\\\/fase-2-supermercati-solaro-spesa-turni-fuori-comune\\\/\"},\"author\":{\"name\":\"Gabriele Bassani\",\"@id\":\"https:\\\/\\\/www.ilnotiziario.net\\\/wp\\\/#\\\/schema\\\/person\\\/386e222908f898bb41c033989482bbf2\"},\"headline\":\"Fase 2: nei supermercati di Solaro spesa a turni prorogata fino al 16 maggio\",\"datePublished\":\"2020-05-03T18:48:15+00:00\",\"mainEntityOfPage\":{\"@id\":\"https:\\\/\\\/www.ilnotiziario.net\\\/wp\\\/prima-pagina\\\/fase-2-supermercati-solaro-spesa-turni-fuori-comune\\\/\"},\"wordCount\":311,\"publisher\":{\"@id\":\"https:\\\/\\\/www.ilnotiziario.net\\\/wp\\\/#organization\"},\"image\":{\"@id\":\"https:\\\/\\\/www.ilnotiziario.net\\\/wp\\\/prima-pagina\\\/fase-2-supermercati-solaro-spesa-turni-fuori-comune\\\/#primaryimage\"},\"thumbnailUrl\":\"https:\\\/\\\/www.ilnotiziario.net\\\/wp\\\/wp-content\\\/uploads\\\/2020\\\/04\\\/esselunga-solaro.jpg\",\"keywords\":[\"Bollate\",\"Cogliate\",\"fase 2\",\"fuori comune\",\"Senago\",\"Spesa\"],\"articleSection\":[\"BOLLATESE\",\"Prima Pagina\",\"SARONNESE\"],\"inLanguage\":\"it-IT\"},{\"@type\":\"WebPage\",\"@id\":\"https:\\\/\\\/www.ilnotiziario.net\\\/wp\\\/prima-pagina\\\/fase-2-supermercati-solaro-spesa-turni-fuori-comune\\\/\",\"url\":\"https:\\\/\\\/www.ilnotiziario.net\\\/wp\\\/prima-pagina\\\/fase-2-supermercati-solaro-spesa-turni-fuori-comune\\\/\",\"name\":\"Fase 2: nei supermercati di Solaro spesa a turni prorogata fino al 16 maggio - Il Notiziario\",\"isPartOf\":{\"@id\":\"https:\\\/\\\/www.ilnotiziario.net\\\/wp\\\/#website\"},\"primaryImageOfPage\":{\"@id\":\"https:\\\/\\\/www.ilnotiziario.net\\\/wp\\\/prima-pagina\\\/fase-2-supermercati-solaro-spesa-turni-fuori-comune\\\/#primaryimage\"},\"image\":{\"@id\":\"https:\\\/\\\/www.ilnotiziario.net\\\/wp\\\/prima-pagina\\\/fase-2-supermercati-solaro-spesa-turni-fuori-comune\\\/#primaryimage\"},\"thumbnailUrl\":\"https:\\\/\\\/www.ilnotiziario.net\\\/wp\\\/wp-content\\\/uploads\\\/2020\\\/04\\\/esselunga-solaro.jpg\",\"datePublished\":\"2020-05-03T18:48:15+00:00\",\"description\":\"Anche per le prossime due settimane di Fase 2, a Solaro la spesa nei supermercati sar\u00e0 regolata a turni in base al giorno di nascita, come \u00e8 avvenuto\",\"breadcrumb\":{\"@id\":\"https:\\\/\\\/www.ilnotiziario.net\\\/wp\\\/prima-pagina\\\/fase-2-supermercati-solaro-spesa-turni-fuori-comune\\\/#breadcrumb\"},\"inLanguage\":\"it-IT\",\"potentialAction\":[{\"@type\":\"ReadAction\",\"target\":[\"https:\\\/\\\/www.ilnotiziario.net\\\/wp\\\/prima-pagina\\\/fase-2-supermercati-solaro-spesa-turni-fuori-comune\\\/\"]}]},{\"@type\":\"ImageObject\",\"inLanguage\":\"it-IT\",\"@id\":\"https:\\\/\\\/www.ilnotiziario.net\\\/wp\\\/prima-pagina\\\/fase-2-supermercati-solaro-spesa-turni-fuori-comune\\\/#primaryimage\",\"url\":\"https:\\\/\\\/www.ilnotiziario.net\\\/wp\\\/wp-content\\\/uploads\\\/2020\\\/04\\\/esselunga-solaro.jpg\",\"contentUrl\":\"https:\\\/\\\/www.ilnotiziario.net\\\/wp\\\/wp-content\\\/uploads\\\/2020\\\/04\\\/esselunga-solaro.jpg\",\"width\":1600,\"height\":900,\"caption\":\"solaro esselunga\"},{\"@type\":\"BreadcrumbList\",\"@id\":\"https:\\\/\\\/www.ilnotiziario.net\\\/wp\\\/prima-pagina\\\/fase-2-supermercati-solaro-spesa-turni-fuori-comune\\\/#breadcrumb\",\"itemListElement\":[{\"@type\":\"ListItem\",\"position\":1,\"name\":\"tds_text_logo_tagline_colortds_text_logo_tagline_colortds_text_logo_tagline_colortds_text_logo_tagline_colortd_module_7_title_excerpttd_module_7_title_excerpttd_module_7_title_excerpttd_module_7_title_excerptHome\",\"item\":\"https:\\\/\\\/www.ilnotiziario.net\\\/wp\\\/\"},{\"@type\":\"ListItem\",\"position\":2,\"name\":\"Fase 2: nei supermercati di Solaro spesa a turni prorogata fino al 16 maggio\"}]},{\"@type\":\"WebSite\",\"@id\":\"https:\\\/\\\/www.ilnotiziario.net\\\/wp\\\/#website\",\"url\":\"https:\\\/\\\/www.ilnotiziario.net\\\/wp\\\/\",\"name\":\"Il Notiziario\",\"description\":\"Per restare sempre connessi alla notizia\",\"publisher\":{\"@id\":\"https:\\\/\\\/www.ilnotiziario.net\\\/wp\\\/#organization\"},\"alternateName\":\"Il Notiziario Bollate\",\"potentialAction\":[{\"@type\":\"SearchAction\",\"target\":{\"@type\":\"EntryPoint\",\"urlTemplate\":\"https:\\\/\\\/www.ilnotiziario.net\\\/wp\\\/?s={search_term_string}\"},\"query-input\":{\"@type\":\"PropertyValueSpecification\",\"valueRequired\":true,\"valueName\":\"search_term_string\"}}],\"inLanguage\":\"it-IT\"},{\"@type\":\"Organization\",\"@id\":\"https:\\\/\\\/www.ilnotiziario.net\\\/wp\\\/#organization\",\"name\":\"Il Notiziario\",\"url\":\"https:\\\/\\\/www.ilnotiziario.net\\\/wp\\\/\",\"logo\":{\"@type\":\"ImageObject\",\"inLanguage\":\"it-IT\",\"@id\":\"https:\\\/\\\/www.ilnotiziario.net\\\/wp\\\/#\\\/schema\\\/logo\\\/image\\\/\",\"url\":\"https:\\\/\\\/www.ilnotiziario.net\\\/wp\\\/wp-content\\\/uploads\\\/2022\\\/06\\\/170x170ilN.png\",\"contentUrl\":\"https:\\\/\\\/www.ilnotiziario.net\\\/wp\\\/wp-content\\\/uploads\\\/2022\\\/06\\\/170x170ilN.png\",\"width\":355,\"height\":355,\"caption\":\"Il Notiziario\"},\"image\":{\"@id\":\"https:\\\/\\\/www.ilnotiziario.net\\\/wp\\\/#\\\/schema\\\/logo\\\/image\\\/\"},\"sameAs\":[\"https:\\\/\\\/www.facebook.com\\\/ilnotiziarioind\\\/\",\"https:\\\/\\\/x.com\\\/ilNotiziarioInd\",\"https:\\\/\\\/www.instagram.com\\\/ilnotiziario_settimanale\\\/\"]},{\"@type\":\"Person\",\"@id\":\"https:\\\/\\\/www.ilnotiziario.net\\\/wp\\\/#\\\/schema\\\/person\\\/386e222908f898bb41c033989482bbf2\",\"name\":\"Gabriele Bassani\",\"image\":{\"@type\":\"ImageObject\",\"inLanguage\":\"it-IT\",\"@id\":\"https:\\\/\\\/secure.gravatar.com\\\/avatar\\\/09274f4a84fa97698bde56f84b3afed61c8492d48b0550db9671b68c177479cb?s=96&d=mm&r=g\",\"url\":\"https:\\\/\\\/secure.gravatar.com\\\/avatar\\\/09274f4a84fa97698bde56f84b3afed61c8492d48b0550db9671b68c177479cb?s=96&d=mm&r=g\",\"contentUrl\":\"https:\\\/\\\/secure.gravatar.com\\\/avatar\\\/09274f4a84fa97698bde56f84b3afed61c8492d48b0550db9671b68c177479cb?s=96&d=mm&r=g\",\"caption\":\"Gabriele Bassani\"},\"sameAs\":[\"http:\\\/\\\/www.ilnotiziario.net\"]}]}<\/script>\n<!-- \/ Yoast SEO plugin. -->","yoast_head_json":{"title":"Fase 2: nei supermercati di Solaro spesa a turni prorogata fino al 16 maggio - Il Notiziario","description":"Anche per le prossime due settimane di Fase 2, a Solaro la spesa nei supermercati sar\u00e0 regolata a turni in base al giorno di nascita, come \u00e8 avvenuto","robots":{"index":"index","follow":"follow","max-snippet":"max-snippet:-1","max-image-preview":"max-image-preview:large","max-video-preview":"max-video-preview:-1"},"canonical":"https:\/\/www.ilnotiziario.net\/wp\/prima-pagina\/fase-2-supermercati-solaro-spesa-turni-fuori-comune\/","og_locale":"it_IT","og_type":"article","og_title":"Fase 2: nei supermercati di Solaro spesa a turni prorogata fino al 16 maggio - Il Notiziario","og_description":"Anche per le prossime due settimane di Fase 2, a Solaro la spesa nei supermercati sar\u00e0 regolata a turni in base al giorno di nascita, come \u00e8 avvenuto","og_url":"https:\/\/www.ilnotiziario.net\/wp\/prima-pagina\/fase-2-supermercati-solaro-spesa-turni-fuori-comune\/","og_site_name":"Il Notiziario","article_publisher":"https:\/\/www.facebook.com\/ilnotiziarioind\/","article_published_time":"2020-05-03T18:48:15+00:00","og_image":[{"width":1600,"height":900,"url":"https:\/\/www.ilnotiziario.net\/wp\/wp-content\/uploads\/2020\/04\/esselunga-solaro.jpg","type":"image\/jpeg"}],"author":"Gabriele Bassani","twitter_card":"summary_large_image","twitter_creator":"@ilNotiziarioInd","twitter_site":"@ilNotiziarioInd","twitter_misc":{"Scritto da":"Gabriele Bassani","Tempo di lettura stimato":"1 minuto"},"schema":{"@context":"https:\/\/schema.org","@graph":[{"@type":"Article","@id":"https:\/\/www.ilnotiziario.net\/wp\/prima-pagina\/fase-2-supermercati-solaro-spesa-turni-fuori-comune\/#article","isPartOf":{"@id":"https:\/\/www.ilnotiziario.net\/wp\/prima-pagina\/fase-2-supermercati-solaro-spesa-turni-fuori-comune\/"},"author":{"name":"Gabriele Bassani","@id":"https:\/\/www.ilnotiziario.net\/wp\/#\/schema\/person\/386e222908f898bb41c033989482bbf2"},"headline":"Fase 2: nei supermercati di Solaro spesa a turni prorogata fino al 16 maggio","datePublished":"2020-05-03T18:48:15+00:00","mainEntityOfPage":{"@id":"https:\/\/www.ilnotiziario.net\/wp\/prima-pagina\/fase-2-supermercati-solaro-spesa-turni-fuori-comune\/"},"wordCount":311,"publisher":{"@id":"https:\/\/www.ilnotiziario.net\/wp\/#organization"},"image":{"@id":"https:\/\/www.ilnotiziario.net\/wp\/prima-pagina\/fase-2-supermercati-solaro-spesa-turni-fuori-comune\/#primaryimage"},"thumbnailUrl":"https:\/\/www.ilnotiziario.net\/wp\/wp-content\/uploads\/2020\/04\/esselunga-solaro.jpg","keywords":["Bollate","Cogliate","fase 2","fuori comune","Senago","Spesa"],"articleSection":["BOLLATESE","Prima Pagina","SARONNESE"],"inLanguage":"it-IT"},{"@type":"WebPage","@id":"https:\/\/www.ilnotiziario.net\/wp\/prima-pagina\/fase-2-supermercati-solaro-spesa-turni-fuori-comune\/","url":"https:\/\/www.ilnotiziario.net\/wp\/prima-pagina\/fase-2-supermercati-solaro-spesa-turni-fuori-comune\/","name":"Fase 2: nei supermercati di Solaro spesa a turni prorogata fino al 16 maggio - Il Notiziario","isPartOf":{"@id":"https:\/\/www.ilnotiziario.net\/wp\/#website"},"primaryImageOfPage":{"@id":"https:\/\/www.ilnotiziario.net\/wp\/prima-pagina\/fase-2-supermercati-solaro-spesa-turni-fuori-comune\/#primaryimage"},"image":{"@id":"https:\/\/www.ilnotiziario.net\/wp\/prima-pagina\/fase-2-supermercati-solaro-spesa-turni-fuori-comune\/#primaryimage"},"thumbnailUrl":"https:\/\/www.ilnotiziario.net\/wp\/wp-content\/uploads\/2020\/04\/esselunga-solaro.jpg","datePublished":"2020-05-03T18:48:15+00:00","description":"Anche per le prossime due settimane di Fase 2, a Solaro la spesa nei supermercati sar\u00e0 regolata a turni in base al giorno di nascita, come \u00e8 avvenuto","breadcrumb":{"@id":"https:\/\/www.ilnotiziario.net\/wp\/prima-pagina\/fase-2-supermercati-solaro-spesa-turni-fuori-comune\/#breadcrumb"},"inLanguage":"it-IT","potentialAction":[{"@type":"ReadAction","target":["https:\/\/www.ilnotiziario.net\/wp\/prima-pagina\/fase-2-supermercati-solaro-spesa-turni-fuori-comune\/"]}]},{"@type":"ImageObject","inLanguage":"it-IT","@id":"https:\/\/www.ilnotiziario.net\/wp\/prima-pagina\/fase-2-supermercati-solaro-spesa-turni-fuori-comune\/#primaryimage","url":"https:\/\/www.ilnotiziario.net\/wp\/wp-content\/uploads\/2020\/04\/esselunga-solaro.jpg","contentUrl":"https:\/\/www.ilnotiziario.net\/wp\/wp-content\/uploads\/2020\/04\/esselunga-solaro.jpg","width":1600,"height":900,"caption":"solaro esselunga"},{"@type":"BreadcrumbList","@id":"https:\/\/www.ilnotiziario.net\/wp\/prima-pagina\/fase-2-supermercati-solaro-spesa-turni-fuori-comune\/#breadcrumb","itemListElement":[{"@type":"ListItem","position":1,"name":"tds_text_logo_tagline_colortds_text_logo_tagline_colortds_text_logo_tagline_colortds_text_logo_tagline_colortd_module_7_title_excerpttd_module_7_title_excerpttd_module_7_title_excerpttd_module_7_title_excerptHome","item":"https:\/\/www.ilnotiziario.net\/wp\/"},{"@type":"ListItem","position":2,"name":"Fase 2: nei supermercati di Solaro spesa a turni prorogata fino al 16 maggio"}]},{"@type":"WebSite","@id":"https:\/\/www.ilnotiziario.net\/wp\/#website","url":"https:\/\/www.ilnotiziario.net\/wp\/","name":"Il Notiziario","description":"Per restare sempre connessi alla notizia","publisher":{"@id":"https:\/\/www.ilnotiziario.net\/wp\/#organization"},"alternateName":"Il Notiziario Bollate","potentialAction":[{"@type":"SearchAction","target":{"@type":"EntryPoint","urlTemplate":"https:\/\/www.ilnotiziario.net\/wp\/?s={search_term_string}"},"query-input":{"@type":"PropertyValueSpecification","valueRequired":true,"valueName":"search_term_string"}}],"inLanguage":"it-IT"},{"@type":"Organization","@id":"https:\/\/www.ilnotiziario.net\/wp\/#organization","name":"Il Notiziario","url":"https:\/\/www.ilnotiziario.net\/wp\/","logo":{"@type":"ImageObject","inLanguage":"it-IT","@id":"https:\/\/www.ilnotiziario.net\/wp\/#\/schema\/logo\/image\/","url":"https:\/\/www.ilnotiziario.net\/wp\/wp-content\/uploads\/2022\/06\/170x170ilN.png","contentUrl":"https:\/\/www.ilnotiziario.net\/wp\/wp-content\/uploads\/2022\/06\/170x170ilN.png","width":355,"height":355,"caption":"Il Notiziario"},"image":{"@id":"https:\/\/www.ilnotiziario.net\/wp\/#\/schema\/logo\/image\/"},"sameAs":["https:\/\/www.facebook.com\/ilnotiziarioind\/","https:\/\/x.com\/ilNotiziarioInd","https:\/\/www.instagram.com\/ilnotiziario_settimanale\/"]},{"@type":"Person","@id":"https:\/\/www.ilnotiziario.net\/wp\/#\/schema\/person\/386e222908f898bb41c033989482bbf2","name":"Gabriele Bassani","image":{"@type":"ImageObject","inLanguage":"it-IT","@id":"https:\/\/secure.gravatar.com\/avatar\/09274f4a84fa97698bde56f84b3afed61c8492d48b0550db9671b68c177479cb?s=96&d=mm&r=g","url":"https:\/\/secure.gravatar.com\/avatar\/09274f4a84fa97698bde56f84b3afed61c8492d48b0550db9671b68c177479cb?s=96&d=mm&r=g","contentUrl":"https:\/\/secure.gravatar.com\/avatar\/09274f4a84fa97698bde56f84b3afed61c8492d48b0550db9671b68c177479cb?s=96&d=mm&r=g","caption":"Gabriele Bassani"},"sameAs":["http:\/\/www.ilnotiziario.net"]}]}},"_links":{"self":[{"href":"https:\/\/www.ilnotiziario.net\/wp\/wp-json\/wp\/v2\/posts\/65978","targetHints":{"allow":["GET"]}}],"collection":[{"href":"https:\/\/www.ilnotiziario.net\/wp\/wp-json\/wp\/v2\/posts"}],"about":[{"href":"https:\/\/www.ilnotiziario.net\/wp\/wp-json\/wp\/v2\/types\/post"}],"author":[{"embeddable":true,"href":"https:\/\/www.ilnotiziario.net\/wp\/wp-json\/wp\/v2\/users\/3"}],"replies":[{"embeddable":true,"href":"https:\/\/www.ilnotiziario.net\/wp\/wp-json\/wp\/v2\/comments?post=65978"}],"version-history":[{"count":0,"href":"https:\/\/www.ilnotiziario.net\/wp\/wp-json\/wp\/v2\/posts\/65978\/revisions"}],"wp:featuredmedia":[{"embeddable":true,"href":"https:\/\/www.ilnotiziario.net\/wp\/wp-json\/wp\/v2\/media\/52717"}],"wp:attachment":[{"href":"https:\/\/www.ilnotiziario.net\/wp\/wp-json\/wp\/v2\/media?parent=65978"}],"wp:term":[{"taxonomy":"category","embeddable":true,"href":"https:\/\/www.ilnotiziario.net\/wp\/wp-json\/wp\/v2\/categories?post=65978"},{"taxonomy":"post_tag","embeddable":true,"href":"https:\/\/www.ilnotiziario.net\/wp\/wp-json\/wp\/v2\/tags?post=65978"}],"curies":[{"name":"wp","href":"https:\/\/api.w.org\/{rel}","templated":true}]}}