{"id":69937,"date":"2020-05-12T08:39:41","date_gmt":"2020-05-12T06:39:41","guid":{"rendered":"https:\/\/www.ilnotiziario.net\/wp\/?p=69937"},"modified":"2020-05-12T08:39:41","modified_gmt":"2020-05-12T06:39:41","slug":"fase-2-cautela-lockdown-disastro","status":"publish","type":"post","link":"https:\/\/www.ilnotiziario.net\/wp\/prima-pagina\/fase-2-cautela-lockdown-disastro\/","title":{"rendered":"Fase 2, serve cautela: un nuovo lockdown a breve sarebbe un disastro"},"content":{"rendered":"<p><img fetchpriority=\"high\" decoding=\"async\" class=\"aligncenter size-medium wp-image-69938\" src=\"https:\/\/www.ilnotiziario.net\/wp\/wp-content\/uploads\/2020\/05\/Grafico2-300x196.jpg\" alt=\"stock contagiati\" width=\"300\" height=\"196\" srcset=\"https:\/\/www.ilnotiziario.net\/wp\/wp-content\/uploads\/2020\/05\/Grafico2-300x196.jpg 300w, https:\/\/www.ilnotiziario.net\/wp\/wp-content\/uploads\/2020\/05\/Grafico2-768x501.jpg 768w, https:\/\/www.ilnotiziario.net\/wp\/wp-content\/uploads\/2020\/05\/Grafico2-696x454.jpg 696w, https:\/\/www.ilnotiziario.net\/wp\/wp-content\/uploads\/2020\/05\/Grafico2.jpg 976w\" sizes=\"(max-width: 300px) 100vw, 300px\" \/>A pochi giorni dall\u2019inizio della \u201cFase 2\u201d torniamo a fare il punto della situazione con i numeri analizzati dall\u2019ingegner Franco Ferrario, di Saronno, che invita alla cautela.<\/p><div id=\"ilnot-3272517120\" class=\"ilnot-contenuto ilnot-entity-placement\"><p><!-- incontent_1 --><\/p>\n<div class=\"gptslot\" data-adunitid=\"1\"><\/div>\n<\/div>\n<p><strong>Ingegnere cosa c\u2019\u00e8 ancora che non va?<\/strong><\/p>\n<p>Il calo dei ricoverati e delle terapie intensive \u00e8 un fatto positivo, ma ci sono un paio di dati che non lasciano tranquilli. Il primo \u00e8 che lo stock di malati (il numero delle persone contagiate ancora malate) in Lombardia non cala, mentre nelle altre regioni s\u00ec ed anche velocemente.<br \/>\nIl secondo \u00e8 che ancora oggi circa l\u201911% con punte oltre il 12% delle nuove persone cui facciamo il tampone le troviamo contagiate. Tenga conto che in nel resto dell\u2019Italia siamo al 2,5% ed in Veneto sotto il 2%. A Wuhan hanno aperto dopo 3 giorni in cui non hanno trovato pi\u00f9 alcun nuovo contagiato ed anche ieri in Lombardia ne abbiamo trovati altri 577<br \/>\nIl terzo \u00e8 che si rimane contagiati a lungo.<\/p><div id=\"ilnot-483302489\" class=\"ilnot-contenuto_2 ilnot-entity-placement\"><div class=\"ads-wrapper\">\n<div class=\"ad-slot\">\n   <div id=\"ilnot-1001213934\" style=\"margin-right: auto;margin-left: auto;text-align: center;width: 320px;height: 100px;\"><a href=\"https:\/\/www.scuolasicurezza.it\/\"><img decoding=\"async\" src=\"https:\/\/www.ilnotiziario.net\/wp\/wp-content\/uploads\/2026\/04\/IlNotiziario_banner-sito-e-newsletter-320-x-100-px-1.gif\" alt=\"\"><\/a><\/div>\n  <\/div>\n<div class=\"ad-slot\">\n   <div id=\"ilnot-2745156252\" style=\"margin-right: auto;margin-left: auto;text-align: center;width: 320px;height: 100px;\"><a href=\"https:\/\/purodesignarredamenti.com\/\"><img decoding=\"async\" src=\"https:\/\/www.ilnotiziario.net\/wp\/wp-content\/uploads\/2026\/04\/banner-puro-ok.gif\" alt=\"whatsapp\"><\/a><\/div><\/p><\/div>\n<\/div>\n<\/div>\n<p><strong>Cosa significa?<\/strong><\/p>\n<p>Dalla malattia si esce o morti o guariti, se il periodo di contagio fosse 15 giorni vorrebbe dire che i contagiati di 15 giorni fa o sono morti o sono guariti. In realt\u00e0 non \u00e8 cos\u00ec. Ieri in Lombardia i morti e guariti erano 40.798 per trovare lo stesso numero dobbiamo tornare al 29 di marzo. Se aggiunge che al momento del tampone le persone erano gi\u00e0 contagiate da almeno una settimana vede che in media stiamo parlando di oltre 40 giorni fa.<br \/>\nTutto questo mi fa temere che il numero di persone ancora contagiose in giro possa essere anche di migliaia, forse decine di migliaia, che \u00e8 un numero altissimo e pericolosissimo. Oggi il tasso di contagio \u00e8 a 1,06 in 6,5 gg, ci vuole niente per farlo risalire.<\/p>\n<p><strong>Cosa possiamo fare?<\/strong><\/p><div id=\"ilnot-2572743848\" class=\"ilnot-contenuto_2-2 ilnot-entity-placement\"><div class=\"gptslot\" data-adunitid=\"2\"><\/div>\n<\/div>\n<p>C\u2019\u00e8 una bellissima intervista al prof. Vespignani su Tpi che chiarisce bene la situazione. Sono 3 le cose da fare: Testare, Tracciare e Trattare, a cui ne aggiungo io una quarta che \u00e8 ridurre le occasioni di contagio, mantenendo il distanziamento sociale.<br \/>\nBisogna fare un sacco di test per trovare i contagiati (testare), individuare e isolare (ma non in famiglia) chi ha avuto contatto con i contagiati (tracciare), e poi curare le persone e lasciarle uscire non appena sono guarite e non pi\u00f9 contagiose (trattare).<br \/>\nSulla terza T la medicina sembra avere trovato rimedi e soluzioni, non ultima quella del plasma trovata a Mantova che sembra essere molto promettente. Sono le prime 2 T che mi preoccupano.<\/p>\n<p><strong>Perch\u00e8?<\/strong><\/p>\n<p>Ad oggi noi non sappiamo quanti tamponi al giorno \u00e8 in grado di fare la regione e quali siano i criteri con cui vengono selezionati i pazienti. Se possiamo fare 15.000 tamponi al giorno se dovessimo testare 300.000 persone impiegheremmo 20 giorni e non ce lo possiamo permettere. Abbiamo bisogno operatori che presidiano il territorio di laboratori, macchine, reagenti, di persone che intervistano i contagiati e trovano con chi hanno avuto contatti e tutto questo io non lo vedo. Non vedo strategia. Pensiamo a metropolitana di Milano e treni dall\u2019hinterland: come siamo in grado di garantire il distanziamento? Chi facciamo salire e chi no?<\/p><div id=\"ilnot-3712273818\" class=\"ilnot-contenuto_2-2-2 ilnot-entity-placement\"><div class=\"gptslot\" data-adunitid=\"3\"><\/div>\n<\/div>\n<p><strong>Quindi come si fa?<\/strong><\/p>\n<p>Persone capaci ed energie positive in giro ce ne sono, bisognerebbe attivarle, portarle a bordo in uno sforzo unitario e questo farebbe una grande differenza. Se fossimo in guerra lo faremmo, ora non si capisce perch\u00e9 non lo facciamo. Ci vuole pianificazione ed organizzazione e ad oggi, lo dico con dispiacere, di pianificazione ed organizzazione ne abbiamo vista troppo poca. Quel che possiamo fare \u00e8 comunque sensibilizzare le persone ad avere un comportamento civile, sicuro e di buon senso ed i media dovrebbero essere tutti concentrati su questo. Un altro lockdown a breve sarebbe un disastro.<\/p>\n<p>&nbsp;<\/p>\n<p><strong>Gabriele Bassani&nbsp;<\/strong><\/p><div id=\"ilnot-3095901347\" class=\"ilnot-contenuto_2-2-2-2 ilnot-entity-placement\"><div class=\"gptslot\" data-adunitid=\"4\"><\/div>\n<\/div>\n","protected":false},"excerpt":{"rendered":"<p>A pochi giorni dall\u2019inizio della \u201cFase 2\u201d torniamo a fare il punto della situazione con i numeri analizzati dall\u2019ingegner Franco Ferrario, di Saronno, che invita alla cautela. Ingegnere cosa c\u2019\u00e8 ancora che non va? Il calo dei ricoverati e delle terapie intensive \u00e8 un fatto positivo, ma ci sono un paio di dati che non<\/p>\n","protected":false},"author":3,"featured_media":69938,"comment_status":"closed","ping_status":"closed","sticky":false,"template":"","format":"standard","meta":{"footnotes":""},"categories":[8,20,14],"tags":[6874,7244,7242,7281,7317,56],"class_list":{"0":"post-69937","1":"post","2":"type-post","3":"status-publish","4":"format-standard","5":"has-post-thumbnail","7":"category-bollatese","8":"category-prima-pagina","9":"category-saronno","10":"tag-coronavirus","11":"tag-covid","12":"tag-fase-2","13":"tag-franco-ferrario","14":"tag-lockdown","15":"tag-saronno-2"},"yoast_head":"<!-- This site is optimized with the Yoast SEO plugin v27.4 - https:\/\/yoast.com\/product\/yoast-seo-wordpress\/ -->\n<title>Fase 2, serve cautela: un nuovo lockdown a breve sarebbe un disastro - Il Notiziario<\/title>\n<meta name=\"description\" content=\"A pochi giorni dall\u2019inizio della \u201cFase 2\u201d torniamo a fare il punto della situazione con i numeri analizzati dall\u2019ingegner Franco Ferrario, di Saronno, che\" \/>\n<meta name=\"robots\" content=\"index, follow, max-snippet:-1, max-image-preview:large, max-video-preview:-1\" \/>\n<link rel=\"canonical\" href=\"https:\/\/www.ilnotiziario.net\/wp\/prima-pagina\/fase-2-cautela-lockdown-disastro\/\" \/>\n<meta property=\"og:locale\" content=\"it_IT\" \/>\n<meta property=\"og:type\" content=\"article\" \/>\n<meta property=\"og:title\" content=\"Fase 2, serve cautela: un nuovo lockdown a breve sarebbe un disastro - Il Notiziario\" \/>\n<meta property=\"og:description\" content=\"A pochi giorni dall\u2019inizio della \u201cFase 2\u201d torniamo a fare il punto della situazione con i numeri analizzati dall\u2019ingegner Franco Ferrario, di Saronno, che\" \/>\n<meta property=\"og:url\" content=\"https:\/\/www.ilnotiziario.net\/wp\/prima-pagina\/fase-2-cautela-lockdown-disastro\/\" \/>\n<meta property=\"og:site_name\" content=\"Il Notiziario\" \/>\n<meta property=\"article:publisher\" content=\"https:\/\/www.facebook.com\/ilnotiziarioind\/\" \/>\n<meta property=\"article:published_time\" content=\"2020-05-12T06:39:41+00:00\" \/>\n<meta property=\"og:image\" content=\"https:\/\/www.ilnotiziario.net\/wp\/wp-content\/uploads\/2020\/05\/Grafico2.jpg\" \/>\n\t<meta property=\"og:image:width\" content=\"976\" \/>\n\t<meta property=\"og:image:height\" content=\"637\" \/>\n\t<meta property=\"og:image:type\" content=\"image\/jpeg\" \/>\n<meta name=\"author\" content=\"Gabriele Bassani\" \/>\n<meta name=\"twitter:card\" content=\"summary_large_image\" \/>\n<meta name=\"twitter:creator\" content=\"@ilNotiziarioInd\" \/>\n<meta name=\"twitter:site\" content=\"@ilNotiziarioInd\" \/>\n<meta name=\"twitter:label1\" content=\"Scritto da\" \/>\n\t<meta name=\"twitter:data1\" content=\"Gabriele Bassani\" \/>\n\t<meta name=\"twitter:label2\" content=\"Tempo di lettura stimato\" \/>\n\t<meta name=\"twitter:data2\" content=\"3 minuti\" \/>\n<script type=\"application\/ld+json\" class=\"yoast-schema-graph\">{\"@context\":\"https:\\\/\\\/schema.org\",\"@graph\":[{\"@type\":\"Article\",\"@id\":\"https:\\\/\\\/www.ilnotiziario.net\\\/wp\\\/prima-pagina\\\/fase-2-cautela-lockdown-disastro\\\/#article\",\"isPartOf\":{\"@id\":\"https:\\\/\\\/www.ilnotiziario.net\\\/wp\\\/prima-pagina\\\/fase-2-cautela-lockdown-disastro\\\/\"},\"author\":{\"name\":\"Gabriele Bassani\",\"@id\":\"https:\\\/\\\/www.ilnotiziario.net\\\/wp\\\/#\\\/schema\\\/person\\\/386e222908f898bb41c033989482bbf2\"},\"headline\":\"Fase 2, serve cautela: un nuovo lockdown a breve sarebbe un disastro\",\"datePublished\":\"2020-05-12T06:39:41+00:00\",\"mainEntityOfPage\":{\"@id\":\"https:\\\/\\\/www.ilnotiziario.net\\\/wp\\\/prima-pagina\\\/fase-2-cautela-lockdown-disastro\\\/\"},\"wordCount\":606,\"publisher\":{\"@id\":\"https:\\\/\\\/www.ilnotiziario.net\\\/wp\\\/#organization\"},\"image\":{\"@id\":\"https:\\\/\\\/www.ilnotiziario.net\\\/wp\\\/prima-pagina\\\/fase-2-cautela-lockdown-disastro\\\/#primaryimage\"},\"thumbnailUrl\":\"https:\\\/\\\/www.ilnotiziario.net\\\/wp\\\/wp-content\\\/uploads\\\/2020\\\/05\\\/Grafico2.jpg\",\"keywords\":[\"coronavirus\",\"covid\",\"fase 2\",\"Franco Ferrario\",\"lockdown\",\"Saronno\"],\"articleSection\":[\"BOLLATESE\",\"Prima Pagina\",\"SARONNO\"],\"inLanguage\":\"it-IT\"},{\"@type\":\"WebPage\",\"@id\":\"https:\\\/\\\/www.ilnotiziario.net\\\/wp\\\/prima-pagina\\\/fase-2-cautela-lockdown-disastro\\\/\",\"url\":\"https:\\\/\\\/www.ilnotiziario.net\\\/wp\\\/prima-pagina\\\/fase-2-cautela-lockdown-disastro\\\/\",\"name\":\"Fase 2, serve cautela: un nuovo lockdown a breve sarebbe un disastro - Il Notiziario\",\"isPartOf\":{\"@id\":\"https:\\\/\\\/www.ilnotiziario.net\\\/wp\\\/#website\"},\"primaryImageOfPage\":{\"@id\":\"https:\\\/\\\/www.ilnotiziario.net\\\/wp\\\/prima-pagina\\\/fase-2-cautela-lockdown-disastro\\\/#primaryimage\"},\"image\":{\"@id\":\"https:\\\/\\\/www.ilnotiziario.net\\\/wp\\\/prima-pagina\\\/fase-2-cautela-lockdown-disastro\\\/#primaryimage\"},\"thumbnailUrl\":\"https:\\\/\\\/www.ilnotiziario.net\\\/wp\\\/wp-content\\\/uploads\\\/2020\\\/05\\\/Grafico2.jpg\",\"datePublished\":\"2020-05-12T06:39:41+00:00\",\"description\":\"A pochi giorni dall\u2019inizio della \u201cFase 2\u201d torniamo a fare il punto della situazione con i numeri analizzati dall\u2019ingegner Franco Ferrario, di Saronno, che\",\"breadcrumb\":{\"@id\":\"https:\\\/\\\/www.ilnotiziario.net\\\/wp\\\/prima-pagina\\\/fase-2-cautela-lockdown-disastro\\\/#breadcrumb\"},\"inLanguage\":\"it-IT\",\"potentialAction\":[{\"@type\":\"ReadAction\",\"target\":[\"https:\\\/\\\/www.ilnotiziario.net\\\/wp\\\/prima-pagina\\\/fase-2-cautela-lockdown-disastro\\\/\"]}]},{\"@type\":\"ImageObject\",\"inLanguage\":\"it-IT\",\"@id\":\"https:\\\/\\\/www.ilnotiziario.net\\\/wp\\\/prima-pagina\\\/fase-2-cautela-lockdown-disastro\\\/#primaryimage\",\"url\":\"https:\\\/\\\/www.ilnotiziario.net\\\/wp\\\/wp-content\\\/uploads\\\/2020\\\/05\\\/Grafico2.jpg\",\"contentUrl\":\"https:\\\/\\\/www.ilnotiziario.net\\\/wp\\\/wp-content\\\/uploads\\\/2020\\\/05\\\/Grafico2.jpg\",\"width\":976,\"height\":637,\"caption\":\"stock contagiati\"},{\"@type\":\"BreadcrumbList\",\"@id\":\"https:\\\/\\\/www.ilnotiziario.net\\\/wp\\\/prima-pagina\\\/fase-2-cautela-lockdown-disastro\\\/#breadcrumb\",\"itemListElement\":[{\"@type\":\"ListItem\",\"position\":1,\"name\":\"tds_text_logo_tagline_colortds_text_logo_tagline_colortds_text_logo_tagline_colortds_text_logo_tagline_colortd_module_7_title_excerpttd_module_7_title_excerpttd_module_7_title_excerpttd_module_7_title_excerptHome\",\"item\":\"https:\\\/\\\/www.ilnotiziario.net\\\/wp\\\/\"},{\"@type\":\"ListItem\",\"position\":2,\"name\":\"Fase 2, serve cautela: un nuovo lockdown a breve sarebbe un disastro\"}]},{\"@type\":\"WebSite\",\"@id\":\"https:\\\/\\\/www.ilnotiziario.net\\\/wp\\\/#website\",\"url\":\"https:\\\/\\\/www.ilnotiziario.net\\\/wp\\\/\",\"name\":\"Il Notiziario\",\"description\":\"Per restare sempre connessi alla notizia\",\"publisher\":{\"@id\":\"https:\\\/\\\/www.ilnotiziario.net\\\/wp\\\/#organization\"},\"alternateName\":\"Il Notiziario Bollate\",\"potentialAction\":[{\"@type\":\"SearchAction\",\"target\":{\"@type\":\"EntryPoint\",\"urlTemplate\":\"https:\\\/\\\/www.ilnotiziario.net\\\/wp\\\/?s={search_term_string}\"},\"query-input\":{\"@type\":\"PropertyValueSpecification\",\"valueRequired\":true,\"valueName\":\"search_term_string\"}}],\"inLanguage\":\"it-IT\"},{\"@type\":\"Organization\",\"@id\":\"https:\\\/\\\/www.ilnotiziario.net\\\/wp\\\/#organization\",\"name\":\"Il Notiziario\",\"url\":\"https:\\\/\\\/www.ilnotiziario.net\\\/wp\\\/\",\"logo\":{\"@type\":\"ImageObject\",\"inLanguage\":\"it-IT\",\"@id\":\"https:\\\/\\\/www.ilnotiziario.net\\\/wp\\\/#\\\/schema\\\/logo\\\/image\\\/\",\"url\":\"https:\\\/\\\/www.ilnotiziario.net\\\/wp\\\/wp-content\\\/uploads\\\/2022\\\/06\\\/170x170ilN.png\",\"contentUrl\":\"https:\\\/\\\/www.ilnotiziario.net\\\/wp\\\/wp-content\\\/uploads\\\/2022\\\/06\\\/170x170ilN.png\",\"width\":355,\"height\":355,\"caption\":\"Il Notiziario\"},\"image\":{\"@id\":\"https:\\\/\\\/www.ilnotiziario.net\\\/wp\\\/#\\\/schema\\\/logo\\\/image\\\/\"},\"sameAs\":[\"https:\\\/\\\/www.facebook.com\\\/ilnotiziarioind\\\/\",\"https:\\\/\\\/x.com\\\/ilNotiziarioInd\",\"https:\\\/\\\/www.instagram.com\\\/ilnotiziario_settimanale\\\/\"]},{\"@type\":\"Person\",\"@id\":\"https:\\\/\\\/www.ilnotiziario.net\\\/wp\\\/#\\\/schema\\\/person\\\/386e222908f898bb41c033989482bbf2\",\"name\":\"Gabriele Bassani\",\"image\":{\"@type\":\"ImageObject\",\"inLanguage\":\"it-IT\",\"@id\":\"https:\\\/\\\/secure.gravatar.com\\\/avatar\\\/09274f4a84fa97698bde56f84b3afed61c8492d48b0550db9671b68c177479cb?s=96&d=mm&r=g\",\"url\":\"https:\\\/\\\/secure.gravatar.com\\\/avatar\\\/09274f4a84fa97698bde56f84b3afed61c8492d48b0550db9671b68c177479cb?s=96&d=mm&r=g\",\"contentUrl\":\"https:\\\/\\\/secure.gravatar.com\\\/avatar\\\/09274f4a84fa97698bde56f84b3afed61c8492d48b0550db9671b68c177479cb?s=96&d=mm&r=g\",\"caption\":\"Gabriele Bassani\"},\"sameAs\":[\"http:\\\/\\\/www.ilnotiziario.net\"]}]}<\/script>\n<!-- \/ Yoast SEO plugin. -->","yoast_head_json":{"title":"Fase 2, serve cautela: un nuovo lockdown a breve sarebbe un disastro - Il Notiziario","description":"A pochi giorni dall\u2019inizio della \u201cFase 2\u201d torniamo a fare il punto della situazione con i numeri analizzati dall\u2019ingegner Franco Ferrario, di Saronno, che","robots":{"index":"index","follow":"follow","max-snippet":"max-snippet:-1","max-image-preview":"max-image-preview:large","max-video-preview":"max-video-preview:-1"},"canonical":"https:\/\/www.ilnotiziario.net\/wp\/prima-pagina\/fase-2-cautela-lockdown-disastro\/","og_locale":"it_IT","og_type":"article","og_title":"Fase 2, serve cautela: un nuovo lockdown a breve sarebbe un disastro - Il Notiziario","og_description":"A pochi giorni dall\u2019inizio della \u201cFase 2\u201d torniamo a fare il punto della situazione con i numeri analizzati dall\u2019ingegner Franco Ferrario, di Saronno, che","og_url":"https:\/\/www.ilnotiziario.net\/wp\/prima-pagina\/fase-2-cautela-lockdown-disastro\/","og_site_name":"Il Notiziario","article_publisher":"https:\/\/www.facebook.com\/ilnotiziarioind\/","article_published_time":"2020-05-12T06:39:41+00:00","og_image":[{"width":976,"height":637,"url":"https:\/\/www.ilnotiziario.net\/wp\/wp-content\/uploads\/2020\/05\/Grafico2.jpg","type":"image\/jpeg"}],"author":"Gabriele Bassani","twitter_card":"summary_large_image","twitter_creator":"@ilNotiziarioInd","twitter_site":"@ilNotiziarioInd","twitter_misc":{"Scritto da":"Gabriele Bassani","Tempo di lettura stimato":"3 minuti"},"schema":{"@context":"https:\/\/schema.org","@graph":[{"@type":"Article","@id":"https:\/\/www.ilnotiziario.net\/wp\/prima-pagina\/fase-2-cautela-lockdown-disastro\/#article","isPartOf":{"@id":"https:\/\/www.ilnotiziario.net\/wp\/prima-pagina\/fase-2-cautela-lockdown-disastro\/"},"author":{"name":"Gabriele Bassani","@id":"https:\/\/www.ilnotiziario.net\/wp\/#\/schema\/person\/386e222908f898bb41c033989482bbf2"},"headline":"Fase 2, serve cautela: un nuovo lockdown a breve sarebbe un disastro","datePublished":"2020-05-12T06:39:41+00:00","mainEntityOfPage":{"@id":"https:\/\/www.ilnotiziario.net\/wp\/prima-pagina\/fase-2-cautela-lockdown-disastro\/"},"wordCount":606,"publisher":{"@id":"https:\/\/www.ilnotiziario.net\/wp\/#organization"},"image":{"@id":"https:\/\/www.ilnotiziario.net\/wp\/prima-pagina\/fase-2-cautela-lockdown-disastro\/#primaryimage"},"thumbnailUrl":"https:\/\/www.ilnotiziario.net\/wp\/wp-content\/uploads\/2020\/05\/Grafico2.jpg","keywords":["coronavirus","covid","fase 2","Franco Ferrario","lockdown","Saronno"],"articleSection":["BOLLATESE","Prima Pagina","SARONNO"],"inLanguage":"it-IT"},{"@type":"WebPage","@id":"https:\/\/www.ilnotiziario.net\/wp\/prima-pagina\/fase-2-cautela-lockdown-disastro\/","url":"https:\/\/www.ilnotiziario.net\/wp\/prima-pagina\/fase-2-cautela-lockdown-disastro\/","name":"Fase 2, serve cautela: un nuovo lockdown a breve sarebbe un disastro - Il Notiziario","isPartOf":{"@id":"https:\/\/www.ilnotiziario.net\/wp\/#website"},"primaryImageOfPage":{"@id":"https:\/\/www.ilnotiziario.net\/wp\/prima-pagina\/fase-2-cautela-lockdown-disastro\/#primaryimage"},"image":{"@id":"https:\/\/www.ilnotiziario.net\/wp\/prima-pagina\/fase-2-cautela-lockdown-disastro\/#primaryimage"},"thumbnailUrl":"https:\/\/www.ilnotiziario.net\/wp\/wp-content\/uploads\/2020\/05\/Grafico2.jpg","datePublished":"2020-05-12T06:39:41+00:00","description":"A pochi giorni dall\u2019inizio della \u201cFase 2\u201d torniamo a fare il punto della situazione con i numeri analizzati dall\u2019ingegner Franco Ferrario, di Saronno, che","breadcrumb":{"@id":"https:\/\/www.ilnotiziario.net\/wp\/prima-pagina\/fase-2-cautela-lockdown-disastro\/#breadcrumb"},"inLanguage":"it-IT","potentialAction":[{"@type":"ReadAction","target":["https:\/\/www.ilnotiziario.net\/wp\/prima-pagina\/fase-2-cautela-lockdown-disastro\/"]}]},{"@type":"ImageObject","inLanguage":"it-IT","@id":"https:\/\/www.ilnotiziario.net\/wp\/prima-pagina\/fase-2-cautela-lockdown-disastro\/#primaryimage","url":"https:\/\/www.ilnotiziario.net\/wp\/wp-content\/uploads\/2020\/05\/Grafico2.jpg","contentUrl":"https:\/\/www.ilnotiziario.net\/wp\/wp-content\/uploads\/2020\/05\/Grafico2.jpg","width":976,"height":637,"caption":"stock contagiati"},{"@type":"BreadcrumbList","@id":"https:\/\/www.ilnotiziario.net\/wp\/prima-pagina\/fase-2-cautela-lockdown-disastro\/#breadcrumb","itemListElement":[{"@type":"ListItem","position":1,"name":"tds_text_logo_tagline_colortds_text_logo_tagline_colortds_text_logo_tagline_colortds_text_logo_tagline_colortd_module_7_title_excerpttd_module_7_title_excerpttd_module_7_title_excerpttd_module_7_title_excerptHome","item":"https:\/\/www.ilnotiziario.net\/wp\/"},{"@type":"ListItem","position":2,"name":"Fase 2, serve cautela: un nuovo lockdown a breve sarebbe un disastro"}]},{"@type":"WebSite","@id":"https:\/\/www.ilnotiziario.net\/wp\/#website","url":"https:\/\/www.ilnotiziario.net\/wp\/","name":"Il Notiziario","description":"Per restare sempre connessi alla notizia","publisher":{"@id":"https:\/\/www.ilnotiziario.net\/wp\/#organization"},"alternateName":"Il Notiziario Bollate","potentialAction":[{"@type":"SearchAction","target":{"@type":"EntryPoint","urlTemplate":"https:\/\/www.ilnotiziario.net\/wp\/?s={search_term_string}"},"query-input":{"@type":"PropertyValueSpecification","valueRequired":true,"valueName":"search_term_string"}}],"inLanguage":"it-IT"},{"@type":"Organization","@id":"https:\/\/www.ilnotiziario.net\/wp\/#organization","name":"Il Notiziario","url":"https:\/\/www.ilnotiziario.net\/wp\/","logo":{"@type":"ImageObject","inLanguage":"it-IT","@id":"https:\/\/www.ilnotiziario.net\/wp\/#\/schema\/logo\/image\/","url":"https:\/\/www.ilnotiziario.net\/wp\/wp-content\/uploads\/2022\/06\/170x170ilN.png","contentUrl":"https:\/\/www.ilnotiziario.net\/wp\/wp-content\/uploads\/2022\/06\/170x170ilN.png","width":355,"height":355,"caption":"Il Notiziario"},"image":{"@id":"https:\/\/www.ilnotiziario.net\/wp\/#\/schema\/logo\/image\/"},"sameAs":["https:\/\/www.facebook.com\/ilnotiziarioind\/","https:\/\/x.com\/ilNotiziarioInd","https:\/\/www.instagram.com\/ilnotiziario_settimanale\/"]},{"@type":"Person","@id":"https:\/\/www.ilnotiziario.net\/wp\/#\/schema\/person\/386e222908f898bb41c033989482bbf2","name":"Gabriele Bassani","image":{"@type":"ImageObject","inLanguage":"it-IT","@id":"https:\/\/secure.gravatar.com\/avatar\/09274f4a84fa97698bde56f84b3afed61c8492d48b0550db9671b68c177479cb?s=96&d=mm&r=g","url":"https:\/\/secure.gravatar.com\/avatar\/09274f4a84fa97698bde56f84b3afed61c8492d48b0550db9671b68c177479cb?s=96&d=mm&r=g","contentUrl":"https:\/\/secure.gravatar.com\/avatar\/09274f4a84fa97698bde56f84b3afed61c8492d48b0550db9671b68c177479cb?s=96&d=mm&r=g","caption":"Gabriele Bassani"},"sameAs":["http:\/\/www.ilnotiziario.net"]}]}},"_links":{"self":[{"href":"https:\/\/www.ilnotiziario.net\/wp\/wp-json\/wp\/v2\/posts\/69937","targetHints":{"allow":["GET"]}}],"collection":[{"href":"https:\/\/www.ilnotiziario.net\/wp\/wp-json\/wp\/v2\/posts"}],"about":[{"href":"https:\/\/www.ilnotiziario.net\/wp\/wp-json\/wp\/v2\/types\/post"}],"author":[{"embeddable":true,"href":"https:\/\/www.ilnotiziario.net\/wp\/wp-json\/wp\/v2\/users\/3"}],"replies":[{"embeddable":true,"href":"https:\/\/www.ilnotiziario.net\/wp\/wp-json\/wp\/v2\/comments?post=69937"}],"version-history":[{"count":0,"href":"https:\/\/www.ilnotiziario.net\/wp\/wp-json\/wp\/v2\/posts\/69937\/revisions"}],"wp:featuredmedia":[{"embeddable":true,"href":"https:\/\/www.ilnotiziario.net\/wp\/wp-json\/wp\/v2\/media\/69938"}],"wp:attachment":[{"href":"https:\/\/www.ilnotiziario.net\/wp\/wp-json\/wp\/v2\/media?parent=69937"}],"wp:term":[{"taxonomy":"category","embeddable":true,"href":"https:\/\/www.ilnotiziario.net\/wp\/wp-json\/wp\/v2\/categories?post=69937"},{"taxonomy":"post_tag","embeddable":true,"href":"https:\/\/www.ilnotiziario.net\/wp\/wp-json\/wp\/v2\/tags?post=69937"}],"curies":[{"name":"wp","href":"https:\/\/api.w.org\/{rel}","templated":true}]}}