{"id":70125,"date":"2020-05-14T21:18:02","date_gmt":"2020-05-14T19:18:02","guid":{"rendered":"https:\/\/www.ilnotiziario.net\/wp\/?p=70125"},"modified":"2020-05-14T21:18:02","modified_gmt":"2020-05-14T19:18:02","slug":"snam-covid-19-risposta-azienda-marco-alvera-sicurezza-solidarieta","status":"publish","type":"post","link":"https:\/\/www.ilnotiziario.net\/wp\/buonoasapersi\/snam-covid-19-risposta-azienda-marco-alvera-sicurezza-solidarieta\/","title":{"rendered":"Snam e Covid-19: la risposta dell\u2019azienda guidata da Marco Alver\u00e0 tra sicurezza e solidariet\u00e0"},"content":{"rendered":"<p><img fetchpriority=\"high\" decoding=\"async\" class=\"aligncenter size-medium wp-image-70126\" src=\"https:\/\/www.ilnotiziario.net\/wp\/wp-content\/uploads\/2020\/05\/snam-covid-19-iniziative-300x200.jpg\" alt=\"snam Covid 19 \" width=\"300\" height=\"200\" srcset=\"https:\/\/www.ilnotiziario.net\/wp\/wp-content\/uploads\/2020\/05\/snam-covid-19-iniziative-300x200.jpg 300w, https:\/\/www.ilnotiziario.net\/wp\/wp-content\/uploads\/2020\/05\/snam-covid-19-iniziative-768x513.jpg 768w, https:\/\/www.ilnotiziario.net\/wp\/wp-content\/uploads\/2020\/05\/snam-covid-19-iniziative-696x465.jpg 696w, https:\/\/www.ilnotiziario.net\/wp\/wp-content\/uploads\/2020\/05\/snam-covid-19-iniziative.jpg 850w\" sizes=\"(max-width: 300px) 100vw, 300px\" \/>L\u2019emergenza sanitaria dovuta alla diffusione del Coronavirus ha messo e sta mettendo tutt\u2019oggi a dura prova il sistema sanitario nazionale, con medici, infermieri e operatori sanitari in prima linea per il bene dell\u2019intero Paese. Fondamentale, in questo momento, \u00e8 anche il contributo delle istituzioni, dei cittadini e delle imprese.<\/p><div id=\"ilnot-2903339801\" class=\"ilnot-contenuto ilnot-entity-placement\"><p><!-- incontent_1 --><\/p>\n<div class=\"gptslot\" data-adunitid=\"1\"><\/div>\n<\/div>\n<p>Snam, azienda leader nel campo delle infrastrutture energetiche globali, si \u00e8 attivata fin da subito con iniziative concrete volte alla sicurezza delle proprie persone e al sostegno del sistema sanitario nazionale e del terzo settore.<\/p>\n<p>L\u2019azienda, attiva sul mercato delle infrastrutture energetiche, guidata da <a href=\"https:\/\/forbes.it\/2020\/01\/22\/marco-alvera-di-snam-e-il-primo-ceo-italiano-influencer-di-linkedin\/\"><strong>Marco Alver\u00e0<\/strong><\/a>, ha infatti circa 3.000 dipendenti su tutto il territorio nazionale e ha il compito di continuare ad erogare il servizio essenziale di sicurezza energetica in tutta Italia. Per questo motivo sin dal 21 febbraio \u00e8 stato costituito un team-interfunzionale attivo 24 ore per seguire gli sviluppi dell\u2019emergenza sanitaria. Sin dai primi giorni \u00e8 poi stato favorito lo <a href=\"https:\/\/www.digital4.biz\/hr\/smart-working\/smart-working-che-cos-e-a-cosa-serve-e-perche-e-cosi-importante-per-il-business\/\"><strong>smart working<\/strong><\/a> (gi\u00e0 attivo in Snam da oltre 2 anni) che ha visto 1.700 persone lavorare da remoto solo nella prima settimana, per poi arrivare agli attuali 2.300.<\/p><div id=\"ilnot-1579155532\" class=\"ilnot-contenuto_2 ilnot-entity-placement\"><div class=\"ads-wrapper\">\n<div class=\"ad-slot\">\n   <div id=\"ilnot-4170543169\" style=\"margin-right: auto;margin-left: auto;text-align: center;width: 320px;height: 100px;\"><a href=\"https:\/\/www.scuolasicurezza.it\/\"><img decoding=\"async\" src=\"https:\/\/www.ilnotiziario.net\/wp\/wp-content\/uploads\/2026\/04\/IlNotiziario_banner-sito-e-newsletter-320-x-100-px-1.gif\" alt=\"\"><\/a><\/div>\n  <\/div>\n<div class=\"ad-slot\">\n   <div id=\"ilnot-612181491\" style=\"margin-right: auto;margin-left: auto;text-align: center;width: 320px;height: 100px;\"><a href=\"https:\/\/purodesignarredamenti.com\/\"><img decoding=\"async\" src=\"https:\/\/www.ilnotiziario.net\/wp\/wp-content\/uploads\/2026\/04\/banner-puro-ok.gif\" alt=\"whatsapp\"><\/a><\/div><\/p><\/div>\n<\/div>\n<\/div>\n<p>Fondamentale nell\u2019organizzazione del lavoro \u00e8 stato mettere in sicurezza le sale di controllo, garantendo la normale operativit\u00e0 anche tramite forme di gestione da remoto. Altro caso cruciale \u00e8 ad esempio il dispacciamento di San Donato Milanese, il \u201ccervello\u201d dell\u2019infrastruttura di Snam, dove sono stati aumentati i protocolli di sicurezza per gli operatori a cui sono stati messi a disposizione anche degli alloggi protetti allestiti appositamente per svolgere il proprio lavoro in turni.<\/p>\n<p>Oltre a riorganizzare il lavoro internamente e ad assicurare la sicurezza delle persone, Snam ha anche rivolto il proprio impegno all\u2019esterno e alla comunit\u00e0, stanziando 20 milioni di euro, anche attraverso Fondazione Snam.<\/p>\n<p>\u201cI fondi e le competenze di Snam saranno destinati a ospedali, strutture sanitarie e altri enti per acquisti di apparecchiature e beni necessari, per l&#8217;assistenza sanitaria e per supportare realt\u00e0 del terzo settore che si occupano della tutela di giovani e anziani. Abbiamo anche attivato dei contatti per trovare ventilatori polmonari in altri paesi del mondo. Operiamo in stretto coordinamento con le autorit\u00e0\u201d ha spiegato l\u2019ad Marco Alver\u00e0.<\/p><div id=\"ilnot-798993813\" class=\"ilnot-contenuto_2-2 ilnot-entity-placement\"><div class=\"gptslot\" data-adunitid=\"2\"><\/div>\n<\/div>\n<p>Il risultato concreto di questo stanziamento \u00e8 stata la donazione di 625 ventilatori polmonari e 600mila mascherine, reperiti da Snam anche grazie alla propria rete di contatti internazionale, e la collaborazione con oltre 40 tra enti e associazioni a difesa delle categorie pi\u00f9 fragili.<\/p>\n","protected":false},"excerpt":{"rendered":"<p>L\u2019emergenza sanitaria dovuta alla diffusione del Coronavirus ha messo e sta mettendo tutt\u2019oggi a dura prova il sistema sanitario nazionale, con medici, infermieri e operatori sanitari in prima linea per il bene dell\u2019intero Paese. Fondamentale, in questo momento, \u00e8 anche il contributo delle istituzioni, dei cittadini e delle imprese. Snam, azienda leader nel campo delle<\/p>\n","protected":false},"author":3,"featured_media":70126,"comment_status":"closed","ping_status":"closed","sticky":false,"template":"","format":"standard","meta":{"footnotes":""},"categories":[4193],"tags":[7244,7178,7334,7333],"class_list":{"0":"post-70125","1":"post","2":"type-post","3":"status-publish","4":"format-standard","5":"has-post-thumbnail","7":"category-buonoasapersi","8":"tag-covid","9":"tag-covid-19","10":"tag-marco-alvera","11":"tag-snam"},"yoast_head":"<!-- This site is optimized with the Yoast SEO plugin v27.5 - https:\/\/yoast.com\/product\/yoast-seo-wordpress\/ -->\n<title>Snam e Covid-19: la risposta dell\u2019azienda guidata da Marco Alver\u00e0 tra sicurezza e solidariet\u00e0 - Il Notiziario<\/title>\n<meta name=\"description\" content=\"L\u2019emergenza sanitaria dovuta alla diffusione del Coronavirus ha messo e sta mettendo tutt\u2019oggi a dura prova il sistema sanitario nazionale, con medici,\" \/>\n<meta name=\"robots\" content=\"index, follow, max-snippet:-1, max-image-preview:large, max-video-preview:-1\" \/>\n<link rel=\"canonical\" href=\"https:\/\/www.ilnotiziario.net\/wp\/buonoasapersi\/snam-covid-19-risposta-azienda-marco-alvera-sicurezza-solidarieta\/\" \/>\n<meta property=\"og:locale\" content=\"it_IT\" \/>\n<meta property=\"og:type\" content=\"article\" \/>\n<meta property=\"og:title\" content=\"Snam e Covid-19: la risposta dell\u2019azienda guidata da Marco Alver\u00e0 tra sicurezza e solidariet\u00e0 - Il Notiziario\" \/>\n<meta property=\"og:description\" content=\"L\u2019emergenza sanitaria dovuta alla diffusione del Coronavirus ha messo e sta mettendo tutt\u2019oggi a dura prova il sistema sanitario nazionale, con medici,\" \/>\n<meta property=\"og:url\" content=\"https:\/\/www.ilnotiziario.net\/wp\/buonoasapersi\/snam-covid-19-risposta-azienda-marco-alvera-sicurezza-solidarieta\/\" \/>\n<meta property=\"og:site_name\" content=\"Il Notiziario\" \/>\n<meta property=\"article:publisher\" content=\"https:\/\/www.facebook.com\/ilnotiziarioind\/\" \/>\n<meta property=\"article:published_time\" content=\"2020-05-14T19:18:02+00:00\" \/>\n<meta property=\"og:image\" content=\"https:\/\/www.ilnotiziario.net\/wp\/wp-content\/uploads\/2020\/05\/snam-covid-19-iniziative.jpg\" \/>\n\t<meta property=\"og:image:width\" content=\"850\" \/>\n\t<meta property=\"og:image:height\" content=\"568\" \/>\n\t<meta property=\"og:image:type\" content=\"image\/jpeg\" \/>\n<meta name=\"author\" content=\"Gabriele Bassani\" \/>\n<meta name=\"twitter:card\" content=\"summary_large_image\" \/>\n<meta name=\"twitter:creator\" content=\"@ilNotiziarioInd\" \/>\n<meta name=\"twitter:site\" content=\"@ilNotiziarioInd\" \/>\n<meta name=\"twitter:label1\" content=\"Scritto da\" \/>\n\t<meta name=\"twitter:data1\" content=\"Gabriele Bassani\" \/>\n\t<meta name=\"twitter:label2\" content=\"Tempo di lettura stimato\" \/>\n\t<meta name=\"twitter:data2\" content=\"2 minuti\" \/>\n<script type=\"application\/ld+json\" class=\"yoast-schema-graph\">{\"@context\":\"https:\\\/\\\/schema.org\",\"@graph\":[{\"@type\":\"Article\",\"@id\":\"https:\\\/\\\/www.ilnotiziario.net\\\/wp\\\/buonoasapersi\\\/snam-covid-19-risposta-azienda-marco-alvera-sicurezza-solidarieta\\\/#article\",\"isPartOf\":{\"@id\":\"https:\\\/\\\/www.ilnotiziario.net\\\/wp\\\/buonoasapersi\\\/snam-covid-19-risposta-azienda-marco-alvera-sicurezza-solidarieta\\\/\"},\"author\":{\"name\":\"Gabriele Bassani\",\"@id\":\"https:\\\/\\\/www.ilnotiziario.net\\\/wp\\\/#\\\/schema\\\/person\\\/386e222908f898bb41c033989482bbf2\"},\"headline\":\"Snam e Covid-19: la risposta dell\u2019azienda guidata da Marco Alver\u00e0 tra sicurezza e solidariet\u00e0\",\"datePublished\":\"2020-05-14T19:18:02+00:00\",\"mainEntityOfPage\":{\"@id\":\"https:\\\/\\\/www.ilnotiziario.net\\\/wp\\\/buonoasapersi\\\/snam-covid-19-risposta-azienda-marco-alvera-sicurezza-solidarieta\\\/\"},\"wordCount\":406,\"publisher\":{\"@id\":\"https:\\\/\\\/www.ilnotiziario.net\\\/wp\\\/#organization\"},\"image\":{\"@id\":\"https:\\\/\\\/www.ilnotiziario.net\\\/wp\\\/buonoasapersi\\\/snam-covid-19-risposta-azienda-marco-alvera-sicurezza-solidarieta\\\/#primaryimage\"},\"thumbnailUrl\":\"https:\\\/\\\/www.ilnotiziario.net\\\/wp\\\/wp-content\\\/uploads\\\/2020\\\/05\\\/snam-covid-19-iniziative.jpg\",\"keywords\":[\"covid\",\"Covid-19\",\"Marco Alver\u00e0\",\"Snam\"],\"articleSection\":[\"BUONO A SAPERSI\"],\"inLanguage\":\"it-IT\"},{\"@type\":\"WebPage\",\"@id\":\"https:\\\/\\\/www.ilnotiziario.net\\\/wp\\\/buonoasapersi\\\/snam-covid-19-risposta-azienda-marco-alvera-sicurezza-solidarieta\\\/\",\"url\":\"https:\\\/\\\/www.ilnotiziario.net\\\/wp\\\/buonoasapersi\\\/snam-covid-19-risposta-azienda-marco-alvera-sicurezza-solidarieta\\\/\",\"name\":\"Snam e Covid-19: la risposta dell\u2019azienda guidata da Marco Alver\u00e0 tra sicurezza e solidariet\u00e0 - Il Notiziario\",\"isPartOf\":{\"@id\":\"https:\\\/\\\/www.ilnotiziario.net\\\/wp\\\/#website\"},\"primaryImageOfPage\":{\"@id\":\"https:\\\/\\\/www.ilnotiziario.net\\\/wp\\\/buonoasapersi\\\/snam-covid-19-risposta-azienda-marco-alvera-sicurezza-solidarieta\\\/#primaryimage\"},\"image\":{\"@id\":\"https:\\\/\\\/www.ilnotiziario.net\\\/wp\\\/buonoasapersi\\\/snam-covid-19-risposta-azienda-marco-alvera-sicurezza-solidarieta\\\/#primaryimage\"},\"thumbnailUrl\":\"https:\\\/\\\/www.ilnotiziario.net\\\/wp\\\/wp-content\\\/uploads\\\/2020\\\/05\\\/snam-covid-19-iniziative.jpg\",\"datePublished\":\"2020-05-14T19:18:02+00:00\",\"description\":\"L\u2019emergenza sanitaria dovuta alla diffusione del Coronavirus ha messo e sta mettendo tutt\u2019oggi a dura prova il sistema sanitario nazionale, con medici,\",\"breadcrumb\":{\"@id\":\"https:\\\/\\\/www.ilnotiziario.net\\\/wp\\\/buonoasapersi\\\/snam-covid-19-risposta-azienda-marco-alvera-sicurezza-solidarieta\\\/#breadcrumb\"},\"inLanguage\":\"it-IT\",\"potentialAction\":[{\"@type\":\"ReadAction\",\"target\":[\"https:\\\/\\\/www.ilnotiziario.net\\\/wp\\\/buonoasapersi\\\/snam-covid-19-risposta-azienda-marco-alvera-sicurezza-solidarieta\\\/\"]}]},{\"@type\":\"ImageObject\",\"inLanguage\":\"it-IT\",\"@id\":\"https:\\\/\\\/www.ilnotiziario.net\\\/wp\\\/buonoasapersi\\\/snam-covid-19-risposta-azienda-marco-alvera-sicurezza-solidarieta\\\/#primaryimage\",\"url\":\"https:\\\/\\\/www.ilnotiziario.net\\\/wp\\\/wp-content\\\/uploads\\\/2020\\\/05\\\/snam-covid-19-iniziative.jpg\",\"contentUrl\":\"https:\\\/\\\/www.ilnotiziario.net\\\/wp\\\/wp-content\\\/uploads\\\/2020\\\/05\\\/snam-covid-19-iniziative.jpg\",\"width\":850,\"height\":568,\"caption\":\"snam Covid 19\"},{\"@type\":\"BreadcrumbList\",\"@id\":\"https:\\\/\\\/www.ilnotiziario.net\\\/wp\\\/buonoasapersi\\\/snam-covid-19-risposta-azienda-marco-alvera-sicurezza-solidarieta\\\/#breadcrumb\",\"itemListElement\":[{\"@type\":\"ListItem\",\"position\":1,\"name\":\"tds_text_logo_tagline_colortds_text_logo_tagline_colortds_text_logo_tagline_colortds_text_logo_tagline_colortd_module_7_title_excerpttd_module_7_title_excerpttd_module_7_title_excerpttd_module_7_title_excerptHome\",\"item\":\"https:\\\/\\\/www.ilnotiziario.net\\\/wp\\\/\"},{\"@type\":\"ListItem\",\"position\":2,\"name\":\"Snam e Covid-19: la risposta dell\u2019azienda guidata da Marco Alver\u00e0 tra sicurezza e solidariet\u00e0\"}]},{\"@type\":\"WebSite\",\"@id\":\"https:\\\/\\\/www.ilnotiziario.net\\\/wp\\\/#website\",\"url\":\"https:\\\/\\\/www.ilnotiziario.net\\\/wp\\\/\",\"name\":\"Il Notiziario\",\"description\":\"Per restare sempre connessi alla notizia\",\"publisher\":{\"@id\":\"https:\\\/\\\/www.ilnotiziario.net\\\/wp\\\/#organization\"},\"alternateName\":\"Il Notiziario Bollate\",\"potentialAction\":[{\"@type\":\"SearchAction\",\"target\":{\"@type\":\"EntryPoint\",\"urlTemplate\":\"https:\\\/\\\/www.ilnotiziario.net\\\/wp\\\/?s={search_term_string}\"},\"query-input\":{\"@type\":\"PropertyValueSpecification\",\"valueRequired\":true,\"valueName\":\"search_term_string\"}}],\"inLanguage\":\"it-IT\"},{\"@type\":\"Organization\",\"@id\":\"https:\\\/\\\/www.ilnotiziario.net\\\/wp\\\/#organization\",\"name\":\"Il Notiziario\",\"url\":\"https:\\\/\\\/www.ilnotiziario.net\\\/wp\\\/\",\"logo\":{\"@type\":\"ImageObject\",\"inLanguage\":\"it-IT\",\"@id\":\"https:\\\/\\\/www.ilnotiziario.net\\\/wp\\\/#\\\/schema\\\/logo\\\/image\\\/\",\"url\":\"https:\\\/\\\/www.ilnotiziario.net\\\/wp\\\/wp-content\\\/uploads\\\/2022\\\/06\\\/170x170ilN.png\",\"contentUrl\":\"https:\\\/\\\/www.ilnotiziario.net\\\/wp\\\/wp-content\\\/uploads\\\/2022\\\/06\\\/170x170ilN.png\",\"width\":355,\"height\":355,\"caption\":\"Il Notiziario\"},\"image\":{\"@id\":\"https:\\\/\\\/www.ilnotiziario.net\\\/wp\\\/#\\\/schema\\\/logo\\\/image\\\/\"},\"sameAs\":[\"https:\\\/\\\/www.facebook.com\\\/ilnotiziarioind\\\/\",\"https:\\\/\\\/x.com\\\/ilNotiziarioInd\",\"https:\\\/\\\/www.instagram.com\\\/ilnotiziario_settimanale\\\/\"]},{\"@type\":\"Person\",\"@id\":\"https:\\\/\\\/www.ilnotiziario.net\\\/wp\\\/#\\\/schema\\\/person\\\/386e222908f898bb41c033989482bbf2\",\"name\":\"Gabriele Bassani\",\"image\":{\"@type\":\"ImageObject\",\"inLanguage\":\"it-IT\",\"@id\":\"https:\\\/\\\/secure.gravatar.com\\\/avatar\\\/09274f4a84fa97698bde56f84b3afed61c8492d48b0550db9671b68c177479cb?s=96&d=mm&r=g\",\"url\":\"https:\\\/\\\/secure.gravatar.com\\\/avatar\\\/09274f4a84fa97698bde56f84b3afed61c8492d48b0550db9671b68c177479cb?s=96&d=mm&r=g\",\"contentUrl\":\"https:\\\/\\\/secure.gravatar.com\\\/avatar\\\/09274f4a84fa97698bde56f84b3afed61c8492d48b0550db9671b68c177479cb?s=96&d=mm&r=g\",\"caption\":\"Gabriele Bassani\"},\"sameAs\":[\"http:\\\/\\\/www.ilnotiziario.net\"]}]}<\/script>\n<!-- \/ Yoast SEO plugin. -->","yoast_head_json":{"title":"Snam e Covid-19: la risposta dell\u2019azienda guidata da Marco Alver\u00e0 tra sicurezza e solidariet\u00e0 - Il Notiziario","description":"L\u2019emergenza sanitaria dovuta alla diffusione del Coronavirus ha messo e sta mettendo tutt\u2019oggi a dura prova il sistema sanitario nazionale, con medici,","robots":{"index":"index","follow":"follow","max-snippet":"max-snippet:-1","max-image-preview":"max-image-preview:large","max-video-preview":"max-video-preview:-1"},"canonical":"https:\/\/www.ilnotiziario.net\/wp\/buonoasapersi\/snam-covid-19-risposta-azienda-marco-alvera-sicurezza-solidarieta\/","og_locale":"it_IT","og_type":"article","og_title":"Snam e Covid-19: la risposta dell\u2019azienda guidata da Marco Alver\u00e0 tra sicurezza e solidariet\u00e0 - Il Notiziario","og_description":"L\u2019emergenza sanitaria dovuta alla diffusione del Coronavirus ha messo e sta mettendo tutt\u2019oggi a dura prova il sistema sanitario nazionale, con medici,","og_url":"https:\/\/www.ilnotiziario.net\/wp\/buonoasapersi\/snam-covid-19-risposta-azienda-marco-alvera-sicurezza-solidarieta\/","og_site_name":"Il Notiziario","article_publisher":"https:\/\/www.facebook.com\/ilnotiziarioind\/","article_published_time":"2020-05-14T19:18:02+00:00","og_image":[{"width":850,"height":568,"url":"https:\/\/www.ilnotiziario.net\/wp\/wp-content\/uploads\/2020\/05\/snam-covid-19-iniziative.jpg","type":"image\/jpeg"}],"author":"Gabriele Bassani","twitter_card":"summary_large_image","twitter_creator":"@ilNotiziarioInd","twitter_site":"@ilNotiziarioInd","twitter_misc":{"Scritto da":"Gabriele Bassani","Tempo di lettura stimato":"2 minuti"},"schema":{"@context":"https:\/\/schema.org","@graph":[{"@type":"Article","@id":"https:\/\/www.ilnotiziario.net\/wp\/buonoasapersi\/snam-covid-19-risposta-azienda-marco-alvera-sicurezza-solidarieta\/#article","isPartOf":{"@id":"https:\/\/www.ilnotiziario.net\/wp\/buonoasapersi\/snam-covid-19-risposta-azienda-marco-alvera-sicurezza-solidarieta\/"},"author":{"name":"Gabriele Bassani","@id":"https:\/\/www.ilnotiziario.net\/wp\/#\/schema\/person\/386e222908f898bb41c033989482bbf2"},"headline":"Snam e Covid-19: la risposta dell\u2019azienda guidata da Marco Alver\u00e0 tra sicurezza e solidariet\u00e0","datePublished":"2020-05-14T19:18:02+00:00","mainEntityOfPage":{"@id":"https:\/\/www.ilnotiziario.net\/wp\/buonoasapersi\/snam-covid-19-risposta-azienda-marco-alvera-sicurezza-solidarieta\/"},"wordCount":406,"publisher":{"@id":"https:\/\/www.ilnotiziario.net\/wp\/#organization"},"image":{"@id":"https:\/\/www.ilnotiziario.net\/wp\/buonoasapersi\/snam-covid-19-risposta-azienda-marco-alvera-sicurezza-solidarieta\/#primaryimage"},"thumbnailUrl":"https:\/\/www.ilnotiziario.net\/wp\/wp-content\/uploads\/2020\/05\/snam-covid-19-iniziative.jpg","keywords":["covid","Covid-19","Marco Alver\u00e0","Snam"],"articleSection":["BUONO A SAPERSI"],"inLanguage":"it-IT"},{"@type":"WebPage","@id":"https:\/\/www.ilnotiziario.net\/wp\/buonoasapersi\/snam-covid-19-risposta-azienda-marco-alvera-sicurezza-solidarieta\/","url":"https:\/\/www.ilnotiziario.net\/wp\/buonoasapersi\/snam-covid-19-risposta-azienda-marco-alvera-sicurezza-solidarieta\/","name":"Snam e Covid-19: la risposta dell\u2019azienda guidata da Marco Alver\u00e0 tra sicurezza e solidariet\u00e0 - Il Notiziario","isPartOf":{"@id":"https:\/\/www.ilnotiziario.net\/wp\/#website"},"primaryImageOfPage":{"@id":"https:\/\/www.ilnotiziario.net\/wp\/buonoasapersi\/snam-covid-19-risposta-azienda-marco-alvera-sicurezza-solidarieta\/#primaryimage"},"image":{"@id":"https:\/\/www.ilnotiziario.net\/wp\/buonoasapersi\/snam-covid-19-risposta-azienda-marco-alvera-sicurezza-solidarieta\/#primaryimage"},"thumbnailUrl":"https:\/\/www.ilnotiziario.net\/wp\/wp-content\/uploads\/2020\/05\/snam-covid-19-iniziative.jpg","datePublished":"2020-05-14T19:18:02+00:00","description":"L\u2019emergenza sanitaria dovuta alla diffusione del Coronavirus ha messo e sta mettendo tutt\u2019oggi a dura prova il sistema sanitario nazionale, con medici,","breadcrumb":{"@id":"https:\/\/www.ilnotiziario.net\/wp\/buonoasapersi\/snam-covid-19-risposta-azienda-marco-alvera-sicurezza-solidarieta\/#breadcrumb"},"inLanguage":"it-IT","potentialAction":[{"@type":"ReadAction","target":["https:\/\/www.ilnotiziario.net\/wp\/buonoasapersi\/snam-covid-19-risposta-azienda-marco-alvera-sicurezza-solidarieta\/"]}]},{"@type":"ImageObject","inLanguage":"it-IT","@id":"https:\/\/www.ilnotiziario.net\/wp\/buonoasapersi\/snam-covid-19-risposta-azienda-marco-alvera-sicurezza-solidarieta\/#primaryimage","url":"https:\/\/www.ilnotiziario.net\/wp\/wp-content\/uploads\/2020\/05\/snam-covid-19-iniziative.jpg","contentUrl":"https:\/\/www.ilnotiziario.net\/wp\/wp-content\/uploads\/2020\/05\/snam-covid-19-iniziative.jpg","width":850,"height":568,"caption":"snam Covid 19"},{"@type":"BreadcrumbList","@id":"https:\/\/www.ilnotiziario.net\/wp\/buonoasapersi\/snam-covid-19-risposta-azienda-marco-alvera-sicurezza-solidarieta\/#breadcrumb","itemListElement":[{"@type":"ListItem","position":1,"name":"tds_text_logo_tagline_colortds_text_logo_tagline_colortds_text_logo_tagline_colortds_text_logo_tagline_colortd_module_7_title_excerpttd_module_7_title_excerpttd_module_7_title_excerpttd_module_7_title_excerptHome","item":"https:\/\/www.ilnotiziario.net\/wp\/"},{"@type":"ListItem","position":2,"name":"Snam e Covid-19: la risposta dell\u2019azienda guidata da Marco Alver\u00e0 tra sicurezza e solidariet\u00e0"}]},{"@type":"WebSite","@id":"https:\/\/www.ilnotiziario.net\/wp\/#website","url":"https:\/\/www.ilnotiziario.net\/wp\/","name":"Il Notiziario","description":"Per restare sempre connessi alla notizia","publisher":{"@id":"https:\/\/www.ilnotiziario.net\/wp\/#organization"},"alternateName":"Il Notiziario Bollate","potentialAction":[{"@type":"SearchAction","target":{"@type":"EntryPoint","urlTemplate":"https:\/\/www.ilnotiziario.net\/wp\/?s={search_term_string}"},"query-input":{"@type":"PropertyValueSpecification","valueRequired":true,"valueName":"search_term_string"}}],"inLanguage":"it-IT"},{"@type":"Organization","@id":"https:\/\/www.ilnotiziario.net\/wp\/#organization","name":"Il Notiziario","url":"https:\/\/www.ilnotiziario.net\/wp\/","logo":{"@type":"ImageObject","inLanguage":"it-IT","@id":"https:\/\/www.ilnotiziario.net\/wp\/#\/schema\/logo\/image\/","url":"https:\/\/www.ilnotiziario.net\/wp\/wp-content\/uploads\/2022\/06\/170x170ilN.png","contentUrl":"https:\/\/www.ilnotiziario.net\/wp\/wp-content\/uploads\/2022\/06\/170x170ilN.png","width":355,"height":355,"caption":"Il Notiziario"},"image":{"@id":"https:\/\/www.ilnotiziario.net\/wp\/#\/schema\/logo\/image\/"},"sameAs":["https:\/\/www.facebook.com\/ilnotiziarioind\/","https:\/\/x.com\/ilNotiziarioInd","https:\/\/www.instagram.com\/ilnotiziario_settimanale\/"]},{"@type":"Person","@id":"https:\/\/www.ilnotiziario.net\/wp\/#\/schema\/person\/386e222908f898bb41c033989482bbf2","name":"Gabriele Bassani","image":{"@type":"ImageObject","inLanguage":"it-IT","@id":"https:\/\/secure.gravatar.com\/avatar\/09274f4a84fa97698bde56f84b3afed61c8492d48b0550db9671b68c177479cb?s=96&d=mm&r=g","url":"https:\/\/secure.gravatar.com\/avatar\/09274f4a84fa97698bde56f84b3afed61c8492d48b0550db9671b68c177479cb?s=96&d=mm&r=g","contentUrl":"https:\/\/secure.gravatar.com\/avatar\/09274f4a84fa97698bde56f84b3afed61c8492d48b0550db9671b68c177479cb?s=96&d=mm&r=g","caption":"Gabriele Bassani"},"sameAs":["http:\/\/www.ilnotiziario.net"]}]}},"_links":{"self":[{"href":"https:\/\/www.ilnotiziario.net\/wp\/wp-json\/wp\/v2\/posts\/70125","targetHints":{"allow":["GET"]}}],"collection":[{"href":"https:\/\/www.ilnotiziario.net\/wp\/wp-json\/wp\/v2\/posts"}],"about":[{"href":"https:\/\/www.ilnotiziario.net\/wp\/wp-json\/wp\/v2\/types\/post"}],"author":[{"embeddable":true,"href":"https:\/\/www.ilnotiziario.net\/wp\/wp-json\/wp\/v2\/users\/3"}],"replies":[{"embeddable":true,"href":"https:\/\/www.ilnotiziario.net\/wp\/wp-json\/wp\/v2\/comments?post=70125"}],"version-history":[{"count":0,"href":"https:\/\/www.ilnotiziario.net\/wp\/wp-json\/wp\/v2\/posts\/70125\/revisions"}],"wp:featuredmedia":[{"embeddable":true,"href":"https:\/\/www.ilnotiziario.net\/wp\/wp-json\/wp\/v2\/media\/70126"}],"wp:attachment":[{"href":"https:\/\/www.ilnotiziario.net\/wp\/wp-json\/wp\/v2\/media?parent=70125"}],"wp:term":[{"taxonomy":"category","embeddable":true,"href":"https:\/\/www.ilnotiziario.net\/wp\/wp-json\/wp\/v2\/categories?post=70125"},{"taxonomy":"post_tag","embeddable":true,"href":"https:\/\/www.ilnotiziario.net\/wp\/wp-json\/wp\/v2\/tags?post=70125"}],"curies":[{"name":"wp","href":"https:\/\/api.w.org\/{rel}","templated":true}]}}