{"id":72730,"date":"2020-05-28T12:06:15","date_gmt":"2020-05-28T10:06:15","guid":{"rendered":"https:\/\/www.ilnotiziario.net\/wp\/?p=72730"},"modified":"2020-05-28T12:38:45","modified_gmt":"2020-05-28T10:38:45","slug":"giovane-18-anni-covid-salvato-trapianto","status":"publish","type":"post","link":"https:\/\/www.ilnotiziario.net\/wp\/prima-pagina\/giovane-18-anni-covid-salvato-trapianto\/","title":{"rendered":"Giovane di 18 anni, il coronavirus lo manda in fin di vita, salvato da trapianto record"},"content":{"rendered":"<p><img fetchpriority=\"high\" decoding=\"async\" class=\"alignnone wp-image-52607 size-medium\" src=\"https:\/\/www.ilnotiziario.net\/wp\/wp-content\/uploads\/2020\/04\/coronavirus-ospedale-300x200.jpg\" alt=\"giovane salvato da trapianto\" width=\"300\" height=\"200\" srcset=\"https:\/\/www.ilnotiziario.net\/wp\/wp-content\/uploads\/2020\/04\/coronavirus-ospedale-300x200.jpg 300w, https:\/\/www.ilnotiziario.net\/wp\/wp-content\/uploads\/2020\/04\/coronavirus-ospedale-1024x682.jpg 1024w, https:\/\/www.ilnotiziario.net\/wp\/wp-content\/uploads\/2020\/04\/coronavirus-ospedale-768x512.jpg 768w, https:\/\/www.ilnotiziario.net\/wp\/wp-content\/uploads\/2020\/04\/coronavirus-ospedale-696x464.jpg 696w, https:\/\/www.ilnotiziario.net\/wp\/wp-content\/uploads\/2020\/04\/coronavirus-ospedale-1068x712.jpg 1068w, https:\/\/www.ilnotiziario.net\/wp\/wp-content\/uploads\/2020\/04\/coronavirus-ospedale.jpg 1280w\" sizes=\"(max-width: 300px) 100vw, 300px\" \/><\/p>\n<p>Il 18enne, senza precedenti patologie, ridotto in fin di vita dal coronavirus, salvato con un trapianto record.<\/p><div id=\"ilnot-1012994133\" class=\"ilnot-contenuto ilnot-entity-placement\"><p><!-- incontent_1 --><\/p>\n<div class=\"gptslot\" data-adunitid=\"1\"><\/div>\n<\/div>\n<p>Francesco, 18 anni, era perfettamente sano ma ad inizio Marzo il <strong>il coronavirus, lo ha infettato e gli ha danneggiato i polmoni, causando una estrema difficolt\u00e0 nella capacit\u00e0 di respirare normalmente<\/strong>. In pochi giorni il virus colpisce ancora pi\u00f9 duramente e i<strong> polmoni vengono compromessi in modo irreparabile.<\/strong><\/p>\n<p>A met\u00e0 aprile gli esperti della Chirurgia Toracica e Trapianti di Polmone del Policlinico di Milano decidono di esplorare una diversa direzione, quella di donargli dei polmoni nuovi.<\/p><div id=\"ilnot-3609961519\" class=\"ilnot-contenuto_2 ilnot-entity-placement\"><div class=\"ads-wrapper\">\n<div class=\"ad-slot\">\n   <div id=\"ilnot-2906255970\" style=\"margin-right: auto;margin-left: auto;text-align: center;width: 320px;height: 100px;\"><a href=\"https:\/\/www.scuolasicurezza.it\/\"><img decoding=\"async\" src=\"https:\/\/www.ilnotiziario.net\/wp\/wp-content\/uploads\/2026\/04\/IlNotiziario_banner-sito-e-newsletter-320-x-100-px-1.gif\" alt=\"\"><\/a><\/div>\n  <\/div>\n<div class=\"ad-slot\">\n   <div id=\"ilnot-613245078\" style=\"margin-right: auto;margin-left: auto;text-align: center;width: 320px;height: 100px;\"><a href=\"https:\/\/purodesignarredamenti.com\/\"><img decoding=\"async\" src=\"https:\/\/www.ilnotiziario.net\/wp\/wp-content\/uploads\/2026\/04\/banner-puro-ok.gif\" alt=\"whatsapp\"><\/a><\/div><\/p><\/div>\n<\/div>\n<\/div>\n<p>Il Centro nazionale trapianti inizia l&#8217;analisi della situazione e delle condizioni del paziente. Il paziente dopo una valutazione positiva viene inserito in lista d\u2019attesa urgente nazionale.<\/p>\n<p>In alcune settimane viene individuato un organo idoneo e ne viene immediatamente predisposto il prelievo e il trasporto dei polmoni a Milano.<\/p>\n<h2>Trapianto di polmoni, intervento riuscito sul giovane<\/h2>\n<p><strong>A salvare il 18enne \u00e8 stato il trapianto effettuato al Policlinico di Milano<\/strong>, con un percorso che era stato tentato solo poche volte. Il coordinamento operativo \u00e8 stato assicurato dal Centro nazionale trapianti in sinergia con il Centro regionale trapianti della Lombardia e il Nord Italia transplant program.<\/p><div id=\"ilnot-2403603593\" class=\"ilnot-contenuto_2-2 ilnot-entity-placement\"><div class=\"gptslot\" data-adunitid=\"2\"><\/div>\n<\/div>\n<p>Ad oggi Francesco \u00e8 sveglio, collaborativo e segue la fisioterapia. Il percorso di riabilitazione \u00e8 lungo in seguito ai 58 giorni che ha passato allettato e intubato.<\/p>\n<p>&#8220;Il nostro Ospedale \u00e8 tra centri pi\u00f9 importanti d&#8217;Italia per l&#8217;attivit\u00e0 trapiantologica &#8211; spiega Ezio Belleri, direttore generale del Policlinico di Milano -. Dall&#8217;inizio del 2020 abbiamo eseguito gi\u00e0 9 trapianti, di cui 4 durante la pandemia. Crediamo sia importantissimo divulgare la nostra esperienza, sicuri del fatto che possa <strong>servire da guida e ispirazione per i tanti casi che la pandemia ha generato<\/strong>. Poter rimediare ai danni polmonari da Covid-19 con il trapianto rappresenta un\u2019opportunit\u00e0 in pi\u00f9 per i tanti pazienti che sono stati colpiti duramente da questo coronavirus:\u00a0<strong>\u00e8 un percorso per nulla semplice, ma abbiamo appena dimostrato che si pu\u00f2 portare a termine con successo<\/strong>&#8220;.<\/p>\n","protected":false},"excerpt":{"rendered":"<p>Il 18enne, senza precedenti patologie, ridotto in fin di vita dal coronavirus, salvato con un trapianto record. Francesco, 18 anni, era perfettamente sano ma ad inizio Marzo il il coronavirus, lo ha infettato e gli ha danneggiato i polmoni, causando una estrema difficolt\u00e0 nella capacit\u00e0 di respirare normalmente. In pochi giorni il virus colpisce ancora<\/p>\n","protected":false},"author":3,"featured_media":52607,"comment_status":"closed","ping_status":"closed","sticky":false,"template":"","format":"standard","meta":{"footnotes":""},"categories":[11,20],"tags":[7178,38,219],"class_list":{"0":"post-72730","1":"post","2":"type-post","3":"status-publish","4":"format-standard","5":"has-post-thumbnail","7":"category-nord-milano","8":"category-prima-pagina","9":"tag-covid-19","10":"tag-milano","11":"tag-ospedale"},"yoast_head":"<!-- This site is optimized with the Yoast SEO plugin v27.4 - https:\/\/yoast.com\/product\/yoast-seo-wordpress\/ -->\n<title>Giovane di 18 anni, il coronavirus lo manda in fin di vita, salvato da trapianto record - Il Notiziario<\/title>\n<meta name=\"description\" content=\"Il 18enne, senza precedenti patologie, ridotto in fin di vita dal coronavirus, salvato con un trapianto record. Francesco, 18 anni, era perfettamente sano\" \/>\n<meta name=\"robots\" content=\"index, follow, max-snippet:-1, max-image-preview:large, max-video-preview:-1\" \/>\n<link rel=\"canonical\" href=\"https:\/\/www.ilnotiziario.net\/wp\/prima-pagina\/giovane-18-anni-covid-salvato-trapianto\/\" \/>\n<meta property=\"og:locale\" content=\"it_IT\" \/>\n<meta property=\"og:type\" content=\"article\" \/>\n<meta property=\"og:title\" content=\"Giovane di 18 anni, il coronavirus lo manda in fin di vita, salvato da trapianto record - Il Notiziario\" \/>\n<meta property=\"og:description\" content=\"Il 18enne, senza precedenti patologie, ridotto in fin di vita dal coronavirus, salvato con un trapianto record. Francesco, 18 anni, era perfettamente sano\" \/>\n<meta property=\"og:url\" content=\"https:\/\/www.ilnotiziario.net\/wp\/prima-pagina\/giovane-18-anni-covid-salvato-trapianto\/\" \/>\n<meta property=\"og:site_name\" content=\"Il Notiziario\" \/>\n<meta property=\"article:publisher\" content=\"https:\/\/www.facebook.com\/ilnotiziarioind\/\" \/>\n<meta property=\"article:published_time\" content=\"2020-05-28T10:06:15+00:00\" \/>\n<meta property=\"article:modified_time\" content=\"2020-05-28T10:38:45+00:00\" \/>\n<meta property=\"og:image\" content=\"https:\/\/www.ilnotiziario.net\/wp\/wp-content\/uploads\/2020\/04\/coronavirus-ospedale.jpg\" \/>\n\t<meta property=\"og:image:width\" content=\"1280\" \/>\n\t<meta property=\"og:image:height\" content=\"853\" \/>\n\t<meta property=\"og:image:type\" content=\"image\/jpeg\" \/>\n<meta name=\"author\" content=\"Gabriele Bassani\" \/>\n<meta name=\"twitter:card\" content=\"summary_large_image\" \/>\n<meta name=\"twitter:creator\" content=\"@ilNotiziarioInd\" \/>\n<meta name=\"twitter:site\" content=\"@ilNotiziarioInd\" \/>\n<meta name=\"twitter:label1\" content=\"Scritto da\" \/>\n\t<meta name=\"twitter:data1\" content=\"Gabriele Bassani\" \/>\n\t<meta name=\"twitter:label2\" content=\"Tempo di lettura stimato\" \/>\n\t<meta name=\"twitter:data2\" content=\"2 minuti\" \/>\n<script type=\"application\/ld+json\" class=\"yoast-schema-graph\">{\"@context\":\"https:\\\/\\\/schema.org\",\"@graph\":[{\"@type\":\"Article\",\"@id\":\"https:\\\/\\\/www.ilnotiziario.net\\\/wp\\\/prima-pagina\\\/giovane-18-anni-covid-salvato-trapianto\\\/#article\",\"isPartOf\":{\"@id\":\"https:\\\/\\\/www.ilnotiziario.net\\\/wp\\\/prima-pagina\\\/giovane-18-anni-covid-salvato-trapianto\\\/\"},\"author\":{\"name\":\"Gabriele Bassani\",\"@id\":\"https:\\\/\\\/www.ilnotiziario.net\\\/wp\\\/#\\\/schema\\\/person\\\/386e222908f898bb41c033989482bbf2\"},\"headline\":\"Giovane di 18 anni, il coronavirus lo manda in fin di vita, salvato da trapianto record\",\"datePublished\":\"2020-05-28T10:06:15+00:00\",\"dateModified\":\"2020-05-28T10:38:45+00:00\",\"mainEntityOfPage\":{\"@id\":\"https:\\\/\\\/www.ilnotiziario.net\\\/wp\\\/prima-pagina\\\/giovane-18-anni-covid-salvato-trapianto\\\/\"},\"wordCount\":340,\"publisher\":{\"@id\":\"https:\\\/\\\/www.ilnotiziario.net\\\/wp\\\/#organization\"},\"image\":{\"@id\":\"https:\\\/\\\/www.ilnotiziario.net\\\/wp\\\/prima-pagina\\\/giovane-18-anni-covid-salvato-trapianto\\\/#primaryimage\"},\"thumbnailUrl\":\"https:\\\/\\\/www.ilnotiziario.net\\\/wp\\\/wp-content\\\/uploads\\\/2020\\\/04\\\/coronavirus-ospedale.jpg\",\"keywords\":[\"Covid-19\",\"Milano\",\"ospedale\"],\"articleSection\":[\"NORD MILANO\",\"Prima Pagina\"],\"inLanguage\":\"it-IT\"},{\"@type\":\"WebPage\",\"@id\":\"https:\\\/\\\/www.ilnotiziario.net\\\/wp\\\/prima-pagina\\\/giovane-18-anni-covid-salvato-trapianto\\\/\",\"url\":\"https:\\\/\\\/www.ilnotiziario.net\\\/wp\\\/prima-pagina\\\/giovane-18-anni-covid-salvato-trapianto\\\/\",\"name\":\"Giovane di 18 anni, il coronavirus lo manda in fin di vita, salvato da trapianto record - Il Notiziario\",\"isPartOf\":{\"@id\":\"https:\\\/\\\/www.ilnotiziario.net\\\/wp\\\/#website\"},\"primaryImageOfPage\":{\"@id\":\"https:\\\/\\\/www.ilnotiziario.net\\\/wp\\\/prima-pagina\\\/giovane-18-anni-covid-salvato-trapianto\\\/#primaryimage\"},\"image\":{\"@id\":\"https:\\\/\\\/www.ilnotiziario.net\\\/wp\\\/prima-pagina\\\/giovane-18-anni-covid-salvato-trapianto\\\/#primaryimage\"},\"thumbnailUrl\":\"https:\\\/\\\/www.ilnotiziario.net\\\/wp\\\/wp-content\\\/uploads\\\/2020\\\/04\\\/coronavirus-ospedale.jpg\",\"datePublished\":\"2020-05-28T10:06:15+00:00\",\"dateModified\":\"2020-05-28T10:38:45+00:00\",\"description\":\"Il 18enne, senza precedenti patologie, ridotto in fin di vita dal coronavirus, salvato con un trapianto record. Francesco, 18 anni, era perfettamente sano\",\"breadcrumb\":{\"@id\":\"https:\\\/\\\/www.ilnotiziario.net\\\/wp\\\/prima-pagina\\\/giovane-18-anni-covid-salvato-trapianto\\\/#breadcrumb\"},\"inLanguage\":\"it-IT\",\"potentialAction\":[{\"@type\":\"ReadAction\",\"target\":[\"https:\\\/\\\/www.ilnotiziario.net\\\/wp\\\/prima-pagina\\\/giovane-18-anni-covid-salvato-trapianto\\\/\"]}]},{\"@type\":\"ImageObject\",\"inLanguage\":\"it-IT\",\"@id\":\"https:\\\/\\\/www.ilnotiziario.net\\\/wp\\\/prima-pagina\\\/giovane-18-anni-covid-salvato-trapianto\\\/#primaryimage\",\"url\":\"https:\\\/\\\/www.ilnotiziario.net\\\/wp\\\/wp-content\\\/uploads\\\/2020\\\/04\\\/coronavirus-ospedale.jpg\",\"contentUrl\":\"https:\\\/\\\/www.ilnotiziario.net\\\/wp\\\/wp-content\\\/uploads\\\/2020\\\/04\\\/coronavirus-ospedale.jpg\",\"width\":1280,\"height\":853},{\"@type\":\"BreadcrumbList\",\"@id\":\"https:\\\/\\\/www.ilnotiziario.net\\\/wp\\\/prima-pagina\\\/giovane-18-anni-covid-salvato-trapianto\\\/#breadcrumb\",\"itemListElement\":[{\"@type\":\"ListItem\",\"position\":1,\"name\":\"tds_text_logo_tagline_colortds_text_logo_tagline_colortds_text_logo_tagline_colortds_text_logo_tagline_colortd_module_7_title_excerpttd_module_7_title_excerpttd_module_7_title_excerpttd_module_7_title_excerptHome\",\"item\":\"https:\\\/\\\/www.ilnotiziario.net\\\/wp\\\/\"},{\"@type\":\"ListItem\",\"position\":2,\"name\":\"Giovane di 18 anni, il coronavirus lo manda in fin di vita, salvato da trapianto record\"}]},{\"@type\":\"WebSite\",\"@id\":\"https:\\\/\\\/www.ilnotiziario.net\\\/wp\\\/#website\",\"url\":\"https:\\\/\\\/www.ilnotiziario.net\\\/wp\\\/\",\"name\":\"Il Notiziario\",\"description\":\"Per restare sempre connessi alla notizia\",\"publisher\":{\"@id\":\"https:\\\/\\\/www.ilnotiziario.net\\\/wp\\\/#organization\"},\"alternateName\":\"Il Notiziario Bollate\",\"potentialAction\":[{\"@type\":\"SearchAction\",\"target\":{\"@type\":\"EntryPoint\",\"urlTemplate\":\"https:\\\/\\\/www.ilnotiziario.net\\\/wp\\\/?s={search_term_string}\"},\"query-input\":{\"@type\":\"PropertyValueSpecification\",\"valueRequired\":true,\"valueName\":\"search_term_string\"}}],\"inLanguage\":\"it-IT\"},{\"@type\":\"Organization\",\"@id\":\"https:\\\/\\\/www.ilnotiziario.net\\\/wp\\\/#organization\",\"name\":\"Il Notiziario\",\"url\":\"https:\\\/\\\/www.ilnotiziario.net\\\/wp\\\/\",\"logo\":{\"@type\":\"ImageObject\",\"inLanguage\":\"it-IT\",\"@id\":\"https:\\\/\\\/www.ilnotiziario.net\\\/wp\\\/#\\\/schema\\\/logo\\\/image\\\/\",\"url\":\"https:\\\/\\\/www.ilnotiziario.net\\\/wp\\\/wp-content\\\/uploads\\\/2022\\\/06\\\/170x170ilN.png\",\"contentUrl\":\"https:\\\/\\\/www.ilnotiziario.net\\\/wp\\\/wp-content\\\/uploads\\\/2022\\\/06\\\/170x170ilN.png\",\"width\":355,\"height\":355,\"caption\":\"Il Notiziario\"},\"image\":{\"@id\":\"https:\\\/\\\/www.ilnotiziario.net\\\/wp\\\/#\\\/schema\\\/logo\\\/image\\\/\"},\"sameAs\":[\"https:\\\/\\\/www.facebook.com\\\/ilnotiziarioind\\\/\",\"https:\\\/\\\/x.com\\\/ilNotiziarioInd\",\"https:\\\/\\\/www.instagram.com\\\/ilnotiziario_settimanale\\\/\"]},{\"@type\":\"Person\",\"@id\":\"https:\\\/\\\/www.ilnotiziario.net\\\/wp\\\/#\\\/schema\\\/person\\\/386e222908f898bb41c033989482bbf2\",\"name\":\"Gabriele Bassani\",\"image\":{\"@type\":\"ImageObject\",\"inLanguage\":\"it-IT\",\"@id\":\"https:\\\/\\\/secure.gravatar.com\\\/avatar\\\/09274f4a84fa97698bde56f84b3afed61c8492d48b0550db9671b68c177479cb?s=96&d=mm&r=g\",\"url\":\"https:\\\/\\\/secure.gravatar.com\\\/avatar\\\/09274f4a84fa97698bde56f84b3afed61c8492d48b0550db9671b68c177479cb?s=96&d=mm&r=g\",\"contentUrl\":\"https:\\\/\\\/secure.gravatar.com\\\/avatar\\\/09274f4a84fa97698bde56f84b3afed61c8492d48b0550db9671b68c177479cb?s=96&d=mm&r=g\",\"caption\":\"Gabriele Bassani\"},\"sameAs\":[\"http:\\\/\\\/www.ilnotiziario.net\"]}]}<\/script>\n<!-- \/ Yoast SEO plugin. -->","yoast_head_json":{"title":"Giovane di 18 anni, il coronavirus lo manda in fin di vita, salvato da trapianto record - Il Notiziario","description":"Il 18enne, senza precedenti patologie, ridotto in fin di vita dal coronavirus, salvato con un trapianto record. Francesco, 18 anni, era perfettamente sano","robots":{"index":"index","follow":"follow","max-snippet":"max-snippet:-1","max-image-preview":"max-image-preview:large","max-video-preview":"max-video-preview:-1"},"canonical":"https:\/\/www.ilnotiziario.net\/wp\/prima-pagina\/giovane-18-anni-covid-salvato-trapianto\/","og_locale":"it_IT","og_type":"article","og_title":"Giovane di 18 anni, il coronavirus lo manda in fin di vita, salvato da trapianto record - Il Notiziario","og_description":"Il 18enne, senza precedenti patologie, ridotto in fin di vita dal coronavirus, salvato con un trapianto record. Francesco, 18 anni, era perfettamente sano","og_url":"https:\/\/www.ilnotiziario.net\/wp\/prima-pagina\/giovane-18-anni-covid-salvato-trapianto\/","og_site_name":"Il Notiziario","article_publisher":"https:\/\/www.facebook.com\/ilnotiziarioind\/","article_published_time":"2020-05-28T10:06:15+00:00","article_modified_time":"2020-05-28T10:38:45+00:00","og_image":[{"width":1280,"height":853,"url":"https:\/\/www.ilnotiziario.net\/wp\/wp-content\/uploads\/2020\/04\/coronavirus-ospedale.jpg","type":"image\/jpeg"}],"author":"Gabriele Bassani","twitter_card":"summary_large_image","twitter_creator":"@ilNotiziarioInd","twitter_site":"@ilNotiziarioInd","twitter_misc":{"Scritto da":"Gabriele Bassani","Tempo di lettura stimato":"2 minuti"},"schema":{"@context":"https:\/\/schema.org","@graph":[{"@type":"Article","@id":"https:\/\/www.ilnotiziario.net\/wp\/prima-pagina\/giovane-18-anni-covid-salvato-trapianto\/#article","isPartOf":{"@id":"https:\/\/www.ilnotiziario.net\/wp\/prima-pagina\/giovane-18-anni-covid-salvato-trapianto\/"},"author":{"name":"Gabriele Bassani","@id":"https:\/\/www.ilnotiziario.net\/wp\/#\/schema\/person\/386e222908f898bb41c033989482bbf2"},"headline":"Giovane di 18 anni, il coronavirus lo manda in fin di vita, salvato da trapianto record","datePublished":"2020-05-28T10:06:15+00:00","dateModified":"2020-05-28T10:38:45+00:00","mainEntityOfPage":{"@id":"https:\/\/www.ilnotiziario.net\/wp\/prima-pagina\/giovane-18-anni-covid-salvato-trapianto\/"},"wordCount":340,"publisher":{"@id":"https:\/\/www.ilnotiziario.net\/wp\/#organization"},"image":{"@id":"https:\/\/www.ilnotiziario.net\/wp\/prima-pagina\/giovane-18-anni-covid-salvato-trapianto\/#primaryimage"},"thumbnailUrl":"https:\/\/www.ilnotiziario.net\/wp\/wp-content\/uploads\/2020\/04\/coronavirus-ospedale.jpg","keywords":["Covid-19","Milano","ospedale"],"articleSection":["NORD MILANO","Prima Pagina"],"inLanguage":"it-IT"},{"@type":"WebPage","@id":"https:\/\/www.ilnotiziario.net\/wp\/prima-pagina\/giovane-18-anni-covid-salvato-trapianto\/","url":"https:\/\/www.ilnotiziario.net\/wp\/prima-pagina\/giovane-18-anni-covid-salvato-trapianto\/","name":"Giovane di 18 anni, il coronavirus lo manda in fin di vita, salvato da trapianto record - Il Notiziario","isPartOf":{"@id":"https:\/\/www.ilnotiziario.net\/wp\/#website"},"primaryImageOfPage":{"@id":"https:\/\/www.ilnotiziario.net\/wp\/prima-pagina\/giovane-18-anni-covid-salvato-trapianto\/#primaryimage"},"image":{"@id":"https:\/\/www.ilnotiziario.net\/wp\/prima-pagina\/giovane-18-anni-covid-salvato-trapianto\/#primaryimage"},"thumbnailUrl":"https:\/\/www.ilnotiziario.net\/wp\/wp-content\/uploads\/2020\/04\/coronavirus-ospedale.jpg","datePublished":"2020-05-28T10:06:15+00:00","dateModified":"2020-05-28T10:38:45+00:00","description":"Il 18enne, senza precedenti patologie, ridotto in fin di vita dal coronavirus, salvato con un trapianto record. Francesco, 18 anni, era perfettamente sano","breadcrumb":{"@id":"https:\/\/www.ilnotiziario.net\/wp\/prima-pagina\/giovane-18-anni-covid-salvato-trapianto\/#breadcrumb"},"inLanguage":"it-IT","potentialAction":[{"@type":"ReadAction","target":["https:\/\/www.ilnotiziario.net\/wp\/prima-pagina\/giovane-18-anni-covid-salvato-trapianto\/"]}]},{"@type":"ImageObject","inLanguage":"it-IT","@id":"https:\/\/www.ilnotiziario.net\/wp\/prima-pagina\/giovane-18-anni-covid-salvato-trapianto\/#primaryimage","url":"https:\/\/www.ilnotiziario.net\/wp\/wp-content\/uploads\/2020\/04\/coronavirus-ospedale.jpg","contentUrl":"https:\/\/www.ilnotiziario.net\/wp\/wp-content\/uploads\/2020\/04\/coronavirus-ospedale.jpg","width":1280,"height":853},{"@type":"BreadcrumbList","@id":"https:\/\/www.ilnotiziario.net\/wp\/prima-pagina\/giovane-18-anni-covid-salvato-trapianto\/#breadcrumb","itemListElement":[{"@type":"ListItem","position":1,"name":"tds_text_logo_tagline_colortds_text_logo_tagline_colortds_text_logo_tagline_colortds_text_logo_tagline_colortd_module_7_title_excerpttd_module_7_title_excerpttd_module_7_title_excerpttd_module_7_title_excerptHome","item":"https:\/\/www.ilnotiziario.net\/wp\/"},{"@type":"ListItem","position":2,"name":"Giovane di 18 anni, il coronavirus lo manda in fin di vita, salvato da trapianto record"}]},{"@type":"WebSite","@id":"https:\/\/www.ilnotiziario.net\/wp\/#website","url":"https:\/\/www.ilnotiziario.net\/wp\/","name":"Il Notiziario","description":"Per restare sempre connessi alla notizia","publisher":{"@id":"https:\/\/www.ilnotiziario.net\/wp\/#organization"},"alternateName":"Il Notiziario Bollate","potentialAction":[{"@type":"SearchAction","target":{"@type":"EntryPoint","urlTemplate":"https:\/\/www.ilnotiziario.net\/wp\/?s={search_term_string}"},"query-input":{"@type":"PropertyValueSpecification","valueRequired":true,"valueName":"search_term_string"}}],"inLanguage":"it-IT"},{"@type":"Organization","@id":"https:\/\/www.ilnotiziario.net\/wp\/#organization","name":"Il Notiziario","url":"https:\/\/www.ilnotiziario.net\/wp\/","logo":{"@type":"ImageObject","inLanguage":"it-IT","@id":"https:\/\/www.ilnotiziario.net\/wp\/#\/schema\/logo\/image\/","url":"https:\/\/www.ilnotiziario.net\/wp\/wp-content\/uploads\/2022\/06\/170x170ilN.png","contentUrl":"https:\/\/www.ilnotiziario.net\/wp\/wp-content\/uploads\/2022\/06\/170x170ilN.png","width":355,"height":355,"caption":"Il Notiziario"},"image":{"@id":"https:\/\/www.ilnotiziario.net\/wp\/#\/schema\/logo\/image\/"},"sameAs":["https:\/\/www.facebook.com\/ilnotiziarioind\/","https:\/\/x.com\/ilNotiziarioInd","https:\/\/www.instagram.com\/ilnotiziario_settimanale\/"]},{"@type":"Person","@id":"https:\/\/www.ilnotiziario.net\/wp\/#\/schema\/person\/386e222908f898bb41c033989482bbf2","name":"Gabriele Bassani","image":{"@type":"ImageObject","inLanguage":"it-IT","@id":"https:\/\/secure.gravatar.com\/avatar\/09274f4a84fa97698bde56f84b3afed61c8492d48b0550db9671b68c177479cb?s=96&d=mm&r=g","url":"https:\/\/secure.gravatar.com\/avatar\/09274f4a84fa97698bde56f84b3afed61c8492d48b0550db9671b68c177479cb?s=96&d=mm&r=g","contentUrl":"https:\/\/secure.gravatar.com\/avatar\/09274f4a84fa97698bde56f84b3afed61c8492d48b0550db9671b68c177479cb?s=96&d=mm&r=g","caption":"Gabriele Bassani"},"sameAs":["http:\/\/www.ilnotiziario.net"]}]}},"_links":{"self":[{"href":"https:\/\/www.ilnotiziario.net\/wp\/wp-json\/wp\/v2\/posts\/72730","targetHints":{"allow":["GET"]}}],"collection":[{"href":"https:\/\/www.ilnotiziario.net\/wp\/wp-json\/wp\/v2\/posts"}],"about":[{"href":"https:\/\/www.ilnotiziario.net\/wp\/wp-json\/wp\/v2\/types\/post"}],"author":[{"embeddable":true,"href":"https:\/\/www.ilnotiziario.net\/wp\/wp-json\/wp\/v2\/users\/3"}],"replies":[{"embeddable":true,"href":"https:\/\/www.ilnotiziario.net\/wp\/wp-json\/wp\/v2\/comments?post=72730"}],"version-history":[{"count":0,"href":"https:\/\/www.ilnotiziario.net\/wp\/wp-json\/wp\/v2\/posts\/72730\/revisions"}],"wp:featuredmedia":[{"embeddable":true,"href":"https:\/\/www.ilnotiziario.net\/wp\/wp-json\/wp\/v2\/media\/52607"}],"wp:attachment":[{"href":"https:\/\/www.ilnotiziario.net\/wp\/wp-json\/wp\/v2\/media?parent=72730"}],"wp:term":[{"taxonomy":"category","embeddable":true,"href":"https:\/\/www.ilnotiziario.net\/wp\/wp-json\/wp\/v2\/categories?post=72730"},{"taxonomy":"post_tag","embeddable":true,"href":"https:\/\/www.ilnotiziario.net\/wp\/wp-json\/wp\/v2\/tags?post=72730"}],"curies":[{"name":"wp","href":"https:\/\/api.w.org\/{rel}","templated":true}]}}