{"id":73494,"date":"2020-06-02T09:18:24","date_gmt":"2020-06-02T07:18:24","guid":{"rendered":"https:\/\/www.ilnotiziario.net\/wp\/?p=73494"},"modified":"2020-06-02T09:18:24","modified_gmt":"2020-06-02T07:18:24","slug":"saronno-isotta-fraschini-campus-studenti","status":"publish","type":"post","link":"https:\/\/www.ilnotiziario.net\/wp\/saronnese\/saronno-isotta-fraschini-campus-studenti\/","title":{"rendered":"Saronno: all&#8217;ex Isotta Fraschini un campus da 4 mila studenti"},"content":{"rendered":"<div id='gallery-1' class='gallery galleryid-73494 gallery-columns-3 gallery-size-thumbnail'><figure class='gallery-item'>\n\t\t\t<div class='gallery-icon landscape'>\n\t\t\t\t<a href='https:\/\/www.ilnotiziario.net\/wp\/saronnese\/saronno-isotta-fraschini-campus-studenti\/attachment\/isotta-fraschini-2\/'><img decoding=\"async\" width=\"150\" height=\"150\" src=\"https:\/\/www.ilnotiziario.net\/wp\/wp-content\/uploads\/2020\/06\/isotta-fraschini-1-150x150.jpg\" class=\"attachment-thumbnail size-thumbnail\" alt=\"\" aria-describedby=\"gallery-1-73496\" \/><\/a>\n\t\t\t<\/div>\n\t\t\t\t<figcaption class='wp-caption-text gallery-caption' id='gallery-1-73496'>\n\t\t\t\tL&#8217;area dell&#8217;ex Isotta Franschini a Saronno: il piano di rilancio\n\t\t\t\t<\/figcaption><\/figure><figure class='gallery-item'>\n\t\t\t<div class='gallery-icon landscape'>\n\t\t\t\t<a href='https:\/\/www.ilnotiziario.net\/wp\/saronnese\/saronno-isotta-fraschini-campus-studenti\/attachment\/isotta2\/'><img decoding=\"async\" width=\"150\" height=\"150\" src=\"https:\/\/www.ilnotiziario.net\/wp\/wp-content\/uploads\/2020\/06\/isotta2-e1687849461273-150x150.jpg\" class=\"attachment-thumbnail size-thumbnail\" alt=\"\" aria-describedby=\"gallery-1-73497\" \/><\/a>\n\t\t\t<\/div>\n\t\t\t\t<figcaption class='wp-caption-text gallery-caption' id='gallery-1-73497'>\n\t\t\t\tL&#8217;area dell&#8217;ex Isotta Franschini a Saronno: il piano di rilancio\n\t\t\t\t<\/figcaption><\/figure>\n\t\t<\/div>\n\n<p>Nell&#8217;area dell&#8217;ex Isotta Fraschini di Saronno verr\u00e0 realizzato un Campus per 4mila studenti. Lo prevede il progetto presentato dall&#8217;attuale propriet\u00e0 dell&#8217;area.&nbsp;<\/p><div id=\"ilnot-3106918581\" class=\"ilnot-contenuto ilnot-entity-placement\"><p><!-- incontent_1 --><\/p>\n<div class=\"gptslot\" data-adunitid=\"1\"><\/div>\n<\/div>\n<p>Giuseppe Gorla <strong>neo proprietario dell\u2019ex Isotta Fraschini<\/strong> \u00e8 tornato a parlare del futuro della maxi area dismessa tra via Milano e via Varese.<\/p>\n<p>A sua disposizione ha <strong>un\u2019area di 120 mila metri quadrati in una zona cruciale tra il centro e lo scalo ferroviario<\/strong> e il suo obiettivo \u00e8 quello di trasformarla in una zona attrattiva urbanisticamente ed esteticamente d\u2019avanguardia che trasformi Saronno in una meta per turisti, studenti, talenti, addetti ai lavori e cultori del bello.<\/p><div id=\"ilnot-1239368041\" class=\"ilnot-contenuto_2 ilnot-entity-placement\"><div class=\"ads-wrapper\">\n<div class=\"ad-slot\">\n   <div id=\"ilnot-3096040787\" style=\"margin-right: auto;margin-left: auto;text-align: center;width: 320px;height: 100px;\"><a href=\"https:\/\/www.scuolasicurezza.it\/\"><img decoding=\"async\" src=\"https:\/\/www.ilnotiziario.net\/wp\/wp-content\/uploads\/2026\/04\/IlNotiziario_banner-sito-e-newsletter-320-x-100-px-1.gif\" alt=\"\"><\/a><\/div>\n  <\/div>\n<div class=\"ad-slot\">\n   <div id=\"ilnot-1130602920\" style=\"margin-right: auto;margin-left: auto;text-align: center;width: 320px;height: 100px;\"><a href=\"https:\/\/purodesignarredamenti.com\/\"><img decoding=\"async\" src=\"https:\/\/www.ilnotiziario.net\/wp\/wp-content\/uploads\/2026\/04\/banner-puro-ok.gif\" alt=\"whatsapp\"><\/a><\/div><\/p><\/div>\n<\/div>\n<\/div>\n<p>L&#8217;area ha ospitato per anni uno degli stabilimenti della<strong> storica fabbrica di automobili di lusso attiva dal 1900 al 1949.<\/strong><\/p>\n<p>Dopo l\u2019offerta dell\u2019inverno scorso e lo stop imposto dal lockdown <strong>Gorla \u00e8 stato protagonista di diversi momenti di confronto e di dibattito online<\/strong>. Assolutamente \u201cfaccia a faccia\u201d, invece, il momento d\u2019incontro in Municipio con l\u2019Amministrazione comunale.<\/p>\n<p>Qualche giorno fa il sindaco Alessandro Fagioli e l\u2019assessore all\u2019Urbanistica Lucia Castelli hanno ospitato Gorla con Angelo Proserpio, avvocato che ha affiancato l\u2019ex manager di una multinazionale in pensione in tutti gli aspetti tecnici dell\u2019operazione a partire dalla creazione dell\u2019srl Saronno citt\u00e0 dei beni comuni<strong> che attualmente risulta proprietaria dell\u2019area.<\/strong><\/p><div id=\"ilnot-635564973\" class=\"ilnot-contenuto_2-2 ilnot-entity-placement\"><div class=\"gptslot\" data-adunitid=\"2\"><\/div>\n<\/div>\n<h2>La popolazione di Saronno aumenterebbe del 10%<\/h2>\n<p>Una societ\u00e0 creata come ha spiegato diverse volte lo stesso Proserpio \u201cper mettere l\u2019area al sicuro dalle speculazioni l\u2019ex Isotta Fraschini area dismessa cruciale per lo sviluppo di Saronno\u201d. Punto focale dell\u2019operazione di rilancio dell\u2019area ma anche della citt\u00e0 che sogna Gorla \u00e8 quello di creare un campus universitario che porti a Saronno fino a quattromila studenti. <strong>Si tratterebbe di aumentare del 10% gli abitanti della citt\u00e0.<\/strong><\/p>\n<p>Insomma un grande progetto \u201ccon fortissime ricadute su tutta Saronno &#8211; ha sottolineato il neo proprietario &#8211; perch\u00e8 gli studenti verranno ad abitare qui, faranno le loro spese sul territorio, creeranno lavoro ed una volta laureati attireranno anche le aziende.<\/p>\n<p>Si sa che le societ\u00e0 amano andare dove ci sono persone giovani, motivate e preparate. Vogliamo innescare un circolo virtuoso\u201d.<\/p><div id=\"ilnot-3257986212\" class=\"ilnot-contenuto_2-2-2 ilnot-entity-placement\"><div class=\"gptslot\" data-adunitid=\"3\"><\/div>\n<\/div>\n<p>Stesso principio si spera di innestare anche a livello urbanistico con il grande parco, pi\u00f9 volte promesso nell\u2019area, che dovr\u00e0 essere <strong>lo scheletro del nuovo quartiere che dovr\u00e0 anche riallacciare la frattura tra centro e rione Matteotti.<\/strong><\/p>\n<p>Gorla ha le idee chiare anche sulle modalit\u00e0 d\u2019intervento. E\u2019 gi\u00e0 all\u2019opera per trasformare l\u2019area nel pi\u00f9 grande bene comune d\u2019Italia.<\/p>\n<p>Un progetto innovato ed inedito che vedr\u00e0 anche tutti gli investimenti essere portati avanti nell\u2019ottica del no profit. \u201c<strong>Abbiamo lavorato 8 mesi prima di arrivare all\u2019offerta<\/strong> \u2013 ha spiegato Gorla negli ultimi confronti con la citt\u00e0 \u2013 Abbiamo scelto grandi nomi del panorama italiano e gli abbiamo chiesto di volare alto. Ci sar\u00e0 la migliore intellettualit\u00e0 per progettare questo bene comune\u201d.<\/p><div id=\"ilnot-1333198049\" class=\"ilnot-contenuto_2-2-2-2 ilnot-entity-placement\"><div class=\"gptslot\" data-adunitid=\"4\"><\/div>\n<\/div>\n<h2>Turisti dal Giappone per un selfie a Saronno&nbsp;<\/h2>\n<p>L\u2019obiettivo \u00e8 anche quello di creare qualcosa di bello ed attrattivo tanto da portare a Saronno i turisti:\u201cL\u2019obiettivo sar\u00e0 raggiunto <strong>se i turisti giapponesi che arrivano a Milano verranno a Saronno a farsi un selfie all\u2019ex Isotta Fraschini\u201d.<\/strong><\/p>\n<p>Naturalmente il primo step sar\u00e0 la messa in sicurezza e la bonifica.<\/p><div id=\"ilnot-1289337816\" class=\"ilnot-contenuto_2-2-2-2-2 ilnot-entity-placement\"><div class=\"gptslot\" data-adunitid=\"5\"><\/div>\n<\/div>\n<p>Tempi? \u201cSaremmo gi\u00e0 partiti se non ci fosse non ci fosse stata l\u2019emergenza sanitaria \u2013 ha avuto modo di chiarire Gorla &#8211; Finch\u00e8 non si faranno i carotaggi e si far\u00e0 luce sulla bonifica \u00e8 per\u00f2 difficile dare una tempistica\u201d.<\/p>\n","protected":false},"excerpt":{"rendered":"<p>Nell&#8217;area dell&#8217;ex Isotta Fraschini di Saronno verr\u00e0 realizzato un Campus per 4mila studenti. Lo prevede il progetto presentato dall&#8217;attuale propriet\u00e0 dell&#8217;area.&nbsp; Giuseppe Gorla neo proprietario dell\u2019ex Isotta Fraschini \u00e8 tornato a parlare del futuro della maxi area dismessa tra via Milano e via Varese. A sua disposizione ha un\u2019area di 120 mila metri quadrati in<\/p>\n","protected":false},"author":14,"featured_media":73496,"comment_status":"closed","ping_status":"closed","sticky":false,"template":"","format":"standard","meta":{"footnotes":""},"categories":[20,13,14],"tags":[7415,7414,56],"class_list":{"0":"post-73494","1":"post","2":"type-post","3":"status-publish","4":"format-standard","5":"has-post-thumbnail","7":"category-prima-pagina","8":"category-saronnese","9":"category-saronno","10":"tag-campus","11":"tag-isotta-fraschini","12":"tag-saronno-2"},"yoast_head":"<!-- This site is optimized with the Yoast SEO plugin v27.4 - https:\/\/yoast.com\/product\/yoast-seo-wordpress\/ -->\n<title>Saronno: all&#039;ex Isotta Fraschini un campus da 4 mila studenti - Il Notiziario<\/title>\n<meta name=\"description\" content=\"Nell&#039;area dell&#039;ex Isotta Fraschini di Saronno verr\u00e0 realizzato un Campus per 4mila studenti. Lo prevede il progetto presentato dall&#039;attuale propriet\u00e0\" \/>\n<meta name=\"robots\" content=\"index, follow, max-snippet:-1, max-image-preview:large, max-video-preview:-1\" \/>\n<link rel=\"canonical\" href=\"https:\/\/www.ilnotiziario.net\/wp\/saronnese\/saronno-isotta-fraschini-campus-studenti\/\" \/>\n<meta property=\"og:locale\" content=\"it_IT\" \/>\n<meta property=\"og:type\" content=\"article\" \/>\n<meta property=\"og:title\" content=\"Saronno: all&#039;ex Isotta Fraschini un campus da 4 mila studenti - Il Notiziario\" \/>\n<meta property=\"og:description\" content=\"Nell&#039;area dell&#039;ex Isotta Fraschini di Saronno verr\u00e0 realizzato un Campus per 4mila studenti. Lo prevede il progetto presentato dall&#039;attuale propriet\u00e0\" \/>\n<meta property=\"og:url\" content=\"https:\/\/www.ilnotiziario.net\/wp\/saronnese\/saronno-isotta-fraschini-campus-studenti\/\" \/>\n<meta property=\"og:site_name\" content=\"Il Notiziario\" \/>\n<meta property=\"article:publisher\" content=\"https:\/\/www.facebook.com\/ilnotiziarioind\/\" \/>\n<meta property=\"article:published_time\" content=\"2020-06-02T07:18:24+00:00\" \/>\n<meta property=\"og:image\" content=\"https:\/\/www.ilnotiziario.net\/wp\/wp-content\/uploads\/2020\/06\/isotta-fraschini-1.jpg\" \/>\n\t<meta property=\"og:image:width\" content=\"906\" \/>\n\t<meta property=\"og:image:height\" content=\"670\" \/>\n\t<meta property=\"og:image:type\" content=\"image\/jpeg\" \/>\n<meta name=\"author\" content=\"Silvia Citterio\" \/>\n<meta name=\"twitter:card\" content=\"summary_large_image\" \/>\n<meta name=\"twitter:creator\" content=\"@ilNotiziarioInd\" \/>\n<meta name=\"twitter:site\" content=\"@ilNotiziarioInd\" \/>\n<meta name=\"twitter:label1\" content=\"Scritto da\" \/>\n\t<meta name=\"twitter:data1\" content=\"Silvia Citterio\" \/>\n\t<meta name=\"twitter:label2\" content=\"Tempo di lettura stimato\" \/>\n\t<meta name=\"twitter:data2\" content=\"3 minuti\" \/>\n<script type=\"application\/ld+json\" class=\"yoast-schema-graph\">{\"@context\":\"https:\\\/\\\/schema.org\",\"@graph\":[{\"@type\":\"Article\",\"@id\":\"https:\\\/\\\/www.ilnotiziario.net\\\/wp\\\/saronnese\\\/saronno-isotta-fraschini-campus-studenti\\\/#article\",\"isPartOf\":{\"@id\":\"https:\\\/\\\/www.ilnotiziario.net\\\/wp\\\/saronnese\\\/saronno-isotta-fraschini-campus-studenti\\\/\"},\"author\":{\"name\":\"Silvia Citterio\",\"@id\":\"https:\\\/\\\/www.ilnotiziario.net\\\/wp\\\/#\\\/schema\\\/person\\\/c5bca2edc3d99d29959f04a6126f687b\"},\"headline\":\"Saronno: all&#8217;ex Isotta Fraschini un campus da 4 mila studenti\",\"datePublished\":\"2020-06-02T07:18:24+00:00\",\"mainEntityOfPage\":{\"@id\":\"https:\\\/\\\/www.ilnotiziario.net\\\/wp\\\/saronnese\\\/saronno-isotta-fraschini-campus-studenti\\\/\"},\"wordCount\":600,\"publisher\":{\"@id\":\"https:\\\/\\\/www.ilnotiziario.net\\\/wp\\\/#organization\"},\"image\":{\"@id\":\"https:\\\/\\\/www.ilnotiziario.net\\\/wp\\\/saronnese\\\/saronno-isotta-fraschini-campus-studenti\\\/#primaryimage\"},\"thumbnailUrl\":\"https:\\\/\\\/www.ilnotiziario.net\\\/wp\\\/wp-content\\\/uploads\\\/2020\\\/06\\\/isotta-fraschini-1.jpg\",\"keywords\":[\"campus\",\"Isotta Fraschini\",\"Saronno\"],\"articleSection\":[\"Prima Pagina\",\"SARONNESE\",\"SARONNO\"],\"inLanguage\":\"it-IT\"},{\"@type\":\"WebPage\",\"@id\":\"https:\\\/\\\/www.ilnotiziario.net\\\/wp\\\/saronnese\\\/saronno-isotta-fraschini-campus-studenti\\\/\",\"url\":\"https:\\\/\\\/www.ilnotiziario.net\\\/wp\\\/saronnese\\\/saronno-isotta-fraschini-campus-studenti\\\/\",\"name\":\"Saronno: all'ex Isotta Fraschini un campus da 4 mila studenti - Il Notiziario\",\"isPartOf\":{\"@id\":\"https:\\\/\\\/www.ilnotiziario.net\\\/wp\\\/#website\"},\"primaryImageOfPage\":{\"@id\":\"https:\\\/\\\/www.ilnotiziario.net\\\/wp\\\/saronnese\\\/saronno-isotta-fraschini-campus-studenti\\\/#primaryimage\"},\"image\":{\"@id\":\"https:\\\/\\\/www.ilnotiziario.net\\\/wp\\\/saronnese\\\/saronno-isotta-fraschini-campus-studenti\\\/#primaryimage\"},\"thumbnailUrl\":\"https:\\\/\\\/www.ilnotiziario.net\\\/wp\\\/wp-content\\\/uploads\\\/2020\\\/06\\\/isotta-fraschini-1.jpg\",\"datePublished\":\"2020-06-02T07:18:24+00:00\",\"description\":\"Nell'area dell'ex Isotta Fraschini di Saronno verr\u00e0 realizzato un Campus per 4mila studenti. Lo prevede il progetto presentato dall'attuale propriet\u00e0\",\"breadcrumb\":{\"@id\":\"https:\\\/\\\/www.ilnotiziario.net\\\/wp\\\/saronnese\\\/saronno-isotta-fraschini-campus-studenti\\\/#breadcrumb\"},\"inLanguage\":\"it-IT\",\"potentialAction\":[{\"@type\":\"ReadAction\",\"target\":[\"https:\\\/\\\/www.ilnotiziario.net\\\/wp\\\/saronnese\\\/saronno-isotta-fraschini-campus-studenti\\\/\"]}]},{\"@type\":\"ImageObject\",\"inLanguage\":\"it-IT\",\"@id\":\"https:\\\/\\\/www.ilnotiziario.net\\\/wp\\\/saronnese\\\/saronno-isotta-fraschini-campus-studenti\\\/#primaryimage\",\"url\":\"https:\\\/\\\/www.ilnotiziario.net\\\/wp\\\/wp-content\\\/uploads\\\/2020\\\/06\\\/isotta-fraschini-1.jpg\",\"contentUrl\":\"https:\\\/\\\/www.ilnotiziario.net\\\/wp\\\/wp-content\\\/uploads\\\/2020\\\/06\\\/isotta-fraschini-1.jpg\",\"width\":906,\"height\":670,\"caption\":\"L'area dell'ex Isotta Franschini a Saronno: il piano di rilancio\"},{\"@type\":\"BreadcrumbList\",\"@id\":\"https:\\\/\\\/www.ilnotiziario.net\\\/wp\\\/saronnese\\\/saronno-isotta-fraschini-campus-studenti\\\/#breadcrumb\",\"itemListElement\":[{\"@type\":\"ListItem\",\"position\":1,\"name\":\"tds_text_logo_tagline_colortds_text_logo_tagline_colortds_text_logo_tagline_colortds_text_logo_tagline_colortd_module_7_title_excerpttd_module_7_title_excerpttd_module_7_title_excerpttd_module_7_title_excerptHome\",\"item\":\"https:\\\/\\\/www.ilnotiziario.net\\\/wp\\\/\"},{\"@type\":\"ListItem\",\"position\":2,\"name\":\"Saronno: all&#8217;ex Isotta Fraschini un campus da 4 mila studenti\"}]},{\"@type\":\"WebSite\",\"@id\":\"https:\\\/\\\/www.ilnotiziario.net\\\/wp\\\/#website\",\"url\":\"https:\\\/\\\/www.ilnotiziario.net\\\/wp\\\/\",\"name\":\"Il Notiziario\",\"description\":\"Per restare sempre connessi alla notizia\",\"publisher\":{\"@id\":\"https:\\\/\\\/www.ilnotiziario.net\\\/wp\\\/#organization\"},\"alternateName\":\"Il Notiziario Bollate\",\"potentialAction\":[{\"@type\":\"SearchAction\",\"target\":{\"@type\":\"EntryPoint\",\"urlTemplate\":\"https:\\\/\\\/www.ilnotiziario.net\\\/wp\\\/?s={search_term_string}\"},\"query-input\":{\"@type\":\"PropertyValueSpecification\",\"valueRequired\":true,\"valueName\":\"search_term_string\"}}],\"inLanguage\":\"it-IT\"},{\"@type\":\"Organization\",\"@id\":\"https:\\\/\\\/www.ilnotiziario.net\\\/wp\\\/#organization\",\"name\":\"Il Notiziario\",\"url\":\"https:\\\/\\\/www.ilnotiziario.net\\\/wp\\\/\",\"logo\":{\"@type\":\"ImageObject\",\"inLanguage\":\"it-IT\",\"@id\":\"https:\\\/\\\/www.ilnotiziario.net\\\/wp\\\/#\\\/schema\\\/logo\\\/image\\\/\",\"url\":\"https:\\\/\\\/www.ilnotiziario.net\\\/wp\\\/wp-content\\\/uploads\\\/2022\\\/06\\\/170x170ilN.png\",\"contentUrl\":\"https:\\\/\\\/www.ilnotiziario.net\\\/wp\\\/wp-content\\\/uploads\\\/2022\\\/06\\\/170x170ilN.png\",\"width\":355,\"height\":355,\"caption\":\"Il Notiziario\"},\"image\":{\"@id\":\"https:\\\/\\\/www.ilnotiziario.net\\\/wp\\\/#\\\/schema\\\/logo\\\/image\\\/\"},\"sameAs\":[\"https:\\\/\\\/www.facebook.com\\\/ilnotiziarioind\\\/\",\"https:\\\/\\\/x.com\\\/ilNotiziarioInd\",\"https:\\\/\\\/www.instagram.com\\\/ilnotiziario_settimanale\\\/\"]},{\"@type\":\"Person\",\"@id\":\"https:\\\/\\\/www.ilnotiziario.net\\\/wp\\\/#\\\/schema\\\/person\\\/c5bca2edc3d99d29959f04a6126f687b\",\"name\":\"Silvia Citterio\",\"image\":{\"@type\":\"ImageObject\",\"inLanguage\":\"it-IT\",\"@id\":\"https:\\\/\\\/secure.gravatar.com\\\/avatar\\\/03eb19c63b944e79a9b5ce53ca5d1ca303edcf368a68721ec3ccaae7f98c5afd?s=96&d=mm&r=g\",\"url\":\"https:\\\/\\\/secure.gravatar.com\\\/avatar\\\/03eb19c63b944e79a9b5ce53ca5d1ca303edcf368a68721ec3ccaae7f98c5afd?s=96&d=mm&r=g\",\"contentUrl\":\"https:\\\/\\\/secure.gravatar.com\\\/avatar\\\/03eb19c63b944e79a9b5ce53ca5d1ca303edcf368a68721ec3ccaae7f98c5afd?s=96&d=mm&r=g\",\"caption\":\"Silvia Citterio\"}}]}<\/script>\n<!-- \/ Yoast SEO plugin. -->","yoast_head_json":{"title":"Saronno: all'ex Isotta Fraschini un campus da 4 mila studenti - Il Notiziario","description":"Nell'area dell'ex Isotta Fraschini di Saronno verr\u00e0 realizzato un Campus per 4mila studenti. Lo prevede il progetto presentato dall'attuale propriet\u00e0","robots":{"index":"index","follow":"follow","max-snippet":"max-snippet:-1","max-image-preview":"max-image-preview:large","max-video-preview":"max-video-preview:-1"},"canonical":"https:\/\/www.ilnotiziario.net\/wp\/saronnese\/saronno-isotta-fraschini-campus-studenti\/","og_locale":"it_IT","og_type":"article","og_title":"Saronno: all'ex Isotta Fraschini un campus da 4 mila studenti - Il Notiziario","og_description":"Nell'area dell'ex Isotta Fraschini di Saronno verr\u00e0 realizzato un Campus per 4mila studenti. Lo prevede il progetto presentato dall'attuale propriet\u00e0","og_url":"https:\/\/www.ilnotiziario.net\/wp\/saronnese\/saronno-isotta-fraschini-campus-studenti\/","og_site_name":"Il Notiziario","article_publisher":"https:\/\/www.facebook.com\/ilnotiziarioind\/","article_published_time":"2020-06-02T07:18:24+00:00","og_image":[{"width":906,"height":670,"url":"https:\/\/www.ilnotiziario.net\/wp\/wp-content\/uploads\/2020\/06\/isotta-fraschini-1.jpg","type":"image\/jpeg"}],"author":"Silvia Citterio","twitter_card":"summary_large_image","twitter_creator":"@ilNotiziarioInd","twitter_site":"@ilNotiziarioInd","twitter_misc":{"Scritto da":"Silvia Citterio","Tempo di lettura stimato":"3 minuti"},"schema":{"@context":"https:\/\/schema.org","@graph":[{"@type":"Article","@id":"https:\/\/www.ilnotiziario.net\/wp\/saronnese\/saronno-isotta-fraschini-campus-studenti\/#article","isPartOf":{"@id":"https:\/\/www.ilnotiziario.net\/wp\/saronnese\/saronno-isotta-fraschini-campus-studenti\/"},"author":{"name":"Silvia Citterio","@id":"https:\/\/www.ilnotiziario.net\/wp\/#\/schema\/person\/c5bca2edc3d99d29959f04a6126f687b"},"headline":"Saronno: all&#8217;ex Isotta Fraschini un campus da 4 mila studenti","datePublished":"2020-06-02T07:18:24+00:00","mainEntityOfPage":{"@id":"https:\/\/www.ilnotiziario.net\/wp\/saronnese\/saronno-isotta-fraschini-campus-studenti\/"},"wordCount":600,"publisher":{"@id":"https:\/\/www.ilnotiziario.net\/wp\/#organization"},"image":{"@id":"https:\/\/www.ilnotiziario.net\/wp\/saronnese\/saronno-isotta-fraschini-campus-studenti\/#primaryimage"},"thumbnailUrl":"https:\/\/www.ilnotiziario.net\/wp\/wp-content\/uploads\/2020\/06\/isotta-fraschini-1.jpg","keywords":["campus","Isotta Fraschini","Saronno"],"articleSection":["Prima Pagina","SARONNESE","SARONNO"],"inLanguage":"it-IT"},{"@type":"WebPage","@id":"https:\/\/www.ilnotiziario.net\/wp\/saronnese\/saronno-isotta-fraschini-campus-studenti\/","url":"https:\/\/www.ilnotiziario.net\/wp\/saronnese\/saronno-isotta-fraschini-campus-studenti\/","name":"Saronno: all'ex Isotta Fraschini un campus da 4 mila studenti - Il Notiziario","isPartOf":{"@id":"https:\/\/www.ilnotiziario.net\/wp\/#website"},"primaryImageOfPage":{"@id":"https:\/\/www.ilnotiziario.net\/wp\/saronnese\/saronno-isotta-fraschini-campus-studenti\/#primaryimage"},"image":{"@id":"https:\/\/www.ilnotiziario.net\/wp\/saronnese\/saronno-isotta-fraschini-campus-studenti\/#primaryimage"},"thumbnailUrl":"https:\/\/www.ilnotiziario.net\/wp\/wp-content\/uploads\/2020\/06\/isotta-fraschini-1.jpg","datePublished":"2020-06-02T07:18:24+00:00","description":"Nell'area dell'ex Isotta Fraschini di Saronno verr\u00e0 realizzato un Campus per 4mila studenti. Lo prevede il progetto presentato dall'attuale propriet\u00e0","breadcrumb":{"@id":"https:\/\/www.ilnotiziario.net\/wp\/saronnese\/saronno-isotta-fraschini-campus-studenti\/#breadcrumb"},"inLanguage":"it-IT","potentialAction":[{"@type":"ReadAction","target":["https:\/\/www.ilnotiziario.net\/wp\/saronnese\/saronno-isotta-fraschini-campus-studenti\/"]}]},{"@type":"ImageObject","inLanguage":"it-IT","@id":"https:\/\/www.ilnotiziario.net\/wp\/saronnese\/saronno-isotta-fraschini-campus-studenti\/#primaryimage","url":"https:\/\/www.ilnotiziario.net\/wp\/wp-content\/uploads\/2020\/06\/isotta-fraschini-1.jpg","contentUrl":"https:\/\/www.ilnotiziario.net\/wp\/wp-content\/uploads\/2020\/06\/isotta-fraschini-1.jpg","width":906,"height":670,"caption":"L'area dell'ex Isotta Franschini a Saronno: il piano di rilancio"},{"@type":"BreadcrumbList","@id":"https:\/\/www.ilnotiziario.net\/wp\/saronnese\/saronno-isotta-fraschini-campus-studenti\/#breadcrumb","itemListElement":[{"@type":"ListItem","position":1,"name":"tds_text_logo_tagline_colortds_text_logo_tagline_colortds_text_logo_tagline_colortds_text_logo_tagline_colortd_module_7_title_excerpttd_module_7_title_excerpttd_module_7_title_excerpttd_module_7_title_excerptHome","item":"https:\/\/www.ilnotiziario.net\/wp\/"},{"@type":"ListItem","position":2,"name":"Saronno: all&#8217;ex Isotta Fraschini un campus da 4 mila studenti"}]},{"@type":"WebSite","@id":"https:\/\/www.ilnotiziario.net\/wp\/#website","url":"https:\/\/www.ilnotiziario.net\/wp\/","name":"Il Notiziario","description":"Per restare sempre connessi alla notizia","publisher":{"@id":"https:\/\/www.ilnotiziario.net\/wp\/#organization"},"alternateName":"Il Notiziario Bollate","potentialAction":[{"@type":"SearchAction","target":{"@type":"EntryPoint","urlTemplate":"https:\/\/www.ilnotiziario.net\/wp\/?s={search_term_string}"},"query-input":{"@type":"PropertyValueSpecification","valueRequired":true,"valueName":"search_term_string"}}],"inLanguage":"it-IT"},{"@type":"Organization","@id":"https:\/\/www.ilnotiziario.net\/wp\/#organization","name":"Il Notiziario","url":"https:\/\/www.ilnotiziario.net\/wp\/","logo":{"@type":"ImageObject","inLanguage":"it-IT","@id":"https:\/\/www.ilnotiziario.net\/wp\/#\/schema\/logo\/image\/","url":"https:\/\/www.ilnotiziario.net\/wp\/wp-content\/uploads\/2022\/06\/170x170ilN.png","contentUrl":"https:\/\/www.ilnotiziario.net\/wp\/wp-content\/uploads\/2022\/06\/170x170ilN.png","width":355,"height":355,"caption":"Il Notiziario"},"image":{"@id":"https:\/\/www.ilnotiziario.net\/wp\/#\/schema\/logo\/image\/"},"sameAs":["https:\/\/www.facebook.com\/ilnotiziarioind\/","https:\/\/x.com\/ilNotiziarioInd","https:\/\/www.instagram.com\/ilnotiziario_settimanale\/"]},{"@type":"Person","@id":"https:\/\/www.ilnotiziario.net\/wp\/#\/schema\/person\/c5bca2edc3d99d29959f04a6126f687b","name":"Silvia Citterio","image":{"@type":"ImageObject","inLanguage":"it-IT","@id":"https:\/\/secure.gravatar.com\/avatar\/03eb19c63b944e79a9b5ce53ca5d1ca303edcf368a68721ec3ccaae7f98c5afd?s=96&d=mm&r=g","url":"https:\/\/secure.gravatar.com\/avatar\/03eb19c63b944e79a9b5ce53ca5d1ca303edcf368a68721ec3ccaae7f98c5afd?s=96&d=mm&r=g","contentUrl":"https:\/\/secure.gravatar.com\/avatar\/03eb19c63b944e79a9b5ce53ca5d1ca303edcf368a68721ec3ccaae7f98c5afd?s=96&d=mm&r=g","caption":"Silvia Citterio"}}]}},"_links":{"self":[{"href":"https:\/\/www.ilnotiziario.net\/wp\/wp-json\/wp\/v2\/posts\/73494","targetHints":{"allow":["GET"]}}],"collection":[{"href":"https:\/\/www.ilnotiziario.net\/wp\/wp-json\/wp\/v2\/posts"}],"about":[{"href":"https:\/\/www.ilnotiziario.net\/wp\/wp-json\/wp\/v2\/types\/post"}],"author":[{"embeddable":true,"href":"https:\/\/www.ilnotiziario.net\/wp\/wp-json\/wp\/v2\/users\/14"}],"replies":[{"embeddable":true,"href":"https:\/\/www.ilnotiziario.net\/wp\/wp-json\/wp\/v2\/comments?post=73494"}],"version-history":[{"count":0,"href":"https:\/\/www.ilnotiziario.net\/wp\/wp-json\/wp\/v2\/posts\/73494\/revisions"}],"wp:featuredmedia":[{"embeddable":true,"href":"https:\/\/www.ilnotiziario.net\/wp\/wp-json\/wp\/v2\/media\/73496"}],"wp:attachment":[{"href":"https:\/\/www.ilnotiziario.net\/wp\/wp-json\/wp\/v2\/media?parent=73494"}],"wp:term":[{"taxonomy":"category","embeddable":true,"href":"https:\/\/www.ilnotiziario.net\/wp\/wp-json\/wp\/v2\/categories?post=73494"},{"taxonomy":"post_tag","embeddable":true,"href":"https:\/\/www.ilnotiziario.net\/wp\/wp-json\/wp\/v2\/tags?post=73494"}],"curies":[{"name":"wp","href":"https:\/\/api.w.org\/{rel}","templated":true}]}}