{"id":78423,"date":"2020-06-24T21:17:08","date_gmt":"2020-06-24T19:17:08","guid":{"rendered":"https:\/\/www.ilnotiziario.net\/wp\/?p=78423"},"modified":"2020-06-24T21:17:08","modified_gmt":"2020-06-24T19:17:08","slug":"senago-il-vice-sindaco-licenziato-replica-durissimo-non-cerano-mai-soldi-per-le-scuole-video","status":"publish","type":"post","link":"https:\/\/www.ilnotiziario.net\/wp\/prima-pagina\/senago-il-vice-sindaco-licenziato-replica-durissimo-non-cerano-mai-soldi-per-le-scuole-video\/","title":{"rendered":"Senago, il vice sindaco &#8220;licenziato&#8221;, replica durissimo: &#8220;Non c&#8217;erano mai soldi per le scuole&#8221; | VIDEO"},"content":{"rendered":"<p><img fetchpriority=\"high\" decoding=\"async\" class=\"aligncenter size-medium wp-image-78427\" src=\"https:\/\/www.ilnotiziario.net\/wp\/wp-content\/uploads\/2020\/06\/Senago-vicesindaco-300x181.jpg\" alt=\"senago vicesindaco\" width=\"300\" height=\"181\" srcset=\"https:\/\/www.ilnotiziario.net\/wp\/wp-content\/uploads\/2020\/06\/Senago-vicesindaco-300x181.jpg 300w, https:\/\/www.ilnotiziario.net\/wp\/wp-content\/uploads\/2020\/06\/Senago-vicesindaco-768x462.jpg 768w, https:\/\/www.ilnotiziario.net\/wp\/wp-content\/uploads\/2020\/06\/Senago-vicesindaco-696x419.jpg 696w, https:\/\/www.ilnotiziario.net\/wp\/wp-content\/uploads\/2020\/06\/Senago-vicesindaco.jpg 774w\" sizes=\"(max-width: 300px) 100vw, 300px\" \/>A poche ore dal Consiglio Comunale il sindaco di Senago Magda Beretta <a href=\"https:\/\/www.ilnotiziario.net\/wp\/2020\/06\/22\/senago-bufera-politica-sindaco-licenzia-vicesindaco\/\"><strong>aveva licenziato il vice sindaco Giuseppe Sofo<\/strong><\/a>. E lui, proprio durante la seconda serata di Consiglio replica con un video pubblico durissimo.<br \/>\n\u201cDato che mi \u00e8 stata preclusa la possibilit\u00e0 in consiglio comunale, la vera assise di un dibattito politico, mi trovo costretto a dare le mie motivazioni attraverso questo video.<br \/>\nChi mi accusava di vigliaccheria sui giornali evidentemente aveva paura di un confronto\u201d.<\/p><div id=\"ilnot-1097439208\" class=\"ilnot-contenuto ilnot-entity-placement\"><p><!-- incontent_1 --><\/p>\n<div class=\"gptslot\" data-adunitid=\"1\"><\/div>\n<\/div>\n<p>Va direttamente sul tema i 700mila euro messi a disposizione da Regione Lombardia l\u2019ex vice sindaco.<br \/>\n\u201cAgli inizi di maggio ci arriva la comunicazione che Regione stanzia le risorse per tutti i Comuni. La Giunta si riunisce a fine maggio. <strong>Ho lanciato il grido d\u2019allarme dicendo che era necessario mettere delle risorse sulle scuole,<\/strong> ma questo grido d\u2019allarme \u00e8 caduto nel vuoto. Anche dopo un primo confronto c\u2019\u00e8 stato un blocco, la volont\u00e0 \u00e8 rimasta quella di fare piste ciclabili, parchi e rete internet. Ho provato a chiedere che anche solo 200mila euro fossero messi sulla Scuola. Niente, neanche 100mila. Ed \u00e8 stata accusata Vivere Senago di voler rompere con la maggioranza.<br \/>\nCi chiedono interventi tutte le volte che andiamo dai dirigenti. Ogni volta diciamo che non ci sono risorse, oggi ci sono.<\/p>\n<p>Ho <strong>visto un muro conto il quale ci stavamo schiantando<\/strong> e ho detto fermiamoci stiamo sbagliando e questo continuo a dirlo siete ancora in tempo a correggervi\u201d.<br \/>\nCi sono una serie di interventi urgenti secondo l\u2019ex vice sindaco alcuni dei quali attendono da anni.<br \/>\n\u201cCi hanno chiesto di intervenire su infiltrazioni, ci hanno chiesto di sostituire i vetri, dobbiamo mettere in sicurezza delle rampe di scale, dentro le palestre ci sono infiltrazioni, al seminterrato della scuola di via Liberazione, ci hanno segnalato che ci sono i topi, cosa dobbiamo aspettare?<br \/>\nSe qualcosa si sta muovendo \u00e8 per il mio grido d\u2019allarme che ho dovuto lanciare al pubblico perch\u00e9 siete stati sordi alle mie richieste. Solo dopo il mio grido d\u2019allarme \u00e8 arrivata la proposta di mutuo da due milioni per la riqualificazione dell\u2019Allende\u201d.<\/p><div id=\"ilnot-1480880043\" class=\"ilnot-contenuto_2 ilnot-entity-placement\"><div class=\"ads-wrapper\">\n<div class=\"ad-slot\">\n   <div id=\"ilnot-3604407837\" style=\"margin-right: auto;margin-left: auto;text-align: center;width: 320px;height: 100px;\"><a href=\"https:\/\/www.scuolasicurezza.it\/\"><img decoding=\"async\" src=\"https:\/\/www.ilnotiziario.net\/wp\/wp-content\/uploads\/2026\/04\/IlNotiziario_banner-sito-e-newsletter-320-x-100-px-1.gif\" alt=\"\"><\/a><\/div>\n  <\/div>\n<div class=\"ad-slot\">\n   <div id=\"ilnot-634069131\" style=\"margin-right: auto;margin-left: auto;text-align: center;width: 320px;height: 100px;\"><a href=\"https:\/\/purodesignarredamenti.com\/\"><img decoding=\"async\" src=\"https:\/\/www.ilnotiziario.net\/wp\/wp-content\/uploads\/2026\/04\/banner-puro-ok.gif\" alt=\"whatsapp\"><\/a><\/div><\/p><\/div>\n<\/div>\n<\/div>\n<p><a href=\"https:\/\/www.facebook.com\/giuseppesofohome\/videos\/254717165827494\/\"><strong>QUI IL VIDEO DI ACCUSE DEL VICESINDACO&nbsp;<\/strong><\/a><\/p>\n<p><a href=\"https:\/\/www.facebook.com\/giuseppesofohome\/videos\/254717165827494\/\">https:\/\/www.facebook.com\/giuseppesofohome\/videos\/254717165827494\/<\/a><\/p>\n<p>&nbsp;<\/p>\n","protected":false},"excerpt":{"rendered":"<p>A poche ore dal Consiglio Comunale il sindaco di Senago Magda Beretta aveva licenziato il vice sindaco Giuseppe Sofo. E lui, proprio durante la seconda serata di Consiglio replica con un video pubblico durissimo. \u201cDato che mi \u00e8 stata preclusa la possibilit\u00e0 in consiglio comunale, la vera assise di un dibattito politico, mi trovo costretto<\/p>\n","protected":false},"author":3,"featured_media":78427,"comment_status":"closed","ping_status":"closed","sticky":false,"template":"","format":"video","meta":{"footnotes":""},"categories":[8,11,20,21],"tags":[438,183,27,7496],"class_list":{"0":"post-78423","1":"post","2":"type-post","3":"status-publish","4":"format-video","5":"has-post-thumbnail","7":"category-bollatese","8":"category-nord-milano","9":"category-prima-pagina","10":"category-video","11":"tag-scuole","12":"tag-senago","13":"tag-sindaco","14":"tag-vicesindaco","15":"post_format-post-format-video"},"yoast_head":"<!-- This site is optimized with the Yoast SEO plugin v27.4 - https:\/\/yoast.com\/product\/yoast-seo-wordpress\/ -->\n<title>Senago, il vice sindaco &quot;licenziato&quot;, replica durissimo: &quot;Non c&#039;erano mai soldi per le scuole&quot; | VIDEO - Il Notiziario<\/title>\n<meta name=\"description\" content=\"A poche ore dal Consiglio Comunale il sindaco di Senago Magda Beretta aveva licenziato il vice sindaco Giuseppe Sofo. E lui, proprio durante la seconda\" \/>\n<meta name=\"robots\" content=\"index, follow, max-snippet:-1, max-image-preview:large, max-video-preview:-1\" \/>\n<link rel=\"canonical\" href=\"https:\/\/www.ilnotiziario.net\/wp\/prima-pagina\/senago-il-vice-sindaco-licenziato-replica-durissimo-non-cerano-mai-soldi-per-le-scuole-video\/\" \/>\n<meta property=\"og:locale\" content=\"it_IT\" \/>\n<meta property=\"og:type\" content=\"article\" \/>\n<meta property=\"og:title\" content=\"Senago, il vice sindaco &quot;licenziato&quot;, replica durissimo: &quot;Non c&#039;erano mai soldi per le scuole&quot; | VIDEO - Il Notiziario\" \/>\n<meta property=\"og:description\" content=\"A poche ore dal Consiglio Comunale il sindaco di Senago Magda Beretta aveva licenziato il vice sindaco Giuseppe Sofo. E lui, proprio durante la seconda\" \/>\n<meta property=\"og:url\" content=\"https:\/\/www.ilnotiziario.net\/wp\/prima-pagina\/senago-il-vice-sindaco-licenziato-replica-durissimo-non-cerano-mai-soldi-per-le-scuole-video\/\" \/>\n<meta property=\"og:site_name\" content=\"Il Notiziario\" \/>\n<meta property=\"article:publisher\" content=\"https:\/\/www.facebook.com\/ilnotiziarioind\/\" \/>\n<meta property=\"article:published_time\" content=\"2020-06-24T19:17:08+00:00\" \/>\n<meta property=\"og:image\" content=\"https:\/\/www.ilnotiziario.net\/wp\/wp-content\/uploads\/2020\/06\/Senago-vicesindaco.jpg\" \/>\n\t<meta property=\"og:image:width\" content=\"774\" \/>\n\t<meta property=\"og:image:height\" content=\"466\" \/>\n\t<meta property=\"og:image:type\" content=\"image\/jpeg\" \/>\n<meta name=\"author\" content=\"Gabriele Bassani\" \/>\n<meta name=\"twitter:card\" content=\"summary_large_image\" \/>\n<meta name=\"twitter:creator\" content=\"@ilNotiziarioInd\" \/>\n<meta name=\"twitter:site\" content=\"@ilNotiziarioInd\" \/>\n<meta name=\"twitter:label1\" content=\"Scritto da\" \/>\n\t<meta name=\"twitter:data1\" content=\"Gabriele Bassani\" \/>\n\t<meta name=\"twitter:label2\" content=\"Tempo di lettura stimato\" \/>\n\t<meta name=\"twitter:data2\" content=\"2 minuti\" \/>\n<script type=\"application\/ld+json\" class=\"yoast-schema-graph\">{\"@context\":\"https:\\\/\\\/schema.org\",\"@graph\":[{\"@type\":\"Article\",\"@id\":\"https:\\\/\\\/www.ilnotiziario.net\\\/wp\\\/prima-pagina\\\/senago-il-vice-sindaco-licenziato-replica-durissimo-non-cerano-mai-soldi-per-le-scuole-video\\\/#article\",\"isPartOf\":{\"@id\":\"https:\\\/\\\/www.ilnotiziario.net\\\/wp\\\/prima-pagina\\\/senago-il-vice-sindaco-licenziato-replica-durissimo-non-cerano-mai-soldi-per-le-scuole-video\\\/\"},\"author\":{\"name\":\"Gabriele Bassani\",\"@id\":\"https:\\\/\\\/www.ilnotiziario.net\\\/wp\\\/#\\\/schema\\\/person\\\/386e222908f898bb41c033989482bbf2\"},\"headline\":\"Senago, il vice sindaco &#8220;licenziato&#8221;, replica durissimo: &#8220;Non c&#8217;erano mai soldi per le scuole&#8221; | VIDEO\",\"datePublished\":\"2020-06-24T19:17:08+00:00\",\"mainEntityOfPage\":{\"@id\":\"https:\\\/\\\/www.ilnotiziario.net\\\/wp\\\/prima-pagina\\\/senago-il-vice-sindaco-licenziato-replica-durissimo-non-cerano-mai-soldi-per-le-scuole-video\\\/\"},\"wordCount\":376,\"publisher\":{\"@id\":\"https:\\\/\\\/www.ilnotiziario.net\\\/wp\\\/#organization\"},\"image\":{\"@id\":\"https:\\\/\\\/www.ilnotiziario.net\\\/wp\\\/prima-pagina\\\/senago-il-vice-sindaco-licenziato-replica-durissimo-non-cerano-mai-soldi-per-le-scuole-video\\\/#primaryimage\"},\"thumbnailUrl\":\"https:\\\/\\\/www.ilnotiziario.net\\\/wp\\\/wp-content\\\/uploads\\\/2020\\\/06\\\/Senago-vicesindaco.jpg\",\"keywords\":[\"scuole\",\"Senago\",\"sindaco\",\"vicesindaco\"],\"articleSection\":[\"BOLLATESE\",\"NORD MILANO\",\"Prima Pagina\",\"Video\"],\"inLanguage\":\"it-IT\"},{\"@type\":\"WebPage\",\"@id\":\"https:\\\/\\\/www.ilnotiziario.net\\\/wp\\\/prima-pagina\\\/senago-il-vice-sindaco-licenziato-replica-durissimo-non-cerano-mai-soldi-per-le-scuole-video\\\/\",\"url\":\"https:\\\/\\\/www.ilnotiziario.net\\\/wp\\\/prima-pagina\\\/senago-il-vice-sindaco-licenziato-replica-durissimo-non-cerano-mai-soldi-per-le-scuole-video\\\/\",\"name\":\"Senago, il vice sindaco \\\"licenziato\\\", replica durissimo: \\\"Non c'erano mai soldi per le scuole\\\" | VIDEO - Il Notiziario\",\"isPartOf\":{\"@id\":\"https:\\\/\\\/www.ilnotiziario.net\\\/wp\\\/#website\"},\"primaryImageOfPage\":{\"@id\":\"https:\\\/\\\/www.ilnotiziario.net\\\/wp\\\/prima-pagina\\\/senago-il-vice-sindaco-licenziato-replica-durissimo-non-cerano-mai-soldi-per-le-scuole-video\\\/#primaryimage\"},\"image\":{\"@id\":\"https:\\\/\\\/www.ilnotiziario.net\\\/wp\\\/prima-pagina\\\/senago-il-vice-sindaco-licenziato-replica-durissimo-non-cerano-mai-soldi-per-le-scuole-video\\\/#primaryimage\"},\"thumbnailUrl\":\"https:\\\/\\\/www.ilnotiziario.net\\\/wp\\\/wp-content\\\/uploads\\\/2020\\\/06\\\/Senago-vicesindaco.jpg\",\"datePublished\":\"2020-06-24T19:17:08+00:00\",\"description\":\"A poche ore dal Consiglio Comunale il sindaco di Senago Magda Beretta aveva licenziato il vice sindaco Giuseppe Sofo. E lui, proprio durante la seconda\",\"breadcrumb\":{\"@id\":\"https:\\\/\\\/www.ilnotiziario.net\\\/wp\\\/prima-pagina\\\/senago-il-vice-sindaco-licenziato-replica-durissimo-non-cerano-mai-soldi-per-le-scuole-video\\\/#breadcrumb\"},\"inLanguage\":\"it-IT\",\"potentialAction\":[{\"@type\":\"ReadAction\",\"target\":[\"https:\\\/\\\/www.ilnotiziario.net\\\/wp\\\/prima-pagina\\\/senago-il-vice-sindaco-licenziato-replica-durissimo-non-cerano-mai-soldi-per-le-scuole-video\\\/\"]}]},{\"@type\":\"ImageObject\",\"inLanguage\":\"it-IT\",\"@id\":\"https:\\\/\\\/www.ilnotiziario.net\\\/wp\\\/prima-pagina\\\/senago-il-vice-sindaco-licenziato-replica-durissimo-non-cerano-mai-soldi-per-le-scuole-video\\\/#primaryimage\",\"url\":\"https:\\\/\\\/www.ilnotiziario.net\\\/wp\\\/wp-content\\\/uploads\\\/2020\\\/06\\\/Senago-vicesindaco.jpg\",\"contentUrl\":\"https:\\\/\\\/www.ilnotiziario.net\\\/wp\\\/wp-content\\\/uploads\\\/2020\\\/06\\\/Senago-vicesindaco.jpg\",\"width\":774,\"height\":466,\"caption\":\"senago vicesindaco\"},{\"@type\":\"BreadcrumbList\",\"@id\":\"https:\\\/\\\/www.ilnotiziario.net\\\/wp\\\/prima-pagina\\\/senago-il-vice-sindaco-licenziato-replica-durissimo-non-cerano-mai-soldi-per-le-scuole-video\\\/#breadcrumb\",\"itemListElement\":[{\"@type\":\"ListItem\",\"position\":1,\"name\":\"tds_text_logo_tagline_colortds_text_logo_tagline_colortds_text_logo_tagline_colortds_text_logo_tagline_colortd_module_7_title_excerpttd_module_7_title_excerpttd_module_7_title_excerpttd_module_7_title_excerptHome\",\"item\":\"https:\\\/\\\/www.ilnotiziario.net\\\/wp\\\/\"},{\"@type\":\"ListItem\",\"position\":2,\"name\":\"Senago, il vice sindaco &#8220;licenziato&#8221;, replica durissimo: &#8220;Non c&#8217;erano mai soldi per le scuole&#8221; | VIDEO\"}]},{\"@type\":\"WebSite\",\"@id\":\"https:\\\/\\\/www.ilnotiziario.net\\\/wp\\\/#website\",\"url\":\"https:\\\/\\\/www.ilnotiziario.net\\\/wp\\\/\",\"name\":\"Il Notiziario\",\"description\":\"Per restare sempre connessi alla notizia\",\"publisher\":{\"@id\":\"https:\\\/\\\/www.ilnotiziario.net\\\/wp\\\/#organization\"},\"alternateName\":\"Il Notiziario Bollate\",\"potentialAction\":[{\"@type\":\"SearchAction\",\"target\":{\"@type\":\"EntryPoint\",\"urlTemplate\":\"https:\\\/\\\/www.ilnotiziario.net\\\/wp\\\/?s={search_term_string}\"},\"query-input\":{\"@type\":\"PropertyValueSpecification\",\"valueRequired\":true,\"valueName\":\"search_term_string\"}}],\"inLanguage\":\"it-IT\"},{\"@type\":\"Organization\",\"@id\":\"https:\\\/\\\/www.ilnotiziario.net\\\/wp\\\/#organization\",\"name\":\"Il Notiziario\",\"url\":\"https:\\\/\\\/www.ilnotiziario.net\\\/wp\\\/\",\"logo\":{\"@type\":\"ImageObject\",\"inLanguage\":\"it-IT\",\"@id\":\"https:\\\/\\\/www.ilnotiziario.net\\\/wp\\\/#\\\/schema\\\/logo\\\/image\\\/\",\"url\":\"https:\\\/\\\/www.ilnotiziario.net\\\/wp\\\/wp-content\\\/uploads\\\/2022\\\/06\\\/170x170ilN.png\",\"contentUrl\":\"https:\\\/\\\/www.ilnotiziario.net\\\/wp\\\/wp-content\\\/uploads\\\/2022\\\/06\\\/170x170ilN.png\",\"width\":355,\"height\":355,\"caption\":\"Il Notiziario\"},\"image\":{\"@id\":\"https:\\\/\\\/www.ilnotiziario.net\\\/wp\\\/#\\\/schema\\\/logo\\\/image\\\/\"},\"sameAs\":[\"https:\\\/\\\/www.facebook.com\\\/ilnotiziarioind\\\/\",\"https:\\\/\\\/x.com\\\/ilNotiziarioInd\",\"https:\\\/\\\/www.instagram.com\\\/ilnotiziario_settimanale\\\/\"]},{\"@type\":\"Person\",\"@id\":\"https:\\\/\\\/www.ilnotiziario.net\\\/wp\\\/#\\\/schema\\\/person\\\/386e222908f898bb41c033989482bbf2\",\"name\":\"Gabriele Bassani\",\"image\":{\"@type\":\"ImageObject\",\"inLanguage\":\"it-IT\",\"@id\":\"https:\\\/\\\/secure.gravatar.com\\\/avatar\\\/09274f4a84fa97698bde56f84b3afed61c8492d48b0550db9671b68c177479cb?s=96&d=mm&r=g\",\"url\":\"https:\\\/\\\/secure.gravatar.com\\\/avatar\\\/09274f4a84fa97698bde56f84b3afed61c8492d48b0550db9671b68c177479cb?s=96&d=mm&r=g\",\"contentUrl\":\"https:\\\/\\\/secure.gravatar.com\\\/avatar\\\/09274f4a84fa97698bde56f84b3afed61c8492d48b0550db9671b68c177479cb?s=96&d=mm&r=g\",\"caption\":\"Gabriele Bassani\"},\"sameAs\":[\"http:\\\/\\\/www.ilnotiziario.net\"]}]}<\/script>\n<!-- \/ Yoast SEO plugin. -->","yoast_head_json":{"title":"Senago, il vice sindaco \"licenziato\", replica durissimo: \"Non c'erano mai soldi per le scuole\" | VIDEO - Il Notiziario","description":"A poche ore dal Consiglio Comunale il sindaco di Senago Magda Beretta aveva licenziato il vice sindaco Giuseppe Sofo. E lui, proprio durante la seconda","robots":{"index":"index","follow":"follow","max-snippet":"max-snippet:-1","max-image-preview":"max-image-preview:large","max-video-preview":"max-video-preview:-1"},"canonical":"https:\/\/www.ilnotiziario.net\/wp\/prima-pagina\/senago-il-vice-sindaco-licenziato-replica-durissimo-non-cerano-mai-soldi-per-le-scuole-video\/","og_locale":"it_IT","og_type":"article","og_title":"Senago, il vice sindaco \"licenziato\", replica durissimo: \"Non c'erano mai soldi per le scuole\" | VIDEO - Il Notiziario","og_description":"A poche ore dal Consiglio Comunale il sindaco di Senago Magda Beretta aveva licenziato il vice sindaco Giuseppe Sofo. E lui, proprio durante la seconda","og_url":"https:\/\/www.ilnotiziario.net\/wp\/prima-pagina\/senago-il-vice-sindaco-licenziato-replica-durissimo-non-cerano-mai-soldi-per-le-scuole-video\/","og_site_name":"Il Notiziario","article_publisher":"https:\/\/www.facebook.com\/ilnotiziarioind\/","article_published_time":"2020-06-24T19:17:08+00:00","og_image":[{"width":774,"height":466,"url":"https:\/\/www.ilnotiziario.net\/wp\/wp-content\/uploads\/2020\/06\/Senago-vicesindaco.jpg","type":"image\/jpeg"}],"author":"Gabriele Bassani","twitter_card":"summary_large_image","twitter_creator":"@ilNotiziarioInd","twitter_site":"@ilNotiziarioInd","twitter_misc":{"Scritto da":"Gabriele Bassani","Tempo di lettura stimato":"2 minuti"},"schema":{"@context":"https:\/\/schema.org","@graph":[{"@type":"Article","@id":"https:\/\/www.ilnotiziario.net\/wp\/prima-pagina\/senago-il-vice-sindaco-licenziato-replica-durissimo-non-cerano-mai-soldi-per-le-scuole-video\/#article","isPartOf":{"@id":"https:\/\/www.ilnotiziario.net\/wp\/prima-pagina\/senago-il-vice-sindaco-licenziato-replica-durissimo-non-cerano-mai-soldi-per-le-scuole-video\/"},"author":{"name":"Gabriele Bassani","@id":"https:\/\/www.ilnotiziario.net\/wp\/#\/schema\/person\/386e222908f898bb41c033989482bbf2"},"headline":"Senago, il vice sindaco &#8220;licenziato&#8221;, replica durissimo: &#8220;Non c&#8217;erano mai soldi per le scuole&#8221; | VIDEO","datePublished":"2020-06-24T19:17:08+00:00","mainEntityOfPage":{"@id":"https:\/\/www.ilnotiziario.net\/wp\/prima-pagina\/senago-il-vice-sindaco-licenziato-replica-durissimo-non-cerano-mai-soldi-per-le-scuole-video\/"},"wordCount":376,"publisher":{"@id":"https:\/\/www.ilnotiziario.net\/wp\/#organization"},"image":{"@id":"https:\/\/www.ilnotiziario.net\/wp\/prima-pagina\/senago-il-vice-sindaco-licenziato-replica-durissimo-non-cerano-mai-soldi-per-le-scuole-video\/#primaryimage"},"thumbnailUrl":"https:\/\/www.ilnotiziario.net\/wp\/wp-content\/uploads\/2020\/06\/Senago-vicesindaco.jpg","keywords":["scuole","Senago","sindaco","vicesindaco"],"articleSection":["BOLLATESE","NORD MILANO","Prima Pagina","Video"],"inLanguage":"it-IT"},{"@type":"WebPage","@id":"https:\/\/www.ilnotiziario.net\/wp\/prima-pagina\/senago-il-vice-sindaco-licenziato-replica-durissimo-non-cerano-mai-soldi-per-le-scuole-video\/","url":"https:\/\/www.ilnotiziario.net\/wp\/prima-pagina\/senago-il-vice-sindaco-licenziato-replica-durissimo-non-cerano-mai-soldi-per-le-scuole-video\/","name":"Senago, il vice sindaco \"licenziato\", replica durissimo: \"Non c'erano mai soldi per le scuole\" | VIDEO - Il Notiziario","isPartOf":{"@id":"https:\/\/www.ilnotiziario.net\/wp\/#website"},"primaryImageOfPage":{"@id":"https:\/\/www.ilnotiziario.net\/wp\/prima-pagina\/senago-il-vice-sindaco-licenziato-replica-durissimo-non-cerano-mai-soldi-per-le-scuole-video\/#primaryimage"},"image":{"@id":"https:\/\/www.ilnotiziario.net\/wp\/prima-pagina\/senago-il-vice-sindaco-licenziato-replica-durissimo-non-cerano-mai-soldi-per-le-scuole-video\/#primaryimage"},"thumbnailUrl":"https:\/\/www.ilnotiziario.net\/wp\/wp-content\/uploads\/2020\/06\/Senago-vicesindaco.jpg","datePublished":"2020-06-24T19:17:08+00:00","description":"A poche ore dal Consiglio Comunale il sindaco di Senago Magda Beretta aveva licenziato il vice sindaco Giuseppe Sofo. E lui, proprio durante la seconda","breadcrumb":{"@id":"https:\/\/www.ilnotiziario.net\/wp\/prima-pagina\/senago-il-vice-sindaco-licenziato-replica-durissimo-non-cerano-mai-soldi-per-le-scuole-video\/#breadcrumb"},"inLanguage":"it-IT","potentialAction":[{"@type":"ReadAction","target":["https:\/\/www.ilnotiziario.net\/wp\/prima-pagina\/senago-il-vice-sindaco-licenziato-replica-durissimo-non-cerano-mai-soldi-per-le-scuole-video\/"]}]},{"@type":"ImageObject","inLanguage":"it-IT","@id":"https:\/\/www.ilnotiziario.net\/wp\/prima-pagina\/senago-il-vice-sindaco-licenziato-replica-durissimo-non-cerano-mai-soldi-per-le-scuole-video\/#primaryimage","url":"https:\/\/www.ilnotiziario.net\/wp\/wp-content\/uploads\/2020\/06\/Senago-vicesindaco.jpg","contentUrl":"https:\/\/www.ilnotiziario.net\/wp\/wp-content\/uploads\/2020\/06\/Senago-vicesindaco.jpg","width":774,"height":466,"caption":"senago vicesindaco"},{"@type":"BreadcrumbList","@id":"https:\/\/www.ilnotiziario.net\/wp\/prima-pagina\/senago-il-vice-sindaco-licenziato-replica-durissimo-non-cerano-mai-soldi-per-le-scuole-video\/#breadcrumb","itemListElement":[{"@type":"ListItem","position":1,"name":"tds_text_logo_tagline_colortds_text_logo_tagline_colortds_text_logo_tagline_colortds_text_logo_tagline_colortd_module_7_title_excerpttd_module_7_title_excerpttd_module_7_title_excerpttd_module_7_title_excerptHome","item":"https:\/\/www.ilnotiziario.net\/wp\/"},{"@type":"ListItem","position":2,"name":"Senago, il vice sindaco &#8220;licenziato&#8221;, replica durissimo: &#8220;Non c&#8217;erano mai soldi per le scuole&#8221; | VIDEO"}]},{"@type":"WebSite","@id":"https:\/\/www.ilnotiziario.net\/wp\/#website","url":"https:\/\/www.ilnotiziario.net\/wp\/","name":"Il Notiziario","description":"Per restare sempre connessi alla notizia","publisher":{"@id":"https:\/\/www.ilnotiziario.net\/wp\/#organization"},"alternateName":"Il Notiziario Bollate","potentialAction":[{"@type":"SearchAction","target":{"@type":"EntryPoint","urlTemplate":"https:\/\/www.ilnotiziario.net\/wp\/?s={search_term_string}"},"query-input":{"@type":"PropertyValueSpecification","valueRequired":true,"valueName":"search_term_string"}}],"inLanguage":"it-IT"},{"@type":"Organization","@id":"https:\/\/www.ilnotiziario.net\/wp\/#organization","name":"Il Notiziario","url":"https:\/\/www.ilnotiziario.net\/wp\/","logo":{"@type":"ImageObject","inLanguage":"it-IT","@id":"https:\/\/www.ilnotiziario.net\/wp\/#\/schema\/logo\/image\/","url":"https:\/\/www.ilnotiziario.net\/wp\/wp-content\/uploads\/2022\/06\/170x170ilN.png","contentUrl":"https:\/\/www.ilnotiziario.net\/wp\/wp-content\/uploads\/2022\/06\/170x170ilN.png","width":355,"height":355,"caption":"Il Notiziario"},"image":{"@id":"https:\/\/www.ilnotiziario.net\/wp\/#\/schema\/logo\/image\/"},"sameAs":["https:\/\/www.facebook.com\/ilnotiziarioind\/","https:\/\/x.com\/ilNotiziarioInd","https:\/\/www.instagram.com\/ilnotiziario_settimanale\/"]},{"@type":"Person","@id":"https:\/\/www.ilnotiziario.net\/wp\/#\/schema\/person\/386e222908f898bb41c033989482bbf2","name":"Gabriele Bassani","image":{"@type":"ImageObject","inLanguage":"it-IT","@id":"https:\/\/secure.gravatar.com\/avatar\/09274f4a84fa97698bde56f84b3afed61c8492d48b0550db9671b68c177479cb?s=96&d=mm&r=g","url":"https:\/\/secure.gravatar.com\/avatar\/09274f4a84fa97698bde56f84b3afed61c8492d48b0550db9671b68c177479cb?s=96&d=mm&r=g","contentUrl":"https:\/\/secure.gravatar.com\/avatar\/09274f4a84fa97698bde56f84b3afed61c8492d48b0550db9671b68c177479cb?s=96&d=mm&r=g","caption":"Gabriele Bassani"},"sameAs":["http:\/\/www.ilnotiziario.net"]}]}},"_links":{"self":[{"href":"https:\/\/www.ilnotiziario.net\/wp\/wp-json\/wp\/v2\/posts\/78423","targetHints":{"allow":["GET"]}}],"collection":[{"href":"https:\/\/www.ilnotiziario.net\/wp\/wp-json\/wp\/v2\/posts"}],"about":[{"href":"https:\/\/www.ilnotiziario.net\/wp\/wp-json\/wp\/v2\/types\/post"}],"author":[{"embeddable":true,"href":"https:\/\/www.ilnotiziario.net\/wp\/wp-json\/wp\/v2\/users\/3"}],"replies":[{"embeddable":true,"href":"https:\/\/www.ilnotiziario.net\/wp\/wp-json\/wp\/v2\/comments?post=78423"}],"version-history":[{"count":0,"href":"https:\/\/www.ilnotiziario.net\/wp\/wp-json\/wp\/v2\/posts\/78423\/revisions"}],"wp:featuredmedia":[{"embeddable":true,"href":"https:\/\/www.ilnotiziario.net\/wp\/wp-json\/wp\/v2\/media\/78427"}],"wp:attachment":[{"href":"https:\/\/www.ilnotiziario.net\/wp\/wp-json\/wp\/v2\/media?parent=78423"}],"wp:term":[{"taxonomy":"category","embeddable":true,"href":"https:\/\/www.ilnotiziario.net\/wp\/wp-json\/wp\/v2\/categories?post=78423"},{"taxonomy":"post_tag","embeddable":true,"href":"https:\/\/www.ilnotiziario.net\/wp\/wp-json\/wp\/v2\/tags?post=78423"}],"curies":[{"name":"wp","href":"https:\/\/api.w.org\/{rel}","templated":true}]}}