{"id":80901,"date":"2020-07-01T11:16:58","date_gmt":"2020-07-01T09:16:58","guid":{"rendered":"https:\/\/www.ilnotiziario.net\/wp\/?p=80901"},"modified":"2020-07-01T11:16:58","modified_gmt":"2020-07-01T09:16:58","slug":"saronno-sullospedale-il-comitato-chiede-conto-alla-regione","status":"publish","type":"post","link":"https:\/\/www.ilnotiziario.net\/wp\/saronnese\/saronno-sullospedale-il-comitato-chiede-conto-alla-regione\/","title":{"rendered":"Saronno: sull&#8217;ospedale il Comitato chiede conto alla Regione"},"content":{"rendered":"<p><img fetchpriority=\"high\" decoding=\"async\" class=\"size-medium wp-image-80902 alignleft\" src=\"https:\/\/www.ilnotiziario.net\/wp\/wp-content\/uploads\/2020\/06\/SaronnoOspedale-1-300x212.jpg\" alt=\"saronno ospedale comitato\" width=\"300\" height=\"212\" srcset=\"https:\/\/www.ilnotiziario.net\/wp\/wp-content\/uploads\/2020\/06\/SaronnoOspedale-1-300x212.jpg 300w, https:\/\/www.ilnotiziario.net\/wp\/wp-content\/uploads\/2020\/06\/SaronnoOspedale-1-100x70.jpg 100w, https:\/\/www.ilnotiziario.net\/wp\/wp-content\/uploads\/2020\/06\/SaronnoOspedale-1-200x140.jpg 200w, https:\/\/www.ilnotiziario.net\/wp\/wp-content\/uploads\/2020\/06\/SaronnoOspedale-1-696x491.jpg 696w, https:\/\/www.ilnotiziario.net\/wp\/wp-content\/uploads\/2020\/06\/SaronnoOspedale-1.jpg 764w\" sizes=\"(max-width: 300px) 100vw, 300px\" \/>Il&nbsp; Comitato per la salvaguardia e il rilancio dell\u2019Ospedale di Saronno <strong>chiede conto alla Regione Lombardia sul piano di investimenti e sul futuro del presidio.<\/strong><\/p><div id=\"ilnot-2999363181\" class=\"ilnot-contenuto ilnot-entity-placement\"><p><!-- incontent_1 --><\/p>\n<div class=\"gptslot\" data-adunitid=\"1\"><\/div>\n<\/div>\n<p>\u201cI cittadini hanno il diritto di sapere cosa vuole fare Regione Lombardia\u201d.<\/p>\n<p>In merito ha diramato un comunicato molto preciso.<\/p><div id=\"ilnot-4166366455\" class=\"ilnot-contenuto_2 ilnot-entity-placement\"><div class=\"ads-wrapper\">\n<div class=\"ad-slot\">\n   <div id=\"ilnot-4143356996\" style=\"margin-right: auto;margin-left: auto;text-align: center;width: 320px;height: 100px;\"><a href=\"https:\/\/www.scuolasicurezza.it\/\"><img decoding=\"async\" src=\"https:\/\/www.ilnotiziario.net\/wp\/wp-content\/uploads\/2026\/04\/IlNotiziario_banner-sito-e-newsletter-320-x-100-px-1.gif\" alt=\"\"><\/a><\/div>\n  <\/div>\n<div class=\"ad-slot\">\n   <div id=\"ilnot-2387406380\" style=\"margin-right: auto;margin-left: auto;text-align: center;width: 320px;height: 100px;\"><a href=\"https:\/\/purodesignarredamenti.com\/\"><img decoding=\"async\" src=\"https:\/\/www.ilnotiziario.net\/wp\/wp-content\/uploads\/2026\/04\/banner-puro-ok.gif\" alt=\"whatsapp\"><\/a><\/div><\/p><\/div>\n<\/div>\n<\/div>\n<p><em>\u201dUn anno fa il Presidente della Commissione Sanit\u00e0 della Regione Lombardia, Dr. Emanuele Monti, aveva giudicato assurda e sproporzionata la cifra di 50 milioni di Euro necessaria per l\u2019adeguamento strutturale e tecnologico dell\u2019Ospedale di Saronno.<\/em><br \/>\n<em>Oggi ci comunica che ne sono stati erogati 23.<\/em><br \/>\n<em>La realt\u00e0 \u00e8, purtroppo, diversa: 11 milioni sono finanziati dal Governo Centrale e sono finalizzati a progetti per far fronte a eventuali nuove ondate di epidemia Covid, da realizzare entro il 2023 (!!).<\/em><br \/>\n<em>Il progetto prevede un nuovo Pronto Soccorso 48 posti letto dedicati nella palazzina attualmente sede della Medicina: questo, di fatto, comporta una riduzione dei posti letto, gi\u00e0 oggi insufficienti per far fronte ai bisogni di una popolazione sempre pi\u00f9 anziana.<\/em><br \/>\n<em>I rimanenti 12 milioni sono stati finanziati anni orsono e sono scandalosamente rimasti non utilizzati per l\u2019adeguamento degli impianti antincendio, per la costruzione di nuove sale operatorie, per una nuova TAC e per la ristrutturazione del settimo piano.<\/em><br \/>\n<em>Converr\u00e0 ricordare che anche altri interventi tecnologici (gas medicali, vie di fuga, gestione acque) devono esser a breve completati, pena il mancato accreditamento della struttura.<\/em><br \/>\n<em>Ci spiace constatare che i ritardi abbiano sinora colpito prevalentemente l\u2019Ospedale di Saronno mentre a Busto e Gallarate tutto \u00e8 stato fatto per tempo ed ha permesso un corretto e rapido ritorno alla normalit\u00e0.<\/em><\/p>\n<h2>Il Comitato non vuole ipotizzare&nbsp; il rischio chiusura per l&#8217;ospedale di Saronno&nbsp;<\/h2>\n<p><em>Il Comitato non ha mai neppure ipotizzato il rischio della chiusura del nosocomio ma non pu\u00f2 non evidenziare il suo progressivo ridimensionamento: ne \u00e8 chiaro esempio la clamorosa riduzione dei posti letto delle specialit\u00e0 chirurgiche (Chirurgia generale, Ortopedia, Urologia, ORL, Oculistica), tutte spostate al quarto piano del Padiglione verde con 16 posti letto complessivi ed un\u2019unica sala operatoria disponibile (!!). A questo si aggiunga la chiusura del comparto Materno-infantile.<\/em><\/p>\n<p>&nbsp;<\/p>\n<p><em>Ci auguriamo, naturalmente, che si tratti di una situazione transitoria ma riteniamo che gli abitanti del Saronnese abbiano il diritto di sapere:<\/em><br \/>\n<em>quanti posti letto avr\u00e0 l\u2019Ospedale e in quali tempi<\/em><br \/>\n<em>quali reparti verranno riaperti, con quanti posti letto e con quale Personale<\/em><br \/>\n<em>quale sar\u00e0 il destino del comparto Materno-infantile, della Terapia fisica e Riabilitazione, della Rianimazione, della Stroke Unit, dell\u2019Unit\u00e0 di terapia intensiva cardiologica, dell\u2019Oncologia e del Day Hospital oncologico.<\/em><br \/>\n<em>se i reparti saranno diretti da un Responsabile di struttura complessa (Primario)<\/em><br \/>\n<em>quando e se saranno ristrutturati la portineria e gli altri ingressi, la Camera mortuaria, i locali del Laboratorio analisi, dell\u2019Anatomia patologica e dell\u2019Emoteca, i percorsi sotterranei, gli ambulatori siti al piano terra del Padiglione verde <\/em><em>quando e se sar\u00e0 realizzata la palazzina per i servizi del Personale <\/em><em>quando e se verr\u00e0 data una sede alla Medicina Preventiva del lavoro<\/em><\/p><div id=\"ilnot-1168256602\" class=\"ilnot-contenuto_2-2 ilnot-entity-placement\"><div class=\"gptslot\" data-adunitid=\"2\"><\/div>\n<\/div>\n<h2>Tempi certi per fare a Saronno un ospedale di primo livello&nbsp;<\/h2>\n<p><em>Rispondere compiutamente a queste domande indicando tempi, modi e risorse significa assumersi la responsabilit\u00e0 dell\u2019affermazione che il presidio di Saronno \u00e8 di centrale importanza per un comprensorio interprovinciale con pi\u00f9 di 180.000 abitanti e che deve conseguentemente esser classificato Ospedale di Primo livello come definito dal DM 70\/2015 che prevede un bacino di utenza da 150.000 a 300.000 persone.<\/em><br \/>\n<em>Se cos\u00ec non sar\u00e0 gli annunci cui abbiamo assistito saranno archiviati come maldestra propaganda&#8221;<\/em>.<\/p>\n<p>&nbsp;<\/p>\n","protected":false},"excerpt":{"rendered":"<p>Il&nbsp; Comitato per la salvaguardia e il rilancio dell\u2019Ospedale di Saronno chiede conto alla Regione Lombardia sul piano di investimenti e sul futuro del presidio. \u201cI cittadini hanno il diritto di sapere cosa vuole fare Regione Lombardia\u201d. In merito ha diramato un comunicato molto preciso. \u201dUn anno fa il Presidente della Commissione Sanit\u00e0 della Regione<\/p>\n","protected":false},"author":14,"featured_media":80902,"comment_status":"closed","ping_status":"closed","sticky":false,"template":"","format":"standard","meta":{"footnotes":""},"categories":[20,13,14],"tags":[],"class_list":{"0":"post-80901","1":"post","2":"type-post","3":"status-publish","4":"format-standard","5":"has-post-thumbnail","7":"category-prima-pagina","8":"category-saronnese","9":"category-saronno"},"yoast_head":"<!-- This site is optimized with the Yoast SEO plugin v27.4 - https:\/\/yoast.com\/product\/yoast-seo-wordpress\/ -->\n<title>Saronno: sull&#039;ospedale il Comitato chiede conto alla Regione - Il Notiziario<\/title>\n<meta name=\"description\" content=\"Il&nbsp; Comitato per la salvaguardia e il rilancio dell\u2019Ospedale di Saronno chiede conto alla Regione Lombardia sul piano di investimenti e sul futuro\" \/>\n<meta name=\"robots\" content=\"index, follow, max-snippet:-1, max-image-preview:large, max-video-preview:-1\" \/>\n<link rel=\"canonical\" href=\"https:\/\/www.ilnotiziario.net\/wp\/saronnese\/saronno-sullospedale-il-comitato-chiede-conto-alla-regione\/\" \/>\n<meta property=\"og:locale\" content=\"it_IT\" \/>\n<meta property=\"og:type\" content=\"article\" \/>\n<meta property=\"og:title\" content=\"Saronno: sull&#039;ospedale il Comitato chiede conto alla Regione - Il Notiziario\" \/>\n<meta property=\"og:description\" content=\"Il&nbsp; Comitato per la salvaguardia e il rilancio dell\u2019Ospedale di Saronno chiede conto alla Regione Lombardia sul piano di investimenti e sul futuro\" \/>\n<meta property=\"og:url\" content=\"https:\/\/www.ilnotiziario.net\/wp\/saronnese\/saronno-sullospedale-il-comitato-chiede-conto-alla-regione\/\" \/>\n<meta property=\"og:site_name\" content=\"Il Notiziario\" \/>\n<meta property=\"article:publisher\" content=\"https:\/\/www.facebook.com\/ilnotiziarioind\/\" \/>\n<meta property=\"article:published_time\" content=\"2020-07-01T09:16:58+00:00\" \/>\n<meta property=\"og:image\" content=\"https:\/\/www.ilnotiziario.net\/wp\/wp-content\/uploads\/2020\/06\/SaronnoOspedale-1.jpg\" \/>\n\t<meta property=\"og:image:width\" content=\"764\" \/>\n\t<meta property=\"og:image:height\" content=\"539\" \/>\n\t<meta property=\"og:image:type\" content=\"image\/jpeg\" \/>\n<meta name=\"author\" content=\"Silvia Citterio\" \/>\n<meta name=\"twitter:card\" content=\"summary_large_image\" \/>\n<meta name=\"twitter:creator\" content=\"@ilNotiziarioInd\" \/>\n<meta name=\"twitter:site\" content=\"@ilNotiziarioInd\" \/>\n<meta name=\"twitter:label1\" content=\"Scritto da\" \/>\n\t<meta name=\"twitter:data1\" content=\"Silvia Citterio\" \/>\n\t<meta name=\"twitter:label2\" content=\"Tempo di lettura stimato\" \/>\n\t<meta name=\"twitter:data2\" content=\"3 minuti\" \/>\n<script type=\"application\/ld+json\" class=\"yoast-schema-graph\">{\"@context\":\"https:\\\/\\\/schema.org\",\"@graph\":[{\"@type\":\"Article\",\"@id\":\"https:\\\/\\\/www.ilnotiziario.net\\\/wp\\\/saronnese\\\/saronno-sullospedale-il-comitato-chiede-conto-alla-regione\\\/#article\",\"isPartOf\":{\"@id\":\"https:\\\/\\\/www.ilnotiziario.net\\\/wp\\\/saronnese\\\/saronno-sullospedale-il-comitato-chiede-conto-alla-regione\\\/\"},\"author\":{\"name\":\"Silvia Citterio\",\"@id\":\"https:\\\/\\\/www.ilnotiziario.net\\\/wp\\\/#\\\/schema\\\/person\\\/c5bca2edc3d99d29959f04a6126f687b\"},\"headline\":\"Saronno: sull&#8217;ospedale il Comitato chiede conto alla Regione\",\"datePublished\":\"2020-07-01T09:16:58+00:00\",\"mainEntityOfPage\":{\"@id\":\"https:\\\/\\\/www.ilnotiziario.net\\\/wp\\\/saronnese\\\/saronno-sullospedale-il-comitato-chiede-conto-alla-regione\\\/\"},\"wordCount\":577,\"publisher\":{\"@id\":\"https:\\\/\\\/www.ilnotiziario.net\\\/wp\\\/#organization\"},\"image\":{\"@id\":\"https:\\\/\\\/www.ilnotiziario.net\\\/wp\\\/saronnese\\\/saronno-sullospedale-il-comitato-chiede-conto-alla-regione\\\/#primaryimage\"},\"thumbnailUrl\":\"https:\\\/\\\/www.ilnotiziario.net\\\/wp\\\/wp-content\\\/uploads\\\/2020\\\/06\\\/SaronnoOspedale-1.jpg\",\"articleSection\":[\"Prima Pagina\",\"SARONNESE\",\"SARONNO\"],\"inLanguage\":\"it-IT\"},{\"@type\":\"WebPage\",\"@id\":\"https:\\\/\\\/www.ilnotiziario.net\\\/wp\\\/saronnese\\\/saronno-sullospedale-il-comitato-chiede-conto-alla-regione\\\/\",\"url\":\"https:\\\/\\\/www.ilnotiziario.net\\\/wp\\\/saronnese\\\/saronno-sullospedale-il-comitato-chiede-conto-alla-regione\\\/\",\"name\":\"Saronno: sull'ospedale il Comitato chiede conto alla Regione - Il Notiziario\",\"isPartOf\":{\"@id\":\"https:\\\/\\\/www.ilnotiziario.net\\\/wp\\\/#website\"},\"primaryImageOfPage\":{\"@id\":\"https:\\\/\\\/www.ilnotiziario.net\\\/wp\\\/saronnese\\\/saronno-sullospedale-il-comitato-chiede-conto-alla-regione\\\/#primaryimage\"},\"image\":{\"@id\":\"https:\\\/\\\/www.ilnotiziario.net\\\/wp\\\/saronnese\\\/saronno-sullospedale-il-comitato-chiede-conto-alla-regione\\\/#primaryimage\"},\"thumbnailUrl\":\"https:\\\/\\\/www.ilnotiziario.net\\\/wp\\\/wp-content\\\/uploads\\\/2020\\\/06\\\/SaronnoOspedale-1.jpg\",\"datePublished\":\"2020-07-01T09:16:58+00:00\",\"description\":\"Il&nbsp; Comitato per la salvaguardia e il rilancio dell\u2019Ospedale di Saronno chiede conto alla Regione Lombardia sul piano di investimenti e sul futuro\",\"breadcrumb\":{\"@id\":\"https:\\\/\\\/www.ilnotiziario.net\\\/wp\\\/saronnese\\\/saronno-sullospedale-il-comitato-chiede-conto-alla-regione\\\/#breadcrumb\"},\"inLanguage\":\"it-IT\",\"potentialAction\":[{\"@type\":\"ReadAction\",\"target\":[\"https:\\\/\\\/www.ilnotiziario.net\\\/wp\\\/saronnese\\\/saronno-sullospedale-il-comitato-chiede-conto-alla-regione\\\/\"]}]},{\"@type\":\"ImageObject\",\"inLanguage\":\"it-IT\",\"@id\":\"https:\\\/\\\/www.ilnotiziario.net\\\/wp\\\/saronnese\\\/saronno-sullospedale-il-comitato-chiede-conto-alla-regione\\\/#primaryimage\",\"url\":\"https:\\\/\\\/www.ilnotiziario.net\\\/wp\\\/wp-content\\\/uploads\\\/2020\\\/06\\\/SaronnoOspedale-1.jpg\",\"contentUrl\":\"https:\\\/\\\/www.ilnotiziario.net\\\/wp\\\/wp-content\\\/uploads\\\/2020\\\/06\\\/SaronnoOspedale-1.jpg\",\"width\":764,\"height\":539,\"caption\":\"saronno ospedale comitato\"},{\"@type\":\"BreadcrumbList\",\"@id\":\"https:\\\/\\\/www.ilnotiziario.net\\\/wp\\\/saronnese\\\/saronno-sullospedale-il-comitato-chiede-conto-alla-regione\\\/#breadcrumb\",\"itemListElement\":[{\"@type\":\"ListItem\",\"position\":1,\"name\":\"tds_text_logo_tagline_colortds_text_logo_tagline_colortds_text_logo_tagline_colortds_text_logo_tagline_colortd_module_7_title_excerpttd_module_7_title_excerpttd_module_7_title_excerpttd_module_7_title_excerptHome\",\"item\":\"https:\\\/\\\/www.ilnotiziario.net\\\/wp\\\/\"},{\"@type\":\"ListItem\",\"position\":2,\"name\":\"Saronno: sull&#8217;ospedale il Comitato chiede conto alla Regione\"}]},{\"@type\":\"WebSite\",\"@id\":\"https:\\\/\\\/www.ilnotiziario.net\\\/wp\\\/#website\",\"url\":\"https:\\\/\\\/www.ilnotiziario.net\\\/wp\\\/\",\"name\":\"Il Notiziario\",\"description\":\"Per restare sempre connessi alla notizia\",\"publisher\":{\"@id\":\"https:\\\/\\\/www.ilnotiziario.net\\\/wp\\\/#organization\"},\"alternateName\":\"Il Notiziario Bollate\",\"potentialAction\":[{\"@type\":\"SearchAction\",\"target\":{\"@type\":\"EntryPoint\",\"urlTemplate\":\"https:\\\/\\\/www.ilnotiziario.net\\\/wp\\\/?s={search_term_string}\"},\"query-input\":{\"@type\":\"PropertyValueSpecification\",\"valueRequired\":true,\"valueName\":\"search_term_string\"}}],\"inLanguage\":\"it-IT\"},{\"@type\":\"Organization\",\"@id\":\"https:\\\/\\\/www.ilnotiziario.net\\\/wp\\\/#organization\",\"name\":\"Il Notiziario\",\"url\":\"https:\\\/\\\/www.ilnotiziario.net\\\/wp\\\/\",\"logo\":{\"@type\":\"ImageObject\",\"inLanguage\":\"it-IT\",\"@id\":\"https:\\\/\\\/www.ilnotiziario.net\\\/wp\\\/#\\\/schema\\\/logo\\\/image\\\/\",\"url\":\"https:\\\/\\\/www.ilnotiziario.net\\\/wp\\\/wp-content\\\/uploads\\\/2022\\\/06\\\/170x170ilN.png\",\"contentUrl\":\"https:\\\/\\\/www.ilnotiziario.net\\\/wp\\\/wp-content\\\/uploads\\\/2022\\\/06\\\/170x170ilN.png\",\"width\":355,\"height\":355,\"caption\":\"Il Notiziario\"},\"image\":{\"@id\":\"https:\\\/\\\/www.ilnotiziario.net\\\/wp\\\/#\\\/schema\\\/logo\\\/image\\\/\"},\"sameAs\":[\"https:\\\/\\\/www.facebook.com\\\/ilnotiziarioind\\\/\",\"https:\\\/\\\/x.com\\\/ilNotiziarioInd\",\"https:\\\/\\\/www.instagram.com\\\/ilnotiziario_settimanale\\\/\"]},{\"@type\":\"Person\",\"@id\":\"https:\\\/\\\/www.ilnotiziario.net\\\/wp\\\/#\\\/schema\\\/person\\\/c5bca2edc3d99d29959f04a6126f687b\",\"name\":\"Silvia Citterio\",\"image\":{\"@type\":\"ImageObject\",\"inLanguage\":\"it-IT\",\"@id\":\"https:\\\/\\\/secure.gravatar.com\\\/avatar\\\/03eb19c63b944e79a9b5ce53ca5d1ca303edcf368a68721ec3ccaae7f98c5afd?s=96&d=mm&r=g\",\"url\":\"https:\\\/\\\/secure.gravatar.com\\\/avatar\\\/03eb19c63b944e79a9b5ce53ca5d1ca303edcf368a68721ec3ccaae7f98c5afd?s=96&d=mm&r=g\",\"contentUrl\":\"https:\\\/\\\/secure.gravatar.com\\\/avatar\\\/03eb19c63b944e79a9b5ce53ca5d1ca303edcf368a68721ec3ccaae7f98c5afd?s=96&d=mm&r=g\",\"caption\":\"Silvia Citterio\"}}]}<\/script>\n<!-- \/ Yoast SEO plugin. -->","yoast_head_json":{"title":"Saronno: sull'ospedale il Comitato chiede conto alla Regione - Il Notiziario","description":"Il&nbsp; Comitato per la salvaguardia e il rilancio dell\u2019Ospedale di Saronno chiede conto alla Regione Lombardia sul piano di investimenti e sul futuro","robots":{"index":"index","follow":"follow","max-snippet":"max-snippet:-1","max-image-preview":"max-image-preview:large","max-video-preview":"max-video-preview:-1"},"canonical":"https:\/\/www.ilnotiziario.net\/wp\/saronnese\/saronno-sullospedale-il-comitato-chiede-conto-alla-regione\/","og_locale":"it_IT","og_type":"article","og_title":"Saronno: sull'ospedale il Comitato chiede conto alla Regione - Il Notiziario","og_description":"Il&nbsp; Comitato per la salvaguardia e il rilancio dell\u2019Ospedale di Saronno chiede conto alla Regione Lombardia sul piano di investimenti e sul futuro","og_url":"https:\/\/www.ilnotiziario.net\/wp\/saronnese\/saronno-sullospedale-il-comitato-chiede-conto-alla-regione\/","og_site_name":"Il Notiziario","article_publisher":"https:\/\/www.facebook.com\/ilnotiziarioind\/","article_published_time":"2020-07-01T09:16:58+00:00","og_image":[{"width":764,"height":539,"url":"https:\/\/www.ilnotiziario.net\/wp\/wp-content\/uploads\/2020\/06\/SaronnoOspedale-1.jpg","type":"image\/jpeg"}],"author":"Silvia Citterio","twitter_card":"summary_large_image","twitter_creator":"@ilNotiziarioInd","twitter_site":"@ilNotiziarioInd","twitter_misc":{"Scritto da":"Silvia Citterio","Tempo di lettura stimato":"3 minuti"},"schema":{"@context":"https:\/\/schema.org","@graph":[{"@type":"Article","@id":"https:\/\/www.ilnotiziario.net\/wp\/saronnese\/saronno-sullospedale-il-comitato-chiede-conto-alla-regione\/#article","isPartOf":{"@id":"https:\/\/www.ilnotiziario.net\/wp\/saronnese\/saronno-sullospedale-il-comitato-chiede-conto-alla-regione\/"},"author":{"name":"Silvia Citterio","@id":"https:\/\/www.ilnotiziario.net\/wp\/#\/schema\/person\/c5bca2edc3d99d29959f04a6126f687b"},"headline":"Saronno: sull&#8217;ospedale il Comitato chiede conto alla Regione","datePublished":"2020-07-01T09:16:58+00:00","mainEntityOfPage":{"@id":"https:\/\/www.ilnotiziario.net\/wp\/saronnese\/saronno-sullospedale-il-comitato-chiede-conto-alla-regione\/"},"wordCount":577,"publisher":{"@id":"https:\/\/www.ilnotiziario.net\/wp\/#organization"},"image":{"@id":"https:\/\/www.ilnotiziario.net\/wp\/saronnese\/saronno-sullospedale-il-comitato-chiede-conto-alla-regione\/#primaryimage"},"thumbnailUrl":"https:\/\/www.ilnotiziario.net\/wp\/wp-content\/uploads\/2020\/06\/SaronnoOspedale-1.jpg","articleSection":["Prima Pagina","SARONNESE","SARONNO"],"inLanguage":"it-IT"},{"@type":"WebPage","@id":"https:\/\/www.ilnotiziario.net\/wp\/saronnese\/saronno-sullospedale-il-comitato-chiede-conto-alla-regione\/","url":"https:\/\/www.ilnotiziario.net\/wp\/saronnese\/saronno-sullospedale-il-comitato-chiede-conto-alla-regione\/","name":"Saronno: sull'ospedale il Comitato chiede conto alla Regione - Il Notiziario","isPartOf":{"@id":"https:\/\/www.ilnotiziario.net\/wp\/#website"},"primaryImageOfPage":{"@id":"https:\/\/www.ilnotiziario.net\/wp\/saronnese\/saronno-sullospedale-il-comitato-chiede-conto-alla-regione\/#primaryimage"},"image":{"@id":"https:\/\/www.ilnotiziario.net\/wp\/saronnese\/saronno-sullospedale-il-comitato-chiede-conto-alla-regione\/#primaryimage"},"thumbnailUrl":"https:\/\/www.ilnotiziario.net\/wp\/wp-content\/uploads\/2020\/06\/SaronnoOspedale-1.jpg","datePublished":"2020-07-01T09:16:58+00:00","description":"Il&nbsp; Comitato per la salvaguardia e il rilancio dell\u2019Ospedale di Saronno chiede conto alla Regione Lombardia sul piano di investimenti e sul futuro","breadcrumb":{"@id":"https:\/\/www.ilnotiziario.net\/wp\/saronnese\/saronno-sullospedale-il-comitato-chiede-conto-alla-regione\/#breadcrumb"},"inLanguage":"it-IT","potentialAction":[{"@type":"ReadAction","target":["https:\/\/www.ilnotiziario.net\/wp\/saronnese\/saronno-sullospedale-il-comitato-chiede-conto-alla-regione\/"]}]},{"@type":"ImageObject","inLanguage":"it-IT","@id":"https:\/\/www.ilnotiziario.net\/wp\/saronnese\/saronno-sullospedale-il-comitato-chiede-conto-alla-regione\/#primaryimage","url":"https:\/\/www.ilnotiziario.net\/wp\/wp-content\/uploads\/2020\/06\/SaronnoOspedale-1.jpg","contentUrl":"https:\/\/www.ilnotiziario.net\/wp\/wp-content\/uploads\/2020\/06\/SaronnoOspedale-1.jpg","width":764,"height":539,"caption":"saronno ospedale comitato"},{"@type":"BreadcrumbList","@id":"https:\/\/www.ilnotiziario.net\/wp\/saronnese\/saronno-sullospedale-il-comitato-chiede-conto-alla-regione\/#breadcrumb","itemListElement":[{"@type":"ListItem","position":1,"name":"tds_text_logo_tagline_colortds_text_logo_tagline_colortds_text_logo_tagline_colortds_text_logo_tagline_colortd_module_7_title_excerpttd_module_7_title_excerpttd_module_7_title_excerpttd_module_7_title_excerptHome","item":"https:\/\/www.ilnotiziario.net\/wp\/"},{"@type":"ListItem","position":2,"name":"Saronno: sull&#8217;ospedale il Comitato chiede conto alla Regione"}]},{"@type":"WebSite","@id":"https:\/\/www.ilnotiziario.net\/wp\/#website","url":"https:\/\/www.ilnotiziario.net\/wp\/","name":"Il Notiziario","description":"Per restare sempre connessi alla notizia","publisher":{"@id":"https:\/\/www.ilnotiziario.net\/wp\/#organization"},"alternateName":"Il Notiziario Bollate","potentialAction":[{"@type":"SearchAction","target":{"@type":"EntryPoint","urlTemplate":"https:\/\/www.ilnotiziario.net\/wp\/?s={search_term_string}"},"query-input":{"@type":"PropertyValueSpecification","valueRequired":true,"valueName":"search_term_string"}}],"inLanguage":"it-IT"},{"@type":"Organization","@id":"https:\/\/www.ilnotiziario.net\/wp\/#organization","name":"Il Notiziario","url":"https:\/\/www.ilnotiziario.net\/wp\/","logo":{"@type":"ImageObject","inLanguage":"it-IT","@id":"https:\/\/www.ilnotiziario.net\/wp\/#\/schema\/logo\/image\/","url":"https:\/\/www.ilnotiziario.net\/wp\/wp-content\/uploads\/2022\/06\/170x170ilN.png","contentUrl":"https:\/\/www.ilnotiziario.net\/wp\/wp-content\/uploads\/2022\/06\/170x170ilN.png","width":355,"height":355,"caption":"Il Notiziario"},"image":{"@id":"https:\/\/www.ilnotiziario.net\/wp\/#\/schema\/logo\/image\/"},"sameAs":["https:\/\/www.facebook.com\/ilnotiziarioind\/","https:\/\/x.com\/ilNotiziarioInd","https:\/\/www.instagram.com\/ilnotiziario_settimanale\/"]},{"@type":"Person","@id":"https:\/\/www.ilnotiziario.net\/wp\/#\/schema\/person\/c5bca2edc3d99d29959f04a6126f687b","name":"Silvia Citterio","image":{"@type":"ImageObject","inLanguage":"it-IT","@id":"https:\/\/secure.gravatar.com\/avatar\/03eb19c63b944e79a9b5ce53ca5d1ca303edcf368a68721ec3ccaae7f98c5afd?s=96&d=mm&r=g","url":"https:\/\/secure.gravatar.com\/avatar\/03eb19c63b944e79a9b5ce53ca5d1ca303edcf368a68721ec3ccaae7f98c5afd?s=96&d=mm&r=g","contentUrl":"https:\/\/secure.gravatar.com\/avatar\/03eb19c63b944e79a9b5ce53ca5d1ca303edcf368a68721ec3ccaae7f98c5afd?s=96&d=mm&r=g","caption":"Silvia Citterio"}}]}},"_links":{"self":[{"href":"https:\/\/www.ilnotiziario.net\/wp\/wp-json\/wp\/v2\/posts\/80901","targetHints":{"allow":["GET"]}}],"collection":[{"href":"https:\/\/www.ilnotiziario.net\/wp\/wp-json\/wp\/v2\/posts"}],"about":[{"href":"https:\/\/www.ilnotiziario.net\/wp\/wp-json\/wp\/v2\/types\/post"}],"author":[{"embeddable":true,"href":"https:\/\/www.ilnotiziario.net\/wp\/wp-json\/wp\/v2\/users\/14"}],"replies":[{"embeddable":true,"href":"https:\/\/www.ilnotiziario.net\/wp\/wp-json\/wp\/v2\/comments?post=80901"}],"version-history":[{"count":0,"href":"https:\/\/www.ilnotiziario.net\/wp\/wp-json\/wp\/v2\/posts\/80901\/revisions"}],"wp:featuredmedia":[{"embeddable":true,"href":"https:\/\/www.ilnotiziario.net\/wp\/wp-json\/wp\/v2\/media\/80902"}],"wp:attachment":[{"href":"https:\/\/www.ilnotiziario.net\/wp\/wp-json\/wp\/v2\/media?parent=80901"}],"wp:term":[{"taxonomy":"category","embeddable":true,"href":"https:\/\/www.ilnotiziario.net\/wp\/wp-json\/wp\/v2\/categories?post=80901"},{"taxonomy":"post_tag","embeddable":true,"href":"https:\/\/www.ilnotiziario.net\/wp\/wp-json\/wp\/v2\/tags?post=80901"}],"curies":[{"name":"wp","href":"https:\/\/api.w.org\/{rel}","templated":true}]}}