{"id":84244,"date":"2020-07-24T18:27:32","date_gmt":"2020-07-24T16:27:32","guid":{"rendered":"https:\/\/www.ilnotiziario.net\/wp\/?p=84244"},"modified":"2020-07-25T09:55:12","modified_gmt":"2020-07-25T07:55:12","slug":"cormano-sparatoria-eurospin-rapina","status":"publish","type":"post","link":"https:\/\/www.ilnotiziario.net\/wp\/prima-pagina\/cormano-sparatoria-eurospin-rapina\/","title":{"rendered":"Cormano, sparatoria all\u2019Eurospin: vigilante ferito durante una rapina"},"content":{"rendered":"<p><img decoding=\"async\" class=\"size-medium wp-image-84250 alignleft\" src=\"https:\/\/www.ilnotiziario.net\/wp\/wp-content\/uploads\/2020\/07\/D05C8ED5-3480-4810-AC1D-D9EA72ABEE84-300x146.jpeg\" alt=\"\" width=\"300\" height=\"146\" srcset=\"https:\/\/www.ilnotiziario.net\/wp\/wp-content\/uploads\/2020\/07\/D05C8ED5-3480-4810-AC1D-D9EA72ABEE84-300x146.jpeg 300w, https:\/\/www.ilnotiziario.net\/wp\/wp-content\/uploads\/2020\/07\/D05C8ED5-3480-4810-AC1D-D9EA72ABEE84-1024x497.jpeg 1024w, https:\/\/www.ilnotiziario.net\/wp\/wp-content\/uploads\/2020\/07\/D05C8ED5-3480-4810-AC1D-D9EA72ABEE84-768x373.jpeg 768w, https:\/\/www.ilnotiziario.net\/wp\/wp-content\/uploads\/2020\/07\/D05C8ED5-3480-4810-AC1D-D9EA72ABEE84-1536x746.jpeg 1536w, https:\/\/www.ilnotiziario.net\/wp\/wp-content\/uploads\/2020\/07\/D05C8ED5-3480-4810-AC1D-D9EA72ABEE84-696x338.jpeg 696w, https:\/\/www.ilnotiziario.net\/wp\/wp-content\/uploads\/2020\/07\/D05C8ED5-3480-4810-AC1D-D9EA72ABEE84-1392x676.jpeg 1392w, https:\/\/www.ilnotiziario.net\/wp\/wp-content\/uploads\/2020\/07\/D05C8ED5-3480-4810-AC1D-D9EA72ABEE84-1068x519.jpeg 1068w, https:\/\/www.ilnotiziario.net\/wp\/wp-content\/uploads\/2020\/07\/D05C8ED5-3480-4810-AC1D-D9EA72ABEE84.jpeg 1600w\" sizes=\"(max-width: 300px) 100vw, 300px\" \/><strong>AGGIORNAMENTO (ore 22.52). <a href=\"https:\/\/www.ilnotiziario.net\/wp\/2020\/07\/24\/cormano-sparatoria-eurospin-rapinatore-arrestato-novate\/\">Arrestato a Novate Milanese il rapinatore<\/a><\/strong><\/p><div id=\"ilnot-1564827367\" class=\"ilnot-contenuto ilnot-entity-placement\"><p><!-- incontent_1 --><\/p>\n<div class=\"gptslot\" data-adunitid=\"1\"><\/div>\n<\/div>\n<p><span class=\"s1\">Sparatoria all\u2019Eurospin di Cormano. \u00c8 successo poco dopo le 17 quando \u00e8 scattata l\u2019emergenza lungo la Statale dei Giovi a pochi metri da Paderno Dugnano. <\/span><\/p>\n<p class=\"p1\"><span class=\"s1\">In base alle prime indiscrezioni, un rapinatore avrebbe esploso un paio colpi di pistola in un tentativo di rapina. L\u2019uomo ha poi fatto perdere le proprie tracce ed \u00e8 al momento ricercato. \u00c8 riuscito a scappare con un bottino di circa 1.000 euro che \u00e8 l\u2019incasso del pomeriggio.<\/span><\/p><div id=\"ilnot-3186179173\" class=\"ilnot-contenuto_2 ilnot-entity-placement\"><div class=\"ads-wrapper\">\n<div class=\"ad-slot\">\n   <div id=\"ilnot-3724830763\" style=\"margin-right: auto;margin-left: auto;text-align: center;width: 320px;height: 100px;\"><a href=\"https:\/\/www.scuolasicurezza.it\/\"><img decoding=\"async\" src=\"https:\/\/www.ilnotiziario.net\/wp\/wp-content\/uploads\/2026\/04\/IlNotiziario_banner-sito-e-newsletter-320-x-100-px-1.gif\" alt=\"\"><\/a><\/div>\n  <\/div>\n<div class=\"ad-slot\">\n   <div id=\"ilnot-2079945980\" style=\"margin-right: auto;margin-left: auto;text-align: center;width: 320px;height: 100px;\"><a href=\"https:\/\/purodesignarredamenti.com\/\"><img decoding=\"async\" src=\"https:\/\/www.ilnotiziario.net\/wp\/wp-content\/uploads\/2026\/04\/banner-puro-ok.gif\" alt=\"whatsapp\"><\/a><\/div><\/p><\/div>\n<\/div>\n<\/div>\n<p>Tra i feriti lievi ci sarebbe stata anche una bambina di pochi anni presente nell\u2019immediatezza della cassa durante la rapina. Ferito anche il vigilante in servizio nel centro commerciale. Ha riportato una ferita alla coscia.&nbsp;<\/p>\n<p>&nbsp;<\/p>\n<p>&nbsp;<\/p>\n<p>&nbsp;<\/p>\n","protected":false},"excerpt":{"rendered":"<p>AGGIORNAMENTO (ore 22.52). Arrestato a Novate Milanese il rapinatore Sparatoria all\u2019Eurospin di Cormano. \u00c8 successo poco dopo le 17 quando \u00e8 scattata l\u2019emergenza lungo la Statale dei Giovi a pochi metri da Paderno Dugnano. In base alle prime indiscrezioni, un rapinatore avrebbe esploso un paio colpi di pistola in un tentativo di rapina. L\u2019uomo ha<\/p>\n","protected":false},"author":7,"featured_media":84250,"comment_status":"closed","ping_status":"closed","sticky":false,"template":"","format":"standard","meta":{"footnotes":""},"categories":[11,20],"tags":[],"class_list":{"0":"post-84244","1":"post","2":"type-post","3":"status-publish","4":"format-standard","5":"has-post-thumbnail","7":"category-nord-milano","8":"category-prima-pagina"},"yoast_head":"<!-- This site is optimized with the Yoast SEO plugin v27.4 - https:\/\/yoast.com\/product\/yoast-seo-wordpress\/ -->\n<title>Cormano, sparatoria all\u2019Eurospin: vigilante ferito durante una rapina<\/title>\n<meta name=\"description\" content=\"AGGIORNAMENTO (ore 22.52). Arrestato a Novate Milanese il rapinatore Sparatoria all\u2019Eurospin di Cormano. \u00c8 successo poco dopo le 17 quando \u00e8 scattata\" \/>\n<meta name=\"robots\" content=\"index, follow, max-snippet:-1, max-image-preview:large, max-video-preview:-1\" \/>\n<link rel=\"canonical\" href=\"https:\/\/www.ilnotiziario.net\/wp\/prima-pagina\/cormano-sparatoria-eurospin-rapina\/\" \/>\n<meta property=\"og:locale\" content=\"it_IT\" \/>\n<meta property=\"og:type\" content=\"article\" \/>\n<meta property=\"og:title\" content=\"Cormano, sparatoria all\u2019Eurospin: vigilante ferito durante una rapina\" \/>\n<meta property=\"og:description\" content=\"AGGIORNAMENTO (ore 22.52). Arrestato a Novate Milanese il rapinatore Sparatoria all\u2019Eurospin di Cormano. \u00c8 successo poco dopo le 17 quando \u00e8 scattata\" \/>\n<meta property=\"og:url\" content=\"https:\/\/www.ilnotiziario.net\/wp\/prima-pagina\/cormano-sparatoria-eurospin-rapina\/\" \/>\n<meta property=\"og:site_name\" content=\"Il Notiziario\" \/>\n<meta property=\"article:publisher\" content=\"https:\/\/www.facebook.com\/ilnotiziarioind\/\" \/>\n<meta property=\"article:published_time\" content=\"2020-07-24T16:27:32+00:00\" \/>\n<meta property=\"article:modified_time\" content=\"2020-07-25T07:55:12+00:00\" \/>\n<meta property=\"og:image\" content=\"https:\/\/www.ilnotiziario.net\/wp\/wp-content\/uploads\/2020\/07\/D05C8ED5-3480-4810-AC1D-D9EA72ABEE84.jpeg\" \/>\n\t<meta property=\"og:image:width\" content=\"1600\" \/>\n\t<meta property=\"og:image:height\" content=\"777\" \/>\n\t<meta property=\"og:image:type\" content=\"image\/jpeg\" \/>\n<meta name=\"author\" content=\"Simone Carcano\" \/>\n<meta name=\"twitter:card\" content=\"summary_large_image\" \/>\n<meta name=\"twitter:creator\" content=\"@simone_carcano\" \/>\n<meta name=\"twitter:site\" content=\"@ilNotiziarioInd\" \/>\n<meta name=\"twitter:label1\" content=\"Scritto da\" \/>\n\t<meta name=\"twitter:data1\" content=\"Simone Carcano\" \/>\n\t<meta name=\"twitter:label2\" content=\"Tempo di lettura stimato\" \/>\n\t<meta name=\"twitter:data2\" content=\"1 minuto\" \/>\n<script type=\"application\/ld+json\" class=\"yoast-schema-graph\">{\"@context\":\"https:\\\/\\\/schema.org\",\"@graph\":[{\"@type\":\"Article\",\"@id\":\"https:\\\/\\\/www.ilnotiziario.net\\\/wp\\\/prima-pagina\\\/cormano-sparatoria-eurospin-rapina\\\/#article\",\"isPartOf\":{\"@id\":\"https:\\\/\\\/www.ilnotiziario.net\\\/wp\\\/prima-pagina\\\/cormano-sparatoria-eurospin-rapina\\\/\"},\"author\":{\"name\":\"Simone Carcano\",\"@id\":\"https:\\\/\\\/www.ilnotiziario.net\\\/wp\\\/#\\\/schema\\\/person\\\/c218ad0865f96bfe2c1c2cfa719653f7\"},\"headline\":\"Cormano, sparatoria all\u2019Eurospin: vigilante ferito durante una rapina\",\"datePublished\":\"2020-07-24T16:27:32+00:00\",\"dateModified\":\"2020-07-25T07:55:12+00:00\",\"mainEntityOfPage\":{\"@id\":\"https:\\\/\\\/www.ilnotiziario.net\\\/wp\\\/prima-pagina\\\/cormano-sparatoria-eurospin-rapina\\\/\"},\"wordCount\":127,\"publisher\":{\"@id\":\"https:\\\/\\\/www.ilnotiziario.net\\\/wp\\\/#organization\"},\"image\":{\"@id\":\"https:\\\/\\\/www.ilnotiziario.net\\\/wp\\\/prima-pagina\\\/cormano-sparatoria-eurospin-rapina\\\/#primaryimage\"},\"thumbnailUrl\":\"https:\\\/\\\/www.ilnotiziario.net\\\/wp\\\/wp-content\\\/uploads\\\/2020\\\/07\\\/D05C8ED5-3480-4810-AC1D-D9EA72ABEE84.jpeg\",\"articleSection\":[\"NORD MILANO\",\"Prima Pagina\"],\"inLanguage\":\"it-IT\"},{\"@type\":\"WebPage\",\"@id\":\"https:\\\/\\\/www.ilnotiziario.net\\\/wp\\\/prima-pagina\\\/cormano-sparatoria-eurospin-rapina\\\/\",\"url\":\"https:\\\/\\\/www.ilnotiziario.net\\\/wp\\\/prima-pagina\\\/cormano-sparatoria-eurospin-rapina\\\/\",\"name\":\"Cormano, sparatoria all\u2019Eurospin: vigilante ferito durante una rapina\",\"isPartOf\":{\"@id\":\"https:\\\/\\\/www.ilnotiziario.net\\\/wp\\\/#website\"},\"primaryImageOfPage\":{\"@id\":\"https:\\\/\\\/www.ilnotiziario.net\\\/wp\\\/prima-pagina\\\/cormano-sparatoria-eurospin-rapina\\\/#primaryimage\"},\"image\":{\"@id\":\"https:\\\/\\\/www.ilnotiziario.net\\\/wp\\\/prima-pagina\\\/cormano-sparatoria-eurospin-rapina\\\/#primaryimage\"},\"thumbnailUrl\":\"https:\\\/\\\/www.ilnotiziario.net\\\/wp\\\/wp-content\\\/uploads\\\/2020\\\/07\\\/D05C8ED5-3480-4810-AC1D-D9EA72ABEE84.jpeg\",\"datePublished\":\"2020-07-24T16:27:32+00:00\",\"dateModified\":\"2020-07-25T07:55:12+00:00\",\"description\":\"AGGIORNAMENTO (ore 22.52). Arrestato a Novate Milanese il rapinatore Sparatoria all\u2019Eurospin di Cormano. \u00c8 successo poco dopo le 17 quando \u00e8 scattata\",\"breadcrumb\":{\"@id\":\"https:\\\/\\\/www.ilnotiziario.net\\\/wp\\\/prima-pagina\\\/cormano-sparatoria-eurospin-rapina\\\/#breadcrumb\"},\"inLanguage\":\"it-IT\",\"potentialAction\":[{\"@type\":\"ReadAction\",\"target\":[\"https:\\\/\\\/www.ilnotiziario.net\\\/wp\\\/prima-pagina\\\/cormano-sparatoria-eurospin-rapina\\\/\"]}]},{\"@type\":\"ImageObject\",\"inLanguage\":\"it-IT\",\"@id\":\"https:\\\/\\\/www.ilnotiziario.net\\\/wp\\\/prima-pagina\\\/cormano-sparatoria-eurospin-rapina\\\/#primaryimage\",\"url\":\"https:\\\/\\\/www.ilnotiziario.net\\\/wp\\\/wp-content\\\/uploads\\\/2020\\\/07\\\/D05C8ED5-3480-4810-AC1D-D9EA72ABEE84.jpeg\",\"contentUrl\":\"https:\\\/\\\/www.ilnotiziario.net\\\/wp\\\/wp-content\\\/uploads\\\/2020\\\/07\\\/D05C8ED5-3480-4810-AC1D-D9EA72ABEE84.jpeg\",\"width\":1600,\"height\":777},{\"@type\":\"BreadcrumbList\",\"@id\":\"https:\\\/\\\/www.ilnotiziario.net\\\/wp\\\/prima-pagina\\\/cormano-sparatoria-eurospin-rapina\\\/#breadcrumb\",\"itemListElement\":[{\"@type\":\"ListItem\",\"position\":1,\"name\":\"tds_text_logo_tagline_colortds_text_logo_tagline_colortds_text_logo_tagline_colortds_text_logo_tagline_colortd_module_7_title_excerpttd_module_7_title_excerpttd_module_7_title_excerpttd_module_7_title_excerptHome\",\"item\":\"https:\\\/\\\/www.ilnotiziario.net\\\/wp\\\/\"},{\"@type\":\"ListItem\",\"position\":2,\"name\":\"Cormano, sparatoria all\u2019Eurospin: vigilante ferito durante una rapina\"}]},{\"@type\":\"WebSite\",\"@id\":\"https:\\\/\\\/www.ilnotiziario.net\\\/wp\\\/#website\",\"url\":\"https:\\\/\\\/www.ilnotiziario.net\\\/wp\\\/\",\"name\":\"Il Notiziario\",\"description\":\"Per restare sempre connessi alla notizia\",\"publisher\":{\"@id\":\"https:\\\/\\\/www.ilnotiziario.net\\\/wp\\\/#organization\"},\"alternateName\":\"Il Notiziario Bollate\",\"potentialAction\":[{\"@type\":\"SearchAction\",\"target\":{\"@type\":\"EntryPoint\",\"urlTemplate\":\"https:\\\/\\\/www.ilnotiziario.net\\\/wp\\\/?s={search_term_string}\"},\"query-input\":{\"@type\":\"PropertyValueSpecification\",\"valueRequired\":true,\"valueName\":\"search_term_string\"}}],\"inLanguage\":\"it-IT\"},{\"@type\":\"Organization\",\"@id\":\"https:\\\/\\\/www.ilnotiziario.net\\\/wp\\\/#organization\",\"name\":\"Il Notiziario\",\"url\":\"https:\\\/\\\/www.ilnotiziario.net\\\/wp\\\/\",\"logo\":{\"@type\":\"ImageObject\",\"inLanguage\":\"it-IT\",\"@id\":\"https:\\\/\\\/www.ilnotiziario.net\\\/wp\\\/#\\\/schema\\\/logo\\\/image\\\/\",\"url\":\"https:\\\/\\\/www.ilnotiziario.net\\\/wp\\\/wp-content\\\/uploads\\\/2022\\\/06\\\/170x170ilN.png\",\"contentUrl\":\"https:\\\/\\\/www.ilnotiziario.net\\\/wp\\\/wp-content\\\/uploads\\\/2022\\\/06\\\/170x170ilN.png\",\"width\":355,\"height\":355,\"caption\":\"Il Notiziario\"},\"image\":{\"@id\":\"https:\\\/\\\/www.ilnotiziario.net\\\/wp\\\/#\\\/schema\\\/logo\\\/image\\\/\"},\"sameAs\":[\"https:\\\/\\\/www.facebook.com\\\/ilnotiziarioind\\\/\",\"https:\\\/\\\/x.com\\\/ilNotiziarioInd\",\"https:\\\/\\\/www.instagram.com\\\/ilnotiziario_settimanale\\\/\"]},{\"@type\":\"Person\",\"@id\":\"https:\\\/\\\/www.ilnotiziario.net\\\/wp\\\/#\\\/schema\\\/person\\\/c218ad0865f96bfe2c1c2cfa719653f7\",\"name\":\"Simone Carcano\",\"image\":{\"@type\":\"ImageObject\",\"inLanguage\":\"it-IT\",\"@id\":\"https:\\\/\\\/secure.gravatar.com\\\/avatar\\\/5e677023cff2c47e9f7a896b9157a46e18bd36e7c4d000a1726bb730be7d38bb?s=96&d=mm&r=g\",\"url\":\"https:\\\/\\\/secure.gravatar.com\\\/avatar\\\/5e677023cff2c47e9f7a896b9157a46e18bd36e7c4d000a1726bb730be7d38bb?s=96&d=mm&r=g\",\"contentUrl\":\"https:\\\/\\\/secure.gravatar.com\\\/avatar\\\/5e677023cff2c47e9f7a896b9157a46e18bd36e7c4d000a1726bb730be7d38bb?s=96&d=mm&r=g\",\"caption\":\"Simone Carcano\"},\"sameAs\":[\"http:\\\/\\\/www.ilnotiziario.net\",\"https:\\\/\\\/x.com\\\/@simone_carcano\"]}]}<\/script>\n<!-- \/ Yoast SEO plugin. -->","yoast_head_json":{"title":"Cormano, sparatoria all\u2019Eurospin: vigilante ferito durante una rapina","description":"AGGIORNAMENTO (ore 22.52). Arrestato a Novate Milanese il rapinatore Sparatoria all\u2019Eurospin di Cormano. \u00c8 successo poco dopo le 17 quando \u00e8 scattata","robots":{"index":"index","follow":"follow","max-snippet":"max-snippet:-1","max-image-preview":"max-image-preview:large","max-video-preview":"max-video-preview:-1"},"canonical":"https:\/\/www.ilnotiziario.net\/wp\/prima-pagina\/cormano-sparatoria-eurospin-rapina\/","og_locale":"it_IT","og_type":"article","og_title":"Cormano, sparatoria all\u2019Eurospin: vigilante ferito durante una rapina","og_description":"AGGIORNAMENTO (ore 22.52). Arrestato a Novate Milanese il rapinatore Sparatoria all\u2019Eurospin di Cormano. \u00c8 successo poco dopo le 17 quando \u00e8 scattata","og_url":"https:\/\/www.ilnotiziario.net\/wp\/prima-pagina\/cormano-sparatoria-eurospin-rapina\/","og_site_name":"Il Notiziario","article_publisher":"https:\/\/www.facebook.com\/ilnotiziarioind\/","article_published_time":"2020-07-24T16:27:32+00:00","article_modified_time":"2020-07-25T07:55:12+00:00","og_image":[{"width":1600,"height":777,"url":"https:\/\/www.ilnotiziario.net\/wp\/wp-content\/uploads\/2020\/07\/D05C8ED5-3480-4810-AC1D-D9EA72ABEE84.jpeg","type":"image\/jpeg"}],"author":"Simone Carcano","twitter_card":"summary_large_image","twitter_creator":"@simone_carcano","twitter_site":"@ilNotiziarioInd","twitter_misc":{"Scritto da":"Simone Carcano","Tempo di lettura stimato":"1 minuto"},"schema":{"@context":"https:\/\/schema.org","@graph":[{"@type":"Article","@id":"https:\/\/www.ilnotiziario.net\/wp\/prima-pagina\/cormano-sparatoria-eurospin-rapina\/#article","isPartOf":{"@id":"https:\/\/www.ilnotiziario.net\/wp\/prima-pagina\/cormano-sparatoria-eurospin-rapina\/"},"author":{"name":"Simone Carcano","@id":"https:\/\/www.ilnotiziario.net\/wp\/#\/schema\/person\/c218ad0865f96bfe2c1c2cfa719653f7"},"headline":"Cormano, sparatoria all\u2019Eurospin: vigilante ferito durante una rapina","datePublished":"2020-07-24T16:27:32+00:00","dateModified":"2020-07-25T07:55:12+00:00","mainEntityOfPage":{"@id":"https:\/\/www.ilnotiziario.net\/wp\/prima-pagina\/cormano-sparatoria-eurospin-rapina\/"},"wordCount":127,"publisher":{"@id":"https:\/\/www.ilnotiziario.net\/wp\/#organization"},"image":{"@id":"https:\/\/www.ilnotiziario.net\/wp\/prima-pagina\/cormano-sparatoria-eurospin-rapina\/#primaryimage"},"thumbnailUrl":"https:\/\/www.ilnotiziario.net\/wp\/wp-content\/uploads\/2020\/07\/D05C8ED5-3480-4810-AC1D-D9EA72ABEE84.jpeg","articleSection":["NORD MILANO","Prima Pagina"],"inLanguage":"it-IT"},{"@type":"WebPage","@id":"https:\/\/www.ilnotiziario.net\/wp\/prima-pagina\/cormano-sparatoria-eurospin-rapina\/","url":"https:\/\/www.ilnotiziario.net\/wp\/prima-pagina\/cormano-sparatoria-eurospin-rapina\/","name":"Cormano, sparatoria all\u2019Eurospin: vigilante ferito durante una rapina","isPartOf":{"@id":"https:\/\/www.ilnotiziario.net\/wp\/#website"},"primaryImageOfPage":{"@id":"https:\/\/www.ilnotiziario.net\/wp\/prima-pagina\/cormano-sparatoria-eurospin-rapina\/#primaryimage"},"image":{"@id":"https:\/\/www.ilnotiziario.net\/wp\/prima-pagina\/cormano-sparatoria-eurospin-rapina\/#primaryimage"},"thumbnailUrl":"https:\/\/www.ilnotiziario.net\/wp\/wp-content\/uploads\/2020\/07\/D05C8ED5-3480-4810-AC1D-D9EA72ABEE84.jpeg","datePublished":"2020-07-24T16:27:32+00:00","dateModified":"2020-07-25T07:55:12+00:00","description":"AGGIORNAMENTO (ore 22.52). Arrestato a Novate Milanese il rapinatore Sparatoria all\u2019Eurospin di Cormano. \u00c8 successo poco dopo le 17 quando \u00e8 scattata","breadcrumb":{"@id":"https:\/\/www.ilnotiziario.net\/wp\/prima-pagina\/cormano-sparatoria-eurospin-rapina\/#breadcrumb"},"inLanguage":"it-IT","potentialAction":[{"@type":"ReadAction","target":["https:\/\/www.ilnotiziario.net\/wp\/prima-pagina\/cormano-sparatoria-eurospin-rapina\/"]}]},{"@type":"ImageObject","inLanguage":"it-IT","@id":"https:\/\/www.ilnotiziario.net\/wp\/prima-pagina\/cormano-sparatoria-eurospin-rapina\/#primaryimage","url":"https:\/\/www.ilnotiziario.net\/wp\/wp-content\/uploads\/2020\/07\/D05C8ED5-3480-4810-AC1D-D9EA72ABEE84.jpeg","contentUrl":"https:\/\/www.ilnotiziario.net\/wp\/wp-content\/uploads\/2020\/07\/D05C8ED5-3480-4810-AC1D-D9EA72ABEE84.jpeg","width":1600,"height":777},{"@type":"BreadcrumbList","@id":"https:\/\/www.ilnotiziario.net\/wp\/prima-pagina\/cormano-sparatoria-eurospin-rapina\/#breadcrumb","itemListElement":[{"@type":"ListItem","position":1,"name":"tds_text_logo_tagline_colortds_text_logo_tagline_colortds_text_logo_tagline_colortds_text_logo_tagline_colortd_module_7_title_excerpttd_module_7_title_excerpttd_module_7_title_excerpttd_module_7_title_excerptHome","item":"https:\/\/www.ilnotiziario.net\/wp\/"},{"@type":"ListItem","position":2,"name":"Cormano, sparatoria all\u2019Eurospin: vigilante ferito durante una rapina"}]},{"@type":"WebSite","@id":"https:\/\/www.ilnotiziario.net\/wp\/#website","url":"https:\/\/www.ilnotiziario.net\/wp\/","name":"Il Notiziario","description":"Per restare sempre connessi alla notizia","publisher":{"@id":"https:\/\/www.ilnotiziario.net\/wp\/#organization"},"alternateName":"Il Notiziario Bollate","potentialAction":[{"@type":"SearchAction","target":{"@type":"EntryPoint","urlTemplate":"https:\/\/www.ilnotiziario.net\/wp\/?s={search_term_string}"},"query-input":{"@type":"PropertyValueSpecification","valueRequired":true,"valueName":"search_term_string"}}],"inLanguage":"it-IT"},{"@type":"Organization","@id":"https:\/\/www.ilnotiziario.net\/wp\/#organization","name":"Il Notiziario","url":"https:\/\/www.ilnotiziario.net\/wp\/","logo":{"@type":"ImageObject","inLanguage":"it-IT","@id":"https:\/\/www.ilnotiziario.net\/wp\/#\/schema\/logo\/image\/","url":"https:\/\/www.ilnotiziario.net\/wp\/wp-content\/uploads\/2022\/06\/170x170ilN.png","contentUrl":"https:\/\/www.ilnotiziario.net\/wp\/wp-content\/uploads\/2022\/06\/170x170ilN.png","width":355,"height":355,"caption":"Il Notiziario"},"image":{"@id":"https:\/\/www.ilnotiziario.net\/wp\/#\/schema\/logo\/image\/"},"sameAs":["https:\/\/www.facebook.com\/ilnotiziarioind\/","https:\/\/x.com\/ilNotiziarioInd","https:\/\/www.instagram.com\/ilnotiziario_settimanale\/"]},{"@type":"Person","@id":"https:\/\/www.ilnotiziario.net\/wp\/#\/schema\/person\/c218ad0865f96bfe2c1c2cfa719653f7","name":"Simone Carcano","image":{"@type":"ImageObject","inLanguage":"it-IT","@id":"https:\/\/secure.gravatar.com\/avatar\/5e677023cff2c47e9f7a896b9157a46e18bd36e7c4d000a1726bb730be7d38bb?s=96&d=mm&r=g","url":"https:\/\/secure.gravatar.com\/avatar\/5e677023cff2c47e9f7a896b9157a46e18bd36e7c4d000a1726bb730be7d38bb?s=96&d=mm&r=g","contentUrl":"https:\/\/secure.gravatar.com\/avatar\/5e677023cff2c47e9f7a896b9157a46e18bd36e7c4d000a1726bb730be7d38bb?s=96&d=mm&r=g","caption":"Simone Carcano"},"sameAs":["http:\/\/www.ilnotiziario.net","https:\/\/x.com\/@simone_carcano"]}]}},"_links":{"self":[{"href":"https:\/\/www.ilnotiziario.net\/wp\/wp-json\/wp\/v2\/posts\/84244","targetHints":{"allow":["GET"]}}],"collection":[{"href":"https:\/\/www.ilnotiziario.net\/wp\/wp-json\/wp\/v2\/posts"}],"about":[{"href":"https:\/\/www.ilnotiziario.net\/wp\/wp-json\/wp\/v2\/types\/post"}],"author":[{"embeddable":true,"href":"https:\/\/www.ilnotiziario.net\/wp\/wp-json\/wp\/v2\/users\/7"}],"replies":[{"embeddable":true,"href":"https:\/\/www.ilnotiziario.net\/wp\/wp-json\/wp\/v2\/comments?post=84244"}],"version-history":[{"count":0,"href":"https:\/\/www.ilnotiziario.net\/wp\/wp-json\/wp\/v2\/posts\/84244\/revisions"}],"wp:featuredmedia":[{"embeddable":true,"href":"https:\/\/www.ilnotiziario.net\/wp\/wp-json\/wp\/v2\/media\/84250"}],"wp:attachment":[{"href":"https:\/\/www.ilnotiziario.net\/wp\/wp-json\/wp\/v2\/media?parent=84244"}],"wp:term":[{"taxonomy":"category","embeddable":true,"href":"https:\/\/www.ilnotiziario.net\/wp\/wp-json\/wp\/v2\/categories?post=84244"},{"taxonomy":"post_tag","embeddable":true,"href":"https:\/\/www.ilnotiziario.net\/wp\/wp-json\/wp\/v2\/tags?post=84244"}],"curies":[{"name":"wp","href":"https:\/\/api.w.org\/{rel}","templated":true}]}}